{"id":10519,"date":"2005-05-24T00:00:00","date_gmt":"2005-05-24T04:00:00","guid":{"rendered":"http:\/\/192.81.217.108\/interamerica\/2005\/05\/serbia-alimentos-ropa-y-provisiones-de-parte-de-adra-ayudan-a-las-victimas-de-inuncaciones\/"},"modified":"2017-06-02T09:17:22","modified_gmt":"2017-06-02T13:17:22","slug":"serbia-alimentos-ropa-y-provisiones-de-parte-de-adra-ayudan-a-las-victimas-de-inuncaciones","status":"publish","type":"post","link":"https:\/\/interamerica.org\/es\/2005\/05\/serbia-alimentos-ropa-y-provisiones-de-parte-de-adra-ayudan-a-las-victimas-de-inuncaciones\/","title":{"rendered":"Serbia: Alimentos, Ropa y Provisiones de parte de ADRA Ayudan a las V\u00edctimas de Inuncaciones"},"content":{"rendered":"<p>Jasa Tomic, Vojvodina, Serbia &#8230; [Miroslav Pujic\/ANN Staff]<\/p>\n<p>En medio del desastre resultante de una tremenda inundaci\u00f3n, la Agencia Adventista de Desarrollo y Recursos Asistenciales (ADRA) se movi\u00f3 con rapidez para ayudar a los residentes de Jasa Tomic, en la provincia de Vojvodina, Serbia, dijo Roy Richardson, director de ADRA en la regi\u00f3n Transeuropea. <\/p>\n<p>La localidad, de 3.500 habitantes, ubicada en el noroeste de Vojvodina cerca de la frontera con Rumania, qued\u00f3 inundada al desbordarse el r\u00edo Tamis el pasado 21 de abril. La ola que produjo la inundaci\u00f3n tuvo lugar cuando en Rumania se abrieron los diques debido a las fuertes lluvias, seg\u00fan informaci\u00f3n de la Organizaci\u00f3n Mundial de la Salud (OMS). <\/p>\n<p>ADRA respondi\u00f3 inmediatamente enviando tres camiones con 320 cajas de ropa; calzado para 110 personas; 440 libras (200 kilogramos) de harina de ma\u00edz para hacer kachamak, un preparado de gachas t\u00edpico de Serbia; 500 velas; 6,5 toneladas de harina para hacer pan, 200 cajas de comida y 400 raciones de alimento para beb\u00e9. <\/p>\n<p>La ropa y las provisiones fueron enviadas desde el dep\u00f3sito de ADRA cerca de Belgrado y en cooperaci\u00f3n con la regi\u00f3n del Sudeste Europeo de la Iglesia Adventista, que aport\u00f3 los fondos de la harina para hacer pan. <\/p>\n<p>El lugar qued\u00f3 gravemente afectado por la inundaci\u00f3n: m\u00e1s de 250 hogares fueron destruidos y otros 700 se inundaron. Como la mayor\u00eda de las casas est\u00e1n construidas con ladrillos de arcilla, se teme que se debiliten o destruyan cuando el nivel del agua descienda. Desde el 22 de abril, el agua ha descendido 20 pies (50 cent\u00edmetros) y podr\u00eda tardar hasta cinco semanas m\u00e1s en descender por completo. <\/p>\n<p>Se realiz\u00f3 un pedido de ayuda adicional, y las unidades de ADRA Reino Unido y ADRA Transeuropa respondieron con otros 20.000 d\u00f3lares para proporcionar alimentos adicionales (15.573 libras) a las familias que perdieron sus hogares y esperan que las aguas desciendan para retornar. El 10 de mayo, el primer cami\u00f3n de este nuevo proyecto entreg\u00f3 6.000 raciones de alimentos y cerca de 900 galones (3.320 litros) de agua potable a los residentes de Jasa Tomic. Ese mismo d\u00eda, Richardson acompa\u00f1\u00f3 a Dragan Pejovski, el director de ADRA Serbia, en una visita a la poblaci\u00f3n.<\/p>\n<p>\u00abFue una gran experiencia ser llevado en bote por las calles y ser testigo de las dificultades que enfrentan muchas familias\u00bb, dijo Richardson. \u00abPude ver las enormes p\u00e9rdidas en las muchas casas que han colapsado y pude sentir algo de su angustia. &#8230; Tambi\u00e9n me impresion\u00f3 la resistencia de la gente y c\u00f3mo est\u00e1n haciendo lo que mejor pueden para superar esta terrible situaci\u00f3n\u00bb. <\/p>\n<p>La unidad de ADRA Serbia continuar\u00e1 apoyando a los habitantes del lugar, en la medida de las posibilidades. ADRA est\u00e1 presente en m\u00e1s de 120 pa\u00edses del mundo, donde brinda desarrollo individual y comunitario y asistencia social en desastres sin hacer diferencias de asociaci\u00f3n pol\u00edtica o religiosa, edad o grupo \u00e9tnico. Si desea informaci\u00f3n adicional, visite el sitio <a  href=\"http:\/\/www.adra.org\">www.adra.org<\/a>.<\/p><\/p>\n","protected":false},"excerpt":{"rendered":"<p>En medio del desastre resultante de una tremenda inundaci\u00f3n, la Agencia Adventista de Desarrollo y Recursos Asistenciales (ADRA) se movi\u00f3 con rapidez para ayudar a los residentes de Jasa Tomic&#8230;<\/p>\n","protected":false},"author":1,"featured_media":0,"comment_status":"closed","ping_status":"closed","sticky":false,"template":"","format":"standard","meta":{"_acf_changed":false,"footnotes":""},"categories":[8],"tags":[],"class_list":["post-10519","post","type-post","status-publish","format-standard","hentry","category-archivo"],"acf":[],"yoast_head":"<!-- This site is optimized with the Yoast SEO plugin v27.3 - https:\/\/yoast.com\/product\/yoast-seo-wordpress\/ -->\n<title>Serbia: Alimentos, Ropa y Provisiones de parte de ADRA Ayudan a las V\u00edctimas de Inuncaciones - Iglesia Adventista del S\u00e9ptimo D\u00eda - Divisi\u00f3n Interamericana<\/title>\n<meta name=\"robots\" content=\"index, follow, max-snippet:-1, max-image-preview:large, max-video-preview:-1\" \/>\n<link rel=\"canonical\" href=\"https:\/\/interamerica.org\/es\/2005\/05\/serbia-alimentos-ropa-y-provisiones-de-parte-de-adra-ayudan-a-las-victimas-de-inuncaciones\/\" \/>\n<meta property=\"og:locale\" content=\"es_ES\" \/>\n<meta property=\"og:type\" content=\"article\" \/>\n<meta property=\"og:title\" content=\"Serbia: Alimentos, Ropa y Provisiones de parte de ADRA Ayudan a las V\u00edctimas de Inuncaciones - Iglesia Adventista del S\u00e9ptimo D\u00eda - Divisi\u00f3n Interamericana\" \/>\n<meta property=\"og:description\" content=\"En medio del desastre resultante de una tremenda inundaci\u00f3n, la Agencia Adventista de Desarrollo y Recursos Asistenciales (ADRA) se movi\u00f3 con rapidez para ayudar a los residentes de Jasa Tomic...\" \/>\n<meta property=\"og:url\" content=\"https:\/\/interamerica.org\/es\/2005\/05\/serbia-alimentos-ropa-y-provisiones-de-parte-de-adra-ayudan-a-las-victimas-de-inuncaciones\/\" \/>\n<meta property=\"og:site_name\" content=\"Iglesia Adventista del S\u00e9ptimo D\u00eda - Divisi\u00f3n Interamericana\" \/>\n<meta property=\"article:published_time\" content=\"2005-05-24T04:00:00+00:00\" \/>\n<meta property=\"article:modified_time\" content=\"2017-06-02T13:17:22+00:00\" \/>\n<meta name=\"author\" content=\"Lorenzo Verduzco\" \/>\n<meta name=\"twitter:card\" content=\"summary_large_image\" \/>\n<meta name=\"twitter:label1\" content=\"Escrito por\" \/>\n\t<meta name=\"twitter:data1\" content=\"Lorenzo Verduzco\" \/>\n\t<meta name=\"twitter:label2\" content=\"Tiempo de lectura\" \/>\n\t<meta name=\"twitter:data2\" content=\"3 minutos\" \/>\n<script type=\"application\/ld+json\" class=\"yoast-schema-graph\">{\"@context\":\"https:\\\/\\\/schema.org\",\"@graph\":[{\"@type\":\"Article\",\"@id\":\"https:\\\/\\\/interamerica.org\\\/es\\\/2005\\\/05\\\/serbia-alimentos-ropa-y-provisiones-de-parte-de-adra-ayudan-a-las-victimas-de-inuncaciones\\\/#article\",\"isPartOf\":{\"@id\":\"https:\\\/\\\/interamerica.org\\\/es\\\/2005\\\/05\\\/serbia-alimentos-ropa-y-provisiones-de-parte-de-adra-ayudan-a-las-victimas-de-inuncaciones\\\/\"},\"author\":{\"name\":\"Lorenzo Verduzco\",\"@id\":\"https:\\\/\\\/interamerica.org\\\/es\\\/#\\\/schema\\\/person\\\/68ede8bdc292885bb76c1e3810e73c39\"},\"headline\":\"Serbia: Alimentos, Ropa y Provisiones de parte de ADRA Ayudan a las V\u00edctimas de Inuncaciones\",\"datePublished\":\"2005-05-24T04:00:00+00:00\",\"dateModified\":\"2017-06-02T13:17:22+00:00\",\"mainEntityOfPage\":{\"@id\":\"https:\\\/\\\/interamerica.org\\\/es\\\/2005\\\/05\\\/serbia-alimentos-ropa-y-provisiones-de-parte-de-adra-ayudan-a-las-victimas-de-inuncaciones\\\/\"},\"wordCount\":517,\"articleSection\":[\"Archivo\"],\"inLanguage\":\"es\"},{\"@type\":\"WebPage\",\"@id\":\"https:\\\/\\\/interamerica.org\\\/es\\\/2005\\\/05\\\/serbia-alimentos-ropa-y-provisiones-de-parte-de-adra-ayudan-a-las-victimas-de-inuncaciones\\\/\",\"url\":\"https:\\\/\\\/interamerica.org\\\/es\\\/2005\\\/05\\\/serbia-alimentos-ropa-y-provisiones-de-parte-de-adra-ayudan-a-las-victimas-de-inuncaciones\\\/\",\"name\":\"Serbia: Alimentos, Ropa y Provisiones de parte de ADRA Ayudan a las V\u00edctimas de Inuncaciones - Iglesia Adventista del S\u00e9ptimo D\u00eda - Divisi\u00f3n Interamericana\",\"isPartOf\":{\"@id\":\"https:\\\/\\\/interamerica.org\\\/es\\\/#website\"},\"datePublished\":\"2005-05-24T04:00:00+00:00\",\"dateModified\":\"2017-06-02T13:17:22+00:00\",\"author\":{\"@id\":\"https:\\\/\\\/interamerica.org\\\/es\\\/#\\\/schema\\\/person\\\/68ede8bdc292885bb76c1e3810e73c39\"},\"breadcrumb\":{\"@id\":\"https:\\\/\\\/interamerica.org\\\/es\\\/2005\\\/05\\\/serbia-alimentos-ropa-y-provisiones-de-parte-de-adra-ayudan-a-las-victimas-de-inuncaciones\\\/#breadcrumb\"},\"inLanguage\":\"es\",\"potentialAction\":[{\"@type\":\"ReadAction\",\"target\":[\"https:\\\/\\\/interamerica.org\\\/es\\\/2005\\\/05\\\/serbia-alimentos-ropa-y-provisiones-de-parte-de-adra-ayudan-a-las-victimas-de-inuncaciones\\\/\"]}]},{\"@type\":\"BreadcrumbList\",\"@id\":\"https:\\\/\\\/interamerica.org\\\/es\\\/2005\\\/05\\\/serbia-alimentos-ropa-y-provisiones-de-parte-de-adra-ayudan-a-las-victimas-de-inuncaciones\\\/#breadcrumb\",\"itemListElement\":[{\"@type\":\"ListItem\",\"position\":1,\"name\":\"Home\",\"item\":\"https:\\\/\\\/interamerica.org\\\/es\\\/\"},{\"@type\":\"ListItem\",\"position\":2,\"name\":\"Serbia: Alimentos, Ropa y Provisiones de parte de ADRA Ayudan a las V\u00edctimas de Inuncaciones\"}]},{\"@type\":\"WebSite\",\"@id\":\"https:\\\/\\\/interamerica.org\\\/es\\\/#website\",\"url\":\"https:\\\/\\\/interamerica.org\\\/es\\\/\",\"name\":\"Iglesia Adventista del S\u00e9ptimo D\u00eda - Divisi\u00f3n Interamericana\",\"description\":\"\",\"potentialAction\":[{\"@type\":\"SearchAction\",\"target\":{\"@type\":\"EntryPoint\",\"urlTemplate\":\"https:\\\/\\\/interamerica.org\\\/es\\\/?s={search_term_string}\"},\"query-input\":{\"@type\":\"PropertyValueSpecification\",\"valueRequired\":true,\"valueName\":\"search_term_string\"}}],\"inLanguage\":\"es\"},{\"@type\":\"Person\",\"@id\":\"https:\\\/\\\/interamerica.org\\\/es\\\/#\\\/schema\\\/person\\\/68ede8bdc292885bb76c1e3810e73c39\",\"name\":\"Lorenzo Verduzco\",\"image\":{\"@type\":\"ImageObject\",\"inLanguage\":\"es\",\"@id\":\"https:\\\/\\\/secure.gravatar.com\\\/avatar\\\/fb81a55b6218459490a9c1dc841a34909185b81904c5337b4b27f7a6fd60c49e?s=96&d=mm&r=g\",\"url\":\"https:\\\/\\\/secure.gravatar.com\\\/avatar\\\/fb81a55b6218459490a9c1dc841a34909185b81904c5337b4b27f7a6fd60c49e?s=96&d=mm&r=g\",\"contentUrl\":\"https:\\\/\\\/secure.gravatar.com\\\/avatar\\\/fb81a55b6218459490a9c1dc841a34909185b81904c5337b4b27f7a6fd60c49e?s=96&d=mm&r=g\",\"caption\":\"Lorenzo Verduzco\"}}]}<\/script>\n<!-- \/ Yoast SEO plugin. -->","yoast_head_json":{"title":"Serbia: Alimentos, Ropa y Provisiones de parte de ADRA Ayudan a las V\u00edctimas de Inuncaciones - Iglesia Adventista del S\u00e9ptimo D\u00eda - Divisi\u00f3n Interamericana","robots":{"index":"index","follow":"follow","max-snippet":"max-snippet:-1","max-image-preview":"max-image-preview:large","max-video-preview":"max-video-preview:-1"},"canonical":"https:\/\/interamerica.org\/es\/2005\/05\/serbia-alimentos-ropa-y-provisiones-de-parte-de-adra-ayudan-a-las-victimas-de-inuncaciones\/","og_locale":"es_ES","og_type":"article","og_title":"Serbia: Alimentos, Ropa y Provisiones de parte de ADRA Ayudan a las V\u00edctimas de Inuncaciones - Iglesia Adventista del S\u00e9ptimo D\u00eda - Divisi\u00f3n Interamericana","og_description":"En medio del desastre resultante de una tremenda inundaci\u00f3n, la Agencia Adventista de Desarrollo y Recursos Asistenciales (ADRA) se movi\u00f3 con rapidez para ayudar a los residentes de Jasa Tomic...","og_url":"https:\/\/interamerica.org\/es\/2005\/05\/serbia-alimentos-ropa-y-provisiones-de-parte-de-adra-ayudan-a-las-victimas-de-inuncaciones\/","og_site_name":"Iglesia Adventista del S\u00e9ptimo D\u00eda - Divisi\u00f3n Interamericana","article_published_time":"2005-05-24T04:00:00+00:00","article_modified_time":"2017-06-02T13:17:22+00:00","author":"Lorenzo Verduzco","twitter_card":"summary_large_image","twitter_misc":{"Escrito por":"Lorenzo Verduzco","Tiempo de lectura":"3 minutos"},"schema":{"@context":"https:\/\/schema.org","@graph":[{"@type":"Article","@id":"https:\/\/interamerica.org\/es\/2005\/05\/serbia-alimentos-ropa-y-provisiones-de-parte-de-adra-ayudan-a-las-victimas-de-inuncaciones\/#article","isPartOf":{"@id":"https:\/\/interamerica.org\/es\/2005\/05\/serbia-alimentos-ropa-y-provisiones-de-parte-de-adra-ayudan-a-las-victimas-de-inuncaciones\/"},"author":{"name":"Lorenzo Verduzco","@id":"https:\/\/interamerica.org\/es\/#\/schema\/person\/68ede8bdc292885bb76c1e3810e73c39"},"headline":"Serbia: Alimentos, Ropa y Provisiones de parte de ADRA Ayudan a las V\u00edctimas de Inuncaciones","datePublished":"2005-05-24T04:00:00+00:00","dateModified":"2017-06-02T13:17:22+00:00","mainEntityOfPage":{"@id":"https:\/\/interamerica.org\/es\/2005\/05\/serbia-alimentos-ropa-y-provisiones-de-parte-de-adra-ayudan-a-las-victimas-de-inuncaciones\/"},"wordCount":517,"articleSection":["Archivo"],"inLanguage":"es"},{"@type":"WebPage","@id":"https:\/\/interamerica.org\/es\/2005\/05\/serbia-alimentos-ropa-y-provisiones-de-parte-de-adra-ayudan-a-las-victimas-de-inuncaciones\/","url":"https:\/\/interamerica.org\/es\/2005\/05\/serbia-alimentos-ropa-y-provisiones-de-parte-de-adra-ayudan-a-las-victimas-de-inuncaciones\/","name":"Serbia: Alimentos, Ropa y Provisiones de parte de ADRA Ayudan a las V\u00edctimas de Inuncaciones - Iglesia Adventista del S\u00e9ptimo D\u00eda - Divisi\u00f3n Interamericana","isPartOf":{"@id":"https:\/\/interamerica.org\/es\/#website"},"datePublished":"2005-05-24T04:00:00+00:00","dateModified":"2017-06-02T13:17:22+00:00","author":{"@id":"https:\/\/interamerica.org\/es\/#\/schema\/person\/68ede8bdc292885bb76c1e3810e73c39"},"breadcrumb":{"@id":"https:\/\/interamerica.org\/es\/2005\/05\/serbia-alimentos-ropa-y-provisiones-de-parte-de-adra-ayudan-a-las-victimas-de-inuncaciones\/#breadcrumb"},"inLanguage":"es","potentialAction":[{"@type":"ReadAction","target":["https:\/\/interamerica.org\/es\/2005\/05\/serbia-alimentos-ropa-y-provisiones-de-parte-de-adra-ayudan-a-las-victimas-de-inuncaciones\/"]}]},{"@type":"BreadcrumbList","@id":"https:\/\/interamerica.org\/es\/2005\/05\/serbia-alimentos-ropa-y-provisiones-de-parte-de-adra-ayudan-a-las-victimas-de-inuncaciones\/#breadcrumb","itemListElement":[{"@type":"ListItem","position":1,"name":"Home","item":"https:\/\/interamerica.org\/es\/"},{"@type":"ListItem","position":2,"name":"Serbia: Alimentos, Ropa y Provisiones de parte de ADRA Ayudan a las V\u00edctimas de Inuncaciones"}]},{"@type":"WebSite","@id":"https:\/\/interamerica.org\/es\/#website","url":"https:\/\/interamerica.org\/es\/","name":"Iglesia Adventista del S\u00e9ptimo D\u00eda - Divisi\u00f3n Interamericana","description":"","potentialAction":[{"@type":"SearchAction","target":{"@type":"EntryPoint","urlTemplate":"https:\/\/interamerica.org\/es\/?s={search_term_string}"},"query-input":{"@type":"PropertyValueSpecification","valueRequired":true,"valueName":"search_term_string"}}],"inLanguage":"es"},{"@type":"Person","@id":"https:\/\/interamerica.org\/es\/#\/schema\/person\/68ede8bdc292885bb76c1e3810e73c39","name":"Lorenzo Verduzco","image":{"@type":"ImageObject","inLanguage":"es","@id":"https:\/\/secure.gravatar.com\/avatar\/fb81a55b6218459490a9c1dc841a34909185b81904c5337b4b27f7a6fd60c49e?s=96&d=mm&r=g","url":"https:\/\/secure.gravatar.com\/avatar\/fb81a55b6218459490a9c1dc841a34909185b81904c5337b4b27f7a6fd60c49e?s=96&d=mm&r=g","contentUrl":"https:\/\/secure.gravatar.com\/avatar\/fb81a55b6218459490a9c1dc841a34909185b81904c5337b4b27f7a6fd60c49e?s=96&d=mm&r=g","caption":"Lorenzo Verduzco"}}]}},"_links":{"self":[{"href":"https:\/\/interamerica.org\/es\/wp-json\/wp\/v2\/posts\/10519","targetHints":{"allow":["GET"]}}],"collection":[{"href":"https:\/\/interamerica.org\/es\/wp-json\/wp\/v2\/posts"}],"about":[{"href":"https:\/\/interamerica.org\/es\/wp-json\/wp\/v2\/types\/post"}],"author":[{"embeddable":true,"href":"https:\/\/interamerica.org\/es\/wp-json\/wp\/v2\/users\/1"}],"replies":[{"embeddable":true,"href":"https:\/\/interamerica.org\/es\/wp-json\/wp\/v2\/comments?post=10519"}],"version-history":[{"count":0,"href":"https:\/\/interamerica.org\/es\/wp-json\/wp\/v2\/posts\/10519\/revisions"}],"wp:attachment":[{"href":"https:\/\/interamerica.org\/es\/wp-json\/wp\/v2\/media?parent=10519"}],"wp:term":[{"taxonomy":"category","embeddable":true,"href":"https:\/\/interamerica.org\/es\/wp-json\/wp\/v2\/categories?post=10519"},{"taxonomy":"post_tag","embeddable":true,"href":"https:\/\/interamerica.org\/es\/wp-json\/wp\/v2\/tags?post=10519"}],"curies":[{"name":"wp","href":"https:\/\/api.w.org\/{rel}","templated":true}]}}