{"id":10522,"date":"2005-05-31T00:00:00","date_gmt":"2005-05-31T04:00:00","guid":{"rendered":"http:\/\/192.81.217.108\/interamerica\/2005\/05\/hopetv-ahora-esta-disponible-en-africa\/"},"modified":"2017-06-02T09:17:20","modified_gmt":"2017-06-02T13:17:20","slug":"hopetv-ahora-esta-disponible-en-africa","status":"publish","type":"post","link":"https:\/\/interamerica.org\/es\/2005\/05\/hopetv-ahora-esta-disponible-en-africa\/","title":{"rendered":"HopeTV Ahora Est\u00e1 Disponible en \u00c1frica"},"content":{"rendered":"<p>Silver Spring, Maryland, Estados Unidos\u2026 [Compilado por el personal de ANN]<\/p>\n<p>Una transmisi\u00f3n gratuita de prueba, a corto plazo, de Hope Channel, una organizaci\u00f3n perteneciente a la Iglesia Adventista del S\u00e9ptimo D\u00eda, a trav\u00e9s del sistema Sentech VIVID bouquet en \u00c1frica, se ha vuelto permanente. La prueba de corto plazo, la cual dur\u00f3 diez meses, fue suspendida en enero, pero reinstalada despu\u00e9s de una notable insistencia de los miembros de la iglesia y el p\u00fablico en general.<\/p>\n<p>Hope Channel comenz\u00f3 \u201coficialmente\u201d sus transmisiones en el sistema Sentech VIVID bouquet el 31 de mayo. El sistema mencionado es un servicio de televisi\u00f3n \u201cdirecto a casa\u201d, sin tarifas de suscripci\u00f3n mensual, a trav\u00e9s de un peque\u00f1o disco (de 90 cent\u00edmetros) en la banda Ku, libre al aire, no encriptado. Sentech es el segundo servicio de televisi\u00f3n \u201cdirecta a casa\u201d m\u00e1s popular en \u00c1frica. El servicio de VIVID est\u00e1 orientado para proveer servicio de televisi\u00f3n directamente al hogar, para el hogar africano promedio.<\/p>\n<p>\u201cEste es un visible desarrollo en las comunicaciones y el evangelismo de la Iglesia Adventista del S\u00e9ptimo D\u00eda\u201d, dice Brad Thorp, director de Adventist Television Network. \u201cEsta es una expansi\u00f3n grande\u2026 en el desarrollo para el \u00c1frica, lograr que Hope Channel est\u00e9 disponible en los hogares de millones de personas en todo el continente. Esto proveer\u00e1 una oportunidad particular para nuestros centros de comunicaciones en el \u00c1frica, ubicados actualmente en Zambia y Sud\u00e1frica, para producir programaci\u00f3n para audiencias africanas\u201d.<\/p>\n<p><strong>Derechos Reservados \u00ae 2005 por Adventist News Network.<\/strong><\/p>\n","protected":false},"excerpt":{"rendered":"<p>Una transmisi\u00f3n gratuita de prueba, a corto plazo, de Hope Channel, una organizaci\u00f3n perteneciente a la Iglesia Adventista del S\u00e9ptimo D\u00eda, a trav\u00e9s del sistema Sentech VIVID bouquet en \u00c1frica, se ha vuelto permanente.<\/p>\n","protected":false},"author":1,"featured_media":0,"comment_status":"closed","ping_status":"closed","sticky":false,"template":"","format":"standard","meta":{"_acf_changed":false,"footnotes":""},"categories":[8],"tags":[],"class_list":["post-10522","post","type-post","status-publish","format-standard","hentry","category-archivo"],"acf":[],"yoast_head":"<!-- This site is optimized with the Yoast SEO plugin v27.3 - https:\/\/yoast.com\/product\/yoast-seo-wordpress\/ -->\n<title>HopeTV Ahora Est\u00e1 Disponible en \u00c1frica - Iglesia Adventista del S\u00e9ptimo D\u00eda - Divisi\u00f3n Interamericana<\/title>\n<meta name=\"robots\" content=\"index, follow, max-snippet:-1, max-image-preview:large, max-video-preview:-1\" \/>\n<link rel=\"canonical\" href=\"https:\/\/interamerica.org\/es\/2005\/05\/hopetv-ahora-esta-disponible-en-africa\/\" \/>\n<meta property=\"og:locale\" content=\"es_ES\" \/>\n<meta property=\"og:type\" content=\"article\" \/>\n<meta property=\"og:title\" content=\"HopeTV Ahora Est\u00e1 Disponible en \u00c1frica - Iglesia Adventista del S\u00e9ptimo D\u00eda - Divisi\u00f3n Interamericana\" \/>\n<meta property=\"og:description\" content=\"Una transmisi\u00f3n gratuita de prueba, a corto plazo, de Hope Channel, una organizaci\u00f3n perteneciente a la Iglesia Adventista del S\u00e9ptimo D\u00eda, a trav\u00e9s del sistema Sentech VIVID bouquet en \u00c1frica, se ha vuelto permanente.\" \/>\n<meta property=\"og:url\" content=\"https:\/\/interamerica.org\/es\/2005\/05\/hopetv-ahora-esta-disponible-en-africa\/\" \/>\n<meta property=\"og:site_name\" content=\"Iglesia Adventista del S\u00e9ptimo D\u00eda - Divisi\u00f3n Interamericana\" \/>\n<meta property=\"article:published_time\" content=\"2005-05-31T04:00:00+00:00\" \/>\n<meta property=\"article:modified_time\" content=\"2017-06-02T13:17:20+00:00\" \/>\n<meta name=\"author\" content=\"Lorenzo Verduzco\" \/>\n<meta name=\"twitter:card\" content=\"summary_large_image\" \/>\n<meta name=\"twitter:label1\" content=\"Escrito por\" \/>\n\t<meta name=\"twitter:data1\" content=\"Lorenzo Verduzco\" \/>\n\t<meta name=\"twitter:label2\" content=\"Tiempo de lectura\" \/>\n\t<meta name=\"twitter:data2\" content=\"1 minuto\" \/>\n<script type=\"application\/ld+json\" class=\"yoast-schema-graph\">{\"@context\":\"https:\\\/\\\/schema.org\",\"@graph\":[{\"@type\":\"Article\",\"@id\":\"https:\\\/\\\/interamerica.org\\\/es\\\/2005\\\/05\\\/hopetv-ahora-esta-disponible-en-africa\\\/#article\",\"isPartOf\":{\"@id\":\"https:\\\/\\\/interamerica.org\\\/es\\\/2005\\\/05\\\/hopetv-ahora-esta-disponible-en-africa\\\/\"},\"author\":{\"name\":\"Lorenzo Verduzco\",\"@id\":\"https:\\\/\\\/interamerica.org\\\/es\\\/#\\\/schema\\\/person\\\/68ede8bdc292885bb76c1e3810e73c39\"},\"headline\":\"HopeTV Ahora Est\u00e1 Disponible en \u00c1frica\",\"datePublished\":\"2005-05-31T04:00:00+00:00\",\"dateModified\":\"2017-06-02T13:17:20+00:00\",\"mainEntityOfPage\":{\"@id\":\"https:\\\/\\\/interamerica.org\\\/es\\\/2005\\\/05\\\/hopetv-ahora-esta-disponible-en-africa\\\/\"},\"wordCount\":269,\"articleSection\":[\"Archivo\"],\"inLanguage\":\"es\"},{\"@type\":\"WebPage\",\"@id\":\"https:\\\/\\\/interamerica.org\\\/es\\\/2005\\\/05\\\/hopetv-ahora-esta-disponible-en-africa\\\/\",\"url\":\"https:\\\/\\\/interamerica.org\\\/es\\\/2005\\\/05\\\/hopetv-ahora-esta-disponible-en-africa\\\/\",\"name\":\"HopeTV Ahora Est\u00e1 Disponible en \u00c1frica - Iglesia Adventista del S\u00e9ptimo D\u00eda - Divisi\u00f3n Interamericana\",\"isPartOf\":{\"@id\":\"https:\\\/\\\/interamerica.org\\\/es\\\/#website\"},\"datePublished\":\"2005-05-31T04:00:00+00:00\",\"dateModified\":\"2017-06-02T13:17:20+00:00\",\"author\":{\"@id\":\"https:\\\/\\\/interamerica.org\\\/es\\\/#\\\/schema\\\/person\\\/68ede8bdc292885bb76c1e3810e73c39\"},\"breadcrumb\":{\"@id\":\"https:\\\/\\\/interamerica.org\\\/es\\\/2005\\\/05\\\/hopetv-ahora-esta-disponible-en-africa\\\/#breadcrumb\"},\"inLanguage\":\"es\",\"potentialAction\":[{\"@type\":\"ReadAction\",\"target\":[\"https:\\\/\\\/interamerica.org\\\/es\\\/2005\\\/05\\\/hopetv-ahora-esta-disponible-en-africa\\\/\"]}]},{\"@type\":\"BreadcrumbList\",\"@id\":\"https:\\\/\\\/interamerica.org\\\/es\\\/2005\\\/05\\\/hopetv-ahora-esta-disponible-en-africa\\\/#breadcrumb\",\"itemListElement\":[{\"@type\":\"ListItem\",\"position\":1,\"name\":\"Home\",\"item\":\"https:\\\/\\\/interamerica.org\\\/es\\\/\"},{\"@type\":\"ListItem\",\"position\":2,\"name\":\"HopeTV Ahora Est\u00e1 Disponible en \u00c1frica\"}]},{\"@type\":\"WebSite\",\"@id\":\"https:\\\/\\\/interamerica.org\\\/es\\\/#website\",\"url\":\"https:\\\/\\\/interamerica.org\\\/es\\\/\",\"name\":\"Iglesia Adventista del S\u00e9ptimo D\u00eda - Divisi\u00f3n Interamericana\",\"description\":\"\",\"potentialAction\":[{\"@type\":\"SearchAction\",\"target\":{\"@type\":\"EntryPoint\",\"urlTemplate\":\"https:\\\/\\\/interamerica.org\\\/es\\\/?s={search_term_string}\"},\"query-input\":{\"@type\":\"PropertyValueSpecification\",\"valueRequired\":true,\"valueName\":\"search_term_string\"}}],\"inLanguage\":\"es\"},{\"@type\":\"Person\",\"@id\":\"https:\\\/\\\/interamerica.org\\\/es\\\/#\\\/schema\\\/person\\\/68ede8bdc292885bb76c1e3810e73c39\",\"name\":\"Lorenzo Verduzco\",\"image\":{\"@type\":\"ImageObject\",\"inLanguage\":\"es\",\"@id\":\"https:\\\/\\\/secure.gravatar.com\\\/avatar\\\/fb81a55b6218459490a9c1dc841a34909185b81904c5337b4b27f7a6fd60c49e?s=96&d=mm&r=g\",\"url\":\"https:\\\/\\\/secure.gravatar.com\\\/avatar\\\/fb81a55b6218459490a9c1dc841a34909185b81904c5337b4b27f7a6fd60c49e?s=96&d=mm&r=g\",\"contentUrl\":\"https:\\\/\\\/secure.gravatar.com\\\/avatar\\\/fb81a55b6218459490a9c1dc841a34909185b81904c5337b4b27f7a6fd60c49e?s=96&d=mm&r=g\",\"caption\":\"Lorenzo Verduzco\"}}]}<\/script>\n<!-- \/ Yoast SEO plugin. -->","yoast_head_json":{"title":"HopeTV Ahora Est\u00e1 Disponible en \u00c1frica - Iglesia Adventista del S\u00e9ptimo D\u00eda - Divisi\u00f3n Interamericana","robots":{"index":"index","follow":"follow","max-snippet":"max-snippet:-1","max-image-preview":"max-image-preview:large","max-video-preview":"max-video-preview:-1"},"canonical":"https:\/\/interamerica.org\/es\/2005\/05\/hopetv-ahora-esta-disponible-en-africa\/","og_locale":"es_ES","og_type":"article","og_title":"HopeTV Ahora Est\u00e1 Disponible en \u00c1frica - Iglesia Adventista del S\u00e9ptimo D\u00eda - Divisi\u00f3n Interamericana","og_description":"Una transmisi\u00f3n gratuita de prueba, a corto plazo, de Hope Channel, una organizaci\u00f3n perteneciente a la Iglesia Adventista del S\u00e9ptimo D\u00eda, a trav\u00e9s del sistema Sentech VIVID bouquet en \u00c1frica, se ha vuelto permanente.","og_url":"https:\/\/interamerica.org\/es\/2005\/05\/hopetv-ahora-esta-disponible-en-africa\/","og_site_name":"Iglesia Adventista del S\u00e9ptimo D\u00eda - Divisi\u00f3n Interamericana","article_published_time":"2005-05-31T04:00:00+00:00","article_modified_time":"2017-06-02T13:17:20+00:00","author":"Lorenzo Verduzco","twitter_card":"summary_large_image","twitter_misc":{"Escrito por":"Lorenzo Verduzco","Tiempo de lectura":"1 minuto"},"schema":{"@context":"https:\/\/schema.org","@graph":[{"@type":"Article","@id":"https:\/\/interamerica.org\/es\/2005\/05\/hopetv-ahora-esta-disponible-en-africa\/#article","isPartOf":{"@id":"https:\/\/interamerica.org\/es\/2005\/05\/hopetv-ahora-esta-disponible-en-africa\/"},"author":{"name":"Lorenzo Verduzco","@id":"https:\/\/interamerica.org\/es\/#\/schema\/person\/68ede8bdc292885bb76c1e3810e73c39"},"headline":"HopeTV Ahora Est\u00e1 Disponible en \u00c1frica","datePublished":"2005-05-31T04:00:00+00:00","dateModified":"2017-06-02T13:17:20+00:00","mainEntityOfPage":{"@id":"https:\/\/interamerica.org\/es\/2005\/05\/hopetv-ahora-esta-disponible-en-africa\/"},"wordCount":269,"articleSection":["Archivo"],"inLanguage":"es"},{"@type":"WebPage","@id":"https:\/\/interamerica.org\/es\/2005\/05\/hopetv-ahora-esta-disponible-en-africa\/","url":"https:\/\/interamerica.org\/es\/2005\/05\/hopetv-ahora-esta-disponible-en-africa\/","name":"HopeTV Ahora Est\u00e1 Disponible en \u00c1frica - Iglesia Adventista del S\u00e9ptimo D\u00eda - Divisi\u00f3n Interamericana","isPartOf":{"@id":"https:\/\/interamerica.org\/es\/#website"},"datePublished":"2005-05-31T04:00:00+00:00","dateModified":"2017-06-02T13:17:20+00:00","author":{"@id":"https:\/\/interamerica.org\/es\/#\/schema\/person\/68ede8bdc292885bb76c1e3810e73c39"},"breadcrumb":{"@id":"https:\/\/interamerica.org\/es\/2005\/05\/hopetv-ahora-esta-disponible-en-africa\/#breadcrumb"},"inLanguage":"es","potentialAction":[{"@type":"ReadAction","target":["https:\/\/interamerica.org\/es\/2005\/05\/hopetv-ahora-esta-disponible-en-africa\/"]}]},{"@type":"BreadcrumbList","@id":"https:\/\/interamerica.org\/es\/2005\/05\/hopetv-ahora-esta-disponible-en-africa\/#breadcrumb","itemListElement":[{"@type":"ListItem","position":1,"name":"Home","item":"https:\/\/interamerica.org\/es\/"},{"@type":"ListItem","position":2,"name":"HopeTV Ahora Est\u00e1 Disponible en \u00c1frica"}]},{"@type":"WebSite","@id":"https:\/\/interamerica.org\/es\/#website","url":"https:\/\/interamerica.org\/es\/","name":"Iglesia Adventista del S\u00e9ptimo D\u00eda - Divisi\u00f3n Interamericana","description":"","potentialAction":[{"@type":"SearchAction","target":{"@type":"EntryPoint","urlTemplate":"https:\/\/interamerica.org\/es\/?s={search_term_string}"},"query-input":{"@type":"PropertyValueSpecification","valueRequired":true,"valueName":"search_term_string"}}],"inLanguage":"es"},{"@type":"Person","@id":"https:\/\/interamerica.org\/es\/#\/schema\/person\/68ede8bdc292885bb76c1e3810e73c39","name":"Lorenzo Verduzco","image":{"@type":"ImageObject","inLanguage":"es","@id":"https:\/\/secure.gravatar.com\/avatar\/fb81a55b6218459490a9c1dc841a34909185b81904c5337b4b27f7a6fd60c49e?s=96&d=mm&r=g","url":"https:\/\/secure.gravatar.com\/avatar\/fb81a55b6218459490a9c1dc841a34909185b81904c5337b4b27f7a6fd60c49e?s=96&d=mm&r=g","contentUrl":"https:\/\/secure.gravatar.com\/avatar\/fb81a55b6218459490a9c1dc841a34909185b81904c5337b4b27f7a6fd60c49e?s=96&d=mm&r=g","caption":"Lorenzo Verduzco"}}]}},"_links":{"self":[{"href":"https:\/\/interamerica.org\/es\/wp-json\/wp\/v2\/posts\/10522","targetHints":{"allow":["GET"]}}],"collection":[{"href":"https:\/\/interamerica.org\/es\/wp-json\/wp\/v2\/posts"}],"about":[{"href":"https:\/\/interamerica.org\/es\/wp-json\/wp\/v2\/types\/post"}],"author":[{"embeddable":true,"href":"https:\/\/interamerica.org\/es\/wp-json\/wp\/v2\/users\/1"}],"replies":[{"embeddable":true,"href":"https:\/\/interamerica.org\/es\/wp-json\/wp\/v2\/comments?post=10522"}],"version-history":[{"count":0,"href":"https:\/\/interamerica.org\/es\/wp-json\/wp\/v2\/posts\/10522\/revisions"}],"wp:attachment":[{"href":"https:\/\/interamerica.org\/es\/wp-json\/wp\/v2\/media?parent=10522"}],"wp:term":[{"taxonomy":"category","embeddable":true,"href":"https:\/\/interamerica.org\/es\/wp-json\/wp\/v2\/categories?post=10522"},{"taxonomy":"post_tag","embeddable":true,"href":"https:\/\/interamerica.org\/es\/wp-json\/wp\/v2\/tags?post=10522"}],"curies":[{"name":"wp","href":"https:\/\/api.w.org\/{rel}","templated":true}]}}