{"id":10523,"date":"2005-06-01T00:00:00","date_gmt":"2005-06-01T04:00:00","guid":{"rendered":"http:\/\/192.81.217.108\/interamerica\/2005\/06\/jamaica-central-para-impactar-la-comunidad-jovenes-adventistas-trabajan-unidos\/"},"modified":"2017-06-02T09:17:18","modified_gmt":"2017-06-02T13:17:18","slug":"jamaica-central-para-impactar-la-comunidad-jovenes-adventistas-trabajan-unidos","status":"publish","type":"post","link":"https:\/\/interamerica.org\/es\/2005\/06\/jamaica-central-para-impactar-la-comunidad-jovenes-adventistas-trabajan-unidos\/","title":{"rendered":"Jamaica Central: Para Impactar la Comunidad, J\u00f3venes Adventistas Trabajan Unidos."},"content":{"rendered":"<p>St. Catherine, Jamaica&#8230; [Danhugh Gordon\/IAD] <\/p>\n<p>En cada rinc\u00f3n del territorio de Jamaica Central, los j\u00f3venes adventistas est\u00e1n siendo activamente capacitados para llegar a ser mejores cristianos, alcanzar la comunidad y hacerse o\u00edr participando en un congreso de j\u00f3venes en el Campamento Verley del 19-23 de mayo. <\/p>\n<p>El acontecimiento, punta de lanza del departamento de j\u00f3venes de la iglesia en la Asociaci\u00f3n Central de Jamaica, reuni\u00f3 a delegados y visitantes de las 169 iglesias dentro de la regi\u00f3n, as\u00ed como l\u00edderes de la iglesia del exterior. El prop\u00f3sito del acontecimiento era capacitar, motivar y promover el involucrar la juventud en actividades para llegar a la comunidad.<\/p>\n<p> Conquistadores y Gu\u00edas Mayores participaron en la ceremonia de apertura con una colorida parada, especialmente m\u00fasica y un mensaje especial por el pastor Le\u00f3n B. Wellington, vicepresidente de la iglesia para \u00cdnter Am\u00e9rica y, en el pasado, Presidente y director de j\u00f3venes de la Asociaci\u00f3n Central de Jamaica. <\/p>\n<p>El pastor Wellington le pidi\u00f3 a los congregados a hacer del congreso el mejor en esta d\u00e9cada para el Ministerio Juvenil en la regi\u00f3n. <\/p>\n<p>\u201cConviertan \u00e9sta una d\u00e9cada de retos para aquellos sumidos en el crimen y la violencia\u201d, agreg\u00f3 \u00e9l. \u201cH\u00e1ganles saber que hay alternativa. H\u00e1ganles comprender que ustedes han encontrado la respuesta al vivir una vida dedicada a Cristo Jes\u00fas y que desean compartir la experiencia\u201d, enfatiz\u00f3 Wellington. <\/p>\n<p>El pastor Wellington dijo que esperaba que el congreso inspirara y motivara a los delegados para convertirse en agentes positivos en una atm\u00f3sfera de decadencia, inmoralidad y corrupci\u00f3n. <\/p>\n<p>Estuvieron como oradores invitados, el pastor Alfredo Garc\u00eda-Marenko, director asociado juvenil de la iglesia mundial, y el pastor Bernardo Rodr\u00edguez, director de j\u00f3venes para la iglesia en \u00cdnter Am\u00e9rica. <\/p>\n<p>El pastor Garc\u00eda-Marenko se refiri\u00f3 a la ocasi\u00f3n como \u201cgrande e hist\u00f3rico\u201d, e inform\u00f3 que alrededor de 600,000 j\u00f3venes alrededor de todo el mundo estaban actualmente implicados en campa\u00f1as evangel\u00edsticas bajo el Proyecto El\u00edas de la iglesia mundial. Urgi\u00f3 a los j\u00f3venes en Jamaica a que participen en el proyecto.<\/p>\n<p>Algo sobresaliente del fin de semana incluy\u00f3 el programa \u201cImpact Spanish Town\u201d [impactar Ciudad Espa\u00f1ola]. El programa consisti\u00f3 de m\u00e1s de 3,000 delegados j\u00f3venes, conquistadores y gu\u00edas mayores realizando una marcha y una concentraci\u00f3n en la antigua capital, Spanish Town, el s\u00e1bado por la tarde. Ondeaban pancartas, distribuyeron literatura y oraron por personas a lo largo de la ruta. Spanish Town ha sido afectada recientemente por una ola de violencia. <\/p>\n<p>Los j\u00f3venes tambi\u00e9n tuvieron la oportunidad de participar en seminarios que trataban asuntos juveniles y proyectos de alcance tales como pintando escuelas privadas en comunidades vecinas. <\/p>\n","protected":false},"excerpt":{"rendered":"<p>En cada rinc\u00f3n del territorio de Jamaica Central, los j\u00f3venes adventistas est\u00e1n siendo activamente capacitados para llegar a ser mejores cristianos, alcanzar la comunidad y hacerse o\u00edr participando en un congreso de j\u00f3venes.<\/p>\n","protected":false},"author":1,"featured_media":0,"comment_status":"closed","ping_status":"closed","sticky":false,"template":"","format":"standard","meta":{"_acf_changed":false,"footnotes":""},"categories":[8],"tags":[],"class_list":["post-10523","post","type-post","status-publish","format-standard","hentry","category-archivo"],"acf":[],"yoast_head":"<!-- This site is optimized with the Yoast SEO plugin v27.3 - https:\/\/yoast.com\/product\/yoast-seo-wordpress\/ -->\n<title>Jamaica Central: Para Impactar la Comunidad, J\u00f3venes Adventistas Trabajan Unidos. - Iglesia Adventista del S\u00e9ptimo D\u00eda - Divisi\u00f3n Interamericana<\/title>\n<meta name=\"robots\" content=\"index, follow, max-snippet:-1, max-image-preview:large, max-video-preview:-1\" \/>\n<link rel=\"canonical\" href=\"https:\/\/interamerica.org\/es\/2005\/06\/jamaica-central-para-impactar-la-comunidad-jovenes-adventistas-trabajan-unidos\/\" \/>\n<meta property=\"og:locale\" content=\"es_ES\" \/>\n<meta property=\"og:type\" content=\"article\" \/>\n<meta property=\"og:title\" content=\"Jamaica Central: Para Impactar la Comunidad, J\u00f3venes Adventistas Trabajan Unidos. - Iglesia Adventista del S\u00e9ptimo D\u00eda - Divisi\u00f3n Interamericana\" \/>\n<meta property=\"og:description\" content=\"En cada rinc\u00f3n del territorio de Jamaica Central, los j\u00f3venes adventistas est\u00e1n siendo activamente capacitados para llegar a ser mejores cristianos, alcanzar la comunidad y hacerse o\u00edr participando en un congreso de j\u00f3venes.\" \/>\n<meta property=\"og:url\" content=\"https:\/\/interamerica.org\/es\/2005\/06\/jamaica-central-para-impactar-la-comunidad-jovenes-adventistas-trabajan-unidos\/\" \/>\n<meta property=\"og:site_name\" content=\"Iglesia Adventista del S\u00e9ptimo D\u00eda - Divisi\u00f3n Interamericana\" \/>\n<meta property=\"article:published_time\" content=\"2005-06-01T04:00:00+00:00\" \/>\n<meta property=\"article:modified_time\" content=\"2017-06-02T13:17:18+00:00\" \/>\n<meta name=\"author\" content=\"Lorenzo Verduzco\" \/>\n<meta name=\"twitter:card\" content=\"summary_large_image\" \/>\n<meta name=\"twitter:label1\" content=\"Escrito por\" \/>\n\t<meta name=\"twitter:data1\" content=\"Lorenzo Verduzco\" \/>\n\t<meta name=\"twitter:label2\" content=\"Tiempo de lectura\" \/>\n\t<meta name=\"twitter:data2\" content=\"2 minutos\" \/>\n<script type=\"application\/ld+json\" class=\"yoast-schema-graph\">{\"@context\":\"https:\\\/\\\/schema.org\",\"@graph\":[{\"@type\":\"Article\",\"@id\":\"https:\\\/\\\/interamerica.org\\\/es\\\/2005\\\/06\\\/jamaica-central-para-impactar-la-comunidad-jovenes-adventistas-trabajan-unidos\\\/#article\",\"isPartOf\":{\"@id\":\"https:\\\/\\\/interamerica.org\\\/es\\\/2005\\\/06\\\/jamaica-central-para-impactar-la-comunidad-jovenes-adventistas-trabajan-unidos\\\/\"},\"author\":{\"name\":\"Lorenzo Verduzco\",\"@id\":\"https:\\\/\\\/interamerica.org\\\/es\\\/#\\\/schema\\\/person\\\/68ede8bdc292885bb76c1e3810e73c39\"},\"headline\":\"Jamaica Central: Para Impactar la Comunidad, J\u00f3venes Adventistas Trabajan Unidos.\",\"datePublished\":\"2005-06-01T04:00:00+00:00\",\"dateModified\":\"2017-06-02T13:17:18+00:00\",\"mainEntityOfPage\":{\"@id\":\"https:\\\/\\\/interamerica.org\\\/es\\\/2005\\\/06\\\/jamaica-central-para-impactar-la-comunidad-jovenes-adventistas-trabajan-unidos\\\/\"},\"wordCount\":479,\"articleSection\":[\"Archivo\"],\"inLanguage\":\"es\"},{\"@type\":\"WebPage\",\"@id\":\"https:\\\/\\\/interamerica.org\\\/es\\\/2005\\\/06\\\/jamaica-central-para-impactar-la-comunidad-jovenes-adventistas-trabajan-unidos\\\/\",\"url\":\"https:\\\/\\\/interamerica.org\\\/es\\\/2005\\\/06\\\/jamaica-central-para-impactar-la-comunidad-jovenes-adventistas-trabajan-unidos\\\/\",\"name\":\"Jamaica Central: Para Impactar la Comunidad, J\u00f3venes Adventistas Trabajan Unidos. - Iglesia Adventista del S\u00e9ptimo D\u00eda - Divisi\u00f3n Interamericana\",\"isPartOf\":{\"@id\":\"https:\\\/\\\/interamerica.org\\\/es\\\/#website\"},\"datePublished\":\"2005-06-01T04:00:00+00:00\",\"dateModified\":\"2017-06-02T13:17:18+00:00\",\"author\":{\"@id\":\"https:\\\/\\\/interamerica.org\\\/es\\\/#\\\/schema\\\/person\\\/68ede8bdc292885bb76c1e3810e73c39\"},\"breadcrumb\":{\"@id\":\"https:\\\/\\\/interamerica.org\\\/es\\\/2005\\\/06\\\/jamaica-central-para-impactar-la-comunidad-jovenes-adventistas-trabajan-unidos\\\/#breadcrumb\"},\"inLanguage\":\"es\",\"potentialAction\":[{\"@type\":\"ReadAction\",\"target\":[\"https:\\\/\\\/interamerica.org\\\/es\\\/2005\\\/06\\\/jamaica-central-para-impactar-la-comunidad-jovenes-adventistas-trabajan-unidos\\\/\"]}]},{\"@type\":\"BreadcrumbList\",\"@id\":\"https:\\\/\\\/interamerica.org\\\/es\\\/2005\\\/06\\\/jamaica-central-para-impactar-la-comunidad-jovenes-adventistas-trabajan-unidos\\\/#breadcrumb\",\"itemListElement\":[{\"@type\":\"ListItem\",\"position\":1,\"name\":\"Home\",\"item\":\"https:\\\/\\\/interamerica.org\\\/es\\\/\"},{\"@type\":\"ListItem\",\"position\":2,\"name\":\"Jamaica Central: Para Impactar la Comunidad, J\u00f3venes Adventistas Trabajan Unidos.\"}]},{\"@type\":\"WebSite\",\"@id\":\"https:\\\/\\\/interamerica.org\\\/es\\\/#website\",\"url\":\"https:\\\/\\\/interamerica.org\\\/es\\\/\",\"name\":\"Iglesia Adventista del S\u00e9ptimo D\u00eda - Divisi\u00f3n Interamericana\",\"description\":\"\",\"potentialAction\":[{\"@type\":\"SearchAction\",\"target\":{\"@type\":\"EntryPoint\",\"urlTemplate\":\"https:\\\/\\\/interamerica.org\\\/es\\\/?s={search_term_string}\"},\"query-input\":{\"@type\":\"PropertyValueSpecification\",\"valueRequired\":true,\"valueName\":\"search_term_string\"}}],\"inLanguage\":\"es\"},{\"@type\":\"Person\",\"@id\":\"https:\\\/\\\/interamerica.org\\\/es\\\/#\\\/schema\\\/person\\\/68ede8bdc292885bb76c1e3810e73c39\",\"name\":\"Lorenzo Verduzco\",\"image\":{\"@type\":\"ImageObject\",\"inLanguage\":\"es\",\"@id\":\"https:\\\/\\\/secure.gravatar.com\\\/avatar\\\/fb81a55b6218459490a9c1dc841a34909185b81904c5337b4b27f7a6fd60c49e?s=96&d=mm&r=g\",\"url\":\"https:\\\/\\\/secure.gravatar.com\\\/avatar\\\/fb81a55b6218459490a9c1dc841a34909185b81904c5337b4b27f7a6fd60c49e?s=96&d=mm&r=g\",\"contentUrl\":\"https:\\\/\\\/secure.gravatar.com\\\/avatar\\\/fb81a55b6218459490a9c1dc841a34909185b81904c5337b4b27f7a6fd60c49e?s=96&d=mm&r=g\",\"caption\":\"Lorenzo Verduzco\"}}]}<\/script>\n<!-- \/ Yoast SEO plugin. -->","yoast_head_json":{"title":"Jamaica Central: Para Impactar la Comunidad, J\u00f3venes Adventistas Trabajan Unidos. - Iglesia Adventista del S\u00e9ptimo D\u00eda - Divisi\u00f3n Interamericana","robots":{"index":"index","follow":"follow","max-snippet":"max-snippet:-1","max-image-preview":"max-image-preview:large","max-video-preview":"max-video-preview:-1"},"canonical":"https:\/\/interamerica.org\/es\/2005\/06\/jamaica-central-para-impactar-la-comunidad-jovenes-adventistas-trabajan-unidos\/","og_locale":"es_ES","og_type":"article","og_title":"Jamaica Central: Para Impactar la Comunidad, J\u00f3venes Adventistas Trabajan Unidos. - Iglesia Adventista del S\u00e9ptimo D\u00eda - Divisi\u00f3n Interamericana","og_description":"En cada rinc\u00f3n del territorio de Jamaica Central, los j\u00f3venes adventistas est\u00e1n siendo activamente capacitados para llegar a ser mejores cristianos, alcanzar la comunidad y hacerse o\u00edr participando en un congreso de j\u00f3venes.","og_url":"https:\/\/interamerica.org\/es\/2005\/06\/jamaica-central-para-impactar-la-comunidad-jovenes-adventistas-trabajan-unidos\/","og_site_name":"Iglesia Adventista del S\u00e9ptimo D\u00eda - Divisi\u00f3n Interamericana","article_published_time":"2005-06-01T04:00:00+00:00","article_modified_time":"2017-06-02T13:17:18+00:00","author":"Lorenzo Verduzco","twitter_card":"summary_large_image","twitter_misc":{"Escrito por":"Lorenzo Verduzco","Tiempo de lectura":"2 minutos"},"schema":{"@context":"https:\/\/schema.org","@graph":[{"@type":"Article","@id":"https:\/\/interamerica.org\/es\/2005\/06\/jamaica-central-para-impactar-la-comunidad-jovenes-adventistas-trabajan-unidos\/#article","isPartOf":{"@id":"https:\/\/interamerica.org\/es\/2005\/06\/jamaica-central-para-impactar-la-comunidad-jovenes-adventistas-trabajan-unidos\/"},"author":{"name":"Lorenzo Verduzco","@id":"https:\/\/interamerica.org\/es\/#\/schema\/person\/68ede8bdc292885bb76c1e3810e73c39"},"headline":"Jamaica Central: Para Impactar la Comunidad, J\u00f3venes Adventistas Trabajan Unidos.","datePublished":"2005-06-01T04:00:00+00:00","dateModified":"2017-06-02T13:17:18+00:00","mainEntityOfPage":{"@id":"https:\/\/interamerica.org\/es\/2005\/06\/jamaica-central-para-impactar-la-comunidad-jovenes-adventistas-trabajan-unidos\/"},"wordCount":479,"articleSection":["Archivo"],"inLanguage":"es"},{"@type":"WebPage","@id":"https:\/\/interamerica.org\/es\/2005\/06\/jamaica-central-para-impactar-la-comunidad-jovenes-adventistas-trabajan-unidos\/","url":"https:\/\/interamerica.org\/es\/2005\/06\/jamaica-central-para-impactar-la-comunidad-jovenes-adventistas-trabajan-unidos\/","name":"Jamaica Central: Para Impactar la Comunidad, J\u00f3venes Adventistas Trabajan Unidos. - Iglesia Adventista del S\u00e9ptimo D\u00eda - Divisi\u00f3n Interamericana","isPartOf":{"@id":"https:\/\/interamerica.org\/es\/#website"},"datePublished":"2005-06-01T04:00:00+00:00","dateModified":"2017-06-02T13:17:18+00:00","author":{"@id":"https:\/\/interamerica.org\/es\/#\/schema\/person\/68ede8bdc292885bb76c1e3810e73c39"},"breadcrumb":{"@id":"https:\/\/interamerica.org\/es\/2005\/06\/jamaica-central-para-impactar-la-comunidad-jovenes-adventistas-trabajan-unidos\/#breadcrumb"},"inLanguage":"es","potentialAction":[{"@type":"ReadAction","target":["https:\/\/interamerica.org\/es\/2005\/06\/jamaica-central-para-impactar-la-comunidad-jovenes-adventistas-trabajan-unidos\/"]}]},{"@type":"BreadcrumbList","@id":"https:\/\/interamerica.org\/es\/2005\/06\/jamaica-central-para-impactar-la-comunidad-jovenes-adventistas-trabajan-unidos\/#breadcrumb","itemListElement":[{"@type":"ListItem","position":1,"name":"Home","item":"https:\/\/interamerica.org\/es\/"},{"@type":"ListItem","position":2,"name":"Jamaica Central: Para Impactar la Comunidad, J\u00f3venes Adventistas Trabajan Unidos."}]},{"@type":"WebSite","@id":"https:\/\/interamerica.org\/es\/#website","url":"https:\/\/interamerica.org\/es\/","name":"Iglesia Adventista del S\u00e9ptimo D\u00eda - Divisi\u00f3n Interamericana","description":"","potentialAction":[{"@type":"SearchAction","target":{"@type":"EntryPoint","urlTemplate":"https:\/\/interamerica.org\/es\/?s={search_term_string}"},"query-input":{"@type":"PropertyValueSpecification","valueRequired":true,"valueName":"search_term_string"}}],"inLanguage":"es"},{"@type":"Person","@id":"https:\/\/interamerica.org\/es\/#\/schema\/person\/68ede8bdc292885bb76c1e3810e73c39","name":"Lorenzo Verduzco","image":{"@type":"ImageObject","inLanguage":"es","@id":"https:\/\/secure.gravatar.com\/avatar\/fb81a55b6218459490a9c1dc841a34909185b81904c5337b4b27f7a6fd60c49e?s=96&d=mm&r=g","url":"https:\/\/secure.gravatar.com\/avatar\/fb81a55b6218459490a9c1dc841a34909185b81904c5337b4b27f7a6fd60c49e?s=96&d=mm&r=g","contentUrl":"https:\/\/secure.gravatar.com\/avatar\/fb81a55b6218459490a9c1dc841a34909185b81904c5337b4b27f7a6fd60c49e?s=96&d=mm&r=g","caption":"Lorenzo Verduzco"}}]}},"_links":{"self":[{"href":"https:\/\/interamerica.org\/es\/wp-json\/wp\/v2\/posts\/10523","targetHints":{"allow":["GET"]}}],"collection":[{"href":"https:\/\/interamerica.org\/es\/wp-json\/wp\/v2\/posts"}],"about":[{"href":"https:\/\/interamerica.org\/es\/wp-json\/wp\/v2\/types\/post"}],"author":[{"embeddable":true,"href":"https:\/\/interamerica.org\/es\/wp-json\/wp\/v2\/users\/1"}],"replies":[{"embeddable":true,"href":"https:\/\/interamerica.org\/es\/wp-json\/wp\/v2\/comments?post=10523"}],"version-history":[{"count":0,"href":"https:\/\/interamerica.org\/es\/wp-json\/wp\/v2\/posts\/10523\/revisions"}],"wp:attachment":[{"href":"https:\/\/interamerica.org\/es\/wp-json\/wp\/v2\/media?parent=10523"}],"wp:term":[{"taxonomy":"category","embeddable":true,"href":"https:\/\/interamerica.org\/es\/wp-json\/wp\/v2\/categories?post=10523"},{"taxonomy":"post_tag","embeddable":true,"href":"https:\/\/interamerica.org\/es\/wp-json\/wp\/v2\/tags?post=10523"}],"curies":[{"name":"wp","href":"https:\/\/api.w.org\/{rel}","templated":true}]}}