{"id":10524,"date":"2005-06-06T00:00:00","date_gmt":"2005-06-06T04:00:00","guid":{"rendered":"http:\/\/192.81.217.108\/interamerica\/2005\/06\/venezuela-accidente-de-auto-reclama-cinco-vidas-deja-una-en-criticas-condiciones\/"},"modified":"2017-06-02T09:17:18","modified_gmt":"2017-06-02T13:17:18","slug":"venezuela-accidente-de-auto-reclama-cinco-vidas-deja-una-en-criticas-condiciones","status":"publish","type":"post","link":"https:\/\/interamerica.org\/es\/2005\/06\/venezuela-accidente-de-auto-reclama-cinco-vidas-deja-una-en-criticas-condiciones\/","title":{"rendered":"Venezuela: Accidente de Auto Reclama\u00a0Cinco Vidas, Deja Una en\u00a0Cr\u00edticas\u00a0Condiciones\u00a0\u00a0"},"content":{"rendered":"<p>Barquisimeto, Venezuela&#8230; [Libna Stevens\/DIA]<\/p>\n<p>La iglesia Adventista del S\u00e9ptimo D\u00eda, en Venezuela y a trav\u00e9s de toda \u00cdnter Am\u00e9rica, llora la p\u00e9rdida de cinco de sus miembros luego de un tr\u00e1gico accidente de autom\u00f3vil el viernes, 3 de junio. Entre los muertos hay tres mujeres y dos ni\u00f1os. Una de las damas permanece en condici\u00f3n cr\u00edtica. <\/p>\n<p>\u00abNuestra Divisi\u00f3n sufre debido a esta tr\u00e1gica p\u00e9rdida, especialmente los fieles obreros en las carreteras yendo a sus sitios de trabajo. Extendemos nuestras m\u00e1s sentidas condolencias a la iglesia en Venezuela y especialmente a la familia ministerial quien ha sufrido esta tremenda p\u00e9rdida\u00bb, dijo el Pastor Israel Leito, presidente de la iglesia en \u00cdnter Am\u00e9rica. <\/p>\n<p>El accidente ocurri\u00f3 mientras cientos de l\u00edderes de la iglesia y sus ni\u00f1os viajaban en autob\u00fas y autom\u00f3vil de la ciudad de Barquisimeto a Barinas para un evento de l\u00edderes del Ministerio Infantil auspiciado por la iglesia en la Asociaci\u00f3n Centro Occidental de Venezuela. De acuerdo a informes de testigos, las v\u00edctimas conduc\u00edan un veh\u00edculo Renault cuando fue impactado por un Toyota Camry fuera de control. <\/p>\n<p>\u00abLa iglesia Adventista del S\u00e9ptimo D\u00eda extiende un mensaje de condolencia y esperanza a todas las familias que sufren la p\u00e9rdida en el territorio centro occidental\u00bb, dice Rodolfo Escobar, vicepresidente y director de comunicaci\u00f3n de la iglesia en Venezuela. <\/p>\n<p>Las v\u00edctimas fueron identificadas como Gloria de Lin\u00e1rez, quien era directora de Ministerio Infantil y de la Mujer en la regi\u00f3n centro occidental, y su hija Maribel Lin\u00e1rez; Celilia Rojas Manrique, anterior directora del Ministerio de la Mujer, Laura, de 10 a\u00f1os de edad, y su hermano Jes\u00fas Gabriel Fern\u00e1ndez, 4 a\u00f1os. La \u00fanica sobreviviente fue Lorena Fern\u00e1ndez, madre de los dos ni\u00f1os muertos. La se\u00f1ora Fern\u00e1ndez fue atendida quir\u00fargicamente despu\u00e9s del accidente. <\/p>\n<p>Los servicios f\u00fanebres para las v\u00edctimas fueron conducidos el s\u00e1bado y domingo, donde cientos de l\u00edderes de iglesia y autobuses repletos de miembros de a trav\u00e9s de todo el pa\u00eds estuvieron presentes. <\/p>\n<p>\u00abNosotros estamos a\u00fan aterrados por esta tragedia\u00bb, dijo el pastor Vladimir Kabas, presidente para la iglesia en la regi\u00f3n centro occidental de Venezuela. \u00abNo existen palabras para expresar la p\u00e9rdida de tantas vidas. Nosotros hemos perdido una l\u00edder maravillosa en Gloria de Linares quien fue una gran l\u00edder y tambi\u00e9n mi secretaria\u00bb, a\u00f1adi\u00f3 \u00e9l. <\/p>\n<p>\u00abSolicitamos las oraciones de nuestros hermanos y hermanas a trav\u00e9s de toda la Divisi\u00f3n en estos momentos de p\u00e9rdida\u00bb, a\u00f1adi\u00f3 el pastor Kabas. <\/p>\n<p>Los l\u00edderes de la iglesia en Venezuela declararon el 6 y 7 de junio duelo nacional para las cerca de 600 iglesias y congregaciones a trav\u00e9s de Venezuela. <\/p>\n<p>Un equipo de param\u00e9dicos, consejeros y ministros se organizaron para proveer consejer\u00eda a las familias de las v\u00edctimas y la gente que presenci\u00f3 el accidente. <\/p><\/p>\n","protected":false},"excerpt":{"rendered":"<p>La iglesia Adventista del S\u00e9ptimo D\u00eda en Venezuela y a trav\u00e9s de toda \u00cdnter Am\u00e9rica llora la p\u00e9rdida de cinco de sus miembros luego de un tr\u00e1jico acidente de autom\u00f3vil el viernes, 3 de junio.<\/p>\n","protected":false},"author":1,"featured_media":0,"comment_status":"closed","ping_status":"closed","sticky":false,"template":"","format":"standard","meta":{"_acf_changed":false,"footnotes":""},"categories":[8],"tags":[],"class_list":["post-10524","post","type-post","status-publish","format-standard","hentry","category-archivo"],"acf":[],"yoast_head":"<!-- This site is optimized with the Yoast SEO plugin v27.3 - https:\/\/yoast.com\/product\/yoast-seo-wordpress\/ -->\n<title>Venezuela: Accidente de Auto Reclama\u00a0Cinco Vidas, Deja Una en\u00a0Cr\u00edticas\u00a0Condiciones\u00a0\u00a0 - Iglesia Adventista del S\u00e9ptimo D\u00eda - Divisi\u00f3n Interamericana<\/title>\n<meta name=\"robots\" content=\"index, follow, max-snippet:-1, max-image-preview:large, max-video-preview:-1\" \/>\n<link rel=\"canonical\" href=\"https:\/\/interamerica.org\/es\/2005\/06\/venezuela-accidente-de-auto-reclama-cinco-vidas-deja-una-en-criticas-condiciones\/\" \/>\n<meta property=\"og:locale\" content=\"es_ES\" \/>\n<meta property=\"og:type\" content=\"article\" \/>\n<meta property=\"og:title\" content=\"Venezuela: Accidente de Auto Reclama\u00a0Cinco Vidas, Deja Una en\u00a0Cr\u00edticas\u00a0Condiciones\u00a0\u00a0 - Iglesia Adventista del S\u00e9ptimo D\u00eda - Divisi\u00f3n Interamericana\" \/>\n<meta property=\"og:description\" content=\"La iglesia Adventista del S\u00e9ptimo D\u00eda en Venezuela y a trav\u00e9s de toda \u00cdnter Am\u00e9rica llora la p\u00e9rdida de cinco de sus miembros luego de un tr\u00e1jico acidente de autom\u00f3vil el viernes, 3 de junio.\" \/>\n<meta property=\"og:url\" content=\"https:\/\/interamerica.org\/es\/2005\/06\/venezuela-accidente-de-auto-reclama-cinco-vidas-deja-una-en-criticas-condiciones\/\" \/>\n<meta property=\"og:site_name\" content=\"Iglesia Adventista del S\u00e9ptimo D\u00eda - Divisi\u00f3n Interamericana\" \/>\n<meta property=\"article:published_time\" content=\"2005-06-06T04:00:00+00:00\" \/>\n<meta property=\"article:modified_time\" content=\"2017-06-02T13:17:18+00:00\" \/>\n<meta name=\"author\" content=\"Lorenzo Verduzco\" \/>\n<meta name=\"twitter:card\" content=\"summary_large_image\" \/>\n<meta name=\"twitter:label1\" content=\"Escrito por\" \/>\n\t<meta name=\"twitter:data1\" content=\"Lorenzo Verduzco\" \/>\n\t<meta name=\"twitter:label2\" content=\"Tiempo de lectura\" \/>\n\t<meta name=\"twitter:data2\" content=\"3 minutos\" \/>\n<script type=\"application\/ld+json\" class=\"yoast-schema-graph\">{\"@context\":\"https:\\\/\\\/schema.org\",\"@graph\":[{\"@type\":\"Article\",\"@id\":\"https:\\\/\\\/interamerica.org\\\/es\\\/2005\\\/06\\\/venezuela-accidente-de-auto-reclama-cinco-vidas-deja-una-en-criticas-condiciones\\\/#article\",\"isPartOf\":{\"@id\":\"https:\\\/\\\/interamerica.org\\\/es\\\/2005\\\/06\\\/venezuela-accidente-de-auto-reclama-cinco-vidas-deja-una-en-criticas-condiciones\\\/\"},\"author\":{\"name\":\"Lorenzo Verduzco\",\"@id\":\"https:\\\/\\\/interamerica.org\\\/es\\\/#\\\/schema\\\/person\\\/68ede8bdc292885bb76c1e3810e73c39\"},\"headline\":\"Venezuela: Accidente de Auto Reclama\u00a0Cinco Vidas, Deja Una en\u00a0Cr\u00edticas\u00a0Condiciones\u00a0\u00a0\",\"datePublished\":\"2005-06-06T04:00:00+00:00\",\"dateModified\":\"2017-06-02T13:17:18+00:00\",\"mainEntityOfPage\":{\"@id\":\"https:\\\/\\\/interamerica.org\\\/es\\\/2005\\\/06\\\/venezuela-accidente-de-auto-reclama-cinco-vidas-deja-una-en-criticas-condiciones\\\/\"},\"wordCount\":524,\"articleSection\":[\"Archivo\"],\"inLanguage\":\"es\"},{\"@type\":\"WebPage\",\"@id\":\"https:\\\/\\\/interamerica.org\\\/es\\\/2005\\\/06\\\/venezuela-accidente-de-auto-reclama-cinco-vidas-deja-una-en-criticas-condiciones\\\/\",\"url\":\"https:\\\/\\\/interamerica.org\\\/es\\\/2005\\\/06\\\/venezuela-accidente-de-auto-reclama-cinco-vidas-deja-una-en-criticas-condiciones\\\/\",\"name\":\"Venezuela: Accidente de Auto Reclama\u00a0Cinco Vidas, Deja Una en\u00a0Cr\u00edticas\u00a0Condiciones\u00a0\u00a0 - Iglesia Adventista del S\u00e9ptimo D\u00eda - Divisi\u00f3n Interamericana\",\"isPartOf\":{\"@id\":\"https:\\\/\\\/interamerica.org\\\/es\\\/#website\"},\"datePublished\":\"2005-06-06T04:00:00+00:00\",\"dateModified\":\"2017-06-02T13:17:18+00:00\",\"author\":{\"@id\":\"https:\\\/\\\/interamerica.org\\\/es\\\/#\\\/schema\\\/person\\\/68ede8bdc292885bb76c1e3810e73c39\"},\"breadcrumb\":{\"@id\":\"https:\\\/\\\/interamerica.org\\\/es\\\/2005\\\/06\\\/venezuela-accidente-de-auto-reclama-cinco-vidas-deja-una-en-criticas-condiciones\\\/#breadcrumb\"},\"inLanguage\":\"es\",\"potentialAction\":[{\"@type\":\"ReadAction\",\"target\":[\"https:\\\/\\\/interamerica.org\\\/es\\\/2005\\\/06\\\/venezuela-accidente-de-auto-reclama-cinco-vidas-deja-una-en-criticas-condiciones\\\/\"]}]},{\"@type\":\"BreadcrumbList\",\"@id\":\"https:\\\/\\\/interamerica.org\\\/es\\\/2005\\\/06\\\/venezuela-accidente-de-auto-reclama-cinco-vidas-deja-una-en-criticas-condiciones\\\/#breadcrumb\",\"itemListElement\":[{\"@type\":\"ListItem\",\"position\":1,\"name\":\"Home\",\"item\":\"https:\\\/\\\/interamerica.org\\\/es\\\/\"},{\"@type\":\"ListItem\",\"position\":2,\"name\":\"Venezuela: Accidente de Auto Reclama\u00a0Cinco Vidas, Deja Una en\u00a0Cr\u00edticas\u00a0Condiciones\u00a0\u00a0\"}]},{\"@type\":\"WebSite\",\"@id\":\"https:\\\/\\\/interamerica.org\\\/es\\\/#website\",\"url\":\"https:\\\/\\\/interamerica.org\\\/es\\\/\",\"name\":\"Iglesia Adventista del S\u00e9ptimo D\u00eda - Divisi\u00f3n Interamericana\",\"description\":\"\",\"potentialAction\":[{\"@type\":\"SearchAction\",\"target\":{\"@type\":\"EntryPoint\",\"urlTemplate\":\"https:\\\/\\\/interamerica.org\\\/es\\\/?s={search_term_string}\"},\"query-input\":{\"@type\":\"PropertyValueSpecification\",\"valueRequired\":true,\"valueName\":\"search_term_string\"}}],\"inLanguage\":\"es\"},{\"@type\":\"Person\",\"@id\":\"https:\\\/\\\/interamerica.org\\\/es\\\/#\\\/schema\\\/person\\\/68ede8bdc292885bb76c1e3810e73c39\",\"name\":\"Lorenzo Verduzco\",\"image\":{\"@type\":\"ImageObject\",\"inLanguage\":\"es\",\"@id\":\"https:\\\/\\\/secure.gravatar.com\\\/avatar\\\/fb81a55b6218459490a9c1dc841a34909185b81904c5337b4b27f7a6fd60c49e?s=96&d=mm&r=g\",\"url\":\"https:\\\/\\\/secure.gravatar.com\\\/avatar\\\/fb81a55b6218459490a9c1dc841a34909185b81904c5337b4b27f7a6fd60c49e?s=96&d=mm&r=g\",\"contentUrl\":\"https:\\\/\\\/secure.gravatar.com\\\/avatar\\\/fb81a55b6218459490a9c1dc841a34909185b81904c5337b4b27f7a6fd60c49e?s=96&d=mm&r=g\",\"caption\":\"Lorenzo Verduzco\"}}]}<\/script>\n<!-- \/ Yoast SEO plugin. -->","yoast_head_json":{"title":"Venezuela: Accidente de Auto Reclama\u00a0Cinco Vidas, Deja Una en\u00a0Cr\u00edticas\u00a0Condiciones\u00a0\u00a0 - Iglesia Adventista del S\u00e9ptimo D\u00eda - Divisi\u00f3n Interamericana","robots":{"index":"index","follow":"follow","max-snippet":"max-snippet:-1","max-image-preview":"max-image-preview:large","max-video-preview":"max-video-preview:-1"},"canonical":"https:\/\/interamerica.org\/es\/2005\/06\/venezuela-accidente-de-auto-reclama-cinco-vidas-deja-una-en-criticas-condiciones\/","og_locale":"es_ES","og_type":"article","og_title":"Venezuela: Accidente de Auto Reclama\u00a0Cinco Vidas, Deja Una en\u00a0Cr\u00edticas\u00a0Condiciones\u00a0\u00a0 - Iglesia Adventista del S\u00e9ptimo D\u00eda - Divisi\u00f3n Interamericana","og_description":"La iglesia Adventista del S\u00e9ptimo D\u00eda en Venezuela y a trav\u00e9s de toda \u00cdnter Am\u00e9rica llora la p\u00e9rdida de cinco de sus miembros luego de un tr\u00e1jico acidente de autom\u00f3vil el viernes, 3 de junio.","og_url":"https:\/\/interamerica.org\/es\/2005\/06\/venezuela-accidente-de-auto-reclama-cinco-vidas-deja-una-en-criticas-condiciones\/","og_site_name":"Iglesia Adventista del S\u00e9ptimo D\u00eda - Divisi\u00f3n Interamericana","article_published_time":"2005-06-06T04:00:00+00:00","article_modified_time":"2017-06-02T13:17:18+00:00","author":"Lorenzo Verduzco","twitter_card":"summary_large_image","twitter_misc":{"Escrito por":"Lorenzo Verduzco","Tiempo de lectura":"3 minutos"},"schema":{"@context":"https:\/\/schema.org","@graph":[{"@type":"Article","@id":"https:\/\/interamerica.org\/es\/2005\/06\/venezuela-accidente-de-auto-reclama-cinco-vidas-deja-una-en-criticas-condiciones\/#article","isPartOf":{"@id":"https:\/\/interamerica.org\/es\/2005\/06\/venezuela-accidente-de-auto-reclama-cinco-vidas-deja-una-en-criticas-condiciones\/"},"author":{"name":"Lorenzo Verduzco","@id":"https:\/\/interamerica.org\/es\/#\/schema\/person\/68ede8bdc292885bb76c1e3810e73c39"},"headline":"Venezuela: Accidente de Auto Reclama\u00a0Cinco Vidas, Deja Una en\u00a0Cr\u00edticas\u00a0Condiciones\u00a0\u00a0","datePublished":"2005-06-06T04:00:00+00:00","dateModified":"2017-06-02T13:17:18+00:00","mainEntityOfPage":{"@id":"https:\/\/interamerica.org\/es\/2005\/06\/venezuela-accidente-de-auto-reclama-cinco-vidas-deja-una-en-criticas-condiciones\/"},"wordCount":524,"articleSection":["Archivo"],"inLanguage":"es"},{"@type":"WebPage","@id":"https:\/\/interamerica.org\/es\/2005\/06\/venezuela-accidente-de-auto-reclama-cinco-vidas-deja-una-en-criticas-condiciones\/","url":"https:\/\/interamerica.org\/es\/2005\/06\/venezuela-accidente-de-auto-reclama-cinco-vidas-deja-una-en-criticas-condiciones\/","name":"Venezuela: Accidente de Auto Reclama\u00a0Cinco Vidas, Deja Una en\u00a0Cr\u00edticas\u00a0Condiciones\u00a0\u00a0 - Iglesia Adventista del S\u00e9ptimo D\u00eda - Divisi\u00f3n Interamericana","isPartOf":{"@id":"https:\/\/interamerica.org\/es\/#website"},"datePublished":"2005-06-06T04:00:00+00:00","dateModified":"2017-06-02T13:17:18+00:00","author":{"@id":"https:\/\/interamerica.org\/es\/#\/schema\/person\/68ede8bdc292885bb76c1e3810e73c39"},"breadcrumb":{"@id":"https:\/\/interamerica.org\/es\/2005\/06\/venezuela-accidente-de-auto-reclama-cinco-vidas-deja-una-en-criticas-condiciones\/#breadcrumb"},"inLanguage":"es","potentialAction":[{"@type":"ReadAction","target":["https:\/\/interamerica.org\/es\/2005\/06\/venezuela-accidente-de-auto-reclama-cinco-vidas-deja-una-en-criticas-condiciones\/"]}]},{"@type":"BreadcrumbList","@id":"https:\/\/interamerica.org\/es\/2005\/06\/venezuela-accidente-de-auto-reclama-cinco-vidas-deja-una-en-criticas-condiciones\/#breadcrumb","itemListElement":[{"@type":"ListItem","position":1,"name":"Home","item":"https:\/\/interamerica.org\/es\/"},{"@type":"ListItem","position":2,"name":"Venezuela: Accidente de Auto Reclama\u00a0Cinco Vidas, Deja Una en\u00a0Cr\u00edticas\u00a0Condiciones\u00a0\u00a0"}]},{"@type":"WebSite","@id":"https:\/\/interamerica.org\/es\/#website","url":"https:\/\/interamerica.org\/es\/","name":"Iglesia Adventista del S\u00e9ptimo D\u00eda - Divisi\u00f3n Interamericana","description":"","potentialAction":[{"@type":"SearchAction","target":{"@type":"EntryPoint","urlTemplate":"https:\/\/interamerica.org\/es\/?s={search_term_string}"},"query-input":{"@type":"PropertyValueSpecification","valueRequired":true,"valueName":"search_term_string"}}],"inLanguage":"es"},{"@type":"Person","@id":"https:\/\/interamerica.org\/es\/#\/schema\/person\/68ede8bdc292885bb76c1e3810e73c39","name":"Lorenzo Verduzco","image":{"@type":"ImageObject","inLanguage":"es","@id":"https:\/\/secure.gravatar.com\/avatar\/fb81a55b6218459490a9c1dc841a34909185b81904c5337b4b27f7a6fd60c49e?s=96&d=mm&r=g","url":"https:\/\/secure.gravatar.com\/avatar\/fb81a55b6218459490a9c1dc841a34909185b81904c5337b4b27f7a6fd60c49e?s=96&d=mm&r=g","contentUrl":"https:\/\/secure.gravatar.com\/avatar\/fb81a55b6218459490a9c1dc841a34909185b81904c5337b4b27f7a6fd60c49e?s=96&d=mm&r=g","caption":"Lorenzo Verduzco"}}]}},"_links":{"self":[{"href":"https:\/\/interamerica.org\/es\/wp-json\/wp\/v2\/posts\/10524","targetHints":{"allow":["GET"]}}],"collection":[{"href":"https:\/\/interamerica.org\/es\/wp-json\/wp\/v2\/posts"}],"about":[{"href":"https:\/\/interamerica.org\/es\/wp-json\/wp\/v2\/types\/post"}],"author":[{"embeddable":true,"href":"https:\/\/interamerica.org\/es\/wp-json\/wp\/v2\/users\/1"}],"replies":[{"embeddable":true,"href":"https:\/\/interamerica.org\/es\/wp-json\/wp\/v2\/comments?post=10524"}],"version-history":[{"count":0,"href":"https:\/\/interamerica.org\/es\/wp-json\/wp\/v2\/posts\/10524\/revisions"}],"wp:attachment":[{"href":"https:\/\/interamerica.org\/es\/wp-json\/wp\/v2\/media?parent=10524"}],"wp:term":[{"taxonomy":"category","embeddable":true,"href":"https:\/\/interamerica.org\/es\/wp-json\/wp\/v2\/categories?post=10524"},{"taxonomy":"post_tag","embeddable":true,"href":"https:\/\/interamerica.org\/es\/wp-json\/wp\/v2\/tags?post=10524"}],"curies":[{"name":"wp","href":"https:\/\/api.w.org\/{rel}","templated":true}]}}