{"id":10525,"date":"2005-06-07T00:00:00","date_gmt":"2005-06-07T04:00:00","guid":{"rendered":"http:\/\/192.81.217.108\/interamerica\/2005\/06\/en-st-louis-missouri-sera-la-sesion-mundial-2005-de-la-iglesia-adventista-del-septimo-dia\/"},"modified":"2017-06-02T09:17:17","modified_gmt":"2017-06-02T13:17:17","slug":"en-st-louis-missouri-sera-la-sesion-mundial-2005-de-la-iglesia-adventista-del-septimo-dia","status":"publish","type":"post","link":"https:\/\/interamerica.org\/es\/2005\/06\/en-st-louis-missouri-sera-la-sesion-mundial-2005-de-la-iglesia-adventista-del-septimo-dia\/","title":{"rendered":"En St. Louis, Missouri,\u00a0ser\u00e1 la Sesi\u00f3n\u00a0Mundial 2005 de la Iglesia Adventista del S\u00e9ptimo D\u00eda"},"content":{"rendered":"<p>Silver Spring, Maryland, Estados Unidos&#8230;. [Personal de ANN]<\/p>\n<p>La Sesi\u00f3n mundial de la Iglesia Adventista del S\u00e9ptimo D\u00eda llevar\u00e1 un sabor internacional a St. Louis, Missouri, el coraz\u00f3n de los Estados Unidos de Am\u00e9rica. La reuni\u00f3n ser\u00e1 representativa de la fuerte familia adventista de 25 millones de personas provenientes de alrededor del mundo, y se llevar\u00e1 a cabo bajo el lema de \u201cTransformados en Cristo\u201d.<\/p>\n<p>En la convocaci\u00f3n de la Sesi\u00f3n estar\u00e1 el Pastor Jan Paulsen, presidente mundial de la iglesia, quien comparti\u00f3 su expectativa de que la reuni\u00f3n ser\u00e1 un \u201cmomento de maravilloso compa\u00f1erismo y est\u00edmulo espiritual\u201d. Paulsen a\u00f1adi\u00f3 que el lema de la reuni\u00f3n en St. Louis \u201cprovee el enfoque espiritual de la Sesi\u00f3n \u2013ser\u00e1 una celebraci\u00f3n de lo que Cristo ha logrado hacer en nuestras vidas, y un recordativo de que nosotros tambi\u00e9n hemos sido llamados a ser agentes de transformaci\u00f3n dentro de nuestras comunidades\u201d.<\/p>\n<p>La Sesi\u00f3n, lista para ser efectuada del 30 de junio al 9 de julio, es principalmente una reuni\u00f3n de negocios para la familia global de la iglesia. En este evento se eligen l\u00edderes denominacionales, se atienden negocios de la iglesia, y a menudo se toman decisiones sobre reglamentos. Por cuanto el principal \u201cnegocio\u201d de la Iglesia Adventista del S\u00e9ptimo D\u00eda es proclamar el Evangelio de Jesucristo, ese desaf\u00edo permear\u00e1 las actividades en la convocaci\u00f3n que tendr\u00e1 lugar en St. Louis este a\u00f1o 2005, seg\u00fan Paulsen a\u00f1adi\u00f3.<\/p>\n<p>\u201cEn el coraz\u00f3n de todo lo que haremos, en todo nuestro proceso de decisiones, hay realmente s\u00f3lo un objetivo: preparar y equipar mejor a nuestra iglesia para la misi\u00f3n que Dios nos ha encomendado\u201d, dijo Paulsen. \u201cNosotros somos esencialmente una comunidad de testigos, viviendo en anticipaci\u00f3n del retorno de nuestro Se\u00f1or Jesucristo\u201d.<\/p>\n<p>Cerca de 2,000 delegados con derecho a votar, provenientes de todo el mundo, se reunir\u00e1n en el America\u2019s Center\/Edgard Jones Dome en la ciudad de St. Louis, para participar en las reuniones que determinar\u00e1n muchas de las acciones administrativas de la iglesia para los pr\u00f3ximos cinco a\u00f1os. Se recibir\u00e1n informes del crecimiento de la iglesia en aquellos lugares del mundo donde el mensaje cristiano est\u00e1 \u201calcanzando a los no alcanzados\u201d, y habr\u00e1 oportunidad para conocer compa\u00f1eros en la fe y obreros de la iglesia de otros lugares.<\/p>\n<p>Los participantes de tales convocaciones a menudo han expresado su agrado por los programas vespertinos internacionales, los cuales presentan informes de todo el mundo. Otros eventos especiales asociados con el congreso tendr\u00e1n como prop\u00f3sito crear una conciencia global  y sensibilidad respecto a la comunidad mundial, lo cual forma parte de la misi\u00f3n adventista en relaci\u00f3n con el mundo.<\/p>\n<p>Eventos sobresalientes del congreso de 2005 en St. Louis ser\u00e1n transmitidos en Adventist Televisi\u00f3n Network (Red de Televisi\u00f3n Adventista) y otros organismos de comunicaci\u00f3n de la iglesia, incluyendo Radio Mundial Adventista. Reportes regulares estar\u00e1n disponibles para los delegados al congreso y para los creyentes alrededor del mundo, a trav\u00e9s de la revista semanal de la iglesia, la Adventist Review (Revista Adventista), y la cobertura mundial de prensa que ofrece Adventist News Network.<\/p>\n<p>Organizada por la Asociaci\u00f3n General de los Adventistas del S\u00e9ptimo D\u00eda, el m\u00e1s alto cuerpo administrativo en el sistema mundial de la iglesia, el congreso quinquenal ser\u00e1 el n\u00famero 58 para la denominaci\u00f3n, desde su primer congreso en 1863. La reuni\u00f3n en St. Louis marcar\u00e1 la primera ocasi\u00f3n en 15 a\u00f1os cuando los adventistas han llevado a cabo su congreso mundial en los Estados Unidos. Se espera que la asistencia diaria en el evento est\u00e9 en promedio por encima de 10.000 personas, y en los dos fines de semana, se espera que asistan m\u00e1s de 70,000 personas.<\/p>\n<p>Alrededor del mundo, los cristianos adventistas est\u00e1n entre las iglesias de m\u00e1s r\u00e1pido crecimiento en la actualidad. Los adventistas trabajan en 203 de las 228 naciones y territorios reconocidos por las Naciones Unidas, y se comunican en m\u00e1s de 717 lenguajes. La iglesia tambi\u00e9n dirige una de las redes educativas protestantes m\u00e1s grandes del mundo, con 6,846 instituciones educativas con niveles desde la escuela primaria hasta el nivel universitario. De esas instituciones, 101 son instituciones universitarias, y m\u00e1s de un mill\u00f3n de estudiantes asisten a las instituciones adventistas cada a\u00f1o.<\/p>\n<p>Las reuniones del congreso estar\u00e1n abiertas al p\u00fablico en general. Usted puede hallar mayor informaci\u00f3n en <a  href=\"http:\/\/www.gcsession.org\/\">www.gcsession.org<\/a>. <\/p>\n","protected":false},"excerpt":{"rendered":"<p>La Sesi\u00f3n mundial de la Iglesia Adventista del S\u00e9ptimo D\u00eda llevar\u00e1 un sabor internacional a St. Louis, Missouri, el coraz\u00f3n de los Estados Unidos de Am\u00e9rica.<\/p>\n","protected":false},"author":1,"featured_media":0,"comment_status":"closed","ping_status":"closed","sticky":false,"template":"","format":"standard","meta":{"_acf_changed":false,"footnotes":""},"categories":[8],"tags":[],"class_list":["post-10525","post","type-post","status-publish","format-standard","hentry","category-archivo"],"acf":[],"yoast_head":"<!-- This site is optimized with the Yoast SEO plugin v27.3 - https:\/\/yoast.com\/product\/yoast-seo-wordpress\/ -->\n<title>En St. Louis, Missouri,\u00a0ser\u00e1 la Sesi\u00f3n\u00a0Mundial 2005 de la Iglesia Adventista del S\u00e9ptimo D\u00eda - Iglesia Adventista del S\u00e9ptimo D\u00eda - Divisi\u00f3n Interamericana<\/title>\n<meta name=\"robots\" content=\"index, follow, max-snippet:-1, max-image-preview:large, max-video-preview:-1\" \/>\n<link rel=\"canonical\" href=\"https:\/\/interamerica.org\/es\/2005\/06\/en-st-louis-missouri-sera-la-sesion-mundial-2005-de-la-iglesia-adventista-del-septimo-dia\/\" \/>\n<meta property=\"og:locale\" content=\"es_ES\" \/>\n<meta property=\"og:type\" content=\"article\" \/>\n<meta property=\"og:title\" content=\"En St. Louis, Missouri,\u00a0ser\u00e1 la Sesi\u00f3n\u00a0Mundial 2005 de la Iglesia Adventista del S\u00e9ptimo D\u00eda - Iglesia Adventista del S\u00e9ptimo D\u00eda - Divisi\u00f3n Interamericana\" \/>\n<meta property=\"og:description\" content=\"La Sesi\u00f3n mundial de la Iglesia Adventista del S\u00e9ptimo D\u00eda llevar\u00e1 un sabor internacional a St. Louis, Missouri, el coraz\u00f3n de los Estados Unidos de Am\u00e9rica.\" \/>\n<meta property=\"og:url\" content=\"https:\/\/interamerica.org\/es\/2005\/06\/en-st-louis-missouri-sera-la-sesion-mundial-2005-de-la-iglesia-adventista-del-septimo-dia\/\" \/>\n<meta property=\"og:site_name\" content=\"Iglesia Adventista del S\u00e9ptimo D\u00eda - Divisi\u00f3n Interamericana\" \/>\n<meta property=\"article:published_time\" content=\"2005-06-07T04:00:00+00:00\" \/>\n<meta property=\"article:modified_time\" content=\"2017-06-02T13:17:17+00:00\" \/>\n<meta name=\"author\" content=\"Lorenzo Verduzco\" \/>\n<meta name=\"twitter:card\" content=\"summary_large_image\" \/>\n<meta name=\"twitter:label1\" content=\"Escrito por\" \/>\n\t<meta name=\"twitter:data1\" content=\"Lorenzo Verduzco\" \/>\n\t<meta name=\"twitter:label2\" content=\"Tiempo de lectura\" \/>\n\t<meta name=\"twitter:data2\" content=\"4 minutos\" \/>\n<script type=\"application\/ld+json\" class=\"yoast-schema-graph\">{\"@context\":\"https:\\\/\\\/schema.org\",\"@graph\":[{\"@type\":\"Article\",\"@id\":\"https:\\\/\\\/interamerica.org\\\/es\\\/2005\\\/06\\\/en-st-louis-missouri-sera-la-sesion-mundial-2005-de-la-iglesia-adventista-del-septimo-dia\\\/#article\",\"isPartOf\":{\"@id\":\"https:\\\/\\\/interamerica.org\\\/es\\\/2005\\\/06\\\/en-st-louis-missouri-sera-la-sesion-mundial-2005-de-la-iglesia-adventista-del-septimo-dia\\\/\"},\"author\":{\"name\":\"Lorenzo Verduzco\",\"@id\":\"https:\\\/\\\/interamerica.org\\\/es\\\/#\\\/schema\\\/person\\\/68ede8bdc292885bb76c1e3810e73c39\"},\"headline\":\"En St. Louis, Missouri,\u00a0ser\u00e1 la Sesi\u00f3n\u00a0Mundial 2005 de la Iglesia Adventista del S\u00e9ptimo D\u00eda\",\"datePublished\":\"2005-06-07T04:00:00+00:00\",\"dateModified\":\"2017-06-02T13:17:17+00:00\",\"mainEntityOfPage\":{\"@id\":\"https:\\\/\\\/interamerica.org\\\/es\\\/2005\\\/06\\\/en-st-louis-missouri-sera-la-sesion-mundial-2005-de-la-iglesia-adventista-del-septimo-dia\\\/\"},\"wordCount\":783,\"articleSection\":[\"Archivo\"],\"inLanguage\":\"es\"},{\"@type\":\"WebPage\",\"@id\":\"https:\\\/\\\/interamerica.org\\\/es\\\/2005\\\/06\\\/en-st-louis-missouri-sera-la-sesion-mundial-2005-de-la-iglesia-adventista-del-septimo-dia\\\/\",\"url\":\"https:\\\/\\\/interamerica.org\\\/es\\\/2005\\\/06\\\/en-st-louis-missouri-sera-la-sesion-mundial-2005-de-la-iglesia-adventista-del-septimo-dia\\\/\",\"name\":\"En St. Louis, Missouri,\u00a0ser\u00e1 la Sesi\u00f3n\u00a0Mundial 2005 de la Iglesia Adventista del S\u00e9ptimo D\u00eda - Iglesia Adventista del S\u00e9ptimo D\u00eda - Divisi\u00f3n Interamericana\",\"isPartOf\":{\"@id\":\"https:\\\/\\\/interamerica.org\\\/es\\\/#website\"},\"datePublished\":\"2005-06-07T04:00:00+00:00\",\"dateModified\":\"2017-06-02T13:17:17+00:00\",\"author\":{\"@id\":\"https:\\\/\\\/interamerica.org\\\/es\\\/#\\\/schema\\\/person\\\/68ede8bdc292885bb76c1e3810e73c39\"},\"breadcrumb\":{\"@id\":\"https:\\\/\\\/interamerica.org\\\/es\\\/2005\\\/06\\\/en-st-louis-missouri-sera-la-sesion-mundial-2005-de-la-iglesia-adventista-del-septimo-dia\\\/#breadcrumb\"},\"inLanguage\":\"es\",\"potentialAction\":[{\"@type\":\"ReadAction\",\"target\":[\"https:\\\/\\\/interamerica.org\\\/es\\\/2005\\\/06\\\/en-st-louis-missouri-sera-la-sesion-mundial-2005-de-la-iglesia-adventista-del-septimo-dia\\\/\"]}]},{\"@type\":\"BreadcrumbList\",\"@id\":\"https:\\\/\\\/interamerica.org\\\/es\\\/2005\\\/06\\\/en-st-louis-missouri-sera-la-sesion-mundial-2005-de-la-iglesia-adventista-del-septimo-dia\\\/#breadcrumb\",\"itemListElement\":[{\"@type\":\"ListItem\",\"position\":1,\"name\":\"Home\",\"item\":\"https:\\\/\\\/interamerica.org\\\/es\\\/\"},{\"@type\":\"ListItem\",\"position\":2,\"name\":\"En St. Louis, Missouri,\u00a0ser\u00e1 la Sesi\u00f3n\u00a0Mundial 2005 de la Iglesia Adventista del S\u00e9ptimo D\u00eda\"}]},{\"@type\":\"WebSite\",\"@id\":\"https:\\\/\\\/interamerica.org\\\/es\\\/#website\",\"url\":\"https:\\\/\\\/interamerica.org\\\/es\\\/\",\"name\":\"Iglesia Adventista del S\u00e9ptimo D\u00eda - Divisi\u00f3n Interamericana\",\"description\":\"\",\"potentialAction\":[{\"@type\":\"SearchAction\",\"target\":{\"@type\":\"EntryPoint\",\"urlTemplate\":\"https:\\\/\\\/interamerica.org\\\/es\\\/?s={search_term_string}\"},\"query-input\":{\"@type\":\"PropertyValueSpecification\",\"valueRequired\":true,\"valueName\":\"search_term_string\"}}],\"inLanguage\":\"es\"},{\"@type\":\"Person\",\"@id\":\"https:\\\/\\\/interamerica.org\\\/es\\\/#\\\/schema\\\/person\\\/68ede8bdc292885bb76c1e3810e73c39\",\"name\":\"Lorenzo Verduzco\",\"image\":{\"@type\":\"ImageObject\",\"inLanguage\":\"es\",\"@id\":\"https:\\\/\\\/secure.gravatar.com\\\/avatar\\\/fb81a55b6218459490a9c1dc841a34909185b81904c5337b4b27f7a6fd60c49e?s=96&d=mm&r=g\",\"url\":\"https:\\\/\\\/secure.gravatar.com\\\/avatar\\\/fb81a55b6218459490a9c1dc841a34909185b81904c5337b4b27f7a6fd60c49e?s=96&d=mm&r=g\",\"contentUrl\":\"https:\\\/\\\/secure.gravatar.com\\\/avatar\\\/fb81a55b6218459490a9c1dc841a34909185b81904c5337b4b27f7a6fd60c49e?s=96&d=mm&r=g\",\"caption\":\"Lorenzo Verduzco\"}}]}<\/script>\n<!-- \/ Yoast SEO plugin. -->","yoast_head_json":{"title":"En St. Louis, Missouri,\u00a0ser\u00e1 la Sesi\u00f3n\u00a0Mundial 2005 de la Iglesia Adventista del S\u00e9ptimo D\u00eda - Iglesia Adventista del S\u00e9ptimo D\u00eda - Divisi\u00f3n Interamericana","robots":{"index":"index","follow":"follow","max-snippet":"max-snippet:-1","max-image-preview":"max-image-preview:large","max-video-preview":"max-video-preview:-1"},"canonical":"https:\/\/interamerica.org\/es\/2005\/06\/en-st-louis-missouri-sera-la-sesion-mundial-2005-de-la-iglesia-adventista-del-septimo-dia\/","og_locale":"es_ES","og_type":"article","og_title":"En St. Louis, Missouri,\u00a0ser\u00e1 la Sesi\u00f3n\u00a0Mundial 2005 de la Iglesia Adventista del S\u00e9ptimo D\u00eda - Iglesia Adventista del S\u00e9ptimo D\u00eda - Divisi\u00f3n Interamericana","og_description":"La Sesi\u00f3n mundial de la Iglesia Adventista del S\u00e9ptimo D\u00eda llevar\u00e1 un sabor internacional a St. Louis, Missouri, el coraz\u00f3n de los Estados Unidos de Am\u00e9rica.","og_url":"https:\/\/interamerica.org\/es\/2005\/06\/en-st-louis-missouri-sera-la-sesion-mundial-2005-de-la-iglesia-adventista-del-septimo-dia\/","og_site_name":"Iglesia Adventista del S\u00e9ptimo D\u00eda - Divisi\u00f3n Interamericana","article_published_time":"2005-06-07T04:00:00+00:00","article_modified_time":"2017-06-02T13:17:17+00:00","author":"Lorenzo Verduzco","twitter_card":"summary_large_image","twitter_misc":{"Escrito por":"Lorenzo Verduzco","Tiempo de lectura":"4 minutos"},"schema":{"@context":"https:\/\/schema.org","@graph":[{"@type":"Article","@id":"https:\/\/interamerica.org\/es\/2005\/06\/en-st-louis-missouri-sera-la-sesion-mundial-2005-de-la-iglesia-adventista-del-septimo-dia\/#article","isPartOf":{"@id":"https:\/\/interamerica.org\/es\/2005\/06\/en-st-louis-missouri-sera-la-sesion-mundial-2005-de-la-iglesia-adventista-del-septimo-dia\/"},"author":{"name":"Lorenzo Verduzco","@id":"https:\/\/interamerica.org\/es\/#\/schema\/person\/68ede8bdc292885bb76c1e3810e73c39"},"headline":"En St. Louis, Missouri,\u00a0ser\u00e1 la Sesi\u00f3n\u00a0Mundial 2005 de la Iglesia Adventista del S\u00e9ptimo D\u00eda","datePublished":"2005-06-07T04:00:00+00:00","dateModified":"2017-06-02T13:17:17+00:00","mainEntityOfPage":{"@id":"https:\/\/interamerica.org\/es\/2005\/06\/en-st-louis-missouri-sera-la-sesion-mundial-2005-de-la-iglesia-adventista-del-septimo-dia\/"},"wordCount":783,"articleSection":["Archivo"],"inLanguage":"es"},{"@type":"WebPage","@id":"https:\/\/interamerica.org\/es\/2005\/06\/en-st-louis-missouri-sera-la-sesion-mundial-2005-de-la-iglesia-adventista-del-septimo-dia\/","url":"https:\/\/interamerica.org\/es\/2005\/06\/en-st-louis-missouri-sera-la-sesion-mundial-2005-de-la-iglesia-adventista-del-septimo-dia\/","name":"En St. Louis, Missouri,\u00a0ser\u00e1 la Sesi\u00f3n\u00a0Mundial 2005 de la Iglesia Adventista del S\u00e9ptimo D\u00eda - Iglesia Adventista del S\u00e9ptimo D\u00eda - Divisi\u00f3n Interamericana","isPartOf":{"@id":"https:\/\/interamerica.org\/es\/#website"},"datePublished":"2005-06-07T04:00:00+00:00","dateModified":"2017-06-02T13:17:17+00:00","author":{"@id":"https:\/\/interamerica.org\/es\/#\/schema\/person\/68ede8bdc292885bb76c1e3810e73c39"},"breadcrumb":{"@id":"https:\/\/interamerica.org\/es\/2005\/06\/en-st-louis-missouri-sera-la-sesion-mundial-2005-de-la-iglesia-adventista-del-septimo-dia\/#breadcrumb"},"inLanguage":"es","potentialAction":[{"@type":"ReadAction","target":["https:\/\/interamerica.org\/es\/2005\/06\/en-st-louis-missouri-sera-la-sesion-mundial-2005-de-la-iglesia-adventista-del-septimo-dia\/"]}]},{"@type":"BreadcrumbList","@id":"https:\/\/interamerica.org\/es\/2005\/06\/en-st-louis-missouri-sera-la-sesion-mundial-2005-de-la-iglesia-adventista-del-septimo-dia\/#breadcrumb","itemListElement":[{"@type":"ListItem","position":1,"name":"Home","item":"https:\/\/interamerica.org\/es\/"},{"@type":"ListItem","position":2,"name":"En St. Louis, Missouri,\u00a0ser\u00e1 la Sesi\u00f3n\u00a0Mundial 2005 de la Iglesia Adventista del S\u00e9ptimo D\u00eda"}]},{"@type":"WebSite","@id":"https:\/\/interamerica.org\/es\/#website","url":"https:\/\/interamerica.org\/es\/","name":"Iglesia Adventista del S\u00e9ptimo D\u00eda - Divisi\u00f3n Interamericana","description":"","potentialAction":[{"@type":"SearchAction","target":{"@type":"EntryPoint","urlTemplate":"https:\/\/interamerica.org\/es\/?s={search_term_string}"},"query-input":{"@type":"PropertyValueSpecification","valueRequired":true,"valueName":"search_term_string"}}],"inLanguage":"es"},{"@type":"Person","@id":"https:\/\/interamerica.org\/es\/#\/schema\/person\/68ede8bdc292885bb76c1e3810e73c39","name":"Lorenzo Verduzco","image":{"@type":"ImageObject","inLanguage":"es","@id":"https:\/\/secure.gravatar.com\/avatar\/fb81a55b6218459490a9c1dc841a34909185b81904c5337b4b27f7a6fd60c49e?s=96&d=mm&r=g","url":"https:\/\/secure.gravatar.com\/avatar\/fb81a55b6218459490a9c1dc841a34909185b81904c5337b4b27f7a6fd60c49e?s=96&d=mm&r=g","contentUrl":"https:\/\/secure.gravatar.com\/avatar\/fb81a55b6218459490a9c1dc841a34909185b81904c5337b4b27f7a6fd60c49e?s=96&d=mm&r=g","caption":"Lorenzo Verduzco"}}]}},"_links":{"self":[{"href":"https:\/\/interamerica.org\/es\/wp-json\/wp\/v2\/posts\/10525","targetHints":{"allow":["GET"]}}],"collection":[{"href":"https:\/\/interamerica.org\/es\/wp-json\/wp\/v2\/posts"}],"about":[{"href":"https:\/\/interamerica.org\/es\/wp-json\/wp\/v2\/types\/post"}],"author":[{"embeddable":true,"href":"https:\/\/interamerica.org\/es\/wp-json\/wp\/v2\/users\/1"}],"replies":[{"embeddable":true,"href":"https:\/\/interamerica.org\/es\/wp-json\/wp\/v2\/comments?post=10525"}],"version-history":[{"count":0,"href":"https:\/\/interamerica.org\/es\/wp-json\/wp\/v2\/posts\/10525\/revisions"}],"wp:attachment":[{"href":"https:\/\/interamerica.org\/es\/wp-json\/wp\/v2\/media?parent=10525"}],"wp:term":[{"taxonomy":"category","embeddable":true,"href":"https:\/\/interamerica.org\/es\/wp-json\/wp\/v2\/categories?post=10525"},{"taxonomy":"post_tag","embeddable":true,"href":"https:\/\/interamerica.org\/es\/wp-json\/wp\/v2\/tags?post=10525"}],"curies":[{"name":"wp","href":"https:\/\/api.w.org\/{rel}","templated":true}]}}