{"id":10526,"date":"2005-06-07T00:00:00","date_gmt":"2005-06-07T04:00:00","guid":{"rendered":"http:\/\/192.81.217.108\/interamerica\/2005\/06\/peru-mas-de-30000-responden-a\/"},"modified":"2017-06-02T09:17:17","modified_gmt":"2017-06-02T13:17:17","slug":"peru-mas-de-30000-responden-a","status":"publish","type":"post","link":"https:\/\/interamerica.org\/es\/2005\/06\/peru-mas-de-30000-responden-a\/","title":{"rendered":"Per\u00fa: M\u00e1s de 30,000 Responden a&#8230;"},"content":{"rendered":"<p>Lima, Peru &#8230;. [Michelle Stotz\/Personal ANN] <\/p>\n<p>La iglesia Adventista del S\u00e9ptimo D\u00eda en Per\u00fa ha experimentado lo que s\u00f3lo puede calificarse como un crecimiento incre\u00edble durante la primera parte del 2005, dicen los l\u00edderes de la iglesia en el pa\u00eds. M\u00e1s de 30,000 nuevos miembros se han unido a la iglesia como un resultado de una cuidadosa planeaci\u00f3n y cometido, el cual culmin\u00f3 con las reuniones evangel\u00edsticas \u00abCaravana de Esperanza de Escrito Est\u00e1\u00bb (\u00abIt Is Written\u00b4s Caravan of Hope\u00bb) celebradas del 23 al 28 de mayo.  La programaci\u00f3n ministerial televisada Escrito Est\u00e1 se uni\u00f3 a la iglesia Adventista en Per\u00fa para llevar a cabo la serie.<\/p>\n<p>Cerca de 13,000 peque\u00f1os grupos se reunieron en estudios b\u00edblicos antes de la serie principal.<\/p>\n<p>El Pastor Mark Finley, director de Evangelismo Global de la iglesia mundial  y orador invitado de Escrito Est\u00e1, predic\u00f3 por seis noches acompa\u00f1ado por el traductor Robert Costa, coordinador de ministerios hispanos de Escrito Est\u00e1.<\/p>\n<p>Las actividades de preparaci\u00f3n local comenzaron a principios de diciembre de 2004 mientras miembros de iglesia y pastores se lanzaron a sus comunidades.  Finley fue animado por el nivel sin precedente de  participaci\u00f3n de parte de los miembros de iglesia:<\/p>\n<p>\u00abLo que m\u00e1s me impresion\u00f3 sobre Per\u00fa es que el evangelismo es una forma de vida.  No es un programa ni un evento &#8212; es un sistema de vida\u00bb, dijo \u00e9l.<\/p>\n<p>Costa precedi\u00f3 la llegada de Finley y Royce Williams, director de la programaci\u00f3n TV global y evangelismo, con reuniones en varias iglesias en el norte y sur de Lima por m\u00e1s de dos semanas.<\/p>\n<p>Finley habl\u00f3 luego a grandes multitudes en Arequipa, Moquegua, Tacna y Ilo en el sur, y Trujillo en el norte.  La gran culminaci\u00f3n fue celebrada en el Estadio Monumental de Lima, donde 55,000 personas se reunieron para la reuni\u00f3n m\u00e1s grande en la historia de la regi\u00f3n Sur Americana de la iglesia.  Un total de 135,000 personas asistieron a las seis reuniones, y muchos m\u00e1s vieron via sat\u00e9lite o a trav\u00e9s de la Internet.<\/p>\n<p>\u00abEs significantivo notar que un gran n\u00famero de estos nuevos miembros de iglesia son trabajadores profesionales\u00bb, expres\u00f3 Williams.  \u00abVarios oficiales militares de alto rango se han decidido por Cristo. J\u00f3venes y ancianos han echado su suerte con el pueblo de Dios en esta regi\u00f3n donde la temida inquisici\u00f3n en un tiempo mat\u00f3 muchas personas, pero no pudo quebrantar la voluntad\u00bb.<\/p>\n<p>Los miembros de la iglesia peruana explicaron la raz\u00f3n por la que la iglesia adventista en esa regi\u00f3n del pa\u00ecs es la m\u00e1s numerosa en el mundo.  Casi cada miembro de iglesia, desde el presidente de la iglesia del Per\u00fa Melchor Ferreyra hasta los j\u00f3venes, est\u00e1n envueltos en testificar a trav\u00e9s de grupos peque\u00f1os.  Estos grupos hacen lo mismo con otros y traen muchos nuevos miembros a la iglesia. <\/p>\n<p>Grupos peque\u00f1os de iglesia se reunir\u00e1n para dar estudios de seguimiento con aquellos que mostraron inter\u00e9s en aprender m\u00e1s acerca de Cristo.  El blanco de la iglesia en Per\u00fa es ver por lo menos 50,000 personas que se unan a la iglesia para 30 de junio.<\/p>\n<p>\u00abEllos creen que el Dios que ha bendecido la participaci\u00f3n de su pueblo tan abundantemente, puede hacer m\u00e1s &#8212; mucho m\u00e1s &#8212; hasta que la tarea se cumpla y la familia se re\u00fana en el hogar celestial\u00bb, dijo Williams.<\/p>\n<p>La iglesia en Per\u00fa est\u00e1 planeando unas \u00abCaravanas de Esperanza\u00bb para 2006, 2007 y 2008.<\/p><\/p>\n","protected":false},"excerpt":{"rendered":"<p>La iglesia Adventista del S\u00e9ptimo D\u00eda en Per\u00fa ha experimentado lo que s\u00f3lo puede calificarse como un crecimiento incre\u00edble durante la primera parte del 2005, dicen los l\u00edderes de la iglesia en el pa\u00eds.<\/p>\n","protected":false},"author":1,"featured_media":0,"comment_status":"closed","ping_status":"closed","sticky":false,"template":"","format":"standard","meta":{"_acf_changed":false,"footnotes":""},"categories":[8],"tags":[],"class_list":["post-10526","post","type-post","status-publish","format-standard","hentry","category-archivo"],"acf":[],"yoast_head":"<!-- This site is optimized with the Yoast SEO plugin v27.3 - https:\/\/yoast.com\/product\/yoast-seo-wordpress\/ -->\n<title>Per\u00fa: M\u00e1s de 30,000 Responden a... - Iglesia Adventista del S\u00e9ptimo D\u00eda - Divisi\u00f3n Interamericana<\/title>\n<meta name=\"robots\" content=\"index, follow, max-snippet:-1, max-image-preview:large, max-video-preview:-1\" \/>\n<link rel=\"canonical\" href=\"https:\/\/interamerica.org\/es\/2005\/06\/peru-mas-de-30000-responden-a\/\" \/>\n<meta property=\"og:locale\" content=\"es_ES\" \/>\n<meta property=\"og:type\" content=\"article\" \/>\n<meta property=\"og:title\" content=\"Per\u00fa: M\u00e1s de 30,000 Responden a... - Iglesia Adventista del S\u00e9ptimo D\u00eda - Divisi\u00f3n Interamericana\" \/>\n<meta property=\"og:description\" content=\"La iglesia Adventista del S\u00e9ptimo D\u00eda en Per\u00fa ha experimentado lo que s\u00f3lo puede calificarse como un crecimiento incre\u00edble durante la primera parte del 2005, dicen los l\u00edderes de la iglesia en el pa\u00eds.\" \/>\n<meta property=\"og:url\" content=\"https:\/\/interamerica.org\/es\/2005\/06\/peru-mas-de-30000-responden-a\/\" \/>\n<meta property=\"og:site_name\" content=\"Iglesia Adventista del S\u00e9ptimo D\u00eda - Divisi\u00f3n Interamericana\" \/>\n<meta property=\"article:published_time\" content=\"2005-06-07T04:00:00+00:00\" \/>\n<meta property=\"article:modified_time\" content=\"2017-06-02T13:17:17+00:00\" \/>\n<meta name=\"author\" content=\"Lorenzo Verduzco\" \/>\n<meta name=\"twitter:card\" content=\"summary_large_image\" \/>\n<meta name=\"twitter:label1\" content=\"Escrito por\" \/>\n\t<meta name=\"twitter:data1\" content=\"Lorenzo Verduzco\" \/>\n\t<meta name=\"twitter:label2\" content=\"Tiempo de lectura\" \/>\n\t<meta name=\"twitter:data2\" content=\"3 minutos\" \/>\n<script type=\"application\/ld+json\" class=\"yoast-schema-graph\">{\"@context\":\"https:\\\/\\\/schema.org\",\"@graph\":[{\"@type\":\"Article\",\"@id\":\"https:\\\/\\\/interamerica.org\\\/es\\\/2005\\\/06\\\/peru-mas-de-30000-responden-a\\\/#article\",\"isPartOf\":{\"@id\":\"https:\\\/\\\/interamerica.org\\\/es\\\/2005\\\/06\\\/peru-mas-de-30000-responden-a\\\/\"},\"author\":{\"name\":\"Lorenzo Verduzco\",\"@id\":\"https:\\\/\\\/interamerica.org\\\/es\\\/#\\\/schema\\\/person\\\/68ede8bdc292885bb76c1e3810e73c39\"},\"headline\":\"Per\u00fa: M\u00e1s de 30,000 Responden a&#8230;\",\"datePublished\":\"2005-06-07T04:00:00+00:00\",\"dateModified\":\"2017-06-02T13:17:17+00:00\",\"mainEntityOfPage\":{\"@id\":\"https:\\\/\\\/interamerica.org\\\/es\\\/2005\\\/06\\\/peru-mas-de-30000-responden-a\\\/\"},\"wordCount\":603,\"articleSection\":[\"Archivo\"],\"inLanguage\":\"es\"},{\"@type\":\"WebPage\",\"@id\":\"https:\\\/\\\/interamerica.org\\\/es\\\/2005\\\/06\\\/peru-mas-de-30000-responden-a\\\/\",\"url\":\"https:\\\/\\\/interamerica.org\\\/es\\\/2005\\\/06\\\/peru-mas-de-30000-responden-a\\\/\",\"name\":\"Per\u00fa: M\u00e1s de 30,000 Responden a... - Iglesia Adventista del S\u00e9ptimo D\u00eda - Divisi\u00f3n Interamericana\",\"isPartOf\":{\"@id\":\"https:\\\/\\\/interamerica.org\\\/es\\\/#website\"},\"datePublished\":\"2005-06-07T04:00:00+00:00\",\"dateModified\":\"2017-06-02T13:17:17+00:00\",\"author\":{\"@id\":\"https:\\\/\\\/interamerica.org\\\/es\\\/#\\\/schema\\\/person\\\/68ede8bdc292885bb76c1e3810e73c39\"},\"breadcrumb\":{\"@id\":\"https:\\\/\\\/interamerica.org\\\/es\\\/2005\\\/06\\\/peru-mas-de-30000-responden-a\\\/#breadcrumb\"},\"inLanguage\":\"es\",\"potentialAction\":[{\"@type\":\"ReadAction\",\"target\":[\"https:\\\/\\\/interamerica.org\\\/es\\\/2005\\\/06\\\/peru-mas-de-30000-responden-a\\\/\"]}]},{\"@type\":\"BreadcrumbList\",\"@id\":\"https:\\\/\\\/interamerica.org\\\/es\\\/2005\\\/06\\\/peru-mas-de-30000-responden-a\\\/#breadcrumb\",\"itemListElement\":[{\"@type\":\"ListItem\",\"position\":1,\"name\":\"Home\",\"item\":\"https:\\\/\\\/interamerica.org\\\/es\\\/\"},{\"@type\":\"ListItem\",\"position\":2,\"name\":\"Per\u00fa: M\u00e1s de 30,000 Responden a&#8230;\"}]},{\"@type\":\"WebSite\",\"@id\":\"https:\\\/\\\/interamerica.org\\\/es\\\/#website\",\"url\":\"https:\\\/\\\/interamerica.org\\\/es\\\/\",\"name\":\"Iglesia Adventista del S\u00e9ptimo D\u00eda - Divisi\u00f3n Interamericana\",\"description\":\"\",\"potentialAction\":[{\"@type\":\"SearchAction\",\"target\":{\"@type\":\"EntryPoint\",\"urlTemplate\":\"https:\\\/\\\/interamerica.org\\\/es\\\/?s={search_term_string}\"},\"query-input\":{\"@type\":\"PropertyValueSpecification\",\"valueRequired\":true,\"valueName\":\"search_term_string\"}}],\"inLanguage\":\"es\"},{\"@type\":\"Person\",\"@id\":\"https:\\\/\\\/interamerica.org\\\/es\\\/#\\\/schema\\\/person\\\/68ede8bdc292885bb76c1e3810e73c39\",\"name\":\"Lorenzo Verduzco\",\"image\":{\"@type\":\"ImageObject\",\"inLanguage\":\"es\",\"@id\":\"https:\\\/\\\/secure.gravatar.com\\\/avatar\\\/fb81a55b6218459490a9c1dc841a34909185b81904c5337b4b27f7a6fd60c49e?s=96&d=mm&r=g\",\"url\":\"https:\\\/\\\/secure.gravatar.com\\\/avatar\\\/fb81a55b6218459490a9c1dc841a34909185b81904c5337b4b27f7a6fd60c49e?s=96&d=mm&r=g\",\"contentUrl\":\"https:\\\/\\\/secure.gravatar.com\\\/avatar\\\/fb81a55b6218459490a9c1dc841a34909185b81904c5337b4b27f7a6fd60c49e?s=96&d=mm&r=g\",\"caption\":\"Lorenzo Verduzco\"}}]}<\/script>\n<!-- \/ Yoast SEO plugin. -->","yoast_head_json":{"title":"Per\u00fa: M\u00e1s de 30,000 Responden a... - Iglesia Adventista del S\u00e9ptimo D\u00eda - Divisi\u00f3n Interamericana","robots":{"index":"index","follow":"follow","max-snippet":"max-snippet:-1","max-image-preview":"max-image-preview:large","max-video-preview":"max-video-preview:-1"},"canonical":"https:\/\/interamerica.org\/es\/2005\/06\/peru-mas-de-30000-responden-a\/","og_locale":"es_ES","og_type":"article","og_title":"Per\u00fa: M\u00e1s de 30,000 Responden a... - Iglesia Adventista del S\u00e9ptimo D\u00eda - Divisi\u00f3n Interamericana","og_description":"La iglesia Adventista del S\u00e9ptimo D\u00eda en Per\u00fa ha experimentado lo que s\u00f3lo puede calificarse como un crecimiento incre\u00edble durante la primera parte del 2005, dicen los l\u00edderes de la iglesia en el pa\u00eds.","og_url":"https:\/\/interamerica.org\/es\/2005\/06\/peru-mas-de-30000-responden-a\/","og_site_name":"Iglesia Adventista del S\u00e9ptimo D\u00eda - Divisi\u00f3n Interamericana","article_published_time":"2005-06-07T04:00:00+00:00","article_modified_time":"2017-06-02T13:17:17+00:00","author":"Lorenzo Verduzco","twitter_card":"summary_large_image","twitter_misc":{"Escrito por":"Lorenzo Verduzco","Tiempo de lectura":"3 minutos"},"schema":{"@context":"https:\/\/schema.org","@graph":[{"@type":"Article","@id":"https:\/\/interamerica.org\/es\/2005\/06\/peru-mas-de-30000-responden-a\/#article","isPartOf":{"@id":"https:\/\/interamerica.org\/es\/2005\/06\/peru-mas-de-30000-responden-a\/"},"author":{"name":"Lorenzo Verduzco","@id":"https:\/\/interamerica.org\/es\/#\/schema\/person\/68ede8bdc292885bb76c1e3810e73c39"},"headline":"Per\u00fa: M\u00e1s de 30,000 Responden a&#8230;","datePublished":"2005-06-07T04:00:00+00:00","dateModified":"2017-06-02T13:17:17+00:00","mainEntityOfPage":{"@id":"https:\/\/interamerica.org\/es\/2005\/06\/peru-mas-de-30000-responden-a\/"},"wordCount":603,"articleSection":["Archivo"],"inLanguage":"es"},{"@type":"WebPage","@id":"https:\/\/interamerica.org\/es\/2005\/06\/peru-mas-de-30000-responden-a\/","url":"https:\/\/interamerica.org\/es\/2005\/06\/peru-mas-de-30000-responden-a\/","name":"Per\u00fa: M\u00e1s de 30,000 Responden a... - Iglesia Adventista del S\u00e9ptimo D\u00eda - Divisi\u00f3n Interamericana","isPartOf":{"@id":"https:\/\/interamerica.org\/es\/#website"},"datePublished":"2005-06-07T04:00:00+00:00","dateModified":"2017-06-02T13:17:17+00:00","author":{"@id":"https:\/\/interamerica.org\/es\/#\/schema\/person\/68ede8bdc292885bb76c1e3810e73c39"},"breadcrumb":{"@id":"https:\/\/interamerica.org\/es\/2005\/06\/peru-mas-de-30000-responden-a\/#breadcrumb"},"inLanguage":"es","potentialAction":[{"@type":"ReadAction","target":["https:\/\/interamerica.org\/es\/2005\/06\/peru-mas-de-30000-responden-a\/"]}]},{"@type":"BreadcrumbList","@id":"https:\/\/interamerica.org\/es\/2005\/06\/peru-mas-de-30000-responden-a\/#breadcrumb","itemListElement":[{"@type":"ListItem","position":1,"name":"Home","item":"https:\/\/interamerica.org\/es\/"},{"@type":"ListItem","position":2,"name":"Per\u00fa: M\u00e1s de 30,000 Responden a&#8230;"}]},{"@type":"WebSite","@id":"https:\/\/interamerica.org\/es\/#website","url":"https:\/\/interamerica.org\/es\/","name":"Iglesia Adventista del S\u00e9ptimo D\u00eda - Divisi\u00f3n Interamericana","description":"","potentialAction":[{"@type":"SearchAction","target":{"@type":"EntryPoint","urlTemplate":"https:\/\/interamerica.org\/es\/?s={search_term_string}"},"query-input":{"@type":"PropertyValueSpecification","valueRequired":true,"valueName":"search_term_string"}}],"inLanguage":"es"},{"@type":"Person","@id":"https:\/\/interamerica.org\/es\/#\/schema\/person\/68ede8bdc292885bb76c1e3810e73c39","name":"Lorenzo Verduzco","image":{"@type":"ImageObject","inLanguage":"es","@id":"https:\/\/secure.gravatar.com\/avatar\/fb81a55b6218459490a9c1dc841a34909185b81904c5337b4b27f7a6fd60c49e?s=96&d=mm&r=g","url":"https:\/\/secure.gravatar.com\/avatar\/fb81a55b6218459490a9c1dc841a34909185b81904c5337b4b27f7a6fd60c49e?s=96&d=mm&r=g","contentUrl":"https:\/\/secure.gravatar.com\/avatar\/fb81a55b6218459490a9c1dc841a34909185b81904c5337b4b27f7a6fd60c49e?s=96&d=mm&r=g","caption":"Lorenzo Verduzco"}}]}},"_links":{"self":[{"href":"https:\/\/interamerica.org\/es\/wp-json\/wp\/v2\/posts\/10526","targetHints":{"allow":["GET"]}}],"collection":[{"href":"https:\/\/interamerica.org\/es\/wp-json\/wp\/v2\/posts"}],"about":[{"href":"https:\/\/interamerica.org\/es\/wp-json\/wp\/v2\/types\/post"}],"author":[{"embeddable":true,"href":"https:\/\/interamerica.org\/es\/wp-json\/wp\/v2\/users\/1"}],"replies":[{"embeddable":true,"href":"https:\/\/interamerica.org\/es\/wp-json\/wp\/v2\/comments?post=10526"}],"version-history":[{"count":0,"href":"https:\/\/interamerica.org\/es\/wp-json\/wp\/v2\/posts\/10526\/revisions"}],"wp:attachment":[{"href":"https:\/\/interamerica.org\/es\/wp-json\/wp\/v2\/media?parent=10526"}],"wp:term":[{"taxonomy":"category","embeddable":true,"href":"https:\/\/interamerica.org\/es\/wp-json\/wp\/v2\/categories?post=10526"},{"taxonomy":"post_tag","embeddable":true,"href":"https:\/\/interamerica.org\/es\/wp-json\/wp\/v2\/tags?post=10526"}],"curies":[{"name":"wp","href":"https:\/\/api.w.org\/{rel}","templated":true}]}}