{"id":10527,"date":"2005-06-07T00:00:00","date_gmt":"2005-06-07T04:00:00","guid":{"rendered":"http:\/\/192.81.217.108\/interamerica\/2005\/06\/pitcairn-pastor-adventista-y-su-esposa-encuentran-paraiso-en-la-pequena-isla\/"},"modified":"2017-06-02T09:17:18","modified_gmt":"2017-06-02T13:17:18","slug":"pitcairn-pastor-adventista-y-su-esposa-encuentran-paraiso-en-la-pequena-isla","status":"publish","type":"post","link":"https:\/\/interamerica.org\/es\/2005\/06\/pitcairn-pastor-adventista-y-su-esposa-encuentran-paraiso-en-la-pequena-isla\/","title":{"rendered":"Pitcairn: Pastor Adventista y su Esposa Encuentran Para\u00edso en la Peque\u00f1a Isla"},"content":{"rendered":"<p>Silver Spring, Maryland, Estados Unidos&#8230;. [Mark A. Kellner\/ANN]<\/p>\n<p>Michael Browning, un pastor adventista, y Anne, su esposa, han hecho algunos cambios en su vida recientemente. Se han mudado desde una isla que tiene aproximadamente 26.300\u00a0 millas cuadradas (63.118 kil\u00f3metros cuadrados), hasta una que tiene dos millas cuadradas (5,1 kil\u00f3metros cuadrados). En lugar de ministrar tres congregaciones con 130 personas, su nueva comunidad tiene 45 residentes permanentes y 15 \u201cexpatriados\u201d que se rotan entrando y saliendo en ciclos de tres meses.<\/p>\n<p>Hay otra diferencia: en contraste con su antiguo hogar en Tasmania, una grande isla de la costa sur de Australia, su nueva comunidad \u00abse desconecta\u00bb para el d\u00eda de reposo. Todos, sean adventistas o no, deja a un lado sus herramientas para el \u00fanico d\u00eda de descanso que conoce esta peque\u00f1a e industriosa comunidad.<\/p>\n<p>Esta es la Isla de Pitcairn, donde los residentes de esta colonia brit\u00e1nica del Pac\u00edfico Sur, la cual fue una vez un asentamiento del adventismo \u2013todav\u00eda tiene un \u201calto concepto\u201d de la iglesia. La pareja ministerial recientemente se mud\u00f3 a un lugar que tiene fama de hospedar sobrevivientes de lo que se conoce como \u201cMutiny on the Bounty\u201d, para durar ah\u00ed, seg\u00fan lo que se espera, un per\u00edodo de uno a dos a\u00f1os.<\/p>\n<p>Mientras una \u201cgran proporci\u00f3n\u201d de los residentes de Pitcairn no asisten a los servicios religiosos semanales, los expatriados, entre los cuales est\u00e1n polic\u00edas, un m\u00e9dico y un trabajador social, entre otros, frecuentan los servicios en la iglesia.<\/p>\n<p>\u201cNosotros somos pastores para la comunidad\u201d, dijo Browning, quien estaba en los Estados Unidos en un viaje de estudios, durante una entrevista para ANN. \u201cEsto es un ministerio totalmente diferente\u201d al de un distrito de tres congregaciones en Tasmania, donde \u2013seg\u00fan \u00e9l mismo declar\u00f3\u2014\u201cMe la pasaba manejando auto todo el tiempo\u201d.<\/p>\n<p>Los residentes de Pitcairn \u201cson personas maravillosas\u201d, agreg\u00f3 Anne Browning. \u201cEllos son sobrevivientes. Ellos son personas grandiosas, y hemos aprendido a amarles\u201d.<\/p>\n<p>Aunque el mensaje adventista del s\u00e9ptimo d\u00eda alcanz\u00f3 la isla en la \u00faltima parte de la d\u00e9cada de 1800, en los a\u00f1os recientes se ha visto un abandono bien documentado de las pr\u00e1cticas religiosas por parte de algunas personas en la isla. Si bien la televisi\u00f3n no es una distracci\u00f3n, Internet conecta a la gente en lugares remotos, y el incremento del uso de correos electr\u00f3nicos ha conducido a un descenso en la venta de estampillas postales a los amantes de la filatelia \u2013lo cual fue una vez la principal fuente de ingresos de la isla. En la actualidad, los habitantes de Pitcairn venden peque\u00f1as esculturas y obras de arte a los barcos turistas, y est\u00e1n desarrollando el negocio de la exportaci\u00f3n de miel y banana seca.<\/p>\n<p>El papel fundamental de la iglesia en la vida espiritual de la comunidad \u2013La Iglesia Adventista del S\u00e9ptimo D\u00eda es la \u00fanica casa de adoraci\u00f3n ah\u00ed\u2014es de gran importancia para Browning, quien dijo que est\u00e1 \u201cpidi\u00e9ndole a la gente que ore por un reavivamiento de la espiritualidad en la isla\u201d.<\/p>\n<p><strong>Derechos Reservados \u00ae 2005 por Adventist News Network.<\/strong><\/p>\n","protected":false},"excerpt":{"rendered":"<p>Michael Browning, un pastor adventista, y Anne, su esposa, han hecho algunos cambios en su vida recientemente.<\/p>\n","protected":false},"author":1,"featured_media":0,"comment_status":"closed","ping_status":"closed","sticky":false,"template":"","format":"standard","meta":{"_acf_changed":false,"footnotes":""},"categories":[8],"tags":[],"class_list":["post-10527","post","type-post","status-publish","format-standard","hentry","category-archivo"],"acf":[],"yoast_head":"<!-- This site is optimized with the Yoast SEO plugin v27.3 - https:\/\/yoast.com\/product\/yoast-seo-wordpress\/ -->\n<title>Pitcairn: Pastor Adventista y su Esposa Encuentran Para\u00edso en la Peque\u00f1a Isla - Iglesia Adventista del S\u00e9ptimo D\u00eda - Divisi\u00f3n Interamericana<\/title>\n<meta name=\"robots\" content=\"index, follow, max-snippet:-1, max-image-preview:large, max-video-preview:-1\" \/>\n<link rel=\"canonical\" href=\"https:\/\/interamerica.org\/es\/2005\/06\/pitcairn-pastor-adventista-y-su-esposa-encuentran-paraiso-en-la-pequena-isla\/\" \/>\n<meta property=\"og:locale\" content=\"es_ES\" \/>\n<meta property=\"og:type\" content=\"article\" \/>\n<meta property=\"og:title\" content=\"Pitcairn: Pastor Adventista y su Esposa Encuentran Para\u00edso en la Peque\u00f1a Isla - Iglesia Adventista del S\u00e9ptimo D\u00eda - Divisi\u00f3n Interamericana\" \/>\n<meta property=\"og:description\" content=\"Michael Browning, un pastor adventista, y Anne, su esposa, han hecho algunos cambios en su vida recientemente.\" \/>\n<meta property=\"og:url\" content=\"https:\/\/interamerica.org\/es\/2005\/06\/pitcairn-pastor-adventista-y-su-esposa-encuentran-paraiso-en-la-pequena-isla\/\" \/>\n<meta property=\"og:site_name\" content=\"Iglesia Adventista del S\u00e9ptimo D\u00eda - Divisi\u00f3n Interamericana\" \/>\n<meta property=\"article:published_time\" content=\"2005-06-07T04:00:00+00:00\" \/>\n<meta property=\"article:modified_time\" content=\"2017-06-02T13:17:18+00:00\" \/>\n<meta name=\"author\" content=\"Lorenzo Verduzco\" \/>\n<meta name=\"twitter:card\" content=\"summary_large_image\" \/>\n<meta name=\"twitter:label1\" content=\"Escrito por\" \/>\n\t<meta name=\"twitter:data1\" content=\"Lorenzo Verduzco\" \/>\n\t<meta name=\"twitter:label2\" content=\"Tiempo de lectura\" \/>\n\t<meta name=\"twitter:data2\" content=\"3 minutos\" \/>\n<script type=\"application\/ld+json\" class=\"yoast-schema-graph\">{\"@context\":\"https:\\\/\\\/schema.org\",\"@graph\":[{\"@type\":\"Article\",\"@id\":\"https:\\\/\\\/interamerica.org\\\/es\\\/2005\\\/06\\\/pitcairn-pastor-adventista-y-su-esposa-encuentran-paraiso-en-la-pequena-isla\\\/#article\",\"isPartOf\":{\"@id\":\"https:\\\/\\\/interamerica.org\\\/es\\\/2005\\\/06\\\/pitcairn-pastor-adventista-y-su-esposa-encuentran-paraiso-en-la-pequena-isla\\\/\"},\"author\":{\"name\":\"Lorenzo Verduzco\",\"@id\":\"https:\\\/\\\/interamerica.org\\\/es\\\/#\\\/schema\\\/person\\\/68ede8bdc292885bb76c1e3810e73c39\"},\"headline\":\"Pitcairn: Pastor Adventista y su Esposa Encuentran Para\u00edso en la Peque\u00f1a Isla\",\"datePublished\":\"2005-06-07T04:00:00+00:00\",\"dateModified\":\"2017-06-02T13:17:18+00:00\",\"mainEntityOfPage\":{\"@id\":\"https:\\\/\\\/interamerica.org\\\/es\\\/2005\\\/06\\\/pitcairn-pastor-adventista-y-su-esposa-encuentran-paraiso-en-la-pequena-isla\\\/\"},\"wordCount\":541,\"articleSection\":[\"Archivo\"],\"inLanguage\":\"es\"},{\"@type\":\"WebPage\",\"@id\":\"https:\\\/\\\/interamerica.org\\\/es\\\/2005\\\/06\\\/pitcairn-pastor-adventista-y-su-esposa-encuentran-paraiso-en-la-pequena-isla\\\/\",\"url\":\"https:\\\/\\\/interamerica.org\\\/es\\\/2005\\\/06\\\/pitcairn-pastor-adventista-y-su-esposa-encuentran-paraiso-en-la-pequena-isla\\\/\",\"name\":\"Pitcairn: Pastor Adventista y su Esposa Encuentran Para\u00edso en la Peque\u00f1a Isla - Iglesia Adventista del S\u00e9ptimo D\u00eda - Divisi\u00f3n Interamericana\",\"isPartOf\":{\"@id\":\"https:\\\/\\\/interamerica.org\\\/es\\\/#website\"},\"datePublished\":\"2005-06-07T04:00:00+00:00\",\"dateModified\":\"2017-06-02T13:17:18+00:00\",\"author\":{\"@id\":\"https:\\\/\\\/interamerica.org\\\/es\\\/#\\\/schema\\\/person\\\/68ede8bdc292885bb76c1e3810e73c39\"},\"breadcrumb\":{\"@id\":\"https:\\\/\\\/interamerica.org\\\/es\\\/2005\\\/06\\\/pitcairn-pastor-adventista-y-su-esposa-encuentran-paraiso-en-la-pequena-isla\\\/#breadcrumb\"},\"inLanguage\":\"es\",\"potentialAction\":[{\"@type\":\"ReadAction\",\"target\":[\"https:\\\/\\\/interamerica.org\\\/es\\\/2005\\\/06\\\/pitcairn-pastor-adventista-y-su-esposa-encuentran-paraiso-en-la-pequena-isla\\\/\"]}]},{\"@type\":\"BreadcrumbList\",\"@id\":\"https:\\\/\\\/interamerica.org\\\/es\\\/2005\\\/06\\\/pitcairn-pastor-adventista-y-su-esposa-encuentran-paraiso-en-la-pequena-isla\\\/#breadcrumb\",\"itemListElement\":[{\"@type\":\"ListItem\",\"position\":1,\"name\":\"Home\",\"item\":\"https:\\\/\\\/interamerica.org\\\/es\\\/\"},{\"@type\":\"ListItem\",\"position\":2,\"name\":\"Pitcairn: Pastor Adventista y su Esposa Encuentran Para\u00edso en la Peque\u00f1a Isla\"}]},{\"@type\":\"WebSite\",\"@id\":\"https:\\\/\\\/interamerica.org\\\/es\\\/#website\",\"url\":\"https:\\\/\\\/interamerica.org\\\/es\\\/\",\"name\":\"Iglesia Adventista del S\u00e9ptimo D\u00eda - Divisi\u00f3n Interamericana\",\"description\":\"\",\"potentialAction\":[{\"@type\":\"SearchAction\",\"target\":{\"@type\":\"EntryPoint\",\"urlTemplate\":\"https:\\\/\\\/interamerica.org\\\/es\\\/?s={search_term_string}\"},\"query-input\":{\"@type\":\"PropertyValueSpecification\",\"valueRequired\":true,\"valueName\":\"search_term_string\"}}],\"inLanguage\":\"es\"},{\"@type\":\"Person\",\"@id\":\"https:\\\/\\\/interamerica.org\\\/es\\\/#\\\/schema\\\/person\\\/68ede8bdc292885bb76c1e3810e73c39\",\"name\":\"Lorenzo Verduzco\",\"image\":{\"@type\":\"ImageObject\",\"inLanguage\":\"es\",\"@id\":\"https:\\\/\\\/secure.gravatar.com\\\/avatar\\\/fb81a55b6218459490a9c1dc841a34909185b81904c5337b4b27f7a6fd60c49e?s=96&d=mm&r=g\",\"url\":\"https:\\\/\\\/secure.gravatar.com\\\/avatar\\\/fb81a55b6218459490a9c1dc841a34909185b81904c5337b4b27f7a6fd60c49e?s=96&d=mm&r=g\",\"contentUrl\":\"https:\\\/\\\/secure.gravatar.com\\\/avatar\\\/fb81a55b6218459490a9c1dc841a34909185b81904c5337b4b27f7a6fd60c49e?s=96&d=mm&r=g\",\"caption\":\"Lorenzo Verduzco\"}}]}<\/script>\n<!-- \/ Yoast SEO plugin. -->","yoast_head_json":{"title":"Pitcairn: Pastor Adventista y su Esposa Encuentran Para\u00edso en la Peque\u00f1a Isla - Iglesia Adventista del S\u00e9ptimo D\u00eda - Divisi\u00f3n Interamericana","robots":{"index":"index","follow":"follow","max-snippet":"max-snippet:-1","max-image-preview":"max-image-preview:large","max-video-preview":"max-video-preview:-1"},"canonical":"https:\/\/interamerica.org\/es\/2005\/06\/pitcairn-pastor-adventista-y-su-esposa-encuentran-paraiso-en-la-pequena-isla\/","og_locale":"es_ES","og_type":"article","og_title":"Pitcairn: Pastor Adventista y su Esposa Encuentran Para\u00edso en la Peque\u00f1a Isla - Iglesia Adventista del S\u00e9ptimo D\u00eda - Divisi\u00f3n Interamericana","og_description":"Michael Browning, un pastor adventista, y Anne, su esposa, han hecho algunos cambios en su vida recientemente.","og_url":"https:\/\/interamerica.org\/es\/2005\/06\/pitcairn-pastor-adventista-y-su-esposa-encuentran-paraiso-en-la-pequena-isla\/","og_site_name":"Iglesia Adventista del S\u00e9ptimo D\u00eda - Divisi\u00f3n Interamericana","article_published_time":"2005-06-07T04:00:00+00:00","article_modified_time":"2017-06-02T13:17:18+00:00","author":"Lorenzo Verduzco","twitter_card":"summary_large_image","twitter_misc":{"Escrito por":"Lorenzo Verduzco","Tiempo de lectura":"3 minutos"},"schema":{"@context":"https:\/\/schema.org","@graph":[{"@type":"Article","@id":"https:\/\/interamerica.org\/es\/2005\/06\/pitcairn-pastor-adventista-y-su-esposa-encuentran-paraiso-en-la-pequena-isla\/#article","isPartOf":{"@id":"https:\/\/interamerica.org\/es\/2005\/06\/pitcairn-pastor-adventista-y-su-esposa-encuentran-paraiso-en-la-pequena-isla\/"},"author":{"name":"Lorenzo Verduzco","@id":"https:\/\/interamerica.org\/es\/#\/schema\/person\/68ede8bdc292885bb76c1e3810e73c39"},"headline":"Pitcairn: Pastor Adventista y su Esposa Encuentran Para\u00edso en la Peque\u00f1a Isla","datePublished":"2005-06-07T04:00:00+00:00","dateModified":"2017-06-02T13:17:18+00:00","mainEntityOfPage":{"@id":"https:\/\/interamerica.org\/es\/2005\/06\/pitcairn-pastor-adventista-y-su-esposa-encuentran-paraiso-en-la-pequena-isla\/"},"wordCount":541,"articleSection":["Archivo"],"inLanguage":"es"},{"@type":"WebPage","@id":"https:\/\/interamerica.org\/es\/2005\/06\/pitcairn-pastor-adventista-y-su-esposa-encuentran-paraiso-en-la-pequena-isla\/","url":"https:\/\/interamerica.org\/es\/2005\/06\/pitcairn-pastor-adventista-y-su-esposa-encuentran-paraiso-en-la-pequena-isla\/","name":"Pitcairn: Pastor Adventista y su Esposa Encuentran Para\u00edso en la Peque\u00f1a Isla - Iglesia Adventista del S\u00e9ptimo D\u00eda - Divisi\u00f3n Interamericana","isPartOf":{"@id":"https:\/\/interamerica.org\/es\/#website"},"datePublished":"2005-06-07T04:00:00+00:00","dateModified":"2017-06-02T13:17:18+00:00","author":{"@id":"https:\/\/interamerica.org\/es\/#\/schema\/person\/68ede8bdc292885bb76c1e3810e73c39"},"breadcrumb":{"@id":"https:\/\/interamerica.org\/es\/2005\/06\/pitcairn-pastor-adventista-y-su-esposa-encuentran-paraiso-en-la-pequena-isla\/#breadcrumb"},"inLanguage":"es","potentialAction":[{"@type":"ReadAction","target":["https:\/\/interamerica.org\/es\/2005\/06\/pitcairn-pastor-adventista-y-su-esposa-encuentran-paraiso-en-la-pequena-isla\/"]}]},{"@type":"BreadcrumbList","@id":"https:\/\/interamerica.org\/es\/2005\/06\/pitcairn-pastor-adventista-y-su-esposa-encuentran-paraiso-en-la-pequena-isla\/#breadcrumb","itemListElement":[{"@type":"ListItem","position":1,"name":"Home","item":"https:\/\/interamerica.org\/es\/"},{"@type":"ListItem","position":2,"name":"Pitcairn: Pastor Adventista y su Esposa Encuentran Para\u00edso en la Peque\u00f1a Isla"}]},{"@type":"WebSite","@id":"https:\/\/interamerica.org\/es\/#website","url":"https:\/\/interamerica.org\/es\/","name":"Iglesia Adventista del S\u00e9ptimo D\u00eda - Divisi\u00f3n Interamericana","description":"","potentialAction":[{"@type":"SearchAction","target":{"@type":"EntryPoint","urlTemplate":"https:\/\/interamerica.org\/es\/?s={search_term_string}"},"query-input":{"@type":"PropertyValueSpecification","valueRequired":true,"valueName":"search_term_string"}}],"inLanguage":"es"},{"@type":"Person","@id":"https:\/\/interamerica.org\/es\/#\/schema\/person\/68ede8bdc292885bb76c1e3810e73c39","name":"Lorenzo Verduzco","image":{"@type":"ImageObject","inLanguage":"es","@id":"https:\/\/secure.gravatar.com\/avatar\/fb81a55b6218459490a9c1dc841a34909185b81904c5337b4b27f7a6fd60c49e?s=96&d=mm&r=g","url":"https:\/\/secure.gravatar.com\/avatar\/fb81a55b6218459490a9c1dc841a34909185b81904c5337b4b27f7a6fd60c49e?s=96&d=mm&r=g","contentUrl":"https:\/\/secure.gravatar.com\/avatar\/fb81a55b6218459490a9c1dc841a34909185b81904c5337b4b27f7a6fd60c49e?s=96&d=mm&r=g","caption":"Lorenzo Verduzco"}}]}},"_links":{"self":[{"href":"https:\/\/interamerica.org\/es\/wp-json\/wp\/v2\/posts\/10527","targetHints":{"allow":["GET"]}}],"collection":[{"href":"https:\/\/interamerica.org\/es\/wp-json\/wp\/v2\/posts"}],"about":[{"href":"https:\/\/interamerica.org\/es\/wp-json\/wp\/v2\/types\/post"}],"author":[{"embeddable":true,"href":"https:\/\/interamerica.org\/es\/wp-json\/wp\/v2\/users\/1"}],"replies":[{"embeddable":true,"href":"https:\/\/interamerica.org\/es\/wp-json\/wp\/v2\/comments?post=10527"}],"version-history":[{"count":0,"href":"https:\/\/interamerica.org\/es\/wp-json\/wp\/v2\/posts\/10527\/revisions"}],"wp:attachment":[{"href":"https:\/\/interamerica.org\/es\/wp-json\/wp\/v2\/media?parent=10527"}],"wp:term":[{"taxonomy":"category","embeddable":true,"href":"https:\/\/interamerica.org\/es\/wp-json\/wp\/v2\/categories?post=10527"},{"taxonomy":"post_tag","embeddable":true,"href":"https:\/\/interamerica.org\/es\/wp-json\/wp\/v2\/tags?post=10527"}],"curies":[{"name":"wp","href":"https:\/\/api.w.org\/{rel}","templated":true}]}}