{"id":10528,"date":"2005-06-13T00:00:00","date_gmt":"2005-06-13T04:00:00","guid":{"rendered":"http:\/\/192.81.217.108\/interamerica\/2005\/06\/oprah-winfrey-dona-un-millon-de-dolares-para-una-organizacion-adventista-de-apoyo-a-la-juventud\/"},"modified":"2017-06-02T09:17:16","modified_gmt":"2017-06-02T13:17:16","slug":"oprah-winfrey-dona-un-millon-de-dolares-para-una-organizacion-adventista-de-apoyo-a-la-juventud","status":"publish","type":"post","link":"https:\/\/interamerica.org\/es\/2005\/06\/oprah-winfrey-dona-un-millon-de-dolares-para-una-organizacion-adventista-de-apoyo-a-la-juventud\/","title":{"rendered":"Oprah Winfrey Dona Un Mill\u00f3n de D\u00f3lares para una Organizaci\u00f3n Adventista de Apoyo a la Juventud."},"content":{"rendered":"<p>Silver Spring, Maryland&#8230;[Revista Adventista]<\/p>\n<p>La presentadora de entrevistas Oprah Winfrey inici\u00f3 sorprendentemente la recolecci\u00f3n de fondos en la cuarta reuni\u00f3n de gala de \u201cPower of a Dream\u201d (El Poder de Un Sue\u00f1o), llevada a cabo el 24 de mayo en el Hotel Grand Hyatt, en Washington, D.C., al presentar un cheque por un mill\u00f3n de d\u00f3lares al pastor adventista, m\u00fasico y presidente de la U.S. Dream Academy (Academia del Sue\u00f1o Americano), Wintley Phipps. Wintley fue el orador principal en el evento, durante el cual se recogieron m\u00e1s de 1.8 millones de d\u00f3lares para la academia.<\/p>\n<p>U.S. Dream Academy, Inc., una organizaci\u00f3n sin \u00e1nimo de lucro fundada en 1998 por Phipps, patrocina la reuni\u00f3n anual de gala. Phipps desarroll\u00f3 la academia como un programa de aprendizaje centrado en valores, manejado por Internet, para j\u00f3venes que est\u00e1n en riesgo en los Estados Unidos, con especial \u00e9nfasis en hijos de prisioneros y aquellos que est\u00e1n en peligro de abandonar la escuela por causa de una carencia de apoyo apropiado en el sentido acad\u00e9mico, social o financiero. Phipps es tambi\u00e9n el pastor titular de\u00a0 la Iglesia Adventista de Palm Bay, en Florida.<\/p>\n<p>\u201cCasi el 70 por ciento de quienes est\u00e1n encarcelados en prisiones norteamericanas son hijos de prisioneros\u201d, dijo Phipps a la Revista<\/em> Adventista<\/em> mientras explicaba porqu\u00e9 sinti\u00f3 \u00e9l la necesidad de ayudar a este particular grupo en riesgo. \u201cY el 80 por ciento de los prisioneros federales en la actualidad son desertores de la escuela secundaria\u201d, a\u00f1adi\u00f3.<\/p>\n<p>La academia ofrece apoyo a trav\u00e9s de tutor\u00edas y programas de orientaci\u00f3n, entrenamiento computarizado, y desarrollo de liderazgo para las edades de los 7 a los 11 a\u00f1os. La organizaci\u00f3n tiene su sede en Columbia, Maryland, y supervisa centros de aprendizaje en ocho ciudades de los Estados Unidos, incluyendo Atlanta, Georgia, Salt Lake City, Utah, y Orlando, Florida.<\/p>\n<p>\u201cLos pastores adventistas luchan con la tentaci\u00f3n de mantener contentos a los miembros de su congregaci\u00f3n, pero mientras hacemos eso, millones est\u00e1n pereciendo alrededor de nosotros\u201d, a\u00f1adi\u00f3 Phipps. \u201cDios me ha conducido a ampliar las cosas en el ministerio, Quise tratar de hacer lo que pod\u00eda hacer, para marcar una diferencia en las vidas de un grupo muy especial de chicos, y Dios ha bendecido nuestra organizaci\u00f3n m\u00e1s all\u00e1 de nuestros m\u00e1s optimistas sue\u00f1os\u201d.<\/p>\n<p>Tambi\u00e9n como asistentes a la reuni\u00f3n de gala, estuvieron el senador Orrin Hatch, la representante adventista al congreso Sheila Jackson Lee, y la senadora Hillary Rodham Clinton. El grupo musical de La Academia Pine Forge, y la agrupaci\u00f3n musical Dream Kids, estuvieron entre quienes presentaron la parte musical el evento.<\/p>\n<p>Para mayor informaci\u00f3n acerca de U.S. Dream Academy, vaya a <a  href=\"http:\/\/www.usdreamacademy.org\/\">www.usdreamacademy.org<\/a>.<\/p>\n","protected":false},"excerpt":{"rendered":"<p>La presentadora de entrevistas Oprah Winfrey inici\u00f3 sorprendentemente la recolecci\u00f3n de fondos en la cuarta reuni\u00f3n de gala de \u201cPower of a Dream\u201d (El Poder de Un Sue\u00f1o), llevada a cabo el 24 de mayo en el Hotel Grand Hyatt, en Washingto<\/p>\n","protected":false},"author":1,"featured_media":0,"comment_status":"closed","ping_status":"closed","sticky":false,"template":"","format":"standard","meta":{"_acf_changed":false,"footnotes":""},"categories":[8],"tags":[],"class_list":["post-10528","post","type-post","status-publish","format-standard","hentry","category-archivo"],"acf":[],"yoast_head":"<!-- This site is optimized with the Yoast SEO plugin v27.3 - https:\/\/yoast.com\/product\/yoast-seo-wordpress\/ -->\n<title>Oprah Winfrey Dona Un Mill\u00f3n de D\u00f3lares para una Organizaci\u00f3n Adventista de Apoyo a la Juventud. - Iglesia Adventista del S\u00e9ptimo D\u00eda - Divisi\u00f3n Interamericana<\/title>\n<meta name=\"robots\" content=\"index, follow, max-snippet:-1, max-image-preview:large, max-video-preview:-1\" \/>\n<link rel=\"canonical\" href=\"https:\/\/interamerica.org\/es\/2005\/06\/oprah-winfrey-dona-un-millon-de-dolares-para-una-organizacion-adventista-de-apoyo-a-la-juventud\/\" \/>\n<meta property=\"og:locale\" content=\"es_ES\" \/>\n<meta property=\"og:type\" content=\"article\" \/>\n<meta property=\"og:title\" content=\"Oprah Winfrey Dona Un Mill\u00f3n de D\u00f3lares para una Organizaci\u00f3n Adventista de Apoyo a la Juventud. - Iglesia Adventista del S\u00e9ptimo D\u00eda - Divisi\u00f3n Interamericana\" \/>\n<meta property=\"og:description\" content=\"La presentadora de entrevistas Oprah Winfrey inici\u00f3 sorprendentemente la recolecci\u00f3n de fondos en la cuarta reuni\u00f3n de gala de \u201cPower of a Dream\u201d (El Poder de Un Sue\u00f1o), llevada a cabo el 24 de mayo en el Hotel Grand Hyatt, en Washingto\" \/>\n<meta property=\"og:url\" content=\"https:\/\/interamerica.org\/es\/2005\/06\/oprah-winfrey-dona-un-millon-de-dolares-para-una-organizacion-adventista-de-apoyo-a-la-juventud\/\" \/>\n<meta property=\"og:site_name\" content=\"Iglesia Adventista del S\u00e9ptimo D\u00eda - Divisi\u00f3n Interamericana\" \/>\n<meta property=\"article:published_time\" content=\"2005-06-13T04:00:00+00:00\" \/>\n<meta property=\"article:modified_time\" content=\"2017-06-02T13:17:16+00:00\" \/>\n<meta name=\"author\" content=\"Lorenzo Verduzco\" \/>\n<meta name=\"twitter:card\" content=\"summary_large_image\" \/>\n<meta name=\"twitter:label1\" content=\"Escrito por\" \/>\n\t<meta name=\"twitter:data1\" content=\"Lorenzo Verduzco\" \/>\n\t<meta name=\"twitter:label2\" content=\"Tiempo de lectura\" \/>\n\t<meta name=\"twitter:data2\" content=\"2 minutos\" \/>\n<script type=\"application\/ld+json\" class=\"yoast-schema-graph\">{\"@context\":\"https:\\\/\\\/schema.org\",\"@graph\":[{\"@type\":\"Article\",\"@id\":\"https:\\\/\\\/interamerica.org\\\/es\\\/2005\\\/06\\\/oprah-winfrey-dona-un-millon-de-dolares-para-una-organizacion-adventista-de-apoyo-a-la-juventud\\\/#article\",\"isPartOf\":{\"@id\":\"https:\\\/\\\/interamerica.org\\\/es\\\/2005\\\/06\\\/oprah-winfrey-dona-un-millon-de-dolares-para-una-organizacion-adventista-de-apoyo-a-la-juventud\\\/\"},\"author\":{\"name\":\"Lorenzo Verduzco\",\"@id\":\"https:\\\/\\\/interamerica.org\\\/es\\\/#\\\/schema\\\/person\\\/68ede8bdc292885bb76c1e3810e73c39\"},\"headline\":\"Oprah Winfrey Dona Un Mill\u00f3n de D\u00f3lares para una Organizaci\u00f3n Adventista de Apoyo a la Juventud.\",\"datePublished\":\"2005-06-13T04:00:00+00:00\",\"dateModified\":\"2017-06-02T13:17:16+00:00\",\"mainEntityOfPage\":{\"@id\":\"https:\\\/\\\/interamerica.org\\\/es\\\/2005\\\/06\\\/oprah-winfrey-dona-un-millon-de-dolares-para-una-organizacion-adventista-de-apoyo-a-la-juventud\\\/\"},\"wordCount\":492,\"articleSection\":[\"Archivo\"],\"inLanguage\":\"es\"},{\"@type\":\"WebPage\",\"@id\":\"https:\\\/\\\/interamerica.org\\\/es\\\/2005\\\/06\\\/oprah-winfrey-dona-un-millon-de-dolares-para-una-organizacion-adventista-de-apoyo-a-la-juventud\\\/\",\"url\":\"https:\\\/\\\/interamerica.org\\\/es\\\/2005\\\/06\\\/oprah-winfrey-dona-un-millon-de-dolares-para-una-organizacion-adventista-de-apoyo-a-la-juventud\\\/\",\"name\":\"Oprah Winfrey Dona Un Mill\u00f3n de D\u00f3lares para una Organizaci\u00f3n Adventista de Apoyo a la Juventud. - Iglesia Adventista del S\u00e9ptimo D\u00eda - Divisi\u00f3n Interamericana\",\"isPartOf\":{\"@id\":\"https:\\\/\\\/interamerica.org\\\/es\\\/#website\"},\"datePublished\":\"2005-06-13T04:00:00+00:00\",\"dateModified\":\"2017-06-02T13:17:16+00:00\",\"author\":{\"@id\":\"https:\\\/\\\/interamerica.org\\\/es\\\/#\\\/schema\\\/person\\\/68ede8bdc292885bb76c1e3810e73c39\"},\"breadcrumb\":{\"@id\":\"https:\\\/\\\/interamerica.org\\\/es\\\/2005\\\/06\\\/oprah-winfrey-dona-un-millon-de-dolares-para-una-organizacion-adventista-de-apoyo-a-la-juventud\\\/#breadcrumb\"},\"inLanguage\":\"es\",\"potentialAction\":[{\"@type\":\"ReadAction\",\"target\":[\"https:\\\/\\\/interamerica.org\\\/es\\\/2005\\\/06\\\/oprah-winfrey-dona-un-millon-de-dolares-para-una-organizacion-adventista-de-apoyo-a-la-juventud\\\/\"]}]},{\"@type\":\"BreadcrumbList\",\"@id\":\"https:\\\/\\\/interamerica.org\\\/es\\\/2005\\\/06\\\/oprah-winfrey-dona-un-millon-de-dolares-para-una-organizacion-adventista-de-apoyo-a-la-juventud\\\/#breadcrumb\",\"itemListElement\":[{\"@type\":\"ListItem\",\"position\":1,\"name\":\"Home\",\"item\":\"https:\\\/\\\/interamerica.org\\\/es\\\/\"},{\"@type\":\"ListItem\",\"position\":2,\"name\":\"Oprah Winfrey Dona Un Mill\u00f3n de D\u00f3lares para una Organizaci\u00f3n Adventista de Apoyo a la Juventud.\"}]},{\"@type\":\"WebSite\",\"@id\":\"https:\\\/\\\/interamerica.org\\\/es\\\/#website\",\"url\":\"https:\\\/\\\/interamerica.org\\\/es\\\/\",\"name\":\"Iglesia Adventista del S\u00e9ptimo D\u00eda - Divisi\u00f3n Interamericana\",\"description\":\"\",\"potentialAction\":[{\"@type\":\"SearchAction\",\"target\":{\"@type\":\"EntryPoint\",\"urlTemplate\":\"https:\\\/\\\/interamerica.org\\\/es\\\/?s={search_term_string}\"},\"query-input\":{\"@type\":\"PropertyValueSpecification\",\"valueRequired\":true,\"valueName\":\"search_term_string\"}}],\"inLanguage\":\"es\"},{\"@type\":\"Person\",\"@id\":\"https:\\\/\\\/interamerica.org\\\/es\\\/#\\\/schema\\\/person\\\/68ede8bdc292885bb76c1e3810e73c39\",\"name\":\"Lorenzo Verduzco\",\"image\":{\"@type\":\"ImageObject\",\"inLanguage\":\"es\",\"@id\":\"https:\\\/\\\/secure.gravatar.com\\\/avatar\\\/fb81a55b6218459490a9c1dc841a34909185b81904c5337b4b27f7a6fd60c49e?s=96&d=mm&r=g\",\"url\":\"https:\\\/\\\/secure.gravatar.com\\\/avatar\\\/fb81a55b6218459490a9c1dc841a34909185b81904c5337b4b27f7a6fd60c49e?s=96&d=mm&r=g\",\"contentUrl\":\"https:\\\/\\\/secure.gravatar.com\\\/avatar\\\/fb81a55b6218459490a9c1dc841a34909185b81904c5337b4b27f7a6fd60c49e?s=96&d=mm&r=g\",\"caption\":\"Lorenzo Verduzco\"}}]}<\/script>\n<!-- \/ Yoast SEO plugin. -->","yoast_head_json":{"title":"Oprah Winfrey Dona Un Mill\u00f3n de D\u00f3lares para una Organizaci\u00f3n Adventista de Apoyo a la Juventud. - Iglesia Adventista del S\u00e9ptimo D\u00eda - Divisi\u00f3n Interamericana","robots":{"index":"index","follow":"follow","max-snippet":"max-snippet:-1","max-image-preview":"max-image-preview:large","max-video-preview":"max-video-preview:-1"},"canonical":"https:\/\/interamerica.org\/es\/2005\/06\/oprah-winfrey-dona-un-millon-de-dolares-para-una-organizacion-adventista-de-apoyo-a-la-juventud\/","og_locale":"es_ES","og_type":"article","og_title":"Oprah Winfrey Dona Un Mill\u00f3n de D\u00f3lares para una Organizaci\u00f3n Adventista de Apoyo a la Juventud. - Iglesia Adventista del S\u00e9ptimo D\u00eda - Divisi\u00f3n Interamericana","og_description":"La presentadora de entrevistas Oprah Winfrey inici\u00f3 sorprendentemente la recolecci\u00f3n de fondos en la cuarta reuni\u00f3n de gala de \u201cPower of a Dream\u201d (El Poder de Un Sue\u00f1o), llevada a cabo el 24 de mayo en el Hotel Grand Hyatt, en Washingto","og_url":"https:\/\/interamerica.org\/es\/2005\/06\/oprah-winfrey-dona-un-millon-de-dolares-para-una-organizacion-adventista-de-apoyo-a-la-juventud\/","og_site_name":"Iglesia Adventista del S\u00e9ptimo D\u00eda - Divisi\u00f3n Interamericana","article_published_time":"2005-06-13T04:00:00+00:00","article_modified_time":"2017-06-02T13:17:16+00:00","author":"Lorenzo Verduzco","twitter_card":"summary_large_image","twitter_misc":{"Escrito por":"Lorenzo Verduzco","Tiempo de lectura":"2 minutos"},"schema":{"@context":"https:\/\/schema.org","@graph":[{"@type":"Article","@id":"https:\/\/interamerica.org\/es\/2005\/06\/oprah-winfrey-dona-un-millon-de-dolares-para-una-organizacion-adventista-de-apoyo-a-la-juventud\/#article","isPartOf":{"@id":"https:\/\/interamerica.org\/es\/2005\/06\/oprah-winfrey-dona-un-millon-de-dolares-para-una-organizacion-adventista-de-apoyo-a-la-juventud\/"},"author":{"name":"Lorenzo Verduzco","@id":"https:\/\/interamerica.org\/es\/#\/schema\/person\/68ede8bdc292885bb76c1e3810e73c39"},"headline":"Oprah Winfrey Dona Un Mill\u00f3n de D\u00f3lares para una Organizaci\u00f3n Adventista de Apoyo a la Juventud.","datePublished":"2005-06-13T04:00:00+00:00","dateModified":"2017-06-02T13:17:16+00:00","mainEntityOfPage":{"@id":"https:\/\/interamerica.org\/es\/2005\/06\/oprah-winfrey-dona-un-millon-de-dolares-para-una-organizacion-adventista-de-apoyo-a-la-juventud\/"},"wordCount":492,"articleSection":["Archivo"],"inLanguage":"es"},{"@type":"WebPage","@id":"https:\/\/interamerica.org\/es\/2005\/06\/oprah-winfrey-dona-un-millon-de-dolares-para-una-organizacion-adventista-de-apoyo-a-la-juventud\/","url":"https:\/\/interamerica.org\/es\/2005\/06\/oprah-winfrey-dona-un-millon-de-dolares-para-una-organizacion-adventista-de-apoyo-a-la-juventud\/","name":"Oprah Winfrey Dona Un Mill\u00f3n de D\u00f3lares para una Organizaci\u00f3n Adventista de Apoyo a la Juventud. - Iglesia Adventista del S\u00e9ptimo D\u00eda - Divisi\u00f3n Interamericana","isPartOf":{"@id":"https:\/\/interamerica.org\/es\/#website"},"datePublished":"2005-06-13T04:00:00+00:00","dateModified":"2017-06-02T13:17:16+00:00","author":{"@id":"https:\/\/interamerica.org\/es\/#\/schema\/person\/68ede8bdc292885bb76c1e3810e73c39"},"breadcrumb":{"@id":"https:\/\/interamerica.org\/es\/2005\/06\/oprah-winfrey-dona-un-millon-de-dolares-para-una-organizacion-adventista-de-apoyo-a-la-juventud\/#breadcrumb"},"inLanguage":"es","potentialAction":[{"@type":"ReadAction","target":["https:\/\/interamerica.org\/es\/2005\/06\/oprah-winfrey-dona-un-millon-de-dolares-para-una-organizacion-adventista-de-apoyo-a-la-juventud\/"]}]},{"@type":"BreadcrumbList","@id":"https:\/\/interamerica.org\/es\/2005\/06\/oprah-winfrey-dona-un-millon-de-dolares-para-una-organizacion-adventista-de-apoyo-a-la-juventud\/#breadcrumb","itemListElement":[{"@type":"ListItem","position":1,"name":"Home","item":"https:\/\/interamerica.org\/es\/"},{"@type":"ListItem","position":2,"name":"Oprah Winfrey Dona Un Mill\u00f3n de D\u00f3lares para una Organizaci\u00f3n Adventista de Apoyo a la Juventud."}]},{"@type":"WebSite","@id":"https:\/\/interamerica.org\/es\/#website","url":"https:\/\/interamerica.org\/es\/","name":"Iglesia Adventista del S\u00e9ptimo D\u00eda - Divisi\u00f3n Interamericana","description":"","potentialAction":[{"@type":"SearchAction","target":{"@type":"EntryPoint","urlTemplate":"https:\/\/interamerica.org\/es\/?s={search_term_string}"},"query-input":{"@type":"PropertyValueSpecification","valueRequired":true,"valueName":"search_term_string"}}],"inLanguage":"es"},{"@type":"Person","@id":"https:\/\/interamerica.org\/es\/#\/schema\/person\/68ede8bdc292885bb76c1e3810e73c39","name":"Lorenzo Verduzco","image":{"@type":"ImageObject","inLanguage":"es","@id":"https:\/\/secure.gravatar.com\/avatar\/fb81a55b6218459490a9c1dc841a34909185b81904c5337b4b27f7a6fd60c49e?s=96&d=mm&r=g","url":"https:\/\/secure.gravatar.com\/avatar\/fb81a55b6218459490a9c1dc841a34909185b81904c5337b4b27f7a6fd60c49e?s=96&d=mm&r=g","contentUrl":"https:\/\/secure.gravatar.com\/avatar\/fb81a55b6218459490a9c1dc841a34909185b81904c5337b4b27f7a6fd60c49e?s=96&d=mm&r=g","caption":"Lorenzo Verduzco"}}]}},"_links":{"self":[{"href":"https:\/\/interamerica.org\/es\/wp-json\/wp\/v2\/posts\/10528","targetHints":{"allow":["GET"]}}],"collection":[{"href":"https:\/\/interamerica.org\/es\/wp-json\/wp\/v2\/posts"}],"about":[{"href":"https:\/\/interamerica.org\/es\/wp-json\/wp\/v2\/types\/post"}],"author":[{"embeddable":true,"href":"https:\/\/interamerica.org\/es\/wp-json\/wp\/v2\/users\/1"}],"replies":[{"embeddable":true,"href":"https:\/\/interamerica.org\/es\/wp-json\/wp\/v2\/comments?post=10528"}],"version-history":[{"count":0,"href":"https:\/\/interamerica.org\/es\/wp-json\/wp\/v2\/posts\/10528\/revisions"}],"wp:attachment":[{"href":"https:\/\/interamerica.org\/es\/wp-json\/wp\/v2\/media?parent=10528"}],"wp:term":[{"taxonomy":"category","embeddable":true,"href":"https:\/\/interamerica.org\/es\/wp-json\/wp\/v2\/categories?post=10528"},{"taxonomy":"post_tag","embeddable":true,"href":"https:\/\/interamerica.org\/es\/wp-json\/wp\/v2\/tags?post=10528"}],"curies":[{"name":"wp","href":"https:\/\/api.w.org\/{rel}","templated":true}]}}