{"id":10529,"date":"2005-06-14T00:00:00","date_gmt":"2005-06-14T04:00:00","guid":{"rendered":"http:\/\/192.81.217.108\/interamerica\/2005\/06\/la-agenda-de-la-sesion-mira-nuevas-direcciones-cultivando-el-crecimiento-de-la-iglesia\/"},"modified":"2017-06-02T09:17:14","modified_gmt":"2017-06-02T13:17:14","slug":"la-agenda-de-la-sesion-mira-nuevas-direcciones-cultivando-el-crecimiento-de-la-iglesia","status":"publish","type":"post","link":"https:\/\/interamerica.org\/es\/2005\/06\/la-agenda-de-la-sesion-mira-nuevas-direcciones-cultivando-el-crecimiento-de-la-iglesia\/","title":{"rendered":"La Agenda de la Sesi\u00f3n Mira Nuevas Direcciones;  Cultivando el Crecimiento de la Iglesia"},"content":{"rendered":"<p>Silver Spring, Maryland, Estados Unidos &#8230;. [Taashi Rowe\/ANN] <\/p>\n<p>El incesante crecimiento de la membres\u00eda mundial\u00a0de la iglesia Adventista del S\u00e9ptimo D\u00eda encabezar\u00e1 la agenda en la Sesi\u00f3n Mundial en St. Louis, Missouri este verano.\u00a0 Los delegados tratar\u00e1n el desaf\u00edo de la vida de la iglesia y\u00a0el crecimiento de la direcci\u00f3n\u00a0en la iglesia mundial.\u00a0 Los 2.000 delegados con derecho a votar\u00a0en la reuni\u00f3n de negocios afectar\u00e1 la direcci\u00f3n de la iglesia por los pr\u00f3ximos cinco a\u00f1os\u00a0y m\u00e1s all\u00e1, al considerar nuevas\u00a0resoluciones y votar por una nueva direcci\u00f3n internacional de la iglesia.<\/p>\n<p>Los adventistas han escogido, \u00abTransformados en Cristo\u00bb como el tema para su reuni\u00f3n de negocios n\u00famero 58.\u00a0 \u00abEl tema se adapta debido al\u00a0cambio, crecimiento y transformaci\u00f3n que est\u00e1n en el centro del adventismo\u00bb, comenta Ray Dabrowski, director de comunicaciones de la iglesia mundial.<\/p>\n<p>Con m\u00e1s de 5 millones de miembros que se han unido a la iglesia en el per\u00edodo de cinco a\u00f1os desde la \u00faltima sesi\u00f3n en el a\u00f1o 2000,\u00a0tal crecimiento presenta preocupaciones, dice Matthew Bediako, secretario de la iglesia mundial. \u00ab\u00bfC\u00f3mo cultivamos y retenemos los miles que se unen a la iglesia?\u00bb<\/p>\n<p>A pesar del din\u00e1mico crecimiento de la iglesia en \u00c1frica en a\u00f1os recientes, el cual fue tan espectacular que la iglesia agreg\u00f3 hace poco una nueva regi\u00f3n administrativa al oriente de \u00c1frica Central, la iglesia contin\u00faa perdiendo miembros cada a\u00f1o. En los \u00faltimos cinco a\u00f1os ha perdido un total de un mill\u00f3n de miembros, representativo de un 7 por ciento de la membres\u00eda total en todo el mundo.<\/p>\n<p>La sesi\u00f3n tambi\u00e9n permitir\u00e1 a los dirigentes tomar decisiones respecto a las creencias fundamentales de la iglesia, las cuales pueden ventilarse \u00fanicamente en reuniones de este nivel. Creciendo en Cristo, una nueva creencia fundamental, presentada en la\u00a0reuni\u00f3n del Concilio\u00a0Anual, pero ahora\u00a0ser\u00e1 a\u00f1adida oficialmente a las ya existentes 27 doctrinas en las reuniones de 2005. La doctrina enfatiza la comuni\u00f3n diaria con Cristo. \u00abNo hemos tenido\u00a0antes una doctrina que enfatice la oraci\u00f3n, la meditaci\u00f3n y la adoraci\u00f3n\u00bb, dice Larry Evans, subsecretario de la iglesia mundial.\u00a0<\/p>\n<p>Esta adici\u00f3n a las creencias fundamentales\u00a0 animar\u00e1 a los miembros a darse cuenta que la iglesia est\u00e1 fluyendo y siempre transform\u00e1ndose. \u00abTambi\u00e9n es importante demostrar a los miembros que la iglesia no est\u00e1 encerrada en un credo\u00bb, manifiesta Evans. \u00abLa verdad emerge al cambiar los tiempos\u00bb.<\/p>\n<p>En una reuni\u00f3n del comit\u00e9 ejecutivo que se re\u00fane dos d\u00edas antes de la reuni\u00f3n de negocios, los l\u00edderes de la iglesia tambi\u00e9n votar\u00e1n sobre una resoluci\u00f3n concerniente al papel de la Biblia en la iglesia adventista.<\/p>\n<p>\u00abEstamos reafirmando la Biblia y su papel central en la vida de la iglesia, y urgimos a los miembros a encontrar formas de compartir su mensaje con otros y en sus propias vidas\u00bb, explica Evans.<\/p>\n<p>El comit\u00e9 tambi\u00e9n reafirmar\u00e1 la autenticidad de los escritos de Elena G. White, una fundadora clave del movimiento. La afirmaci\u00f3n sigue\u00a0el apoyo vigoroso en\u00a0la reuni\u00f3n de\u00a0primavera de 2005 del Comit\u00e9 Ejecutivo, por un plan para distribuir libros clave, escritos por la se\u00f1ora White, a cada familia adventista, proveer ayuda espiritual y direcci\u00f3n hacia el consejo b\u00edblico.<\/p>\n<p>Otro asunto de envergadura es el n\u00famero de delegados que asistir\u00e1 a la sesi\u00f3n en el futuro. En el presente, el n\u00famero est\u00e1 limitado a 2,000; pero, explica Evans que el comit\u00e9 de delegaci\u00f3n quiere mantener el n\u00famero de\u00a0delegados\u00a0m\u00e1s flexible a fin de proveer para nuevas organizaciones de la iglesia.<\/p>\n<p>Los delegados tambi\u00e9n tratar\u00e1n sobre las regiones mundiales y las de la iglesia local que planean reducir personal o reorganizarse.<\/p>\n<p>Aunque esta reuni\u00f3n no tocar\u00e1 algunos de los asuntos m\u00e1s fervientemente debatidos de los \u00faltimos a\u00f1os, tales como la ordenaci\u00f3n de las mujeres, divorcio y matrimonios post-divorcio, Bediako confirma que se tomar\u00e1n decisiones significativas\u00a0durante los 10 d\u00edas de reuni\u00f3n.<\/p>\n<p>Aunque la mayor parte de la reuni\u00f3n es el aspecto del negocio de la iglesia, Bediako tambi\u00e9n\u00a0la ve como una gran concentraci\u00f3n familiar con, hasta 70,000 personas que se espera que asistan durante los fines de semana.<\/p>\n<p>\u00abHacemos presencia actualmente en 206 pa\u00edses y algunos, por primera vez, ver\u00e1n sus hermanos y hermanas de otras partes del mundo\u00bb, dice \u00e9l.<\/p>\n<p>Al dirigirse a los delegados y participantes, Jan Paulsen, presidente de la iglesia mundial, dice: \u00abEn el centro de todo lo que haremos, y toda nuestra toma de decisiones, hay realmente un solo objetivo: preparar y equipar mejor nuestra iglesia para la misi\u00f3n que Dios\u00a0ha dado. Porque\u00a0somos, en esencia, una comunidad que testifica, que vive anticip\u00e1ndose al retorno de nuestro Se\u00f1or\u00bb.\u00a0\u00a0<\/p>\n","protected":false},"excerpt":{"rendered":"<p>El incesante crecimiento de la membres\u00eda mundial de la iglesia Adventista del S\u00e9ptimo D\u00eda encabezar\u00e1 la agenda en la Sesi\u00f3n Mundial en St. Louis, Missouri este verano.<\/p>\n","protected":false},"author":1,"featured_media":0,"comment_status":"closed","ping_status":"closed","sticky":false,"template":"","format":"standard","meta":{"_acf_changed":false,"footnotes":""},"categories":[8],"tags":[],"class_list":["post-10529","post","type-post","status-publish","format-standard","hentry","category-archivo"],"acf":[],"yoast_head":"<!-- This site is optimized with the Yoast SEO plugin v27.3 - https:\/\/yoast.com\/product\/yoast-seo-wordpress\/ -->\n<title>La Agenda de la Sesi\u00f3n Mira Nuevas Direcciones; Cultivando el Crecimiento de la Iglesia - Iglesia Adventista del S\u00e9ptimo D\u00eda - Divisi\u00f3n Interamericana<\/title>\n<meta name=\"robots\" content=\"index, follow, max-snippet:-1, max-image-preview:large, max-video-preview:-1\" \/>\n<link rel=\"canonical\" href=\"https:\/\/interamerica.org\/es\/2005\/06\/la-agenda-de-la-sesion-mira-nuevas-direcciones-cultivando-el-crecimiento-de-la-iglesia\/\" \/>\n<meta property=\"og:locale\" content=\"es_ES\" \/>\n<meta property=\"og:type\" content=\"article\" \/>\n<meta property=\"og:title\" content=\"La Agenda de la Sesi\u00f3n Mira Nuevas Direcciones; Cultivando el Crecimiento de la Iglesia - Iglesia Adventista del S\u00e9ptimo D\u00eda - Divisi\u00f3n Interamericana\" \/>\n<meta property=\"og:description\" content=\"El incesante crecimiento de la membres\u00eda mundial de la iglesia Adventista del S\u00e9ptimo D\u00eda encabezar\u00e1 la agenda en la Sesi\u00f3n Mundial en St. Louis, Missouri este verano.\" \/>\n<meta property=\"og:url\" content=\"https:\/\/interamerica.org\/es\/2005\/06\/la-agenda-de-la-sesion-mira-nuevas-direcciones-cultivando-el-crecimiento-de-la-iglesia\/\" \/>\n<meta property=\"og:site_name\" content=\"Iglesia Adventista del S\u00e9ptimo D\u00eda - Divisi\u00f3n Interamericana\" \/>\n<meta property=\"article:published_time\" content=\"2005-06-14T04:00:00+00:00\" \/>\n<meta property=\"article:modified_time\" content=\"2017-06-02T13:17:14+00:00\" \/>\n<meta name=\"author\" content=\"Lorenzo Verduzco\" \/>\n<meta name=\"twitter:card\" content=\"summary_large_image\" \/>\n<meta name=\"twitter:label1\" content=\"Escrito por\" \/>\n\t<meta name=\"twitter:data1\" content=\"Lorenzo Verduzco\" \/>\n\t<meta name=\"twitter:label2\" content=\"Tiempo de lectura\" \/>\n\t<meta name=\"twitter:data2\" content=\"4 minutos\" \/>\n<script type=\"application\/ld+json\" class=\"yoast-schema-graph\">{\"@context\":\"https:\\\/\\\/schema.org\",\"@graph\":[{\"@type\":\"Article\",\"@id\":\"https:\\\/\\\/interamerica.org\\\/es\\\/2005\\\/06\\\/la-agenda-de-la-sesion-mira-nuevas-direcciones-cultivando-el-crecimiento-de-la-iglesia\\\/#article\",\"isPartOf\":{\"@id\":\"https:\\\/\\\/interamerica.org\\\/es\\\/2005\\\/06\\\/la-agenda-de-la-sesion-mira-nuevas-direcciones-cultivando-el-crecimiento-de-la-iglesia\\\/\"},\"author\":{\"name\":\"Lorenzo Verduzco\",\"@id\":\"https:\\\/\\\/interamerica.org\\\/es\\\/#\\\/schema\\\/person\\\/68ede8bdc292885bb76c1e3810e73c39\"},\"headline\":\"La Agenda de la Sesi\u00f3n Mira Nuevas Direcciones; Cultivando el Crecimiento de la Iglesia\",\"datePublished\":\"2005-06-14T04:00:00+00:00\",\"dateModified\":\"2017-06-02T13:17:14+00:00\",\"mainEntityOfPage\":{\"@id\":\"https:\\\/\\\/interamerica.org\\\/es\\\/2005\\\/06\\\/la-agenda-de-la-sesion-mira-nuevas-direcciones-cultivando-el-crecimiento-de-la-iglesia\\\/\"},\"wordCount\":843,\"articleSection\":[\"Archivo\"],\"inLanguage\":\"es\"},{\"@type\":\"WebPage\",\"@id\":\"https:\\\/\\\/interamerica.org\\\/es\\\/2005\\\/06\\\/la-agenda-de-la-sesion-mira-nuevas-direcciones-cultivando-el-crecimiento-de-la-iglesia\\\/\",\"url\":\"https:\\\/\\\/interamerica.org\\\/es\\\/2005\\\/06\\\/la-agenda-de-la-sesion-mira-nuevas-direcciones-cultivando-el-crecimiento-de-la-iglesia\\\/\",\"name\":\"La Agenda de la Sesi\u00f3n Mira Nuevas Direcciones; Cultivando el Crecimiento de la Iglesia - Iglesia Adventista del S\u00e9ptimo D\u00eda - Divisi\u00f3n Interamericana\",\"isPartOf\":{\"@id\":\"https:\\\/\\\/interamerica.org\\\/es\\\/#website\"},\"datePublished\":\"2005-06-14T04:00:00+00:00\",\"dateModified\":\"2017-06-02T13:17:14+00:00\",\"author\":{\"@id\":\"https:\\\/\\\/interamerica.org\\\/es\\\/#\\\/schema\\\/person\\\/68ede8bdc292885bb76c1e3810e73c39\"},\"breadcrumb\":{\"@id\":\"https:\\\/\\\/interamerica.org\\\/es\\\/2005\\\/06\\\/la-agenda-de-la-sesion-mira-nuevas-direcciones-cultivando-el-crecimiento-de-la-iglesia\\\/#breadcrumb\"},\"inLanguage\":\"es\",\"potentialAction\":[{\"@type\":\"ReadAction\",\"target\":[\"https:\\\/\\\/interamerica.org\\\/es\\\/2005\\\/06\\\/la-agenda-de-la-sesion-mira-nuevas-direcciones-cultivando-el-crecimiento-de-la-iglesia\\\/\"]}]},{\"@type\":\"BreadcrumbList\",\"@id\":\"https:\\\/\\\/interamerica.org\\\/es\\\/2005\\\/06\\\/la-agenda-de-la-sesion-mira-nuevas-direcciones-cultivando-el-crecimiento-de-la-iglesia\\\/#breadcrumb\",\"itemListElement\":[{\"@type\":\"ListItem\",\"position\":1,\"name\":\"Home\",\"item\":\"https:\\\/\\\/interamerica.org\\\/es\\\/\"},{\"@type\":\"ListItem\",\"position\":2,\"name\":\"La Agenda de la Sesi\u00f3n Mira Nuevas Direcciones; Cultivando el Crecimiento de la Iglesia\"}]},{\"@type\":\"WebSite\",\"@id\":\"https:\\\/\\\/interamerica.org\\\/es\\\/#website\",\"url\":\"https:\\\/\\\/interamerica.org\\\/es\\\/\",\"name\":\"Iglesia Adventista del S\u00e9ptimo D\u00eda - Divisi\u00f3n Interamericana\",\"description\":\"\",\"potentialAction\":[{\"@type\":\"SearchAction\",\"target\":{\"@type\":\"EntryPoint\",\"urlTemplate\":\"https:\\\/\\\/interamerica.org\\\/es\\\/?s={search_term_string}\"},\"query-input\":{\"@type\":\"PropertyValueSpecification\",\"valueRequired\":true,\"valueName\":\"search_term_string\"}}],\"inLanguage\":\"es\"},{\"@type\":\"Person\",\"@id\":\"https:\\\/\\\/interamerica.org\\\/es\\\/#\\\/schema\\\/person\\\/68ede8bdc292885bb76c1e3810e73c39\",\"name\":\"Lorenzo Verduzco\",\"image\":{\"@type\":\"ImageObject\",\"inLanguage\":\"es\",\"@id\":\"https:\\\/\\\/secure.gravatar.com\\\/avatar\\\/fb81a55b6218459490a9c1dc841a34909185b81904c5337b4b27f7a6fd60c49e?s=96&d=mm&r=g\",\"url\":\"https:\\\/\\\/secure.gravatar.com\\\/avatar\\\/fb81a55b6218459490a9c1dc841a34909185b81904c5337b4b27f7a6fd60c49e?s=96&d=mm&r=g\",\"contentUrl\":\"https:\\\/\\\/secure.gravatar.com\\\/avatar\\\/fb81a55b6218459490a9c1dc841a34909185b81904c5337b4b27f7a6fd60c49e?s=96&d=mm&r=g\",\"caption\":\"Lorenzo Verduzco\"}}]}<\/script>\n<!-- \/ Yoast SEO plugin. -->","yoast_head_json":{"title":"La Agenda de la Sesi\u00f3n Mira Nuevas Direcciones; Cultivando el Crecimiento de la Iglesia - Iglesia Adventista del S\u00e9ptimo D\u00eda - Divisi\u00f3n Interamericana","robots":{"index":"index","follow":"follow","max-snippet":"max-snippet:-1","max-image-preview":"max-image-preview:large","max-video-preview":"max-video-preview:-1"},"canonical":"https:\/\/interamerica.org\/es\/2005\/06\/la-agenda-de-la-sesion-mira-nuevas-direcciones-cultivando-el-crecimiento-de-la-iglesia\/","og_locale":"es_ES","og_type":"article","og_title":"La Agenda de la Sesi\u00f3n Mira Nuevas Direcciones; Cultivando el Crecimiento de la Iglesia - Iglesia Adventista del S\u00e9ptimo D\u00eda - Divisi\u00f3n Interamericana","og_description":"El incesante crecimiento de la membres\u00eda mundial de la iglesia Adventista del S\u00e9ptimo D\u00eda encabezar\u00e1 la agenda en la Sesi\u00f3n Mundial en St. Louis, Missouri este verano.","og_url":"https:\/\/interamerica.org\/es\/2005\/06\/la-agenda-de-la-sesion-mira-nuevas-direcciones-cultivando-el-crecimiento-de-la-iglesia\/","og_site_name":"Iglesia Adventista del S\u00e9ptimo D\u00eda - Divisi\u00f3n Interamericana","article_published_time":"2005-06-14T04:00:00+00:00","article_modified_time":"2017-06-02T13:17:14+00:00","author":"Lorenzo Verduzco","twitter_card":"summary_large_image","twitter_misc":{"Escrito por":"Lorenzo Verduzco","Tiempo de lectura":"4 minutos"},"schema":{"@context":"https:\/\/schema.org","@graph":[{"@type":"Article","@id":"https:\/\/interamerica.org\/es\/2005\/06\/la-agenda-de-la-sesion-mira-nuevas-direcciones-cultivando-el-crecimiento-de-la-iglesia\/#article","isPartOf":{"@id":"https:\/\/interamerica.org\/es\/2005\/06\/la-agenda-de-la-sesion-mira-nuevas-direcciones-cultivando-el-crecimiento-de-la-iglesia\/"},"author":{"name":"Lorenzo Verduzco","@id":"https:\/\/interamerica.org\/es\/#\/schema\/person\/68ede8bdc292885bb76c1e3810e73c39"},"headline":"La Agenda de la Sesi\u00f3n Mira Nuevas Direcciones; Cultivando el Crecimiento de la Iglesia","datePublished":"2005-06-14T04:00:00+00:00","dateModified":"2017-06-02T13:17:14+00:00","mainEntityOfPage":{"@id":"https:\/\/interamerica.org\/es\/2005\/06\/la-agenda-de-la-sesion-mira-nuevas-direcciones-cultivando-el-crecimiento-de-la-iglesia\/"},"wordCount":843,"articleSection":["Archivo"],"inLanguage":"es"},{"@type":"WebPage","@id":"https:\/\/interamerica.org\/es\/2005\/06\/la-agenda-de-la-sesion-mira-nuevas-direcciones-cultivando-el-crecimiento-de-la-iglesia\/","url":"https:\/\/interamerica.org\/es\/2005\/06\/la-agenda-de-la-sesion-mira-nuevas-direcciones-cultivando-el-crecimiento-de-la-iglesia\/","name":"La Agenda de la Sesi\u00f3n Mira Nuevas Direcciones; Cultivando el Crecimiento de la Iglesia - Iglesia Adventista del S\u00e9ptimo D\u00eda - Divisi\u00f3n Interamericana","isPartOf":{"@id":"https:\/\/interamerica.org\/es\/#website"},"datePublished":"2005-06-14T04:00:00+00:00","dateModified":"2017-06-02T13:17:14+00:00","author":{"@id":"https:\/\/interamerica.org\/es\/#\/schema\/person\/68ede8bdc292885bb76c1e3810e73c39"},"breadcrumb":{"@id":"https:\/\/interamerica.org\/es\/2005\/06\/la-agenda-de-la-sesion-mira-nuevas-direcciones-cultivando-el-crecimiento-de-la-iglesia\/#breadcrumb"},"inLanguage":"es","potentialAction":[{"@type":"ReadAction","target":["https:\/\/interamerica.org\/es\/2005\/06\/la-agenda-de-la-sesion-mira-nuevas-direcciones-cultivando-el-crecimiento-de-la-iglesia\/"]}]},{"@type":"BreadcrumbList","@id":"https:\/\/interamerica.org\/es\/2005\/06\/la-agenda-de-la-sesion-mira-nuevas-direcciones-cultivando-el-crecimiento-de-la-iglesia\/#breadcrumb","itemListElement":[{"@type":"ListItem","position":1,"name":"Home","item":"https:\/\/interamerica.org\/es\/"},{"@type":"ListItem","position":2,"name":"La Agenda de la Sesi\u00f3n Mira Nuevas Direcciones; Cultivando el Crecimiento de la Iglesia"}]},{"@type":"WebSite","@id":"https:\/\/interamerica.org\/es\/#website","url":"https:\/\/interamerica.org\/es\/","name":"Iglesia Adventista del S\u00e9ptimo D\u00eda - Divisi\u00f3n Interamericana","description":"","potentialAction":[{"@type":"SearchAction","target":{"@type":"EntryPoint","urlTemplate":"https:\/\/interamerica.org\/es\/?s={search_term_string}"},"query-input":{"@type":"PropertyValueSpecification","valueRequired":true,"valueName":"search_term_string"}}],"inLanguage":"es"},{"@type":"Person","@id":"https:\/\/interamerica.org\/es\/#\/schema\/person\/68ede8bdc292885bb76c1e3810e73c39","name":"Lorenzo Verduzco","image":{"@type":"ImageObject","inLanguage":"es","@id":"https:\/\/secure.gravatar.com\/avatar\/fb81a55b6218459490a9c1dc841a34909185b81904c5337b4b27f7a6fd60c49e?s=96&d=mm&r=g","url":"https:\/\/secure.gravatar.com\/avatar\/fb81a55b6218459490a9c1dc841a34909185b81904c5337b4b27f7a6fd60c49e?s=96&d=mm&r=g","contentUrl":"https:\/\/secure.gravatar.com\/avatar\/fb81a55b6218459490a9c1dc841a34909185b81904c5337b4b27f7a6fd60c49e?s=96&d=mm&r=g","caption":"Lorenzo Verduzco"}}]}},"_links":{"self":[{"href":"https:\/\/interamerica.org\/es\/wp-json\/wp\/v2\/posts\/10529","targetHints":{"allow":["GET"]}}],"collection":[{"href":"https:\/\/interamerica.org\/es\/wp-json\/wp\/v2\/posts"}],"about":[{"href":"https:\/\/interamerica.org\/es\/wp-json\/wp\/v2\/types\/post"}],"author":[{"embeddable":true,"href":"https:\/\/interamerica.org\/es\/wp-json\/wp\/v2\/users\/1"}],"replies":[{"embeddable":true,"href":"https:\/\/interamerica.org\/es\/wp-json\/wp\/v2\/comments?post=10529"}],"version-history":[{"count":0,"href":"https:\/\/interamerica.org\/es\/wp-json\/wp\/v2\/posts\/10529\/revisions"}],"wp:attachment":[{"href":"https:\/\/interamerica.org\/es\/wp-json\/wp\/v2\/media?parent=10529"}],"wp:term":[{"taxonomy":"category","embeddable":true,"href":"https:\/\/interamerica.org\/es\/wp-json\/wp\/v2\/categories?post=10529"},{"taxonomy":"post_tag","embeddable":true,"href":"https:\/\/interamerica.org\/es\/wp-json\/wp\/v2\/tags?post=10529"}],"curies":[{"name":"wp","href":"https:\/\/api.w.org\/{rel}","templated":true}]}}