{"id":105328,"date":"2023-10-27T08:54:59","date_gmt":"2023-10-27T12:54:59","guid":{"rendered":"https:\/\/interamerica.org\/?p=105328"},"modified":"2023-10-27T12:24:20","modified_gmt":"2023-10-27T16:24:20","slug":"que-sucede-cuando-morimos","status":"publish","type":"post","link":"https:\/\/interamerica.org\/es\/2023\/10\/que-sucede-cuando-morimos\/","title":{"rendered":"\u00bfQu\u00e9 sucede cuando morimos?"},"content":{"rendered":"<p>27 de octubre del\u00a0 2023 | Silver Spring, Maryland, Estados Unidos | Ted N.C. Wilson, President de la Asociaci\u00f3n General de los Adventistas del S\u00e9ptimo D\u00eda<\/p>\n<p><span style=\"font-weight: 400;\">Saludos amigos. Durante los \u00faltimos meses, hemos estado leyendo el libro \u201cEl Conflicto de los Siglos\u201d de Elena de White. Uno de los temas m\u00e1s importantes de este asombroso libro es que la Biblia es la Palabra de Dios. A pesar de la incre\u00edble persecuci\u00f3n, a lo largo de los tiempos ha habido personas fieles que se han mantenido firmes en defensa de la Palabra de Dios.<\/span><\/p>\n<p><span style=\"font-weight: 400;\">Regresaremos a nuestro viaje a trav\u00e9s de \u201cEl el Conflicto de los Siglos\u201d a su debido tiempo, pero durante las pr\u00f3ximas semanas analizaremos algunos desaf\u00edos espec\u00edficos que enfrenta la Iglesia Adventista del S\u00e9ptimo D\u00eda en este mismo momento. Estos desaf\u00edos son serios ya que socavan ense\u00f1anzas importantes de la Biblia, generando confusi\u00f3n y malentendidos en cuanto a lo que dice la Palabra de Dios. Hoy consideraremos la ense\u00f1anza b\u00edblica sobre lo que sucede cuando una persona muere y la confusi\u00f3n que el diablo ha tra\u00eddo sobre este tema.<\/span><\/p>\n<p><span style=\"font-weight: 400;\">Cada a\u00f1o, a finales de octubre y principios de noviembre, millones de personas celebran festivales centrados en los muertos, el espiritismo y el ocultismo. Y, de hecho, las celebraciones van en aumento.<\/span><\/p>\n<p><span style=\"font-weight: 400;\">Por ejemplo, aqu\u00ed en los Estados Unidos, la Federaci\u00f3n Nacional de Minoristas estima que el gasto total en Halloween alcanzar\u00e1 un r\u00e9cord de 12,200 millones de d\u00f3lares, casi 2,000 millones m\u00e1s en ventas que el a\u00f1o pasado. Las ventas de Halloween incluyen dulces, disfraces, decoraciones, fiestas y m\u00e1s que se centran en lo macabro.<\/span><\/p>\n<p><span style=\"font-weight: 400;\">En muchas partes del mundo se celebra el \u201cD\u00eda de Muertos\u201d. Durante este festival, las familias construyen altares privados a los muertos en sus casas. En esos altares colocan las comidas y bebidas favoritas, as\u00ed como fotograf\u00edas y recuerdos de los difuntos. La intenci\u00f3n es fomentar las visitas de las almas, para que escuchen las oraciones y las palabras de los vivos dirigidas a ellas. En algunos pa\u00edses estos altares tambi\u00e9n se colocan en espacios p\u00fablicos como escuelas y bibliotecas, o en cementerios.<\/span><\/p>\n<p><span style=\"font-weight: 400;\">El objetivo no es s\u00f3lo honrar a los muertos, sino tambi\u00e9n ponerse en contacto con los \u201cesp\u00edritus\u201d de los seres queridos fallecidos. Esto va directamente en contra de la clara instrucci\u00f3n de Dios dada en <\/span><span style=\"font-weight: 400;\">Eclesiast\u00e9s 9:5: \u201cPorque los que viven saben que han de morir; pero los muertos nada saben\u201d.<\/span><span style=\"font-weight: 400;\"> Se est\u00e1n promoviendo muchos entendimientos no b\u00edblicos sobre la vida despu\u00e9s de la muerte. Las influencias ocultas, espiritistas y sat\u00e1nicas est\u00e1n creciendo. La industria mundial del entretenimiento promueve el espiritismo.<\/span><\/p>\n<p><span style=\"font-weight: 400;\">El diablo planea enga\u00f1os abrumadores al final de los tiempos a trav\u00e9s del misticismo y entendimientos no b\u00edblicos con respecto a la vida despu\u00e9s de la muerte. Satan\u00e1s incluso intentar\u00e1 replicar el regreso de Cristo. Les insto a refutar cualquier intento de dominar su pensamiento y confiando \u00fanicamente en lo que leemos en la Palabra de Dios.<\/span><\/p>\n<p><span style=\"font-weight: 400;\">En 1 Timoteo 6:16 se nos dice claramente que Dios <\/span><span style=\"font-weight: 400;\">\u201cel \u00fanico que tiene inmortalidad, que habita en luz inaccesible&#8230;\u201d<\/span><span style=\"font-weight: 400;\"> \u00c9l existe por s\u00ed mismo y no tiene principio ni fin.<\/span><\/p>\n<p><span style=\"font-weight: 400;\">A diferencia de Dios, los humanos son seres mortales creados. En ninguna parte de las Escrituras se nos describe como inmortales, o que tenemos un \u00abalma o esp\u00edritu inmortal\u00bb.<\/span><\/p>\n<p><span style=\"font-weight: 400;\">En la Creaci\u00f3n, <\/span><span style=\"font-weight: 400;\">\u201cJehov\u00e1 Dios form\u00f3 al hombre del polvo de la tierra, y sopl\u00f3 en su nariz aliento de vida, y fue el hombre un ser viviente.\u201d (G\u00e9nesis 2:7)<\/span><span style=\"font-weight: 400;\">, o como dicen algunas traducciones, un \u201calma viviente\u201d.\u00a0 Para ser un \u201calma viviente\u201d, uno debe tener el aliento de vida, adem\u00e1s de un cuerpo. Sin ambos, el \u201calma\u201d o el \u201cser\u201d no existe.<\/span><\/p>\n<p><span style=\"font-weight: 400;\">Cuando Dios cre\u00f3 a Ad\u00e1n y Eva, les dio libre albedr\u00edo: el poder de elegir. Pod\u00edan obedecer o desobedecer, y su existencia continuada depend\u00eda de sus elecciones. Dios explic\u00f3 cuidadosamente que si com\u00edan del <\/span><span style=\"font-weight: 400;\">\u00ab\u00e1rbol de la ciencia del bien y del mal\u00bb, \u00abciertamente morir\u00edan\u00bb (G\u00e9nesis 2:17).<\/span><\/p>\n<p><span style=\"font-weight: 400;\">Pero Satan\u00e1s contradijo la advertencia de Dios, afirmando a Eva: <\/span><span style=\"font-weight: 400;\">\u00abNo morir\u00e1s\u00bb<\/span> <span style=\"font-weight: 400;\">(G\u00e9nesis 3:4)<\/span><span style=\"font-weight: 400;\">. Pero despu\u00e9s de que pecaron, Ad\u00e1n y Eva descubrieron que <\/span><span style=\"font-weight: 400;\">\u00abla paga del pecado\u00bb<\/span><span style=\"font-weight: 400;\"> es, en verdad, muerte <\/span><span style=\"font-weight: 400;\">(Rom. 6:23)<\/span><span style=\"font-weight: 400;\">. Dios les dijo que <\/span><span style=\"font-weight: 400;\">\u00abvolver\u00edan a la tierra, porque de ella fuisteis tomados; porque polvo sois, y al polvo volver\u00e9is\u00bb (G\u00e9nesis 3:19).<\/span><\/p>\n<p><span style=\"font-weight: 400;\">Nuestra Vig\u00e9sima Sexta Creencia Fundamental Adventista del S\u00e9ptimo D\u00eda lo explica de esta manera:<\/span><\/p>\n<p><span style=\"font-weight: 400;\">\u201cLa paga del pecado es la muerte. Pero Dios, que es el \u00fanico inmortal, conceder\u00e1 la vida eterna a sus redimidos. Hasta ese d\u00eda la muerte es un estado inconsciente para todas las personas. Cuando Cristo, quien es nuestra vida aparezca, los justos resucitados y los justos vivos ser\u00e1n glorificados y arrebatados al encuentro de su Se\u00f1or. La segunda resurrecci\u00f3n, la resurrecci\u00f3n de los injustos, tendr\u00e1 lugar mil a\u00f1os despu\u00e9s.\u201d<\/span><\/p>\n<p><span style=\"font-weight: 400;\">La Biblia describe la muerte como un estado inconsciente, un sue\u00f1o profundo del que la persona espera la resurrecci\u00f3n. En el <\/span><span style=\"font-weight: 400;\">Salmo 115:17<\/span><span style=\"font-weight: 400;\"> leemos: <\/span><span style=\"font-weight: 400;\">\u201cNo alabar\u00e1n los muertos a JAH, Ni cuantos descienden al silencio\u201d.<\/span><\/p>\n<p><span style=\"font-weight: 400;\">Jes\u00fas tambi\u00e9n habl\u00f3 de la muerte como un sue\u00f1o. Al describir la condici\u00f3n de la hija de Jairo, que estaba muerta, Cristo dijo que ella estaba durmiendo <\/span><span style=\"font-weight: 400;\">(Mateo 9:24; Marcos 5:39)<\/span><span style=\"font-weight: 400;\">. Refiri\u00e9ndose a su amigo L\u00e1zaro, Jes\u00fas dijo a sus disc\u00edpulos: <\/span><span style=\"font-weight: 400;\">\u201cNuestro amigo L\u00e1zaro duerme; mas voy para despertarle.\u201d (Juan 11:11).<\/span><span style=\"font-weight: 400;\"> Aqu\u00ed Cristo se refiere tanto a la muerte de L\u00e1zaro como a su pr\u00f3xima resurrecci\u00f3n.<\/span><\/p>\n<p><span style=\"font-weight: 400;\">El profeta Daniel tambi\u00e9n habla de la muerte como un sue\u00f1o, y de la resurrecci\u00f3n y el juicio que le seguir\u00e1n. Refiri\u00e9ndose al tiempo del fin, escribi\u00f3: <\/span><span style=\"font-weight: 400;\">\u201cY muchos de los que duermen en el polvo de la tierra ser\u00e1n despertados, unos para vida eterna, y otros para verg\u00fcenza y confusi\u00f3n perpetua.\u201d (Dan. 12:2).<\/span><\/p>\n<p><span style=\"font-weight: 400;\">Cuando la Biblia habla de la muerte como un sue\u00f1o, implica un despertar de ese sue\u00f1o, una resurrecci\u00f3n. Es la muerte y resurrecci\u00f3n de Cristo lo que hace posible que resucitemos. Como se\u00f1ala Pablo en <\/span><span style=\"font-weight: 400;\">1 Corintios 15:20-22<\/span><span style=\"font-weight: 400;\">\u2014<\/span><span style=\"font-weight: 400;\">\u00ab&#8230;Mas ahora Cristo ha resucitado de los muertos; primicias de los que durmieron es hecho. Porque por cuanto la muerte entr\u00f3 por un hombre, (refiri\u00e9ndose a Jes\u00fas), tambi\u00e9n por un hombre la resurrecci\u00f3n de los muertos. Porque as\u00ed como en Ad\u00e1n todos mueren, tambi\u00e9n en Cristo todos ser\u00e1n vivificados.\u00bb<\/span><\/p>\n<p><span style=\"font-weight: 400;\">Elena de White da una descripci\u00f3n incre\u00edble de la primera resurrecci\u00f3n en la Segunda Venida. Ella escribe: <\/span><span style=\"font-weight: 400;\">\u201cEntre las oscilaciones de la tierra, las llamaradas de los rel\u00e1mpagos y el fragor de los truenos, el Hijo de Dios llama a la vida a los santos dormidos. Dirige una mirada a las tumbas de los justos, y levantando luego las manos al cielo, exclama: \u201c\u00a1Despertaos, despertaos, despertaos, los que dorm\u00eds en el polvo, y levantaos!\u201d Por toda la superficie de la tierra, los muertos oir\u00e1n esa voz; y los que la oigan vivir\u00e1n.\u201d (CS 627).<\/span><\/p>\n<p><span style=\"font-weight: 400;\">Amigos, yo espero estar entre los vivos para ver venir a Jes\u00fas, y estoy seguro de que ustedes tambi\u00e9n. Pero incluso si morimos, podemos estar seguros de que si dormimos en Jes\u00fas, \u00c9l nos resucitar\u00e1 ese d\u00eda.<\/span><\/p>\n<p><span style=\"font-weight: 400;\">Hermanos y hermanas, a medida que el mundo que nos rodea se vuelve m\u00e1s oscuro y confuso, les insto a que eviten todos los esfuerzos, influencias malignas y programaci\u00f3n que destruyan la comprensi\u00f3n b\u00edblica del estado de los muertos. Podemos descansar confiadamente en la Palabra de Dios.<\/span><\/p>\n<p><span style=\"font-weight: 400;\">Los invito a orar conmigo ahora mismo.<\/span><\/p>\n<p><span style=\"font-weight: 400;\">Padre Celestial, oramos para que nos ayudes a comprender plenamente este tema tan importante que t\u00fa nos formaste del polvo. Ese era el cuerpo. No era vivir. Y luego nos infundiste el aliento de vida, que es la vida misma. Y la combinaci\u00f3n del aliento de Dios y el polvo form\u00f3 lo que parec\u00eda un ser humano y luego se convirti\u00f3 en un alma viviente. Y cuando se quita uno de esos elementos, esos dos elementos, ya no hay alma viviente. Pero descansamos tranquilamente, durmiendo en Jes\u00fas. Ahora, Se\u00f1or, bend\u00edcenos y mantennos a salvo de todo tipo de malas interpretaciones y falsos entendimientos sobre lo que verdaderamente constituye el estado de los muertos. Nos ponemos en tus manos. Ay\u00fadanos a no dejarnos enga\u00f1ar, sino a permanecer cerca y adherirnos completamente a la Palabra de Dios. Gracias por escucharnos. El nombre de Jes\u00fas, lo pedimos. Am\u00e9n.<\/span><\/p>\n","protected":false},"excerpt":{"rendered":"<p>27 de octubre del\u00a0 2023 | Silver Spring, Maryland, Estados Unidos | Ted N.C. Wilson, President de la Asociaci\u00f3n General de los Adventistas del S\u00e9ptimo D\u00eda Saludos amigos. Durante los&#8230;<\/p>\n","protected":false},"author":3,"featured_media":105329,"comment_status":"closed","ping_status":"closed","sticky":false,"template":"","format":"standard","meta":{"_acf_changed":false,"footnotes":""},"categories":[14,15],"tags":[],"class_list":["post-105328","post","type-post","status-publish","format-standard","has-post-thumbnail","hentry","category-de-la-iglesia-mundial","category-rss-espanol"],"acf":[],"yoast_head":"<!-- This site is optimized with the Yoast SEO plugin v27.3 - https:\/\/yoast.com\/product\/yoast-seo-wordpress\/ -->\n<title>\u00bfQu\u00e9 sucede cuando morimos? - Iglesia Adventista del S\u00e9ptimo D\u00eda - Divisi\u00f3n Interamericana<\/title>\n<meta name=\"robots\" content=\"index, follow, max-snippet:-1, max-image-preview:large, max-video-preview:-1\" \/>\n<link rel=\"canonical\" href=\"https:\/\/interamerica.org\/es\/2023\/10\/que-sucede-cuando-morimos\/\" \/>\n<meta property=\"og:locale\" content=\"es_ES\" \/>\n<meta property=\"og:type\" content=\"article\" \/>\n<meta property=\"og:title\" content=\"\u00bfQu\u00e9 sucede cuando morimos? - Iglesia Adventista del S\u00e9ptimo D\u00eda - Divisi\u00f3n Interamericana\" \/>\n<meta property=\"og:description\" content=\"27 de octubre del\u00a0 2023 | Silver Spring, Maryland, Estados Unidos | Ted N.C. Wilson, President de la Asociaci\u00f3n General de los Adventistas del S\u00e9ptimo D\u00eda Saludos amigos. Durante los...\" \/>\n<meta property=\"og:url\" content=\"https:\/\/interamerica.org\/es\/2023\/10\/que-sucede-cuando-morimos\/\" \/>\n<meta property=\"og:site_name\" content=\"Iglesia Adventista del S\u00e9ptimo D\u00eda - Divisi\u00f3n Interamericana\" \/>\n<meta property=\"article:published_time\" content=\"2023-10-27T12:54:59+00:00\" \/>\n<meta property=\"article:modified_time\" content=\"2023-10-27T16:24:20+00:00\" \/>\n<meta property=\"og:image\" content=\"https:\/\/interamerica.org\/wp-content\/uploads\/2023\/10\/tw-state-ofdead-spa.jpg\" \/>\n\t<meta property=\"og:image:width\" content=\"1600\" \/>\n\t<meta property=\"og:image:height\" content=\"899\" \/>\n\t<meta property=\"og:image:type\" content=\"image\/jpeg\" \/>\n<meta name=\"author\" content=\"libna\" \/>\n<meta name=\"twitter:card\" content=\"summary_large_image\" \/>\n<meta name=\"twitter:label1\" content=\"Escrito por\" \/>\n\t<meta name=\"twitter:data1\" content=\"libna\" \/>\n\t<meta name=\"twitter:label2\" content=\"Tiempo de lectura\" \/>\n\t<meta name=\"twitter:data2\" content=\"7 minutos\" \/>\n<script type=\"application\/ld+json\" class=\"yoast-schema-graph\">{\"@context\":\"https:\\\/\\\/schema.org\",\"@graph\":[{\"@type\":\"Article\",\"@id\":\"https:\\\/\\\/interamerica.org\\\/es\\\/2023\\\/10\\\/que-sucede-cuando-morimos\\\/#article\",\"isPartOf\":{\"@id\":\"https:\\\/\\\/interamerica.org\\\/es\\\/2023\\\/10\\\/que-sucede-cuando-morimos\\\/\"},\"author\":{\"name\":\"libna\",\"@id\":\"https:\\\/\\\/interamerica.org\\\/es\\\/#\\\/schema\\\/person\\\/29998f2bc2d8bd0d38662909289b54f1\"},\"headline\":\"\u00bfQu\u00e9 sucede cuando morimos?\",\"datePublished\":\"2023-10-27T12:54:59+00:00\",\"dateModified\":\"2023-10-27T16:24:20+00:00\",\"mainEntityOfPage\":{\"@id\":\"https:\\\/\\\/interamerica.org\\\/es\\\/2023\\\/10\\\/que-sucede-cuando-morimos\\\/\"},\"wordCount\":1489,\"image\":{\"@id\":\"https:\\\/\\\/interamerica.org\\\/es\\\/2023\\\/10\\\/que-sucede-cuando-morimos\\\/#primaryimage\"},\"thumbnailUrl\":\"https:\\\/\\\/interamerica.org\\\/wp-content\\\/uploads\\\/2023\\\/10\\\/tw-state-ofdead-spa.jpg\",\"articleSection\":[\"Desde la iglesia mundial\",\"RSS Espa\u00f1ol\"],\"inLanguage\":\"es\"},{\"@type\":\"WebPage\",\"@id\":\"https:\\\/\\\/interamerica.org\\\/es\\\/2023\\\/10\\\/que-sucede-cuando-morimos\\\/\",\"url\":\"https:\\\/\\\/interamerica.org\\\/es\\\/2023\\\/10\\\/que-sucede-cuando-morimos\\\/\",\"name\":\"\u00bfQu\u00e9 sucede cuando morimos? - Iglesia Adventista del S\u00e9ptimo D\u00eda - Divisi\u00f3n Interamericana\",\"isPartOf\":{\"@id\":\"https:\\\/\\\/interamerica.org\\\/es\\\/#website\"},\"primaryImageOfPage\":{\"@id\":\"https:\\\/\\\/interamerica.org\\\/es\\\/2023\\\/10\\\/que-sucede-cuando-morimos\\\/#primaryimage\"},\"image\":{\"@id\":\"https:\\\/\\\/interamerica.org\\\/es\\\/2023\\\/10\\\/que-sucede-cuando-morimos\\\/#primaryimage\"},\"thumbnailUrl\":\"https:\\\/\\\/interamerica.org\\\/wp-content\\\/uploads\\\/2023\\\/10\\\/tw-state-ofdead-spa.jpg\",\"datePublished\":\"2023-10-27T12:54:59+00:00\",\"dateModified\":\"2023-10-27T16:24:20+00:00\",\"author\":{\"@id\":\"https:\\\/\\\/interamerica.org\\\/es\\\/#\\\/schema\\\/person\\\/29998f2bc2d8bd0d38662909289b54f1\"},\"breadcrumb\":{\"@id\":\"https:\\\/\\\/interamerica.org\\\/es\\\/2023\\\/10\\\/que-sucede-cuando-morimos\\\/#breadcrumb\"},\"inLanguage\":\"es\",\"potentialAction\":[{\"@type\":\"ReadAction\",\"target\":[\"https:\\\/\\\/interamerica.org\\\/es\\\/2023\\\/10\\\/que-sucede-cuando-morimos\\\/\"]}]},{\"@type\":\"ImageObject\",\"inLanguage\":\"es\",\"@id\":\"https:\\\/\\\/interamerica.org\\\/es\\\/2023\\\/10\\\/que-sucede-cuando-morimos\\\/#primaryimage\",\"url\":\"https:\\\/\\\/interamerica.org\\\/wp-content\\\/uploads\\\/2023\\\/10\\\/tw-state-ofdead-spa.jpg\",\"contentUrl\":\"https:\\\/\\\/interamerica.org\\\/wp-content\\\/uploads\\\/2023\\\/10\\\/tw-state-ofdead-spa.jpg\",\"width\":1600,\"height\":899},{\"@type\":\"BreadcrumbList\",\"@id\":\"https:\\\/\\\/interamerica.org\\\/es\\\/2023\\\/10\\\/que-sucede-cuando-morimos\\\/#breadcrumb\",\"itemListElement\":[{\"@type\":\"ListItem\",\"position\":1,\"name\":\"Home\",\"item\":\"https:\\\/\\\/interamerica.org\\\/es\\\/\"},{\"@type\":\"ListItem\",\"position\":2,\"name\":\"\u00bfQu\u00e9 sucede cuando morimos?\"}]},{\"@type\":\"WebSite\",\"@id\":\"https:\\\/\\\/interamerica.org\\\/es\\\/#website\",\"url\":\"https:\\\/\\\/interamerica.org\\\/es\\\/\",\"name\":\"Iglesia Adventista del S\u00e9ptimo D\u00eda - Divisi\u00f3n Interamericana\",\"description\":\"\",\"potentialAction\":[{\"@type\":\"SearchAction\",\"target\":{\"@type\":\"EntryPoint\",\"urlTemplate\":\"https:\\\/\\\/interamerica.org\\\/es\\\/?s={search_term_string}\"},\"query-input\":{\"@type\":\"PropertyValueSpecification\",\"valueRequired\":true,\"valueName\":\"search_term_string\"}}],\"inLanguage\":\"es\"},{\"@type\":\"Person\",\"@id\":\"https:\\\/\\\/interamerica.org\\\/es\\\/#\\\/schema\\\/person\\\/29998f2bc2d8bd0d38662909289b54f1\",\"name\":\"libna\",\"image\":{\"@type\":\"ImageObject\",\"inLanguage\":\"es\",\"@id\":\"https:\\\/\\\/secure.gravatar.com\\\/avatar\\\/7c5bd30ae4b47a9ba3c856590957fd1d96dc588bf3ac05719d247e126840331f?s=96&d=mm&r=g\",\"url\":\"https:\\\/\\\/secure.gravatar.com\\\/avatar\\\/7c5bd30ae4b47a9ba3c856590957fd1d96dc588bf3ac05719d247e126840331f?s=96&d=mm&r=g\",\"contentUrl\":\"https:\\\/\\\/secure.gravatar.com\\\/avatar\\\/7c5bd30ae4b47a9ba3c856590957fd1d96dc588bf3ac05719d247e126840331f?s=96&d=mm&r=g\",\"caption\":\"libna\"}}]}<\/script>\n<!-- \/ Yoast SEO plugin. -->","yoast_head_json":{"title":"\u00bfQu\u00e9 sucede cuando morimos? - Iglesia Adventista del S\u00e9ptimo D\u00eda - Divisi\u00f3n Interamericana","robots":{"index":"index","follow":"follow","max-snippet":"max-snippet:-1","max-image-preview":"max-image-preview:large","max-video-preview":"max-video-preview:-1"},"canonical":"https:\/\/interamerica.org\/es\/2023\/10\/que-sucede-cuando-morimos\/","og_locale":"es_ES","og_type":"article","og_title":"\u00bfQu\u00e9 sucede cuando morimos? - Iglesia Adventista del S\u00e9ptimo D\u00eda - Divisi\u00f3n Interamericana","og_description":"27 de octubre del\u00a0 2023 | Silver Spring, Maryland, Estados Unidos | Ted N.C. Wilson, President de la Asociaci\u00f3n General de los Adventistas del S\u00e9ptimo D\u00eda Saludos amigos. Durante los...","og_url":"https:\/\/interamerica.org\/es\/2023\/10\/que-sucede-cuando-morimos\/","og_site_name":"Iglesia Adventista del S\u00e9ptimo D\u00eda - Divisi\u00f3n Interamericana","article_published_time":"2023-10-27T12:54:59+00:00","article_modified_time":"2023-10-27T16:24:20+00:00","og_image":[{"width":1600,"height":899,"url":"https:\/\/interamerica.org\/wp-content\/uploads\/2023\/10\/tw-state-ofdead-spa.jpg","type":"image\/jpeg"}],"author":"libna","twitter_card":"summary_large_image","twitter_misc":{"Escrito por":"libna","Tiempo de lectura":"7 minutos"},"schema":{"@context":"https:\/\/schema.org","@graph":[{"@type":"Article","@id":"https:\/\/interamerica.org\/es\/2023\/10\/que-sucede-cuando-morimos\/#article","isPartOf":{"@id":"https:\/\/interamerica.org\/es\/2023\/10\/que-sucede-cuando-morimos\/"},"author":{"name":"libna","@id":"https:\/\/interamerica.org\/es\/#\/schema\/person\/29998f2bc2d8bd0d38662909289b54f1"},"headline":"\u00bfQu\u00e9 sucede cuando morimos?","datePublished":"2023-10-27T12:54:59+00:00","dateModified":"2023-10-27T16:24:20+00:00","mainEntityOfPage":{"@id":"https:\/\/interamerica.org\/es\/2023\/10\/que-sucede-cuando-morimos\/"},"wordCount":1489,"image":{"@id":"https:\/\/interamerica.org\/es\/2023\/10\/que-sucede-cuando-morimos\/#primaryimage"},"thumbnailUrl":"https:\/\/interamerica.org\/wp-content\/uploads\/2023\/10\/tw-state-ofdead-spa.jpg","articleSection":["Desde la iglesia mundial","RSS Espa\u00f1ol"],"inLanguage":"es"},{"@type":"WebPage","@id":"https:\/\/interamerica.org\/es\/2023\/10\/que-sucede-cuando-morimos\/","url":"https:\/\/interamerica.org\/es\/2023\/10\/que-sucede-cuando-morimos\/","name":"\u00bfQu\u00e9 sucede cuando morimos? - Iglesia Adventista del S\u00e9ptimo D\u00eda - Divisi\u00f3n Interamericana","isPartOf":{"@id":"https:\/\/interamerica.org\/es\/#website"},"primaryImageOfPage":{"@id":"https:\/\/interamerica.org\/es\/2023\/10\/que-sucede-cuando-morimos\/#primaryimage"},"image":{"@id":"https:\/\/interamerica.org\/es\/2023\/10\/que-sucede-cuando-morimos\/#primaryimage"},"thumbnailUrl":"https:\/\/interamerica.org\/wp-content\/uploads\/2023\/10\/tw-state-ofdead-spa.jpg","datePublished":"2023-10-27T12:54:59+00:00","dateModified":"2023-10-27T16:24:20+00:00","author":{"@id":"https:\/\/interamerica.org\/es\/#\/schema\/person\/29998f2bc2d8bd0d38662909289b54f1"},"breadcrumb":{"@id":"https:\/\/interamerica.org\/es\/2023\/10\/que-sucede-cuando-morimos\/#breadcrumb"},"inLanguage":"es","potentialAction":[{"@type":"ReadAction","target":["https:\/\/interamerica.org\/es\/2023\/10\/que-sucede-cuando-morimos\/"]}]},{"@type":"ImageObject","inLanguage":"es","@id":"https:\/\/interamerica.org\/es\/2023\/10\/que-sucede-cuando-morimos\/#primaryimage","url":"https:\/\/interamerica.org\/wp-content\/uploads\/2023\/10\/tw-state-ofdead-spa.jpg","contentUrl":"https:\/\/interamerica.org\/wp-content\/uploads\/2023\/10\/tw-state-ofdead-spa.jpg","width":1600,"height":899},{"@type":"BreadcrumbList","@id":"https:\/\/interamerica.org\/es\/2023\/10\/que-sucede-cuando-morimos\/#breadcrumb","itemListElement":[{"@type":"ListItem","position":1,"name":"Home","item":"https:\/\/interamerica.org\/es\/"},{"@type":"ListItem","position":2,"name":"\u00bfQu\u00e9 sucede cuando morimos?"}]},{"@type":"WebSite","@id":"https:\/\/interamerica.org\/es\/#website","url":"https:\/\/interamerica.org\/es\/","name":"Iglesia Adventista del S\u00e9ptimo D\u00eda - Divisi\u00f3n Interamericana","description":"","potentialAction":[{"@type":"SearchAction","target":{"@type":"EntryPoint","urlTemplate":"https:\/\/interamerica.org\/es\/?s={search_term_string}"},"query-input":{"@type":"PropertyValueSpecification","valueRequired":true,"valueName":"search_term_string"}}],"inLanguage":"es"},{"@type":"Person","@id":"https:\/\/interamerica.org\/es\/#\/schema\/person\/29998f2bc2d8bd0d38662909289b54f1","name":"libna","image":{"@type":"ImageObject","inLanguage":"es","@id":"https:\/\/secure.gravatar.com\/avatar\/7c5bd30ae4b47a9ba3c856590957fd1d96dc588bf3ac05719d247e126840331f?s=96&d=mm&r=g","url":"https:\/\/secure.gravatar.com\/avatar\/7c5bd30ae4b47a9ba3c856590957fd1d96dc588bf3ac05719d247e126840331f?s=96&d=mm&r=g","contentUrl":"https:\/\/secure.gravatar.com\/avatar\/7c5bd30ae4b47a9ba3c856590957fd1d96dc588bf3ac05719d247e126840331f?s=96&d=mm&r=g","caption":"libna"}}]}},"_links":{"self":[{"href":"https:\/\/interamerica.org\/es\/wp-json\/wp\/v2\/posts\/105328","targetHints":{"allow":["GET"]}}],"collection":[{"href":"https:\/\/interamerica.org\/es\/wp-json\/wp\/v2\/posts"}],"about":[{"href":"https:\/\/interamerica.org\/es\/wp-json\/wp\/v2\/types\/post"}],"author":[{"embeddable":true,"href":"https:\/\/interamerica.org\/es\/wp-json\/wp\/v2\/users\/3"}],"replies":[{"embeddable":true,"href":"https:\/\/interamerica.org\/es\/wp-json\/wp\/v2\/comments?post=105328"}],"version-history":[{"count":0,"href":"https:\/\/interamerica.org\/es\/wp-json\/wp\/v2\/posts\/105328\/revisions"}],"wp:featuredmedia":[{"embeddable":true,"href":"https:\/\/interamerica.org\/es\/wp-json\/wp\/v2\/media\/105329"}],"wp:attachment":[{"href":"https:\/\/interamerica.org\/es\/wp-json\/wp\/v2\/media?parent=105328"}],"wp:term":[{"taxonomy":"category","embeddable":true,"href":"https:\/\/interamerica.org\/es\/wp-json\/wp\/v2\/categories?post=105328"},{"taxonomy":"post_tag","embeddable":true,"href":"https:\/\/interamerica.org\/es\/wp-json\/wp\/v2\/tags?post=105328"}],"curies":[{"name":"wp","href":"https:\/\/api.w.org\/{rel}","templated":true}]}}