{"id":10533,"date":"2005-06-21T00:00:00","date_gmt":"2005-06-21T04:00:00","guid":{"rendered":"http:\/\/192.81.217.108\/interamerica\/2005\/06\/paises-bajos-miembros-de-iglesia-ahorran-durante-decadas-para-comprar-el-edificio-de-su-iglesia\/"},"modified":"2017-06-02T09:17:12","modified_gmt":"2017-06-02T13:17:12","slug":"paises-bajos-miembros-de-iglesia-ahorran-durante-decadas-para-comprar-el-edificio-de-su-iglesia","status":"publish","type":"post","link":"https:\/\/interamerica.org\/es\/2005\/06\/paises-bajos-miembros-de-iglesia-ahorran-durante-decadas-para-comprar-el-edificio-de-su-iglesia\/","title":{"rendered":"Pa\u00edses Bajos: Miembros de Iglesia Ahorran Durante D\u00e9cadas para Comprar el Edificio de su Iglesia"},"content":{"rendered":"<p>Zelanda, Pa\u00edses Bajos\u2026 [Personal de ANN]<\/p>\n<p>Luego de permanecer vac\u00edo durante dos a\u00f1os, un antiguo edificio de la Iglesia Cat\u00f3lica Romana en la provincia de Zelanda, en los Pa\u00edses Bajos, ser\u00e1 transformado en el hogar de una congregaci\u00f3n adventista del s\u00e9ptimo d\u00eda. Antes de la compra, efectuada el 15 de junio, los 100 miembros de la Iglesia Adventista del S\u00e9ptimo D\u00eda en Zelanda eran la \u00fanica provincia que no ten\u00eda su propio edificio de iglesia.<\/p>\n<p>\u201cConsidero que esta es una verdadera bendici\u00f3n para la iglesia en esta secci\u00f3n del pa\u00eds\u201d, dice el pastor Reinder Bruinsma, presidente de la Iglesia Adventista del S\u00e9ptimo D\u00eda en los Pa\u00edses Bajos. \u201cEsto colocar\u00e1 a la iglesia local m\u00e1s claramente \u2018en el mapa\u2019, y seguramente fortalecer\u00e1 el sentido de misi\u00f3n de los miembros en esta provincia\u201d.<\/p>\n<p>Debido a enormes p\u00e9rdidas de membres\u00eda, la iglesia de 70 a\u00f1os es s\u00f3lo una de las \u00faltimas iglesias cat\u00f3licas que se cierran y son vendidas a otras denominaciones cristianas. Los miembros de la Iglesia Adventista del S\u00e9ptimo D\u00eda en Zelanda \u2013la cual ha existido ah\u00ed por 100 a\u00f1os\u2014han ahorrado durante d\u00e9cadas para comprar su propia casa de adoraci\u00f3n, dice Bruinsma. Ellos lograron conseguir cerca del 40 por ciento de la cantidad requerida para la compra del local, mientras la administraci\u00f3n de la iglesia en los Pa\u00edses Bajos consigui\u00f3 el resto.<\/p>\n<p>La congregaci\u00f3n hab\u00eda estado alquilando un espacio en una Iglesia Menonita, y una Iglesia Reformada Holandesa. El nuevo edificio fue escogido por su s\u00f3lida construcci\u00f3n, su favorable ubicaci\u00f3n y su capacidad para 250 personas sentadas. Con el edificio de la iglesia est\u00e1 una casa, la cual ser\u00e1 adaptada para el trabajo con los ni\u00f1os y los j\u00f3venes.<\/p>\n<p>Aunque la parroquia que vendi\u00f3 tom\u00f3 del edificio los elementos que eran espec\u00edficos del servicio religioso cat\u00f3lico, habr\u00e1 otras modificaciones como quitar el altar y construir un nuevo centro lit\u00fargico y una pila bautismal.<\/p>\n<p>La Iglesia Adventista del S\u00e9ptimo D\u00eda en los Pa\u00edses Bajos tiene ahora m\u00e1s de 4.500 miembros. Los oficiales de la iglesia dicen que, considerando que la iglesia ah\u00ed crece al dos por ciento cada a\u00f1o, ellos pronto tendr\u00e1n que proveer cierto n\u00famero de edificios adicionales para iglesia.<\/p>\n<p><strong>Derechos Reservados \u00ae 2005 por Adventist News Network.<\/strong><\/p>\n","protected":false},"excerpt":{"rendered":"<p>Luego de permanecer vac\u00edo durante dos a\u00f1os, un antiguo edificio de la Iglesia Cat\u00f3lica Romana en la provincia de Zelanda, en los Pa\u00edses Bajos, ser\u00e1 transformado en el hogar de una congregaci\u00f3n adventista del s\u00e9ptimo d\u00eda.<\/p>\n","protected":false},"author":1,"featured_media":0,"comment_status":"closed","ping_status":"closed","sticky":false,"template":"","format":"standard","meta":{"_acf_changed":false,"footnotes":""},"categories":[8],"tags":[],"class_list":["post-10533","post","type-post","status-publish","format-standard","hentry","category-archivo"],"acf":[],"yoast_head":"<!-- This site is optimized with the Yoast SEO plugin v27.3 - https:\/\/yoast.com\/product\/yoast-seo-wordpress\/ -->\n<title>Pa\u00edses Bajos: Miembros de Iglesia Ahorran Durante D\u00e9cadas para Comprar el Edificio de su Iglesia - Iglesia Adventista del S\u00e9ptimo D\u00eda - Divisi\u00f3n Interamericana<\/title>\n<meta name=\"robots\" content=\"index, follow, max-snippet:-1, max-image-preview:large, max-video-preview:-1\" \/>\n<link rel=\"canonical\" href=\"https:\/\/interamerica.org\/es\/2005\/06\/paises-bajos-miembros-de-iglesia-ahorran-durante-decadas-para-comprar-el-edificio-de-su-iglesia\/\" \/>\n<meta property=\"og:locale\" content=\"es_ES\" \/>\n<meta property=\"og:type\" content=\"article\" \/>\n<meta property=\"og:title\" content=\"Pa\u00edses Bajos: Miembros de Iglesia Ahorran Durante D\u00e9cadas para Comprar el Edificio de su Iglesia - Iglesia Adventista del S\u00e9ptimo D\u00eda - Divisi\u00f3n Interamericana\" \/>\n<meta property=\"og:description\" content=\"Luego de permanecer vac\u00edo durante dos a\u00f1os, un antiguo edificio de la Iglesia Cat\u00f3lica Romana en la provincia de Zelanda, en los Pa\u00edses Bajos, ser\u00e1 transformado en el hogar de una congregaci\u00f3n adventista del s\u00e9ptimo d\u00eda.\" \/>\n<meta property=\"og:url\" content=\"https:\/\/interamerica.org\/es\/2005\/06\/paises-bajos-miembros-de-iglesia-ahorran-durante-decadas-para-comprar-el-edificio-de-su-iglesia\/\" \/>\n<meta property=\"og:site_name\" content=\"Iglesia Adventista del S\u00e9ptimo D\u00eda - Divisi\u00f3n Interamericana\" \/>\n<meta property=\"article:published_time\" content=\"2005-06-21T04:00:00+00:00\" \/>\n<meta property=\"article:modified_time\" content=\"2017-06-02T13:17:12+00:00\" \/>\n<meta name=\"author\" content=\"Lorenzo Verduzco\" \/>\n<meta name=\"twitter:card\" content=\"summary_large_image\" \/>\n<meta name=\"twitter:label1\" content=\"Escrito por\" \/>\n\t<meta name=\"twitter:data1\" content=\"Lorenzo Verduzco\" \/>\n\t<meta name=\"twitter:label2\" content=\"Tiempo de lectura\" \/>\n\t<meta name=\"twitter:data2\" content=\"2 minutos\" \/>\n<script type=\"application\/ld+json\" class=\"yoast-schema-graph\">{\"@context\":\"https:\\\/\\\/schema.org\",\"@graph\":[{\"@type\":\"Article\",\"@id\":\"https:\\\/\\\/interamerica.org\\\/es\\\/2005\\\/06\\\/paises-bajos-miembros-de-iglesia-ahorran-durante-decadas-para-comprar-el-edificio-de-su-iglesia\\\/#article\",\"isPartOf\":{\"@id\":\"https:\\\/\\\/interamerica.org\\\/es\\\/2005\\\/06\\\/paises-bajos-miembros-de-iglesia-ahorran-durante-decadas-para-comprar-el-edificio-de-su-iglesia\\\/\"},\"author\":{\"name\":\"Lorenzo Verduzco\",\"@id\":\"https:\\\/\\\/interamerica.org\\\/es\\\/#\\\/schema\\\/person\\\/68ede8bdc292885bb76c1e3810e73c39\"},\"headline\":\"Pa\u00edses Bajos: Miembros de Iglesia Ahorran Durante D\u00e9cadas para Comprar el Edificio de su Iglesia\",\"datePublished\":\"2005-06-21T04:00:00+00:00\",\"dateModified\":\"2017-06-02T13:17:12+00:00\",\"mainEntityOfPage\":{\"@id\":\"https:\\\/\\\/interamerica.org\\\/es\\\/2005\\\/06\\\/paises-bajos-miembros-de-iglesia-ahorran-durante-decadas-para-comprar-el-edificio-de-su-iglesia\\\/\"},\"wordCount\":424,\"articleSection\":[\"Archivo\"],\"inLanguage\":\"es\"},{\"@type\":\"WebPage\",\"@id\":\"https:\\\/\\\/interamerica.org\\\/es\\\/2005\\\/06\\\/paises-bajos-miembros-de-iglesia-ahorran-durante-decadas-para-comprar-el-edificio-de-su-iglesia\\\/\",\"url\":\"https:\\\/\\\/interamerica.org\\\/es\\\/2005\\\/06\\\/paises-bajos-miembros-de-iglesia-ahorran-durante-decadas-para-comprar-el-edificio-de-su-iglesia\\\/\",\"name\":\"Pa\u00edses Bajos: Miembros de Iglesia Ahorran Durante D\u00e9cadas para Comprar el Edificio de su Iglesia - Iglesia Adventista del S\u00e9ptimo D\u00eda - Divisi\u00f3n Interamericana\",\"isPartOf\":{\"@id\":\"https:\\\/\\\/interamerica.org\\\/es\\\/#website\"},\"datePublished\":\"2005-06-21T04:00:00+00:00\",\"dateModified\":\"2017-06-02T13:17:12+00:00\",\"author\":{\"@id\":\"https:\\\/\\\/interamerica.org\\\/es\\\/#\\\/schema\\\/person\\\/68ede8bdc292885bb76c1e3810e73c39\"},\"breadcrumb\":{\"@id\":\"https:\\\/\\\/interamerica.org\\\/es\\\/2005\\\/06\\\/paises-bajos-miembros-de-iglesia-ahorran-durante-decadas-para-comprar-el-edificio-de-su-iglesia\\\/#breadcrumb\"},\"inLanguage\":\"es\",\"potentialAction\":[{\"@type\":\"ReadAction\",\"target\":[\"https:\\\/\\\/interamerica.org\\\/es\\\/2005\\\/06\\\/paises-bajos-miembros-de-iglesia-ahorran-durante-decadas-para-comprar-el-edificio-de-su-iglesia\\\/\"]}]},{\"@type\":\"BreadcrumbList\",\"@id\":\"https:\\\/\\\/interamerica.org\\\/es\\\/2005\\\/06\\\/paises-bajos-miembros-de-iglesia-ahorran-durante-decadas-para-comprar-el-edificio-de-su-iglesia\\\/#breadcrumb\",\"itemListElement\":[{\"@type\":\"ListItem\",\"position\":1,\"name\":\"Home\",\"item\":\"https:\\\/\\\/interamerica.org\\\/es\\\/\"},{\"@type\":\"ListItem\",\"position\":2,\"name\":\"Pa\u00edses Bajos: Miembros de Iglesia Ahorran Durante D\u00e9cadas para Comprar el Edificio de su Iglesia\"}]},{\"@type\":\"WebSite\",\"@id\":\"https:\\\/\\\/interamerica.org\\\/es\\\/#website\",\"url\":\"https:\\\/\\\/interamerica.org\\\/es\\\/\",\"name\":\"Iglesia Adventista del S\u00e9ptimo D\u00eda - Divisi\u00f3n Interamericana\",\"description\":\"\",\"potentialAction\":[{\"@type\":\"SearchAction\",\"target\":{\"@type\":\"EntryPoint\",\"urlTemplate\":\"https:\\\/\\\/interamerica.org\\\/es\\\/?s={search_term_string}\"},\"query-input\":{\"@type\":\"PropertyValueSpecification\",\"valueRequired\":true,\"valueName\":\"search_term_string\"}}],\"inLanguage\":\"es\"},{\"@type\":\"Person\",\"@id\":\"https:\\\/\\\/interamerica.org\\\/es\\\/#\\\/schema\\\/person\\\/68ede8bdc292885bb76c1e3810e73c39\",\"name\":\"Lorenzo Verduzco\",\"image\":{\"@type\":\"ImageObject\",\"inLanguage\":\"es\",\"@id\":\"https:\\\/\\\/secure.gravatar.com\\\/avatar\\\/fb81a55b6218459490a9c1dc841a34909185b81904c5337b4b27f7a6fd60c49e?s=96&d=mm&r=g\",\"url\":\"https:\\\/\\\/secure.gravatar.com\\\/avatar\\\/fb81a55b6218459490a9c1dc841a34909185b81904c5337b4b27f7a6fd60c49e?s=96&d=mm&r=g\",\"contentUrl\":\"https:\\\/\\\/secure.gravatar.com\\\/avatar\\\/fb81a55b6218459490a9c1dc841a34909185b81904c5337b4b27f7a6fd60c49e?s=96&d=mm&r=g\",\"caption\":\"Lorenzo Verduzco\"}}]}<\/script>\n<!-- \/ Yoast SEO plugin. -->","yoast_head_json":{"title":"Pa\u00edses Bajos: Miembros de Iglesia Ahorran Durante D\u00e9cadas para Comprar el Edificio de su Iglesia - Iglesia Adventista del S\u00e9ptimo D\u00eda - Divisi\u00f3n Interamericana","robots":{"index":"index","follow":"follow","max-snippet":"max-snippet:-1","max-image-preview":"max-image-preview:large","max-video-preview":"max-video-preview:-1"},"canonical":"https:\/\/interamerica.org\/es\/2005\/06\/paises-bajos-miembros-de-iglesia-ahorran-durante-decadas-para-comprar-el-edificio-de-su-iglesia\/","og_locale":"es_ES","og_type":"article","og_title":"Pa\u00edses Bajos: Miembros de Iglesia Ahorran Durante D\u00e9cadas para Comprar el Edificio de su Iglesia - Iglesia Adventista del S\u00e9ptimo D\u00eda - Divisi\u00f3n Interamericana","og_description":"Luego de permanecer vac\u00edo durante dos a\u00f1os, un antiguo edificio de la Iglesia Cat\u00f3lica Romana en la provincia de Zelanda, en los Pa\u00edses Bajos, ser\u00e1 transformado en el hogar de una congregaci\u00f3n adventista del s\u00e9ptimo d\u00eda.","og_url":"https:\/\/interamerica.org\/es\/2005\/06\/paises-bajos-miembros-de-iglesia-ahorran-durante-decadas-para-comprar-el-edificio-de-su-iglesia\/","og_site_name":"Iglesia Adventista del S\u00e9ptimo D\u00eda - Divisi\u00f3n Interamericana","article_published_time":"2005-06-21T04:00:00+00:00","article_modified_time":"2017-06-02T13:17:12+00:00","author":"Lorenzo Verduzco","twitter_card":"summary_large_image","twitter_misc":{"Escrito por":"Lorenzo Verduzco","Tiempo de lectura":"2 minutos"},"schema":{"@context":"https:\/\/schema.org","@graph":[{"@type":"Article","@id":"https:\/\/interamerica.org\/es\/2005\/06\/paises-bajos-miembros-de-iglesia-ahorran-durante-decadas-para-comprar-el-edificio-de-su-iglesia\/#article","isPartOf":{"@id":"https:\/\/interamerica.org\/es\/2005\/06\/paises-bajos-miembros-de-iglesia-ahorran-durante-decadas-para-comprar-el-edificio-de-su-iglesia\/"},"author":{"name":"Lorenzo Verduzco","@id":"https:\/\/interamerica.org\/es\/#\/schema\/person\/68ede8bdc292885bb76c1e3810e73c39"},"headline":"Pa\u00edses Bajos: Miembros de Iglesia Ahorran Durante D\u00e9cadas para Comprar el Edificio de su Iglesia","datePublished":"2005-06-21T04:00:00+00:00","dateModified":"2017-06-02T13:17:12+00:00","mainEntityOfPage":{"@id":"https:\/\/interamerica.org\/es\/2005\/06\/paises-bajos-miembros-de-iglesia-ahorran-durante-decadas-para-comprar-el-edificio-de-su-iglesia\/"},"wordCount":424,"articleSection":["Archivo"],"inLanguage":"es"},{"@type":"WebPage","@id":"https:\/\/interamerica.org\/es\/2005\/06\/paises-bajos-miembros-de-iglesia-ahorran-durante-decadas-para-comprar-el-edificio-de-su-iglesia\/","url":"https:\/\/interamerica.org\/es\/2005\/06\/paises-bajos-miembros-de-iglesia-ahorran-durante-decadas-para-comprar-el-edificio-de-su-iglesia\/","name":"Pa\u00edses Bajos: Miembros de Iglesia Ahorran Durante D\u00e9cadas para Comprar el Edificio de su Iglesia - Iglesia Adventista del S\u00e9ptimo D\u00eda - Divisi\u00f3n Interamericana","isPartOf":{"@id":"https:\/\/interamerica.org\/es\/#website"},"datePublished":"2005-06-21T04:00:00+00:00","dateModified":"2017-06-02T13:17:12+00:00","author":{"@id":"https:\/\/interamerica.org\/es\/#\/schema\/person\/68ede8bdc292885bb76c1e3810e73c39"},"breadcrumb":{"@id":"https:\/\/interamerica.org\/es\/2005\/06\/paises-bajos-miembros-de-iglesia-ahorran-durante-decadas-para-comprar-el-edificio-de-su-iglesia\/#breadcrumb"},"inLanguage":"es","potentialAction":[{"@type":"ReadAction","target":["https:\/\/interamerica.org\/es\/2005\/06\/paises-bajos-miembros-de-iglesia-ahorran-durante-decadas-para-comprar-el-edificio-de-su-iglesia\/"]}]},{"@type":"BreadcrumbList","@id":"https:\/\/interamerica.org\/es\/2005\/06\/paises-bajos-miembros-de-iglesia-ahorran-durante-decadas-para-comprar-el-edificio-de-su-iglesia\/#breadcrumb","itemListElement":[{"@type":"ListItem","position":1,"name":"Home","item":"https:\/\/interamerica.org\/es\/"},{"@type":"ListItem","position":2,"name":"Pa\u00edses Bajos: Miembros de Iglesia Ahorran Durante D\u00e9cadas para Comprar el Edificio de su Iglesia"}]},{"@type":"WebSite","@id":"https:\/\/interamerica.org\/es\/#website","url":"https:\/\/interamerica.org\/es\/","name":"Iglesia Adventista del S\u00e9ptimo D\u00eda - Divisi\u00f3n Interamericana","description":"","potentialAction":[{"@type":"SearchAction","target":{"@type":"EntryPoint","urlTemplate":"https:\/\/interamerica.org\/es\/?s={search_term_string}"},"query-input":{"@type":"PropertyValueSpecification","valueRequired":true,"valueName":"search_term_string"}}],"inLanguage":"es"},{"@type":"Person","@id":"https:\/\/interamerica.org\/es\/#\/schema\/person\/68ede8bdc292885bb76c1e3810e73c39","name":"Lorenzo Verduzco","image":{"@type":"ImageObject","inLanguage":"es","@id":"https:\/\/secure.gravatar.com\/avatar\/fb81a55b6218459490a9c1dc841a34909185b81904c5337b4b27f7a6fd60c49e?s=96&d=mm&r=g","url":"https:\/\/secure.gravatar.com\/avatar\/fb81a55b6218459490a9c1dc841a34909185b81904c5337b4b27f7a6fd60c49e?s=96&d=mm&r=g","contentUrl":"https:\/\/secure.gravatar.com\/avatar\/fb81a55b6218459490a9c1dc841a34909185b81904c5337b4b27f7a6fd60c49e?s=96&d=mm&r=g","caption":"Lorenzo Verduzco"}}]}},"_links":{"self":[{"href":"https:\/\/interamerica.org\/es\/wp-json\/wp\/v2\/posts\/10533","targetHints":{"allow":["GET"]}}],"collection":[{"href":"https:\/\/interamerica.org\/es\/wp-json\/wp\/v2\/posts"}],"about":[{"href":"https:\/\/interamerica.org\/es\/wp-json\/wp\/v2\/types\/post"}],"author":[{"embeddable":true,"href":"https:\/\/interamerica.org\/es\/wp-json\/wp\/v2\/users\/1"}],"replies":[{"embeddable":true,"href":"https:\/\/interamerica.org\/es\/wp-json\/wp\/v2\/comments?post=10533"}],"version-history":[{"count":0,"href":"https:\/\/interamerica.org\/es\/wp-json\/wp\/v2\/posts\/10533\/revisions"}],"wp:attachment":[{"href":"https:\/\/interamerica.org\/es\/wp-json\/wp\/v2\/media?parent=10533"}],"wp:term":[{"taxonomy":"category","embeddable":true,"href":"https:\/\/interamerica.org\/es\/wp-json\/wp\/v2\/categories?post=10533"},{"taxonomy":"post_tag","embeddable":true,"href":"https:\/\/interamerica.org\/es\/wp-json\/wp\/v2\/tags?post=10533"}],"curies":[{"name":"wp","href":"https:\/\/api.w.org\/{rel}","templated":true}]}}