{"id":10535,"date":"2005-06-16T00:00:00","date_gmt":"2005-06-16T04:00:00","guid":{"rendered":"http:\/\/192.81.217.108\/interamerica\/2005\/06\/guatemala-el-crecimiento-obliga-a-la-iglesia-a-reorganizarse\/"},"modified":"2017-06-02T09:17:13","modified_gmt":"2017-06-02T13:17:13","slug":"guatemala-el-crecimiento-obliga-a-la-iglesia-a-reorganizarse","status":"publish","type":"post","link":"https:\/\/interamerica.org\/es\/2005\/06\/guatemala-el-crecimiento-obliga-a-la-iglesia-a-reorganizarse\/","title":{"rendered":"Guatemala: El Crecimiento Obliga a la Iglesia a Reorganizarse\u00a0"},"content":{"rendered":"<p>Ciudad de Guatemala, Guatemala\u2026[Libna Stevens\/Personal de la DIA]<\/p>\n<p>En menos de cuatro a\u00f1os, la Iglesia Adventista del S\u00e9ptimo D\u00eda en Guatemala ha crecido, desde ser una conferencia hasta convertirse en una uni\u00f3n con tres campos locales. En el mes de mayo, la iglesia organiz\u00f3 dos campos adicionales para atender a las crecientes necesidades de sus m\u00e1s de 155.000 miembros.<\/p>\n<p>La recientemente organizada Misi\u00f3n Guatemalteca del Sur, que ostenta m\u00e1s de 32.000 miembros, naci\u00f3 de la fuerte Misi\u00f3n Guatemalteca de Occidente, la cual ten\u00eda 80.000 miembros, abarcando dos regiones geogr\u00e1ficas: una ubicada arriba, en las monta\u00f1as, y la otra en la costa, de acuerdo con el pastor Israel Leito, presidente de la iglesia en \u00cdnter Am\u00e9rica. El pastor Leito estuvo presente cuando la misi\u00f3n fue oficialmente organizada.<\/p>\n<p>\u201cSe hizo necesario reorganizar este enorme campo (la Misi\u00f3n Occidental), tanto en membres\u00eda como en territorio\u201d, dice el pastor Leito. \u201cLa Misi\u00f3n del Sur tiene un capital operativo del 106%, un 325% de liquidez, y una reci\u00e9n desempacada oficina, construida y abastecida con todos los equipos modernos necesarios para la operaci\u00f3n de un campo local en esta Divisi\u00f3n\u201d, a\u00f1adi\u00f3 \u00e9l.<\/p>\n<p>La Misi\u00f3n Guatemalteca del Sur est\u00e1 localizada en la ciudad de Mazatenango, en la secci\u00f3n sur del pa\u00eds.<\/p>\n<p>Del mismo modo, otra misi\u00f3n fue organizada recientemente en la ciudad capital. La Asociaci\u00f3n de Guatemala, la cual cubre la ciudad de Guatemala y las \u00e1reas circundantes, ha sido recientemente organizada, dejando la ciudad capital para ser atendida solamente por esa Asociaci\u00f3n. Estos cambios crearon la Misi\u00f3n Central de Guatemala. La nueva misi\u00f3n comenz\u00f3 aproximadamente con 14.000 miembros, un capital operativo de 100.6%, y un 160% de liquidez, de acuerdo con el pastor Leito.<\/p>\n<p>\u201cLos ministros y los laicos han mostrado una maravillosa dedicaci\u00f3n en su trabajo con este nuevo campo, el cual hab\u00eda estado operando como una Misi\u00f3n experimental durante m\u00e1s de dos a\u00f1os, y ahora ha sido organizado formalmente como una Misi\u00f3n\u201d, explica el pastor Leito. \u201cComienza con una buena situaci\u00f3n financiera, varias escuelas y numerosos edificios de iglesia, y con todos los recursos dispuestos para la construcci\u00f3n de su nueva sede\u201d, agrega \u00e9l.<\/p>\n<p>La Uni\u00f3n Centroamericana del Norte, ubicada en la ciudad de Guatemala, est\u00e1 comprendida por cinco campos en Guatemala y uno en Belice, y m\u00e1s de 183.000 miembros que adoran en 618 iglesias y congregaciones.<\/p>\n","protected":false},"excerpt":{"rendered":"<p>En menos de cuatro a\u00f1os, la Iglesia Adventista del S\u00e9ptimo D\u00eda en Guatemala ha crecido, desde ser una conferencia hasta convertirse en una uni\u00f3n con tres campos locales.<\/p>\n","protected":false},"author":1,"featured_media":0,"comment_status":"closed","ping_status":"closed","sticky":false,"template":"","format":"standard","meta":{"_acf_changed":false,"footnotes":""},"categories":[8],"tags":[],"class_list":["post-10535","post","type-post","status-publish","format-standard","hentry","category-archivo"],"acf":[],"yoast_head":"<!-- This site is optimized with the Yoast SEO plugin v27.3 - https:\/\/yoast.com\/product\/yoast-seo-wordpress\/ -->\n<title>Guatemala: El Crecimiento Obliga a la Iglesia a Reorganizarse\u00a0 - Iglesia Adventista del S\u00e9ptimo D\u00eda - Divisi\u00f3n Interamericana<\/title>\n<meta name=\"robots\" content=\"index, follow, max-snippet:-1, max-image-preview:large, max-video-preview:-1\" \/>\n<link rel=\"canonical\" href=\"https:\/\/interamerica.org\/es\/2005\/06\/guatemala-el-crecimiento-obliga-a-la-iglesia-a-reorganizarse\/\" \/>\n<meta property=\"og:locale\" content=\"es_ES\" \/>\n<meta property=\"og:type\" content=\"article\" \/>\n<meta property=\"og:title\" content=\"Guatemala: El Crecimiento Obliga a la Iglesia a Reorganizarse\u00a0 - Iglesia Adventista del S\u00e9ptimo D\u00eda - Divisi\u00f3n Interamericana\" \/>\n<meta property=\"og:description\" content=\"En menos de cuatro a\u00f1os, la Iglesia Adventista del S\u00e9ptimo D\u00eda en Guatemala ha crecido, desde ser una conferencia hasta convertirse en una uni\u00f3n con tres campos locales.\" \/>\n<meta property=\"og:url\" content=\"https:\/\/interamerica.org\/es\/2005\/06\/guatemala-el-crecimiento-obliga-a-la-iglesia-a-reorganizarse\/\" \/>\n<meta property=\"og:site_name\" content=\"Iglesia Adventista del S\u00e9ptimo D\u00eda - Divisi\u00f3n Interamericana\" \/>\n<meta property=\"article:published_time\" content=\"2005-06-16T04:00:00+00:00\" \/>\n<meta property=\"article:modified_time\" content=\"2017-06-02T13:17:13+00:00\" \/>\n<meta name=\"author\" content=\"Lorenzo Verduzco\" \/>\n<meta name=\"twitter:card\" content=\"summary_large_image\" \/>\n<meta name=\"twitter:label1\" content=\"Escrito por\" \/>\n\t<meta name=\"twitter:data1\" content=\"Lorenzo Verduzco\" \/>\n\t<meta name=\"twitter:label2\" content=\"Tiempo de lectura\" \/>\n\t<meta name=\"twitter:data2\" content=\"2 minutos\" \/>\n<script type=\"application\/ld+json\" class=\"yoast-schema-graph\">{\"@context\":\"https:\\\/\\\/schema.org\",\"@graph\":[{\"@type\":\"Article\",\"@id\":\"https:\\\/\\\/interamerica.org\\\/es\\\/2005\\\/06\\\/guatemala-el-crecimiento-obliga-a-la-iglesia-a-reorganizarse\\\/#article\",\"isPartOf\":{\"@id\":\"https:\\\/\\\/interamerica.org\\\/es\\\/2005\\\/06\\\/guatemala-el-crecimiento-obliga-a-la-iglesia-a-reorganizarse\\\/\"},\"author\":{\"name\":\"Lorenzo Verduzco\",\"@id\":\"https:\\\/\\\/interamerica.org\\\/es\\\/#\\\/schema\\\/person\\\/68ede8bdc292885bb76c1e3810e73c39\"},\"headline\":\"Guatemala: El Crecimiento Obliga a la Iglesia a Reorganizarse\u00a0\",\"datePublished\":\"2005-06-16T04:00:00+00:00\",\"dateModified\":\"2017-06-02T13:17:13+00:00\",\"mainEntityOfPage\":{\"@id\":\"https:\\\/\\\/interamerica.org\\\/es\\\/2005\\\/06\\\/guatemala-el-crecimiento-obliga-a-la-iglesia-a-reorganizarse\\\/\"},\"wordCount\":423,\"articleSection\":[\"Archivo\"],\"inLanguage\":\"es\"},{\"@type\":\"WebPage\",\"@id\":\"https:\\\/\\\/interamerica.org\\\/es\\\/2005\\\/06\\\/guatemala-el-crecimiento-obliga-a-la-iglesia-a-reorganizarse\\\/\",\"url\":\"https:\\\/\\\/interamerica.org\\\/es\\\/2005\\\/06\\\/guatemala-el-crecimiento-obliga-a-la-iglesia-a-reorganizarse\\\/\",\"name\":\"Guatemala: El Crecimiento Obliga a la Iglesia a Reorganizarse\u00a0 - Iglesia Adventista del S\u00e9ptimo D\u00eda - Divisi\u00f3n Interamericana\",\"isPartOf\":{\"@id\":\"https:\\\/\\\/interamerica.org\\\/es\\\/#website\"},\"datePublished\":\"2005-06-16T04:00:00+00:00\",\"dateModified\":\"2017-06-02T13:17:13+00:00\",\"author\":{\"@id\":\"https:\\\/\\\/interamerica.org\\\/es\\\/#\\\/schema\\\/person\\\/68ede8bdc292885bb76c1e3810e73c39\"},\"breadcrumb\":{\"@id\":\"https:\\\/\\\/interamerica.org\\\/es\\\/2005\\\/06\\\/guatemala-el-crecimiento-obliga-a-la-iglesia-a-reorganizarse\\\/#breadcrumb\"},\"inLanguage\":\"es\",\"potentialAction\":[{\"@type\":\"ReadAction\",\"target\":[\"https:\\\/\\\/interamerica.org\\\/es\\\/2005\\\/06\\\/guatemala-el-crecimiento-obliga-a-la-iglesia-a-reorganizarse\\\/\"]}]},{\"@type\":\"BreadcrumbList\",\"@id\":\"https:\\\/\\\/interamerica.org\\\/es\\\/2005\\\/06\\\/guatemala-el-crecimiento-obliga-a-la-iglesia-a-reorganizarse\\\/#breadcrumb\",\"itemListElement\":[{\"@type\":\"ListItem\",\"position\":1,\"name\":\"Home\",\"item\":\"https:\\\/\\\/interamerica.org\\\/es\\\/\"},{\"@type\":\"ListItem\",\"position\":2,\"name\":\"Guatemala: El Crecimiento Obliga a la Iglesia a Reorganizarse\u00a0\"}]},{\"@type\":\"WebSite\",\"@id\":\"https:\\\/\\\/interamerica.org\\\/es\\\/#website\",\"url\":\"https:\\\/\\\/interamerica.org\\\/es\\\/\",\"name\":\"Iglesia Adventista del S\u00e9ptimo D\u00eda - Divisi\u00f3n Interamericana\",\"description\":\"\",\"potentialAction\":[{\"@type\":\"SearchAction\",\"target\":{\"@type\":\"EntryPoint\",\"urlTemplate\":\"https:\\\/\\\/interamerica.org\\\/es\\\/?s={search_term_string}\"},\"query-input\":{\"@type\":\"PropertyValueSpecification\",\"valueRequired\":true,\"valueName\":\"search_term_string\"}}],\"inLanguage\":\"es\"},{\"@type\":\"Person\",\"@id\":\"https:\\\/\\\/interamerica.org\\\/es\\\/#\\\/schema\\\/person\\\/68ede8bdc292885bb76c1e3810e73c39\",\"name\":\"Lorenzo Verduzco\",\"image\":{\"@type\":\"ImageObject\",\"inLanguage\":\"es\",\"@id\":\"https:\\\/\\\/secure.gravatar.com\\\/avatar\\\/fb81a55b6218459490a9c1dc841a34909185b81904c5337b4b27f7a6fd60c49e?s=96&d=mm&r=g\",\"url\":\"https:\\\/\\\/secure.gravatar.com\\\/avatar\\\/fb81a55b6218459490a9c1dc841a34909185b81904c5337b4b27f7a6fd60c49e?s=96&d=mm&r=g\",\"contentUrl\":\"https:\\\/\\\/secure.gravatar.com\\\/avatar\\\/fb81a55b6218459490a9c1dc841a34909185b81904c5337b4b27f7a6fd60c49e?s=96&d=mm&r=g\",\"caption\":\"Lorenzo Verduzco\"}}]}<\/script>\n<!-- \/ Yoast SEO plugin. -->","yoast_head_json":{"title":"Guatemala: El Crecimiento Obliga a la Iglesia a Reorganizarse\u00a0 - Iglesia Adventista del S\u00e9ptimo D\u00eda - Divisi\u00f3n Interamericana","robots":{"index":"index","follow":"follow","max-snippet":"max-snippet:-1","max-image-preview":"max-image-preview:large","max-video-preview":"max-video-preview:-1"},"canonical":"https:\/\/interamerica.org\/es\/2005\/06\/guatemala-el-crecimiento-obliga-a-la-iglesia-a-reorganizarse\/","og_locale":"es_ES","og_type":"article","og_title":"Guatemala: El Crecimiento Obliga a la Iglesia a Reorganizarse\u00a0 - Iglesia Adventista del S\u00e9ptimo D\u00eda - Divisi\u00f3n Interamericana","og_description":"En menos de cuatro a\u00f1os, la Iglesia Adventista del S\u00e9ptimo D\u00eda en Guatemala ha crecido, desde ser una conferencia hasta convertirse en una uni\u00f3n con tres campos locales.","og_url":"https:\/\/interamerica.org\/es\/2005\/06\/guatemala-el-crecimiento-obliga-a-la-iglesia-a-reorganizarse\/","og_site_name":"Iglesia Adventista del S\u00e9ptimo D\u00eda - Divisi\u00f3n Interamericana","article_published_time":"2005-06-16T04:00:00+00:00","article_modified_time":"2017-06-02T13:17:13+00:00","author":"Lorenzo Verduzco","twitter_card":"summary_large_image","twitter_misc":{"Escrito por":"Lorenzo Verduzco","Tiempo de lectura":"2 minutos"},"schema":{"@context":"https:\/\/schema.org","@graph":[{"@type":"Article","@id":"https:\/\/interamerica.org\/es\/2005\/06\/guatemala-el-crecimiento-obliga-a-la-iglesia-a-reorganizarse\/#article","isPartOf":{"@id":"https:\/\/interamerica.org\/es\/2005\/06\/guatemala-el-crecimiento-obliga-a-la-iglesia-a-reorganizarse\/"},"author":{"name":"Lorenzo Verduzco","@id":"https:\/\/interamerica.org\/es\/#\/schema\/person\/68ede8bdc292885bb76c1e3810e73c39"},"headline":"Guatemala: El Crecimiento Obliga a la Iglesia a Reorganizarse\u00a0","datePublished":"2005-06-16T04:00:00+00:00","dateModified":"2017-06-02T13:17:13+00:00","mainEntityOfPage":{"@id":"https:\/\/interamerica.org\/es\/2005\/06\/guatemala-el-crecimiento-obliga-a-la-iglesia-a-reorganizarse\/"},"wordCount":423,"articleSection":["Archivo"],"inLanguage":"es"},{"@type":"WebPage","@id":"https:\/\/interamerica.org\/es\/2005\/06\/guatemala-el-crecimiento-obliga-a-la-iglesia-a-reorganizarse\/","url":"https:\/\/interamerica.org\/es\/2005\/06\/guatemala-el-crecimiento-obliga-a-la-iglesia-a-reorganizarse\/","name":"Guatemala: El Crecimiento Obliga a la Iglesia a Reorganizarse\u00a0 - Iglesia Adventista del S\u00e9ptimo D\u00eda - Divisi\u00f3n Interamericana","isPartOf":{"@id":"https:\/\/interamerica.org\/es\/#website"},"datePublished":"2005-06-16T04:00:00+00:00","dateModified":"2017-06-02T13:17:13+00:00","author":{"@id":"https:\/\/interamerica.org\/es\/#\/schema\/person\/68ede8bdc292885bb76c1e3810e73c39"},"breadcrumb":{"@id":"https:\/\/interamerica.org\/es\/2005\/06\/guatemala-el-crecimiento-obliga-a-la-iglesia-a-reorganizarse\/#breadcrumb"},"inLanguage":"es","potentialAction":[{"@type":"ReadAction","target":["https:\/\/interamerica.org\/es\/2005\/06\/guatemala-el-crecimiento-obliga-a-la-iglesia-a-reorganizarse\/"]}]},{"@type":"BreadcrumbList","@id":"https:\/\/interamerica.org\/es\/2005\/06\/guatemala-el-crecimiento-obliga-a-la-iglesia-a-reorganizarse\/#breadcrumb","itemListElement":[{"@type":"ListItem","position":1,"name":"Home","item":"https:\/\/interamerica.org\/es\/"},{"@type":"ListItem","position":2,"name":"Guatemala: El Crecimiento Obliga a la Iglesia a Reorganizarse\u00a0"}]},{"@type":"WebSite","@id":"https:\/\/interamerica.org\/es\/#website","url":"https:\/\/interamerica.org\/es\/","name":"Iglesia Adventista del S\u00e9ptimo D\u00eda - Divisi\u00f3n Interamericana","description":"","potentialAction":[{"@type":"SearchAction","target":{"@type":"EntryPoint","urlTemplate":"https:\/\/interamerica.org\/es\/?s={search_term_string}"},"query-input":{"@type":"PropertyValueSpecification","valueRequired":true,"valueName":"search_term_string"}}],"inLanguage":"es"},{"@type":"Person","@id":"https:\/\/interamerica.org\/es\/#\/schema\/person\/68ede8bdc292885bb76c1e3810e73c39","name":"Lorenzo Verduzco","image":{"@type":"ImageObject","inLanguage":"es","@id":"https:\/\/secure.gravatar.com\/avatar\/fb81a55b6218459490a9c1dc841a34909185b81904c5337b4b27f7a6fd60c49e?s=96&d=mm&r=g","url":"https:\/\/secure.gravatar.com\/avatar\/fb81a55b6218459490a9c1dc841a34909185b81904c5337b4b27f7a6fd60c49e?s=96&d=mm&r=g","contentUrl":"https:\/\/secure.gravatar.com\/avatar\/fb81a55b6218459490a9c1dc841a34909185b81904c5337b4b27f7a6fd60c49e?s=96&d=mm&r=g","caption":"Lorenzo Verduzco"}}]}},"_links":{"self":[{"href":"https:\/\/interamerica.org\/es\/wp-json\/wp\/v2\/posts\/10535","targetHints":{"allow":["GET"]}}],"collection":[{"href":"https:\/\/interamerica.org\/es\/wp-json\/wp\/v2\/posts"}],"about":[{"href":"https:\/\/interamerica.org\/es\/wp-json\/wp\/v2\/types\/post"}],"author":[{"embeddable":true,"href":"https:\/\/interamerica.org\/es\/wp-json\/wp\/v2\/users\/1"}],"replies":[{"embeddable":true,"href":"https:\/\/interamerica.org\/es\/wp-json\/wp\/v2\/comments?post=10535"}],"version-history":[{"count":0,"href":"https:\/\/interamerica.org\/es\/wp-json\/wp\/v2\/posts\/10535\/revisions"}],"wp:attachment":[{"href":"https:\/\/interamerica.org\/es\/wp-json\/wp\/v2\/media?parent=10535"}],"wp:term":[{"taxonomy":"category","embeddable":true,"href":"https:\/\/interamerica.org\/es\/wp-json\/wp\/v2\/categories?post=10535"},{"taxonomy":"post_tag","embeddable":true,"href":"https:\/\/interamerica.org\/es\/wp-json\/wp\/v2\/tags?post=10535"}],"curies":[{"name":"wp","href":"https:\/\/api.w.org\/{rel}","templated":true}]}}