{"id":10537,"date":"2005-06-24T00:00:00","date_gmt":"2005-06-24T04:00:00","guid":{"rendered":"http:\/\/192.81.217.108\/interamerica\/2005\/06\/inter-america-develara-su-exhibicion-vivangelismo-en-sesion-de-la-ag\/"},"modified":"2017-06-02T09:17:11","modified_gmt":"2017-06-02T13:17:11","slug":"inter-america-develara-su-exhibicion-vivangelismo-en-sesion-de-la-ag","status":"publish","type":"post","link":"https:\/\/interamerica.org\/es\/2005\/06\/inter-america-develara-su-exhibicion-vivangelismo-en-sesion-de-la-ag\/","title":{"rendered":"\u00cdnter Am\u00e9rica Develar\u00e1 su Exhibici\u00f3n Vivangelismo en Sesi\u00f3n de la AG"},"content":{"rendered":"<p>Miami, Forida, Estados Unidos [Libna Stevens\/DIA] \u00cdnter-Am\u00e9rica tendr\u00e1 la oportunidad este a\u00f1o de exhibir las 37 banderas de sus 15 uniones o regiones en la Sesi\u00f3n de Asociaci\u00f3n General Adventista del S\u00e9ptimo D\u00eda en el America&#8217;s Center en St. Louis, Missouri, Estados Unidos, del 30 de junio al 9 de julio. <\/p>\n<p>La cabina de exhibici\u00f3n le dar\u00e1 la bienvenida a 70 mil personas que se espera asistan al evento con el tema de este quinquenio, \u00abViviendo el Evangelio, una cultura para \u00cdnter-Am\u00e9rica\u00bb. Los visitantes a la cabina de exhibici\u00f3n de 10&#215;30\u00a0le dar\u00e1n una ojeada de lo que est\u00e1 haciendo la iglesia en \u00cdnter Am\u00e9rica en el contexto de la misi\u00f3n de la iglesia.<\/p>\n<p>Este a\u00f1o, todos los territorios de las uniones de la iglesia estar\u00e1n representados en diferentes ocasiones durante los 10 d\u00edas de la sesi\u00f3n, dice la se\u00f1ora Belkis Archbold,\u00a0Asistente Administrativa de la DIA,\u00a0a cargo de la cabina.<\/p>\n<p>\u00abHabr\u00e1 una pantalla\u00a0con las actividades que funcionar\u00e1 continuamente y las realizaciones en cada uno de los territorios de las uniones, \u00abdice Archbold. <\/p>\n<p>\u00abCada uno de los 2.000 delegados designados para las reuniones recibir\u00e1 un regalo especial y las personas que pasan cerca tambi\u00e9n recibir\u00e1n recuerdos de los diversos pa\u00edses que abarca nuestra divisi\u00f3n\u00bb, agrega\u00a0ella.<\/p>\n<p>Los visitantes a la cabina de\u00a0exposici\u00f3n, que est\u00e1 cerca de la entrada principal No.1406-08-010, tambi\u00e9n recibir\u00e1n un librete con una breve explicaci\u00f3n de la misi\u00f3n y\u00a0visi\u00f3n de la DIA, y de los\u00a0logros alcanzados en su plane estrat\u00e9gico durante los \u00faltimos cinco a\u00f1os, as\u00ed como un perfil de cada una de sus uniones. <\/p>\n<p>Ofrecer\u00e1n a los Laicos Adventistas e Industrias de Servicio de \u00cdnter Am\u00e9rica y de la Fundaci\u00f3n Educativa para el Cuidado de los Ni\u00f1os, tambi\u00e9n en la cabina de\u00a0exposici\u00f3n de la\u00a0DIA. <\/p>\n<p>Tambi\u00e9n, las instituciones educativas de \u00cdnter Am\u00e9rica presentar\u00e1n sus universidades y colegios en otra cabina reservada en el centro de\u00a0exposici\u00f3n del\u00a0centro de convenciones. Las casas editoriales de la DIA y la compa\u00f1\u00eda de alimentos naturales, tambi\u00e9n ofrecer\u00e1n sus productos en la secci\u00f3n comercial del centro. <\/p>\n<p>Los siguientes son los d\u00edas y las horas en que las uniones y las organizaciones de la DIA ser\u00e1n\u00a0programadas en la cabina de\u00a0exposici\u00f3n de la DIA:<\/p>\n<p><U  >Jueves, 30 de junio 2005<\/u><\/p>\n<p>9:00 a.m. &#8211; 1.30 p.m.\u00a0Uni\u00f3n Centroamericana del Norte<\/p>\n<p>1:30 p.m. &#8211; 6:30 pm. Uni\u00f3n Centroamericana del Sur<\/p>\n<p><U  >Viernes, julio1, 2005<\/u><\/p>\n<p>9: a.m. -1::30 p.m. Uni\u00f3n del Caribe<\/p>\n<p>1:30 p.m. &#8211; 6:30 p.m. Uni\u00f3n Cubana<\/p>\n<p><STRONG  >S\u00e1bado, 2 de Julio, 2005<\/STRONG  ><\/p>\n<p><STRONG  >1:30 p.m. &#8211; 6:30 p.m. \u2013 Uni\u00f3n Colombiana<\/STRONG  ><\/p>\n<p><U  ><\/p>\n<p><STRONG  >Domingo, 3 de Julio, 2005<\/STRONG  ><\/p>\n<p><\/u><\/p>\n<p><STRONG  >9:00 a.m. &#8211; 1:30 p.m. \u2013 Uni\u00f3n Indias Occidentales<\/STRONG  ><\/p>\n<p><STRONG  >1:30 p.m. &#8211; 6:30 p.m. \u2013 Uni\u00f3n Haitiana<\/STRONG  ><\/p>\n<p><U  ><\/p>\n<p><STRONG  >Lunes, 4 de julio, 2005<\/STRONG  ><\/p>\n<p><\/u><\/p>\n<p><STRONG  >9:00 a.m. &#8211; 1:30 p.m. \u2013 Uni\u00f3n Antillana y\u00a0Guiana\u00a0Francesa<\/STRONG  ><\/p>\n<p><STRONG  >1:30 p.m. &#8211; 6:30 p.m. \u2013 Uni\u00f3n Central Centroamerican<\/STRONG  ><\/p>\n<p><U  ><\/p>\n<p><STRONG  ><\/STRONG  >\u00a0Martes<STRONG  >, 5 de julio, 2005<\/STRONG  ><\/p>\n<p><\/u><\/p>\n<p><STRONG  >9:00 a.m. &#8211; 1:30 p.m. \u2013 Uni\u00f3n Mejicana del Norte<\/STRONG  ><\/p>\n<p><STRONG  >1:30 p.m. &#8211; 6:30 p.m. \u2013 Uni\u00f3n \u00cdnter Oce\u00e1nica de M\u00e9xico <\/STRONG  ><\/p>\n<p><U  ><\/p>\n<p><STRONG  ><\/STRONG  >\u00a0<STRONG  >Mi\u00e9rcoles,\u00a0 6 de julio, 2005<\/STRONG  ><\/p>\n<p><\/u><\/p>\n<p><STRONG  >9:00 a.m. &#8211; 1:30 p.m. \u2013 Uni\u00f3n Puertorrique\u00f1a<\/STRONG  ><\/p>\n<p><STRONG  >1:30 p.m. &#8211; 6:30 p.m. \u2013 Uni\u00f3n Venezolana Antillana<\/STRONG  ><\/p>\n<p><U  ><\/p>\n<p><STRONG  ><\/STRONG  >\u00a0<\/p>\n<p><STRONG  >Jueves\u00a07 de julio, 2005<\/STRONG  ><\/p>\n<p><\/u><\/p>\n<p><STRONG  >9:00 a.m. &#8211; 1:30 p.m. \u2013 Uni\u00f3n Dominicana<\/STRONG  ><\/p>\n<p><STRONG  >1:30 p.m. &#8211; 6:30 p.m. \u2013 Uni\u00f3n Mexicana del Sur<\/STRONG  ><\/p>\n<p><U  ><\/p>\n<p><STRONG  >Viernes 8 de julio, 2005<\/STRONG  ><\/p>\n<p><\/u><\/p>\n<p><STRONG  >9:00 a.m. &#8211; 1:30 p.m. \u2013 Fundaci\u00f3n Educacional\u00a0para el Cuidado del Ni\u00f1o, Inc.<\/STRONG  ><\/p>\n<p><STRONG  >1:30 p.m. &#8211; 6:30 p.m. \u2013 Servicios e Industrias de Laicos Adventistas ASI<\/STRONG  ><\/p>\n<p><U  ><\/p>\n<p><STRONG  ><\/STRONG  >\u00a0<STRONG  >S\u00e1badp 9 de julio, 2005<\/STRONG  ><\/p>\n<p><\/u><\/p>\n<p><STRONG  >1:30 p.m. &#8211; 6:30 p.m. \u2013 Asociaci\u00f3n Publicadora Interamericana<\/STRONG  ><\/p>\n","protected":false},"excerpt":{"rendered":"<p>La Divisi\u00f3n Interamericana tendr\u00e1 la oportunidad de exhibir las 37 banderas de sus 15 uniones o regiones en la Sesi\u00f3n de la AG este a\u00f1o en el America&#8217;s Center en St. Louis, Missouri, Estados Unidos, de junio 30 a julio 9.<\/p>\n","protected":false},"author":1,"featured_media":0,"comment_status":"closed","ping_status":"closed","sticky":false,"template":"","format":"standard","meta":{"_acf_changed":false,"footnotes":""},"categories":[8],"tags":[],"class_list":["post-10537","post","type-post","status-publish","format-standard","hentry","category-archivo"],"acf":[],"yoast_head":"<!-- This site is optimized with the Yoast SEO plugin v27.3 - https:\/\/yoast.com\/product\/yoast-seo-wordpress\/ -->\n<title>\u00cdnter Am\u00e9rica Develar\u00e1 su Exhibici\u00f3n Vivangelismo en Sesi\u00f3n de la AG - Iglesia Adventista del S\u00e9ptimo D\u00eda - Divisi\u00f3n Interamericana<\/title>\n<meta name=\"robots\" content=\"index, follow, max-snippet:-1, max-image-preview:large, max-video-preview:-1\" \/>\n<link rel=\"canonical\" href=\"https:\/\/interamerica.org\/es\/2005\/06\/inter-america-develara-su-exhibicion-vivangelismo-en-sesion-de-la-ag\/\" \/>\n<meta property=\"og:locale\" content=\"es_ES\" \/>\n<meta property=\"og:type\" content=\"article\" \/>\n<meta property=\"og:title\" content=\"\u00cdnter Am\u00e9rica Develar\u00e1 su Exhibici\u00f3n Vivangelismo en Sesi\u00f3n de la AG - Iglesia Adventista del S\u00e9ptimo D\u00eda - Divisi\u00f3n Interamericana\" \/>\n<meta property=\"og:description\" content=\"La Divisi\u00f3n Interamericana tendr\u00e1 la oportunidad de exhibir las 37 banderas de sus 15 uniones o regiones en la Sesi\u00f3n de la AG este a\u00f1o en el America&#039;s Center en St. Louis, Missouri, Estados Unidos, de junio 30 a julio 9.\" \/>\n<meta property=\"og:url\" content=\"https:\/\/interamerica.org\/es\/2005\/06\/inter-america-develara-su-exhibicion-vivangelismo-en-sesion-de-la-ag\/\" \/>\n<meta property=\"og:site_name\" content=\"Iglesia Adventista del S\u00e9ptimo D\u00eda - Divisi\u00f3n Interamericana\" \/>\n<meta property=\"article:published_time\" content=\"2005-06-24T04:00:00+00:00\" \/>\n<meta property=\"article:modified_time\" content=\"2017-06-02T13:17:11+00:00\" \/>\n<meta name=\"author\" content=\"Lorenzo Verduzco\" \/>\n<meta name=\"twitter:card\" content=\"summary_large_image\" \/>\n<meta name=\"twitter:label1\" content=\"Escrito por\" \/>\n\t<meta name=\"twitter:data1\" content=\"Lorenzo Verduzco\" \/>\n\t<meta name=\"twitter:label2\" content=\"Tiempo de lectura\" \/>\n\t<meta name=\"twitter:data2\" content=\"3 minutos\" \/>\n<script type=\"application\/ld+json\" class=\"yoast-schema-graph\">{\"@context\":\"https:\\\/\\\/schema.org\",\"@graph\":[{\"@type\":\"Article\",\"@id\":\"https:\\\/\\\/interamerica.org\\\/es\\\/2005\\\/06\\\/inter-america-develara-su-exhibicion-vivangelismo-en-sesion-de-la-ag\\\/#article\",\"isPartOf\":{\"@id\":\"https:\\\/\\\/interamerica.org\\\/es\\\/2005\\\/06\\\/inter-america-develara-su-exhibicion-vivangelismo-en-sesion-de-la-ag\\\/\"},\"author\":{\"name\":\"Lorenzo Verduzco\",\"@id\":\"https:\\\/\\\/interamerica.org\\\/es\\\/#\\\/schema\\\/person\\\/68ede8bdc292885bb76c1e3810e73c39\"},\"headline\":\"\u00cdnter Am\u00e9rica Develar\u00e1 su Exhibici\u00f3n Vivangelismo en Sesi\u00f3n de la AG\",\"datePublished\":\"2005-06-24T04:00:00+00:00\",\"dateModified\":\"2017-06-02T13:17:11+00:00\",\"mainEntityOfPage\":{\"@id\":\"https:\\\/\\\/interamerica.org\\\/es\\\/2005\\\/06\\\/inter-america-develara-su-exhibicion-vivangelismo-en-sesion-de-la-ag\\\/\"},\"wordCount\":635,\"articleSection\":[\"Archivo\"],\"inLanguage\":\"es\"},{\"@type\":\"WebPage\",\"@id\":\"https:\\\/\\\/interamerica.org\\\/es\\\/2005\\\/06\\\/inter-america-develara-su-exhibicion-vivangelismo-en-sesion-de-la-ag\\\/\",\"url\":\"https:\\\/\\\/interamerica.org\\\/es\\\/2005\\\/06\\\/inter-america-develara-su-exhibicion-vivangelismo-en-sesion-de-la-ag\\\/\",\"name\":\"\u00cdnter Am\u00e9rica Develar\u00e1 su Exhibici\u00f3n Vivangelismo en Sesi\u00f3n de la AG - Iglesia Adventista del S\u00e9ptimo D\u00eda - Divisi\u00f3n Interamericana\",\"isPartOf\":{\"@id\":\"https:\\\/\\\/interamerica.org\\\/es\\\/#website\"},\"datePublished\":\"2005-06-24T04:00:00+00:00\",\"dateModified\":\"2017-06-02T13:17:11+00:00\",\"author\":{\"@id\":\"https:\\\/\\\/interamerica.org\\\/es\\\/#\\\/schema\\\/person\\\/68ede8bdc292885bb76c1e3810e73c39\"},\"breadcrumb\":{\"@id\":\"https:\\\/\\\/interamerica.org\\\/es\\\/2005\\\/06\\\/inter-america-develara-su-exhibicion-vivangelismo-en-sesion-de-la-ag\\\/#breadcrumb\"},\"inLanguage\":\"es\",\"potentialAction\":[{\"@type\":\"ReadAction\",\"target\":[\"https:\\\/\\\/interamerica.org\\\/es\\\/2005\\\/06\\\/inter-america-develara-su-exhibicion-vivangelismo-en-sesion-de-la-ag\\\/\"]}]},{\"@type\":\"BreadcrumbList\",\"@id\":\"https:\\\/\\\/interamerica.org\\\/es\\\/2005\\\/06\\\/inter-america-develara-su-exhibicion-vivangelismo-en-sesion-de-la-ag\\\/#breadcrumb\",\"itemListElement\":[{\"@type\":\"ListItem\",\"position\":1,\"name\":\"Home\",\"item\":\"https:\\\/\\\/interamerica.org\\\/es\\\/\"},{\"@type\":\"ListItem\",\"position\":2,\"name\":\"\u00cdnter Am\u00e9rica Develar\u00e1 su Exhibici\u00f3n Vivangelismo en Sesi\u00f3n de la AG\"}]},{\"@type\":\"WebSite\",\"@id\":\"https:\\\/\\\/interamerica.org\\\/es\\\/#website\",\"url\":\"https:\\\/\\\/interamerica.org\\\/es\\\/\",\"name\":\"Iglesia Adventista del S\u00e9ptimo D\u00eda - Divisi\u00f3n Interamericana\",\"description\":\"\",\"potentialAction\":[{\"@type\":\"SearchAction\",\"target\":{\"@type\":\"EntryPoint\",\"urlTemplate\":\"https:\\\/\\\/interamerica.org\\\/es\\\/?s={search_term_string}\"},\"query-input\":{\"@type\":\"PropertyValueSpecification\",\"valueRequired\":true,\"valueName\":\"search_term_string\"}}],\"inLanguage\":\"es\"},{\"@type\":\"Person\",\"@id\":\"https:\\\/\\\/interamerica.org\\\/es\\\/#\\\/schema\\\/person\\\/68ede8bdc292885bb76c1e3810e73c39\",\"name\":\"Lorenzo Verduzco\",\"image\":{\"@type\":\"ImageObject\",\"inLanguage\":\"es\",\"@id\":\"https:\\\/\\\/secure.gravatar.com\\\/avatar\\\/fb81a55b6218459490a9c1dc841a34909185b81904c5337b4b27f7a6fd60c49e?s=96&d=mm&r=g\",\"url\":\"https:\\\/\\\/secure.gravatar.com\\\/avatar\\\/fb81a55b6218459490a9c1dc841a34909185b81904c5337b4b27f7a6fd60c49e?s=96&d=mm&r=g\",\"contentUrl\":\"https:\\\/\\\/secure.gravatar.com\\\/avatar\\\/fb81a55b6218459490a9c1dc841a34909185b81904c5337b4b27f7a6fd60c49e?s=96&d=mm&r=g\",\"caption\":\"Lorenzo Verduzco\"}}]}<\/script>\n<!-- \/ Yoast SEO plugin. -->","yoast_head_json":{"title":"\u00cdnter Am\u00e9rica Develar\u00e1 su Exhibici\u00f3n Vivangelismo en Sesi\u00f3n de la AG - Iglesia Adventista del S\u00e9ptimo D\u00eda - Divisi\u00f3n Interamericana","robots":{"index":"index","follow":"follow","max-snippet":"max-snippet:-1","max-image-preview":"max-image-preview:large","max-video-preview":"max-video-preview:-1"},"canonical":"https:\/\/interamerica.org\/es\/2005\/06\/inter-america-develara-su-exhibicion-vivangelismo-en-sesion-de-la-ag\/","og_locale":"es_ES","og_type":"article","og_title":"\u00cdnter Am\u00e9rica Develar\u00e1 su Exhibici\u00f3n Vivangelismo en Sesi\u00f3n de la AG - Iglesia Adventista del S\u00e9ptimo D\u00eda - Divisi\u00f3n Interamericana","og_description":"La Divisi\u00f3n Interamericana tendr\u00e1 la oportunidad de exhibir las 37 banderas de sus 15 uniones o regiones en la Sesi\u00f3n de la AG este a\u00f1o en el America's Center en St. Louis, Missouri, Estados Unidos, de junio 30 a julio 9.","og_url":"https:\/\/interamerica.org\/es\/2005\/06\/inter-america-develara-su-exhibicion-vivangelismo-en-sesion-de-la-ag\/","og_site_name":"Iglesia Adventista del S\u00e9ptimo D\u00eda - Divisi\u00f3n Interamericana","article_published_time":"2005-06-24T04:00:00+00:00","article_modified_time":"2017-06-02T13:17:11+00:00","author":"Lorenzo Verduzco","twitter_card":"summary_large_image","twitter_misc":{"Escrito por":"Lorenzo Verduzco","Tiempo de lectura":"3 minutos"},"schema":{"@context":"https:\/\/schema.org","@graph":[{"@type":"Article","@id":"https:\/\/interamerica.org\/es\/2005\/06\/inter-america-develara-su-exhibicion-vivangelismo-en-sesion-de-la-ag\/#article","isPartOf":{"@id":"https:\/\/interamerica.org\/es\/2005\/06\/inter-america-develara-su-exhibicion-vivangelismo-en-sesion-de-la-ag\/"},"author":{"name":"Lorenzo Verduzco","@id":"https:\/\/interamerica.org\/es\/#\/schema\/person\/68ede8bdc292885bb76c1e3810e73c39"},"headline":"\u00cdnter Am\u00e9rica Develar\u00e1 su Exhibici\u00f3n Vivangelismo en Sesi\u00f3n de la AG","datePublished":"2005-06-24T04:00:00+00:00","dateModified":"2017-06-02T13:17:11+00:00","mainEntityOfPage":{"@id":"https:\/\/interamerica.org\/es\/2005\/06\/inter-america-develara-su-exhibicion-vivangelismo-en-sesion-de-la-ag\/"},"wordCount":635,"articleSection":["Archivo"],"inLanguage":"es"},{"@type":"WebPage","@id":"https:\/\/interamerica.org\/es\/2005\/06\/inter-america-develara-su-exhibicion-vivangelismo-en-sesion-de-la-ag\/","url":"https:\/\/interamerica.org\/es\/2005\/06\/inter-america-develara-su-exhibicion-vivangelismo-en-sesion-de-la-ag\/","name":"\u00cdnter Am\u00e9rica Develar\u00e1 su Exhibici\u00f3n Vivangelismo en Sesi\u00f3n de la AG - Iglesia Adventista del S\u00e9ptimo D\u00eda - Divisi\u00f3n Interamericana","isPartOf":{"@id":"https:\/\/interamerica.org\/es\/#website"},"datePublished":"2005-06-24T04:00:00+00:00","dateModified":"2017-06-02T13:17:11+00:00","author":{"@id":"https:\/\/interamerica.org\/es\/#\/schema\/person\/68ede8bdc292885bb76c1e3810e73c39"},"breadcrumb":{"@id":"https:\/\/interamerica.org\/es\/2005\/06\/inter-america-develara-su-exhibicion-vivangelismo-en-sesion-de-la-ag\/#breadcrumb"},"inLanguage":"es","potentialAction":[{"@type":"ReadAction","target":["https:\/\/interamerica.org\/es\/2005\/06\/inter-america-develara-su-exhibicion-vivangelismo-en-sesion-de-la-ag\/"]}]},{"@type":"BreadcrumbList","@id":"https:\/\/interamerica.org\/es\/2005\/06\/inter-america-develara-su-exhibicion-vivangelismo-en-sesion-de-la-ag\/#breadcrumb","itemListElement":[{"@type":"ListItem","position":1,"name":"Home","item":"https:\/\/interamerica.org\/es\/"},{"@type":"ListItem","position":2,"name":"\u00cdnter Am\u00e9rica Develar\u00e1 su Exhibici\u00f3n Vivangelismo en Sesi\u00f3n de la AG"}]},{"@type":"WebSite","@id":"https:\/\/interamerica.org\/es\/#website","url":"https:\/\/interamerica.org\/es\/","name":"Iglesia Adventista del S\u00e9ptimo D\u00eda - Divisi\u00f3n Interamericana","description":"","potentialAction":[{"@type":"SearchAction","target":{"@type":"EntryPoint","urlTemplate":"https:\/\/interamerica.org\/es\/?s={search_term_string}"},"query-input":{"@type":"PropertyValueSpecification","valueRequired":true,"valueName":"search_term_string"}}],"inLanguage":"es"},{"@type":"Person","@id":"https:\/\/interamerica.org\/es\/#\/schema\/person\/68ede8bdc292885bb76c1e3810e73c39","name":"Lorenzo Verduzco","image":{"@type":"ImageObject","inLanguage":"es","@id":"https:\/\/secure.gravatar.com\/avatar\/fb81a55b6218459490a9c1dc841a34909185b81904c5337b4b27f7a6fd60c49e?s=96&d=mm&r=g","url":"https:\/\/secure.gravatar.com\/avatar\/fb81a55b6218459490a9c1dc841a34909185b81904c5337b4b27f7a6fd60c49e?s=96&d=mm&r=g","contentUrl":"https:\/\/secure.gravatar.com\/avatar\/fb81a55b6218459490a9c1dc841a34909185b81904c5337b4b27f7a6fd60c49e?s=96&d=mm&r=g","caption":"Lorenzo Verduzco"}}]}},"_links":{"self":[{"href":"https:\/\/interamerica.org\/es\/wp-json\/wp\/v2\/posts\/10537","targetHints":{"allow":["GET"]}}],"collection":[{"href":"https:\/\/interamerica.org\/es\/wp-json\/wp\/v2\/posts"}],"about":[{"href":"https:\/\/interamerica.org\/es\/wp-json\/wp\/v2\/types\/post"}],"author":[{"embeddable":true,"href":"https:\/\/interamerica.org\/es\/wp-json\/wp\/v2\/users\/1"}],"replies":[{"embeddable":true,"href":"https:\/\/interamerica.org\/es\/wp-json\/wp\/v2\/comments?post=10537"}],"version-history":[{"count":0,"href":"https:\/\/interamerica.org\/es\/wp-json\/wp\/v2\/posts\/10537\/revisions"}],"wp:attachment":[{"href":"https:\/\/interamerica.org\/es\/wp-json\/wp\/v2\/media?parent=10537"}],"wp:term":[{"taxonomy":"category","embeddable":true,"href":"https:\/\/interamerica.org\/es\/wp-json\/wp\/v2\/categories?post=10537"},{"taxonomy":"post_tag","embeddable":true,"href":"https:\/\/interamerica.org\/es\/wp-json\/wp\/v2\/tags?post=10537"}],"curies":[{"name":"wp","href":"https:\/\/api.w.org\/{rel}","templated":true}]}}