{"id":10538,"date":"2005-06-26T00:00:00","date_gmt":"2005-06-26T04:00:00","guid":{"rendered":"http:\/\/192.81.217.108\/interamerica\/2005\/06\/presidente-de-la-dia-responde-preguntas-acerca-del-congreso-de-la-ag-y-su-impacto-sobre-la-iglesia-en-interamerica\/"},"modified":"2017-06-02T09:17:10","modified_gmt":"2017-06-02T13:17:10","slug":"presidente-de-la-dia-responde-preguntas-acerca-del-congreso-de-la-ag-y-su-impacto-sobre-la-iglesia-en-interamerica","status":"publish","type":"post","link":"https:\/\/interamerica.org\/es\/2005\/06\/presidente-de-la-dia-responde-preguntas-acerca-del-congreso-de-la-ag-y-su-impacto-sobre-la-iglesia-en-interamerica\/","title":{"rendered":"Presidente de la DIA Responde Preguntas Acerca del Congreso de la AG y su impacto sobre la Iglesia en Interam\u00e9rica.\u00a0"},"content":{"rendered":"<p>Miami, Florida, Estados Unidos&#8230;[Libna Stevens\/DIA]<\/p>\n<p>En s\u00f3lo unos pocos d\u00edas, miles de adventistas del s\u00e9ptimo d\u00eda se unir\u00e1n a la delegaci\u00f3n mundial de la iglesia para sus reuniones de negocios en San Luis, Missouri, Estados Unidos, para la reuni\u00f3n quinquenal n\u00famero 58 de la Asociaci\u00f3n General de los Adventistas del S\u00e9ptimo D\u00eda. El congreso se llevar\u00e1 a cabo desde el 30 de\u00a0 junio hasta el 9 de julio.<\/p>\n<p>Ostentando la m\u00e1s grande delegaci\u00f3n de todas las divisiones mundiales, la Divisi\u00f3n Interamericana enviar\u00e1 m\u00e1s de 250 delegados representando a los m\u00e1s de 2,5 millones de miembros que est\u00e1n en su territorio.<\/p>\n<p>Pero el pastor Israel Leito, presidente de la iglesia en \u00cdnter Am\u00e9rica, dice que los n\u00fameros no son el asunto m\u00e1s importante.<\/p>\n<p>\u201cNuestras estad\u00edsticas no deben ser el factor dominante en nuestra participaci\u00f3n en la reuni\u00f3n de negocios\u201d, dice el pastor Leito. \u201cNuestra dedicaci\u00f3n y participaci\u00f3n en el proceso de proveer a la iglesia mundial con ideas aut\u00f3ctonas que puedan ser practicadas en otras partes del mundo, es nuestro objetivo\u201d.<\/p>\n<p>\u201cLa Divisi\u00f3n Interamericana no va al congreso para dominar, sino para contribuir\u201d, agrega \u00e9l.<\/p>\n<p>Una parte de la agenda en la reuni\u00f3n de negocios ser\u00e1 la elecci\u00f3n de l\u00edderes de la iglesia mundial, as\u00ed como l\u00edderes en las divisiones mundiales, lo cual se espera que est\u00e9 definido para el 7 de julio.<\/p>\n<p>El pastor Israel Leito, presidente de la iglesia en \u00cdnter Am\u00e9rica desde 1996, responde preguntas acerca del papel de la DIA y su direcci\u00f3n, cuando comienza un nuevo quinquenio para \u00cdnter Am\u00e9rica.<\/p>\n<p><strong>PREGUNTA: <\/strong>\u00bfQu\u00e9 espera usted de los delegados de la DIA este a\u00f1o, y cu\u00e1n importante es el papel de los delegados para esta sesi\u00f3n?<\/p>\n<p><strong>Pastor Leito:<\/strong> El papel de los delegados a la reuni\u00f3n de negocios de la iglesia es un trabajo importante que los l\u00edderes de la iglesia quieren enfatizar.<\/p>\n<p>Yo espero que los delegados de la DIA sean inspirados por la reuni\u00f3n, pero sobre todo, que ellos perciban una vislumbre fresca de la urgencia de los tiempos en los cuales vivimos, para hacer lo mejor que podamos para llevar el evangelio a todos los habitantes de nuestro territorio. Durante la sesi\u00f3n, yo espero que todos los delegados sean muy responsables al asistir a cada una de las reuniones, y participar activamente contribuyendo con todo lo que tienen para el bien de la iglesia mundial.<\/p>\n<p><strong>PREGUNTA: <\/strong>Con el lema \u00a0\u201cTransformados en Cristo\u201d<\/em>, \u00bfcu\u00e1les son sus sentimientos acerca de este congreso y qu\u00e9 parece diferente en cuanto al \u00e9nfasis para nuestra Divisi\u00f3n en estos tiempos cambiantes?<\/p>\n<p><strong>Pastor Leito:<\/strong> Aunque este congreso parece ser com\u00fan y corriente, la direcci\u00f3n que el presidente de la Asociaci\u00f3n General ha dado a la iglesia, y especialmente a este congreso, es muy importante. \u201cTransformados en Cristo\u201d significa para nosotros que realmente permitamos que Jes\u00fas sea de importancia capital en nuestras vidas y en la manera como hacemos las cosas. Implica que cada d\u00eda debemos estar seguros de que \u00c9l es quien dirige nuestros pensamientos y acciones.<\/p>\n<p><strong>PREGUNTA: <\/strong>\u00bfC\u00f3mo piensa usted que este lema afectar\u00e1 la direcci\u00f3n de la iglesia y la DIA durante el siguiente quinquenio?<\/p>\n<p><strong>Pastor Leito:<\/strong> No hay l\u00edmite para la utilidad de la persona cuando el yo es puesto a un lado, y Cristo se convierte en la fuerza que dirige todo lo que hacemos. Si la iglesia en \u00cdnter Am\u00e9rica puede continuar permitiendo que Cristo sea la fuerza que dirige nuestro camino, no hay l\u00edmite para lo que podamos hacer. Espero un gran reavivamiento, en el cual vivir en Cristo y para \u00c9l pueda desplazar todas aquellas cosas que podr\u00edan entorpecer la obra de Dios. El pr\u00f3ximo quinquenio promete ser uno como ning\u00fan otro.<\/p>\n<p><strong>PREGUNTA: <\/strong>La DIA ha estado a la vanguardia del crecimiento de la iglesia durante los \u00faltimos 20 a\u00f1os. Para el a\u00f1o 2000, la membres\u00eda de la iglesia lleg\u00f3 a dos millones. Este a\u00f1o, la DIA sobrepas\u00f3 la marca de los 2,5 millones de miembros. \u00bfHay algunos objetivos establecidos para que en el 2010 tengamos m\u00e1s de 3 millones de miembros?<\/p>\n<p><strong>Pastor Leito:<\/strong> Ciertamente, la conclusi\u00f3n de nuestro reporte en el congreso de la Asociaci\u00f3n General ser\u00e1 una invitaci\u00f3n para la iglesia mundial a que vengan y celebren con nosotros en el 2010, cuando estamos seguros que habremos pasado la marca de los 3 millones de miembros.<\/p>\n<p><strong>PREGUNTA: <\/strong>\u00bfCu\u00e1n desafiante ha sido para la DIA mantener un crecimiento sostenido en nuestro mundo cambiante?<\/p>\n<p><strong>Pastor Leito:<\/strong> La clave es la capacidad de adaptaci\u00f3n. La DIA ha sido muy ecl\u00e9ctica en su propuesta para la ganancia de las almas. Estamos permitiendo que cada uni\u00f3n escoja y practique lo que les funciona mejor. Estamos siempre impulsando nuevas ideas y m\u00e9todos de trabajo, aprendiendo de otros y constantemente investigando y desarrollando nuevas ideas y m\u00e9todos para responder a este mundo cambiante. Estancarnos y aferrarnos a lo que ha funcionado en el pasado es la manera m\u00e1s segura de resbalar y quedarnos atr\u00e1s. Por la gracia del Se\u00f1or, queremos evitar caer en la trampa de la autosuficiencia, y dormirnos en los \u00e9xitos del pasado, sino siempre desafiarnos a nosotros mismos a que hagamos m\u00e1s, y de una mejor manera.<\/p>\n<p><strong>PREGUNTA: <\/strong>Hay mucho \u00e9nfasis, por parte de la iglesia mundial, respecto a c\u00f3mo necesitamos nosotros como adventistas en las diferentes divisiones mundiales, enfrentar los desaf\u00edos de nutrir y retener el crecimiento en la iglesia. \u00bfQu\u00e9 ha planeado hacer la DIA para nutrir y retener a sus 2,5 millones de miembros y los que vienen?<\/p>\n<p><strong>Pastor Leito:<\/strong> \u00cdnter Am\u00e9rica ha enfrentado este asunto desde el principio del pasado quinquenio, m\u00e1s que en cualquier otro momento. A la par con el crecimiento, nuestro plan estrat\u00e9gico ha requerido la consolidaci\u00f3n de lo que ganamos. La Divisi\u00f3n ha logrado un progreso digno de resaltar en lo que respecta a la retenci\u00f3n de la feligres\u00eda. Nuestra estad\u00edstica de retenci\u00f3n ha mejorado, si se la compara con la del quinquenio anterior, del 97.9% al 98.35%\u00a0 de la feligres\u00eda total. Esta ha sido la raz\u00f3n de nuestro crecimiento neto de 660.962 personas m\u00e1s que en el quinquenio anterior. En el \u00faltimo quinquenio, Dios nos ha ayudado a retener el 72 % de quienes han sido bautizados. Este quinquenio ha visto una buena mejor\u00eda tambi\u00e9n en el \u00e1rea, donde el 76% de quienes se bautizaron permanecen en la fe. Quisi\u00e9ramos retenerlos a todos, y continuaremos trabajando para mejorar este promedio.<\/p>\n<p><strong>PREGUNTA: <\/strong>Hay un tema que debe ser tratado en el congreso de la Asociaci\u00f3n General, relacionado con que la iglesia mundial y las regiones locales reduzcan su personal y reorganicen su territorio. \u00bfC\u00f3mo va a afectar esto a \u00cdnter Am\u00e9rica?<\/p>\n<p><strong>Pastor Leito:<\/strong> Yo no espero ninguna reducci\u00f3n en la Asociaci\u00f3n General en este momento. La DIA tampoco est\u00e1 planeando reducci\u00f3n de personal. Con el crecimiento que estamos sosteniendo, no podremos hacer el trabajo con menos personas. Las uniones se est\u00e1n reorganizando a s\u00ed mismas para servir mejor a la iglesia. Casi todas nuestras uniones han sido afectadas por alg\u00fan tipo de reorganizaci\u00f3n en su territorio. Continuaremos enfrentando la necesidad de una mejor atenci\u00f3n a la hermandad.<\/p>\n<p><strong>PREGUNTA: <\/strong>\u00bfQu\u00e9 vislumbre percibe usted para la DIA en los pr\u00f3ximos 5 a\u00f1os y m\u00e1s all\u00e1?<\/p>\n<p><strong>Pastor Leito:<\/strong> Esperamos alcanzar los tres millones de miembros; queremos ver la Iglesia Adventista del S\u00e9ptimo D\u00eda en todas las principales autopistas en la DIA. Queremos ver m\u00e1s de 20.000 colportores yendo de puerta en puerta con el mensaje; queremos ver m\u00e1s escuelas donde los ni\u00f1os de nuestros miembros de iglesia puedan obtener una educaci\u00f3n s\u00f3lida. Queremos que la juventud de nuestra iglesia est\u00e9 consciente de que esta es su iglesia, y que la iglesia les necesita urgentemente para dirigirla, y poner sus hombros a la tarea. Ellos han hecho esto maravillosamente en el pasado, pero no queremos que nuestra iglesia crezca a medias, sino que sea vigorosa, fuerte, y esto s\u00f3lo puede ser hecho por la abrumadora participaci\u00f3n de los j\u00f3venes. Queremos tener un personal de ense\u00f1anza bien comprometido en todas nuestras universidades, y sobre todo, queremos que nuestros l\u00edderes dirijan por medio de su ejemplo.<\/p>\n<p>Para obtener informaci\u00f3n acerca de las \u00faltimas noticias acerca del congreso, y las decisiones que afectan a la Divisi\u00f3n Interamericana, visite <a  href=\"https:\/\/recursing-golick.147-182-135-0.plesk.page\/\">www.interamerica.org<\/a><\/p>\n","protected":false},"excerpt":{"rendered":"<p>En s\u00f3lo unos pocos d\u00edas, miles de adventistas del s\u00e9ptimo d\u00eda se unir\u00e1n a la delegaci\u00f3n mundial de la iglesia para sus reuniones de negocios en San Luis, Missouri, Estados Unidos, para la reuni\u00f3n quinquenal n\u00famero 58 de la Asociaci\u00f3n General de los Advent<\/p>\n","protected":false},"author":1,"featured_media":0,"comment_status":"closed","ping_status":"closed","sticky":false,"template":"","format":"standard","meta":{"_acf_changed":false,"footnotes":""},"categories":[8],"tags":[],"class_list":["post-10538","post","type-post","status-publish","format-standard","hentry","category-archivo"],"acf":[],"yoast_head":"<!-- This site is optimized with the Yoast SEO plugin v27.3 - https:\/\/yoast.com\/product\/yoast-seo-wordpress\/ -->\n<title>Presidente de la DIA Responde Preguntas Acerca del Congreso de la AG y su impacto sobre la Iglesia en Interam\u00e9rica.\u00a0 - Iglesia Adventista del S\u00e9ptimo D\u00eda - Divisi\u00f3n Interamericana<\/title>\n<meta name=\"robots\" content=\"index, follow, max-snippet:-1, max-image-preview:large, max-video-preview:-1\" \/>\n<link rel=\"canonical\" href=\"https:\/\/interamerica.org\/es\/2005\/06\/presidente-de-la-dia-responde-preguntas-acerca-del-congreso-de-la-ag-y-su-impacto-sobre-la-iglesia-en-interamerica\/\" \/>\n<meta property=\"og:locale\" content=\"es_ES\" \/>\n<meta property=\"og:type\" content=\"article\" \/>\n<meta property=\"og:title\" content=\"Presidente de la DIA Responde Preguntas Acerca del Congreso de la AG y su impacto sobre la Iglesia en Interam\u00e9rica.\u00a0 - Iglesia Adventista del S\u00e9ptimo D\u00eda - Divisi\u00f3n Interamericana\" \/>\n<meta property=\"og:description\" content=\"En s\u00f3lo unos pocos d\u00edas, miles de adventistas del s\u00e9ptimo d\u00eda se unir\u00e1n a la delegaci\u00f3n mundial de la iglesia para sus reuniones de negocios en San Luis, Missouri, Estados Unidos, para la reuni\u00f3n quinquenal n\u00famero 58 de la Asociaci\u00f3n General de los Advent\" \/>\n<meta property=\"og:url\" content=\"https:\/\/interamerica.org\/es\/2005\/06\/presidente-de-la-dia-responde-preguntas-acerca-del-congreso-de-la-ag-y-su-impacto-sobre-la-iglesia-en-interamerica\/\" \/>\n<meta property=\"og:site_name\" content=\"Iglesia Adventista del S\u00e9ptimo D\u00eda - Divisi\u00f3n Interamericana\" \/>\n<meta property=\"article:published_time\" content=\"2005-06-26T04:00:00+00:00\" \/>\n<meta property=\"article:modified_time\" content=\"2017-06-02T13:17:10+00:00\" \/>\n<meta name=\"author\" content=\"Lorenzo Verduzco\" \/>\n<meta name=\"twitter:card\" content=\"summary_large_image\" \/>\n<meta name=\"twitter:label1\" content=\"Escrito por\" \/>\n\t<meta name=\"twitter:data1\" content=\"Lorenzo Verduzco\" \/>\n\t<meta name=\"twitter:label2\" content=\"Tiempo de lectura\" \/>\n\t<meta name=\"twitter:data2\" content=\"7 minutos\" \/>\n<script type=\"application\/ld+json\" class=\"yoast-schema-graph\">{\"@context\":\"https:\\\/\\\/schema.org\",\"@graph\":[{\"@type\":\"Article\",\"@id\":\"https:\\\/\\\/interamerica.org\\\/es\\\/2005\\\/06\\\/presidente-de-la-dia-responde-preguntas-acerca-del-congreso-de-la-ag-y-su-impacto-sobre-la-iglesia-en-interamerica\\\/#article\",\"isPartOf\":{\"@id\":\"https:\\\/\\\/interamerica.org\\\/es\\\/2005\\\/06\\\/presidente-de-la-dia-responde-preguntas-acerca-del-congreso-de-la-ag-y-su-impacto-sobre-la-iglesia-en-interamerica\\\/\"},\"author\":{\"name\":\"Lorenzo Verduzco\",\"@id\":\"https:\\\/\\\/interamerica.org\\\/es\\\/#\\\/schema\\\/person\\\/68ede8bdc292885bb76c1e3810e73c39\"},\"headline\":\"Presidente de la DIA Responde Preguntas Acerca del Congreso de la AG y su impacto sobre la Iglesia en Interam\u00e9rica.\u00a0\",\"datePublished\":\"2005-06-26T04:00:00+00:00\",\"dateModified\":\"2017-06-02T13:17:10+00:00\",\"mainEntityOfPage\":{\"@id\":\"https:\\\/\\\/interamerica.org\\\/es\\\/2005\\\/06\\\/presidente-de-la-dia-responde-preguntas-acerca-del-congreso-de-la-ag-y-su-impacto-sobre-la-iglesia-en-interamerica\\\/\"},\"wordCount\":1473,\"articleSection\":[\"Archivo\"],\"inLanguage\":\"es\"},{\"@type\":\"WebPage\",\"@id\":\"https:\\\/\\\/interamerica.org\\\/es\\\/2005\\\/06\\\/presidente-de-la-dia-responde-preguntas-acerca-del-congreso-de-la-ag-y-su-impacto-sobre-la-iglesia-en-interamerica\\\/\",\"url\":\"https:\\\/\\\/interamerica.org\\\/es\\\/2005\\\/06\\\/presidente-de-la-dia-responde-preguntas-acerca-del-congreso-de-la-ag-y-su-impacto-sobre-la-iglesia-en-interamerica\\\/\",\"name\":\"Presidente de la DIA Responde Preguntas Acerca del Congreso de la AG y su impacto sobre la Iglesia en Interam\u00e9rica.\u00a0 - Iglesia Adventista del S\u00e9ptimo D\u00eda - Divisi\u00f3n Interamericana\",\"isPartOf\":{\"@id\":\"https:\\\/\\\/interamerica.org\\\/es\\\/#website\"},\"datePublished\":\"2005-06-26T04:00:00+00:00\",\"dateModified\":\"2017-06-02T13:17:10+00:00\",\"author\":{\"@id\":\"https:\\\/\\\/interamerica.org\\\/es\\\/#\\\/schema\\\/person\\\/68ede8bdc292885bb76c1e3810e73c39\"},\"breadcrumb\":{\"@id\":\"https:\\\/\\\/interamerica.org\\\/es\\\/2005\\\/06\\\/presidente-de-la-dia-responde-preguntas-acerca-del-congreso-de-la-ag-y-su-impacto-sobre-la-iglesia-en-interamerica\\\/#breadcrumb\"},\"inLanguage\":\"es\",\"potentialAction\":[{\"@type\":\"ReadAction\",\"target\":[\"https:\\\/\\\/interamerica.org\\\/es\\\/2005\\\/06\\\/presidente-de-la-dia-responde-preguntas-acerca-del-congreso-de-la-ag-y-su-impacto-sobre-la-iglesia-en-interamerica\\\/\"]}]},{\"@type\":\"BreadcrumbList\",\"@id\":\"https:\\\/\\\/interamerica.org\\\/es\\\/2005\\\/06\\\/presidente-de-la-dia-responde-preguntas-acerca-del-congreso-de-la-ag-y-su-impacto-sobre-la-iglesia-en-interamerica\\\/#breadcrumb\",\"itemListElement\":[{\"@type\":\"ListItem\",\"position\":1,\"name\":\"Home\",\"item\":\"https:\\\/\\\/interamerica.org\\\/es\\\/\"},{\"@type\":\"ListItem\",\"position\":2,\"name\":\"Presidente de la DIA Responde Preguntas Acerca del Congreso de la AG y su impacto sobre la Iglesia en Interam\u00e9rica.\u00a0\"}]},{\"@type\":\"WebSite\",\"@id\":\"https:\\\/\\\/interamerica.org\\\/es\\\/#website\",\"url\":\"https:\\\/\\\/interamerica.org\\\/es\\\/\",\"name\":\"Iglesia Adventista del S\u00e9ptimo D\u00eda - Divisi\u00f3n Interamericana\",\"description\":\"\",\"potentialAction\":[{\"@type\":\"SearchAction\",\"target\":{\"@type\":\"EntryPoint\",\"urlTemplate\":\"https:\\\/\\\/interamerica.org\\\/es\\\/?s={search_term_string}\"},\"query-input\":{\"@type\":\"PropertyValueSpecification\",\"valueRequired\":true,\"valueName\":\"search_term_string\"}}],\"inLanguage\":\"es\"},{\"@type\":\"Person\",\"@id\":\"https:\\\/\\\/interamerica.org\\\/es\\\/#\\\/schema\\\/person\\\/68ede8bdc292885bb76c1e3810e73c39\",\"name\":\"Lorenzo Verduzco\",\"image\":{\"@type\":\"ImageObject\",\"inLanguage\":\"es\",\"@id\":\"https:\\\/\\\/secure.gravatar.com\\\/avatar\\\/fb81a55b6218459490a9c1dc841a34909185b81904c5337b4b27f7a6fd60c49e?s=96&d=mm&r=g\",\"url\":\"https:\\\/\\\/secure.gravatar.com\\\/avatar\\\/fb81a55b6218459490a9c1dc841a34909185b81904c5337b4b27f7a6fd60c49e?s=96&d=mm&r=g\",\"contentUrl\":\"https:\\\/\\\/secure.gravatar.com\\\/avatar\\\/fb81a55b6218459490a9c1dc841a34909185b81904c5337b4b27f7a6fd60c49e?s=96&d=mm&r=g\",\"caption\":\"Lorenzo Verduzco\"}}]}<\/script>\n<!-- \/ Yoast SEO plugin. -->","yoast_head_json":{"title":"Presidente de la DIA Responde Preguntas Acerca del Congreso de la AG y su impacto sobre la Iglesia en Interam\u00e9rica.\u00a0 - Iglesia Adventista del S\u00e9ptimo D\u00eda - Divisi\u00f3n Interamericana","robots":{"index":"index","follow":"follow","max-snippet":"max-snippet:-1","max-image-preview":"max-image-preview:large","max-video-preview":"max-video-preview:-1"},"canonical":"https:\/\/interamerica.org\/es\/2005\/06\/presidente-de-la-dia-responde-preguntas-acerca-del-congreso-de-la-ag-y-su-impacto-sobre-la-iglesia-en-interamerica\/","og_locale":"es_ES","og_type":"article","og_title":"Presidente de la DIA Responde Preguntas Acerca del Congreso de la AG y su impacto sobre la Iglesia en Interam\u00e9rica.\u00a0 - Iglesia Adventista del S\u00e9ptimo D\u00eda - Divisi\u00f3n Interamericana","og_description":"En s\u00f3lo unos pocos d\u00edas, miles de adventistas del s\u00e9ptimo d\u00eda se unir\u00e1n a la delegaci\u00f3n mundial de la iglesia para sus reuniones de negocios en San Luis, Missouri, Estados Unidos, para la reuni\u00f3n quinquenal n\u00famero 58 de la Asociaci\u00f3n General de los Advent","og_url":"https:\/\/interamerica.org\/es\/2005\/06\/presidente-de-la-dia-responde-preguntas-acerca-del-congreso-de-la-ag-y-su-impacto-sobre-la-iglesia-en-interamerica\/","og_site_name":"Iglesia Adventista del S\u00e9ptimo D\u00eda - Divisi\u00f3n Interamericana","article_published_time":"2005-06-26T04:00:00+00:00","article_modified_time":"2017-06-02T13:17:10+00:00","author":"Lorenzo Verduzco","twitter_card":"summary_large_image","twitter_misc":{"Escrito por":"Lorenzo Verduzco","Tiempo de lectura":"7 minutos"},"schema":{"@context":"https:\/\/schema.org","@graph":[{"@type":"Article","@id":"https:\/\/interamerica.org\/es\/2005\/06\/presidente-de-la-dia-responde-preguntas-acerca-del-congreso-de-la-ag-y-su-impacto-sobre-la-iglesia-en-interamerica\/#article","isPartOf":{"@id":"https:\/\/interamerica.org\/es\/2005\/06\/presidente-de-la-dia-responde-preguntas-acerca-del-congreso-de-la-ag-y-su-impacto-sobre-la-iglesia-en-interamerica\/"},"author":{"name":"Lorenzo Verduzco","@id":"https:\/\/interamerica.org\/es\/#\/schema\/person\/68ede8bdc292885bb76c1e3810e73c39"},"headline":"Presidente de la DIA Responde Preguntas Acerca del Congreso de la AG y su impacto sobre la Iglesia en Interam\u00e9rica.\u00a0","datePublished":"2005-06-26T04:00:00+00:00","dateModified":"2017-06-02T13:17:10+00:00","mainEntityOfPage":{"@id":"https:\/\/interamerica.org\/es\/2005\/06\/presidente-de-la-dia-responde-preguntas-acerca-del-congreso-de-la-ag-y-su-impacto-sobre-la-iglesia-en-interamerica\/"},"wordCount":1473,"articleSection":["Archivo"],"inLanguage":"es"},{"@type":"WebPage","@id":"https:\/\/interamerica.org\/es\/2005\/06\/presidente-de-la-dia-responde-preguntas-acerca-del-congreso-de-la-ag-y-su-impacto-sobre-la-iglesia-en-interamerica\/","url":"https:\/\/interamerica.org\/es\/2005\/06\/presidente-de-la-dia-responde-preguntas-acerca-del-congreso-de-la-ag-y-su-impacto-sobre-la-iglesia-en-interamerica\/","name":"Presidente de la DIA Responde Preguntas Acerca del Congreso de la AG y su impacto sobre la Iglesia en Interam\u00e9rica.\u00a0 - Iglesia Adventista del S\u00e9ptimo D\u00eda - Divisi\u00f3n Interamericana","isPartOf":{"@id":"https:\/\/interamerica.org\/es\/#website"},"datePublished":"2005-06-26T04:00:00+00:00","dateModified":"2017-06-02T13:17:10+00:00","author":{"@id":"https:\/\/interamerica.org\/es\/#\/schema\/person\/68ede8bdc292885bb76c1e3810e73c39"},"breadcrumb":{"@id":"https:\/\/interamerica.org\/es\/2005\/06\/presidente-de-la-dia-responde-preguntas-acerca-del-congreso-de-la-ag-y-su-impacto-sobre-la-iglesia-en-interamerica\/#breadcrumb"},"inLanguage":"es","potentialAction":[{"@type":"ReadAction","target":["https:\/\/interamerica.org\/es\/2005\/06\/presidente-de-la-dia-responde-preguntas-acerca-del-congreso-de-la-ag-y-su-impacto-sobre-la-iglesia-en-interamerica\/"]}]},{"@type":"BreadcrumbList","@id":"https:\/\/interamerica.org\/es\/2005\/06\/presidente-de-la-dia-responde-preguntas-acerca-del-congreso-de-la-ag-y-su-impacto-sobre-la-iglesia-en-interamerica\/#breadcrumb","itemListElement":[{"@type":"ListItem","position":1,"name":"Home","item":"https:\/\/interamerica.org\/es\/"},{"@type":"ListItem","position":2,"name":"Presidente de la DIA Responde Preguntas Acerca del Congreso de la AG y su impacto sobre la Iglesia en Interam\u00e9rica.\u00a0"}]},{"@type":"WebSite","@id":"https:\/\/interamerica.org\/es\/#website","url":"https:\/\/interamerica.org\/es\/","name":"Iglesia Adventista del S\u00e9ptimo D\u00eda - Divisi\u00f3n Interamericana","description":"","potentialAction":[{"@type":"SearchAction","target":{"@type":"EntryPoint","urlTemplate":"https:\/\/interamerica.org\/es\/?s={search_term_string}"},"query-input":{"@type":"PropertyValueSpecification","valueRequired":true,"valueName":"search_term_string"}}],"inLanguage":"es"},{"@type":"Person","@id":"https:\/\/interamerica.org\/es\/#\/schema\/person\/68ede8bdc292885bb76c1e3810e73c39","name":"Lorenzo Verduzco","image":{"@type":"ImageObject","inLanguage":"es","@id":"https:\/\/secure.gravatar.com\/avatar\/fb81a55b6218459490a9c1dc841a34909185b81904c5337b4b27f7a6fd60c49e?s=96&d=mm&r=g","url":"https:\/\/secure.gravatar.com\/avatar\/fb81a55b6218459490a9c1dc841a34909185b81904c5337b4b27f7a6fd60c49e?s=96&d=mm&r=g","contentUrl":"https:\/\/secure.gravatar.com\/avatar\/fb81a55b6218459490a9c1dc841a34909185b81904c5337b4b27f7a6fd60c49e?s=96&d=mm&r=g","caption":"Lorenzo Verduzco"}}]}},"_links":{"self":[{"href":"https:\/\/interamerica.org\/es\/wp-json\/wp\/v2\/posts\/10538","targetHints":{"allow":["GET"]}}],"collection":[{"href":"https:\/\/interamerica.org\/es\/wp-json\/wp\/v2\/posts"}],"about":[{"href":"https:\/\/interamerica.org\/es\/wp-json\/wp\/v2\/types\/post"}],"author":[{"embeddable":true,"href":"https:\/\/interamerica.org\/es\/wp-json\/wp\/v2\/users\/1"}],"replies":[{"embeddable":true,"href":"https:\/\/interamerica.org\/es\/wp-json\/wp\/v2\/comments?post=10538"}],"version-history":[{"count":0,"href":"https:\/\/interamerica.org\/es\/wp-json\/wp\/v2\/posts\/10538\/revisions"}],"wp:attachment":[{"href":"https:\/\/interamerica.org\/es\/wp-json\/wp\/v2\/media?parent=10538"}],"wp:term":[{"taxonomy":"category","embeddable":true,"href":"https:\/\/interamerica.org\/es\/wp-json\/wp\/v2\/categories?post=10538"},{"taxonomy":"post_tag","embeddable":true,"href":"https:\/\/interamerica.org\/es\/wp-json\/wp\/v2\/tags?post=10538"}],"curies":[{"name":"wp","href":"https:\/\/api.w.org\/{rel}","templated":true}]}}