{"id":10541,"date":"2005-06-29T00:00:00","date_gmt":"2005-06-29T04:00:00","guid":{"rendered":"http:\/\/192.81.217.108\/interamerica\/2005\/06\/sesion-mundial-la-iglesia-adventista-ora-pidiendo-direccion-divina\/"},"modified":"2017-06-02T09:17:09","modified_gmt":"2017-06-02T13:17:09","slug":"sesion-mundial-la-iglesia-adventista-ora-pidiendo-direccion-divina","status":"publish","type":"post","link":"https:\/\/interamerica.org\/es\/2005\/06\/sesion-mundial-la-iglesia-adventista-ora-pidiendo-direccion-divina\/","title":{"rendered":"Sesi\u00f3n Mundial: La Iglesia Adventista Ora Pidiendo Direcci\u00f3n Divina"},"content":{"rendered":"<p>29 de junio, 2005, San Luis, Missouri, Estados Unidos &#8230; [Taashi Rowe\/ANN]<\/p>\n<p>No deber\u00eda sorprender el hecho de que la Iglesia Adventista del S\u00e9ptimo D\u00eda, una organizaci\u00f3n Cristiana, consulte al Se\u00f1or antes de tomar una decisi\u00f3n.\u00a0Y hoy mientras el grupo se prepara para pasar 10 d\u00edas tomando decisiones que van desde elegir a los oficiales de la iglesia hasta la revisi\u00f3n de la\u00a0doctrina de la iglesia, se han\u00a0apartado 24 horas de oraci\u00f3n antes de las reuniones de negocios.<\/p>\n<p>En un esfuezo por asegurarse que Dios ya est\u00e1\u00a0liderando la iglesia, el per\u00edodo de oraci\u00f3n, \u00abEscuchando el Llamado de Dios,\u00bb examina el llamado a la oraci\u00f3n, adoraci\u00f3n, relaci\u00f3n y testificaci\u00f3n.\u00a0 El orador inaugural para la sesi\u00f3n de oraci\u00f3n, Dwight Nelson, dijo que m\u00e1s que cualquier otro\u00a0asunto en el mundo, la presencia de Dios es \u00abuna de las cosas\u00bb por las que la iglesia debe de\u00a0orar.\u00a0 \u00c9l agreg\u00f3 que en un mundo en crisis, dejar que Dios dirija es crucial.<\/p>\n<p>La oraci\u00f3n es el\u00a0\u00fanico medio por el cual \u00abpodemos estar seguros de la\u00a0direcci\u00f3n Divina\u00bb, dijo Nelson.\u00a0 Podr\u00eda parecer bastante obvio para la mayor\u00eda, pero Nelson,\u00a0un pastor jubilado\u00a0de la iglesia Pioneer Memorial en el campus de la Universidad de Andrews, anim\u00f3 a los creyentes a conservar la voluntad de Dios a\u00fan antes que ellos mismos.\u00a0<\/p>\n<p>\u00abFue lo m\u00e1s significativo\u00a0que el pudo decir,\u00bb coment\u00f3 despu\u00e9s de la reuni\u00f3n el pastor Bjorn Otterson, presidente de la Iglesia Adventista en Suecia.\u00a0 \u00abCreo que necesitamos ponernos de rodillas y orar y orar por el Esp\u00edritu Santo &#8230; especialemente en una iglesia que est\u00e1\u00a0de muchas maneras estancada.<\/p>\n<p>El liderazgo es dif\u00edcil, admiti\u00f3 Nelson al grupo de l\u00edderes de la iglesia de alrededor del mundo.\u00a0 El continu\u00f3 enfatizando cu\u00e1n r\u00e1pido la naciente iglesia cristiana creci\u00f3 despu\u00e9s de pedir y recibir el esp\u00edritu de Dios, el cual gu\u00eda a los miembros.<\/p>\n<p>\u00abPodr\u00edamos seguir los pasos de la iglesia primitiva cuando rogamos juntos por el derramamiento celestial,\u00bb dijo.\u00a0 \u00abDebemos orar y orar por esto en especial.\u00bb<\/p>\n<p>\u00abLa misi\u00f3n y visi\u00f3n de \u00e9sta iglesia va m\u00e1s all\u00e1 del alcance humano,\u00bb dijo Geoffrey Mbwana presidente de la regi\u00f3n\u00a0Africana-Centro-Oriental de la iglesia.\u00a0 \u00abNecesitamos\u00a0que Dios lleve a cabo cualquier meta.\u00a0 Est\u00e1 muy claro que sin Dios no lo podr\u00edamos hacer.\u00bb<\/p>\n<p>El grupo lo ha hecho pr\u00e1ctico, apartando el d\u00eda antes de las reuniones de negocios, a pedir la direcci\u00f3n de Dios en las decisiones que afectar\u00e1n a la iglesia en los a\u00f1os venideros.<\/p>\n<p>\u00abHay\u00a0un\u00a0deseo de renovaci\u00f3n, pero a\u00fan no estamos all\u00ed,\u00bb dijo Otteson.\u00a0\u00a0\u00abNo llegaremos a ningun lugar con los planes que\u00a0tenemos en\u00a0mente sin la gu\u00eda de Dios.\u00bb\u00a0\u00a0<\/p>\n<p><strong>Derechos\u00a0Reservados 2005 por Red de Noticias Adventistas<\/strong><\/p>\n","protected":false},"excerpt":{"rendered":"<p>No deber\u00eda sorprender el hecho de que la Iglesia Adventista del S\u00e9ptimo D\u00eda, una organizaci\u00f3n Cristiana, consulte al Se\u00f1or antes de tomar una decisi\u00f3n.<\/p>\n","protected":false},"author":1,"featured_media":0,"comment_status":"closed","ping_status":"closed","sticky":false,"template":"","format":"standard","meta":{"_acf_changed":false,"footnotes":""},"categories":[8],"tags":[],"class_list":["post-10541","post","type-post","status-publish","format-standard","hentry","category-archivo"],"acf":[],"yoast_head":"<!-- This site is optimized with the Yoast SEO plugin v27.3 - https:\/\/yoast.com\/product\/yoast-seo-wordpress\/ -->\n<title>Sesi\u00f3n Mundial: La Iglesia Adventista Ora Pidiendo Direcci\u00f3n Divina - Iglesia Adventista del S\u00e9ptimo D\u00eda - Divisi\u00f3n Interamericana<\/title>\n<meta name=\"robots\" content=\"index, follow, max-snippet:-1, max-image-preview:large, max-video-preview:-1\" \/>\n<link rel=\"canonical\" href=\"https:\/\/interamerica.org\/es\/2005\/06\/sesion-mundial-la-iglesia-adventista-ora-pidiendo-direccion-divina\/\" \/>\n<meta property=\"og:locale\" content=\"es_ES\" \/>\n<meta property=\"og:type\" content=\"article\" \/>\n<meta property=\"og:title\" content=\"Sesi\u00f3n Mundial: La Iglesia Adventista Ora Pidiendo Direcci\u00f3n Divina - Iglesia Adventista del S\u00e9ptimo D\u00eda - Divisi\u00f3n Interamericana\" \/>\n<meta property=\"og:description\" content=\"No deber\u00eda sorprender el hecho de que la Iglesia Adventista del S\u00e9ptimo D\u00eda, una organizaci\u00f3n Cristiana, consulte al Se\u00f1or antes de tomar una decisi\u00f3n.\" \/>\n<meta property=\"og:url\" content=\"https:\/\/interamerica.org\/es\/2005\/06\/sesion-mundial-la-iglesia-adventista-ora-pidiendo-direccion-divina\/\" \/>\n<meta property=\"og:site_name\" content=\"Iglesia Adventista del S\u00e9ptimo D\u00eda - Divisi\u00f3n Interamericana\" \/>\n<meta property=\"article:published_time\" content=\"2005-06-29T04:00:00+00:00\" \/>\n<meta property=\"article:modified_time\" content=\"2017-06-02T13:17:09+00:00\" \/>\n<meta name=\"author\" content=\"Lorenzo Verduzco\" \/>\n<meta name=\"twitter:card\" content=\"summary_large_image\" \/>\n<meta name=\"twitter:label1\" content=\"Escrito por\" \/>\n\t<meta name=\"twitter:data1\" content=\"Lorenzo Verduzco\" \/>\n\t<meta name=\"twitter:label2\" content=\"Tiempo de lectura\" \/>\n\t<meta name=\"twitter:data2\" content=\"2 minutos\" \/>\n<script type=\"application\/ld+json\" class=\"yoast-schema-graph\">{\"@context\":\"https:\\\/\\\/schema.org\",\"@graph\":[{\"@type\":\"Article\",\"@id\":\"https:\\\/\\\/interamerica.org\\\/es\\\/2005\\\/06\\\/sesion-mundial-la-iglesia-adventista-ora-pidiendo-direccion-divina\\\/#article\",\"isPartOf\":{\"@id\":\"https:\\\/\\\/interamerica.org\\\/es\\\/2005\\\/06\\\/sesion-mundial-la-iglesia-adventista-ora-pidiendo-direccion-divina\\\/\"},\"author\":{\"name\":\"Lorenzo Verduzco\",\"@id\":\"https:\\\/\\\/interamerica.org\\\/es\\\/#\\\/schema\\\/person\\\/68ede8bdc292885bb76c1e3810e73c39\"},\"headline\":\"Sesi\u00f3n Mundial: La Iglesia Adventista Ora Pidiendo Direcci\u00f3n Divina\",\"datePublished\":\"2005-06-29T04:00:00+00:00\",\"dateModified\":\"2017-06-02T13:17:09+00:00\",\"mainEntityOfPage\":{\"@id\":\"https:\\\/\\\/interamerica.org\\\/es\\\/2005\\\/06\\\/sesion-mundial-la-iglesia-adventista-ora-pidiendo-direccion-divina\\\/\"},\"wordCount\":501,\"articleSection\":[\"Archivo\"],\"inLanguage\":\"es\"},{\"@type\":\"WebPage\",\"@id\":\"https:\\\/\\\/interamerica.org\\\/es\\\/2005\\\/06\\\/sesion-mundial-la-iglesia-adventista-ora-pidiendo-direccion-divina\\\/\",\"url\":\"https:\\\/\\\/interamerica.org\\\/es\\\/2005\\\/06\\\/sesion-mundial-la-iglesia-adventista-ora-pidiendo-direccion-divina\\\/\",\"name\":\"Sesi\u00f3n Mundial: La Iglesia Adventista Ora Pidiendo Direcci\u00f3n Divina - Iglesia Adventista del S\u00e9ptimo D\u00eda - Divisi\u00f3n Interamericana\",\"isPartOf\":{\"@id\":\"https:\\\/\\\/interamerica.org\\\/es\\\/#website\"},\"datePublished\":\"2005-06-29T04:00:00+00:00\",\"dateModified\":\"2017-06-02T13:17:09+00:00\",\"author\":{\"@id\":\"https:\\\/\\\/interamerica.org\\\/es\\\/#\\\/schema\\\/person\\\/68ede8bdc292885bb76c1e3810e73c39\"},\"breadcrumb\":{\"@id\":\"https:\\\/\\\/interamerica.org\\\/es\\\/2005\\\/06\\\/sesion-mundial-la-iglesia-adventista-ora-pidiendo-direccion-divina\\\/#breadcrumb\"},\"inLanguage\":\"es\",\"potentialAction\":[{\"@type\":\"ReadAction\",\"target\":[\"https:\\\/\\\/interamerica.org\\\/es\\\/2005\\\/06\\\/sesion-mundial-la-iglesia-adventista-ora-pidiendo-direccion-divina\\\/\"]}]},{\"@type\":\"BreadcrumbList\",\"@id\":\"https:\\\/\\\/interamerica.org\\\/es\\\/2005\\\/06\\\/sesion-mundial-la-iglesia-adventista-ora-pidiendo-direccion-divina\\\/#breadcrumb\",\"itemListElement\":[{\"@type\":\"ListItem\",\"position\":1,\"name\":\"Home\",\"item\":\"https:\\\/\\\/interamerica.org\\\/es\\\/\"},{\"@type\":\"ListItem\",\"position\":2,\"name\":\"Sesi\u00f3n Mundial: La Iglesia Adventista Ora Pidiendo Direcci\u00f3n Divina\"}]},{\"@type\":\"WebSite\",\"@id\":\"https:\\\/\\\/interamerica.org\\\/es\\\/#website\",\"url\":\"https:\\\/\\\/interamerica.org\\\/es\\\/\",\"name\":\"Iglesia Adventista del S\u00e9ptimo D\u00eda - Divisi\u00f3n Interamericana\",\"description\":\"\",\"potentialAction\":[{\"@type\":\"SearchAction\",\"target\":{\"@type\":\"EntryPoint\",\"urlTemplate\":\"https:\\\/\\\/interamerica.org\\\/es\\\/?s={search_term_string}\"},\"query-input\":{\"@type\":\"PropertyValueSpecification\",\"valueRequired\":true,\"valueName\":\"search_term_string\"}}],\"inLanguage\":\"es\"},{\"@type\":\"Person\",\"@id\":\"https:\\\/\\\/interamerica.org\\\/es\\\/#\\\/schema\\\/person\\\/68ede8bdc292885bb76c1e3810e73c39\",\"name\":\"Lorenzo Verduzco\",\"image\":{\"@type\":\"ImageObject\",\"inLanguage\":\"es\",\"@id\":\"https:\\\/\\\/secure.gravatar.com\\\/avatar\\\/fb81a55b6218459490a9c1dc841a34909185b81904c5337b4b27f7a6fd60c49e?s=96&d=mm&r=g\",\"url\":\"https:\\\/\\\/secure.gravatar.com\\\/avatar\\\/fb81a55b6218459490a9c1dc841a34909185b81904c5337b4b27f7a6fd60c49e?s=96&d=mm&r=g\",\"contentUrl\":\"https:\\\/\\\/secure.gravatar.com\\\/avatar\\\/fb81a55b6218459490a9c1dc841a34909185b81904c5337b4b27f7a6fd60c49e?s=96&d=mm&r=g\",\"caption\":\"Lorenzo Verduzco\"}}]}<\/script>\n<!-- \/ Yoast SEO plugin. -->","yoast_head_json":{"title":"Sesi\u00f3n Mundial: La Iglesia Adventista Ora Pidiendo Direcci\u00f3n Divina - Iglesia Adventista del S\u00e9ptimo D\u00eda - Divisi\u00f3n Interamericana","robots":{"index":"index","follow":"follow","max-snippet":"max-snippet:-1","max-image-preview":"max-image-preview:large","max-video-preview":"max-video-preview:-1"},"canonical":"https:\/\/interamerica.org\/es\/2005\/06\/sesion-mundial-la-iglesia-adventista-ora-pidiendo-direccion-divina\/","og_locale":"es_ES","og_type":"article","og_title":"Sesi\u00f3n Mundial: La Iglesia Adventista Ora Pidiendo Direcci\u00f3n Divina - Iglesia Adventista del S\u00e9ptimo D\u00eda - Divisi\u00f3n Interamericana","og_description":"No deber\u00eda sorprender el hecho de que la Iglesia Adventista del S\u00e9ptimo D\u00eda, una organizaci\u00f3n Cristiana, consulte al Se\u00f1or antes de tomar una decisi\u00f3n.","og_url":"https:\/\/interamerica.org\/es\/2005\/06\/sesion-mundial-la-iglesia-adventista-ora-pidiendo-direccion-divina\/","og_site_name":"Iglesia Adventista del S\u00e9ptimo D\u00eda - Divisi\u00f3n Interamericana","article_published_time":"2005-06-29T04:00:00+00:00","article_modified_time":"2017-06-02T13:17:09+00:00","author":"Lorenzo Verduzco","twitter_card":"summary_large_image","twitter_misc":{"Escrito por":"Lorenzo Verduzco","Tiempo de lectura":"2 minutos"},"schema":{"@context":"https:\/\/schema.org","@graph":[{"@type":"Article","@id":"https:\/\/interamerica.org\/es\/2005\/06\/sesion-mundial-la-iglesia-adventista-ora-pidiendo-direccion-divina\/#article","isPartOf":{"@id":"https:\/\/interamerica.org\/es\/2005\/06\/sesion-mundial-la-iglesia-adventista-ora-pidiendo-direccion-divina\/"},"author":{"name":"Lorenzo Verduzco","@id":"https:\/\/interamerica.org\/es\/#\/schema\/person\/68ede8bdc292885bb76c1e3810e73c39"},"headline":"Sesi\u00f3n Mundial: La Iglesia Adventista Ora Pidiendo Direcci\u00f3n Divina","datePublished":"2005-06-29T04:00:00+00:00","dateModified":"2017-06-02T13:17:09+00:00","mainEntityOfPage":{"@id":"https:\/\/interamerica.org\/es\/2005\/06\/sesion-mundial-la-iglesia-adventista-ora-pidiendo-direccion-divina\/"},"wordCount":501,"articleSection":["Archivo"],"inLanguage":"es"},{"@type":"WebPage","@id":"https:\/\/interamerica.org\/es\/2005\/06\/sesion-mundial-la-iglesia-adventista-ora-pidiendo-direccion-divina\/","url":"https:\/\/interamerica.org\/es\/2005\/06\/sesion-mundial-la-iglesia-adventista-ora-pidiendo-direccion-divina\/","name":"Sesi\u00f3n Mundial: La Iglesia Adventista Ora Pidiendo Direcci\u00f3n Divina - Iglesia Adventista del S\u00e9ptimo D\u00eda - Divisi\u00f3n Interamericana","isPartOf":{"@id":"https:\/\/interamerica.org\/es\/#website"},"datePublished":"2005-06-29T04:00:00+00:00","dateModified":"2017-06-02T13:17:09+00:00","author":{"@id":"https:\/\/interamerica.org\/es\/#\/schema\/person\/68ede8bdc292885bb76c1e3810e73c39"},"breadcrumb":{"@id":"https:\/\/interamerica.org\/es\/2005\/06\/sesion-mundial-la-iglesia-adventista-ora-pidiendo-direccion-divina\/#breadcrumb"},"inLanguage":"es","potentialAction":[{"@type":"ReadAction","target":["https:\/\/interamerica.org\/es\/2005\/06\/sesion-mundial-la-iglesia-adventista-ora-pidiendo-direccion-divina\/"]}]},{"@type":"BreadcrumbList","@id":"https:\/\/interamerica.org\/es\/2005\/06\/sesion-mundial-la-iglesia-adventista-ora-pidiendo-direccion-divina\/#breadcrumb","itemListElement":[{"@type":"ListItem","position":1,"name":"Home","item":"https:\/\/interamerica.org\/es\/"},{"@type":"ListItem","position":2,"name":"Sesi\u00f3n Mundial: La Iglesia Adventista Ora Pidiendo Direcci\u00f3n Divina"}]},{"@type":"WebSite","@id":"https:\/\/interamerica.org\/es\/#website","url":"https:\/\/interamerica.org\/es\/","name":"Iglesia Adventista del S\u00e9ptimo D\u00eda - Divisi\u00f3n Interamericana","description":"","potentialAction":[{"@type":"SearchAction","target":{"@type":"EntryPoint","urlTemplate":"https:\/\/interamerica.org\/es\/?s={search_term_string}"},"query-input":{"@type":"PropertyValueSpecification","valueRequired":true,"valueName":"search_term_string"}}],"inLanguage":"es"},{"@type":"Person","@id":"https:\/\/interamerica.org\/es\/#\/schema\/person\/68ede8bdc292885bb76c1e3810e73c39","name":"Lorenzo Verduzco","image":{"@type":"ImageObject","inLanguage":"es","@id":"https:\/\/secure.gravatar.com\/avatar\/fb81a55b6218459490a9c1dc841a34909185b81904c5337b4b27f7a6fd60c49e?s=96&d=mm&r=g","url":"https:\/\/secure.gravatar.com\/avatar\/fb81a55b6218459490a9c1dc841a34909185b81904c5337b4b27f7a6fd60c49e?s=96&d=mm&r=g","contentUrl":"https:\/\/secure.gravatar.com\/avatar\/fb81a55b6218459490a9c1dc841a34909185b81904c5337b4b27f7a6fd60c49e?s=96&d=mm&r=g","caption":"Lorenzo Verduzco"}}]}},"_links":{"self":[{"href":"https:\/\/interamerica.org\/es\/wp-json\/wp\/v2\/posts\/10541","targetHints":{"allow":["GET"]}}],"collection":[{"href":"https:\/\/interamerica.org\/es\/wp-json\/wp\/v2\/posts"}],"about":[{"href":"https:\/\/interamerica.org\/es\/wp-json\/wp\/v2\/types\/post"}],"author":[{"embeddable":true,"href":"https:\/\/interamerica.org\/es\/wp-json\/wp\/v2\/users\/1"}],"replies":[{"embeddable":true,"href":"https:\/\/interamerica.org\/es\/wp-json\/wp\/v2\/comments?post=10541"}],"version-history":[{"count":0,"href":"https:\/\/interamerica.org\/es\/wp-json\/wp\/v2\/posts\/10541\/revisions"}],"wp:attachment":[{"href":"https:\/\/interamerica.org\/es\/wp-json\/wp\/v2\/media?parent=10541"}],"wp:term":[{"taxonomy":"category","embeddable":true,"href":"https:\/\/interamerica.org\/es\/wp-json\/wp\/v2\/categories?post=10541"},{"taxonomy":"post_tag","embeddable":true,"href":"https:\/\/interamerica.org\/es\/wp-json\/wp\/v2\/tags?post=10541"}],"curies":[{"name":"wp","href":"https:\/\/api.w.org\/{rel}","templated":true}]}}