{"id":10542,"date":"2005-06-29T00:00:00","date_gmt":"2005-06-29T04:00:00","guid":{"rendered":"http:\/\/192.81.217.108\/interamerica\/2005\/06\/iglesia-mundial-la-sesion-una-celebracion-de-fe-diversidad-dice-paulsen\/"},"modified":"2017-06-02T09:17:09","modified_gmt":"2017-06-02T13:17:09","slug":"iglesia-mundial-la-sesion-una-celebracion-de-fe-diversidad-dice-paulsen","status":"publish","type":"post","link":"https:\/\/interamerica.org\/es\/2005\/06\/iglesia-mundial-la-sesion-una-celebracion-de-fe-diversidad-dice-paulsen\/","title":{"rendered":"Iglesia Mundial: La Sesi\u00f3n, una Celebraci\u00f3n de Fe, Diversidad, Dice Paulsen"},"content":{"rendered":"<p>29 de junio 2005 San Louis Missouri, Estados Unidos&#8230;[Mark A. Kellner\/ANN] <\/p>\n<p>\u00abEs importante que tengamos tiempo para adorar juntos y celebrar la incre\u00edble diversidad de la iglesia\u00bb,dijo el pastor Jan Paulsen, presidente de la Iglesia Adventista mundial, a los medios de comunicaci\u00f3n local en una conferencia de prensa del 29 de junio al iniciar la Sesi\u00f3n 58 de la Asociaci\u00f3n General. <\/p>\n<p>Con delegados y vistantes procedentes de m\u00e1s de 200 pa\u00edses, a\u00f1adi\u00f3 \u00e9l, \u00abuno tiene este tipo de mezcla\u00bb de personas en el evento, representando a \u00abuna familia global de cerca a 22 y 25 millones de indiv\u00edduos, 93 por ciento de los cuales vive fuera de Estados Unidos\u00bb. Paulsen explic\u00f3 m\u00e1s adelante que, siendo que la iglesia solamente bautiza j\u00f3vencitos y adultos, la membres\u00eda oficial de la iglesia de 14.3 millones se expande \u00abpor cerca de la mitad\u00bb cuando los ni\u00f1os y otros adoradores semanales son agregados. <\/p>\n<p>Se le uni\u00f3 al presidente mundial el pastor Don Schneider, presidente de la regi\u00f3n norteamericana y la administradora de la Sesi\u00f3n, Linda de Le\u00f3n, al hablar con representantes de los medios, incluyendo radio y televisi\u00f3n. El evento fue dise\u00f1ado para introducir formalmente la reuni\u00f3n quinquenal que juntar\u00e1 tantas como 70,000 personas durante las dos sesiones de adoraci\u00f3n de los dos s\u00e1bados en San Lu\u00eds.<\/p>\n<p> \u00abEste evento es una mezcla de amistad, informaci\u00f3n y adoraci\u00f3n\u00bb, dijo Paulsen, aunque tambi\u00e9n enfatiz\u00f3 que la funci\u00f3n principal del evento es negocio. La Sesi\u00f3n est\u00e1 dise\u00f1ada, dijo \u00e9l, para negociar asuntos de la iglesia, incluyendo la elecci\u00f3n de \u00abun n\u00famero considerable\u00bb de l\u00edderes de la iglesia mundial y los tres oficiales principales de las 13 regiones alrededor del mundo. <\/p>\n<p>Respondiendo a la pregunta de c\u00f3mo fue escogida la ciudad de San Lu\u00eds para el evento, de Le\u00f3n dijo que la ciudad \u00abtiene mucho que ofrecer\u00bb a una convenci\u00f3n como esta; Paulsen dijo adem\u00e1s que es una ventaja tener la reuni\u00f3n bajo un mismo techo. El America&#8217;s Center y el Edward Jones Dome son dos facilidades cubiertas en el centro de la ciudad que pueden manejar multitudes del tama\u00f1o anticipado para los 10 d\u00edas de reuniones. <\/p>\n<p>\u00abPor estar en la ciudad y compartir, espero que al salir, dejemos un vigoroso testimonio de fe y tambi\u00e9n alg\u00fan efectivo\u00bb, dijo Paulsen jocosamente\u00bb, al ocupar los adventistas miles de cuartos en los hoteles e incurrir en otros gastos aqu\u00ed.<\/p>\n<p>A la vez, dijo Paulsen, la presencia de los adventistas significa que \u00abla industria licorera no har\u00e1 particularmente bien durante los d\u00edas que estamos aqu\u00ed\u00bb. Reflejando un compromiso con la salud, los adventistas se abstienen de usar licor, mientras San Lu\u00eds es centro de una de las m\u00e1s grandes cervecr\u00edas de Estados Unidos.<\/p>\n<p>Pero el envolvimiento de los adventistas en San Lu\u00eds ser\u00e1 m\u00e1s que transitorio. La Agneic a de Desarrollo y Recursos Asistenciales Adventista, ADRA, donar\u00e1 el producto total de la venta de sus mercanc\u00edas para aliviar la pobreza en la ciudad.<\/p>\n<p>La iglesia tambi\u00e9n est\u00e1 patrocinando varias actividades cultales, incluyendo un festival f\u00edlmico y el proyecto de escribir la Biblia completa en el que el p\u00fablico ser\u00e1 invitado a escribir su propia versi\u00f3n de un vers\u00edculo de la Biblia en un pergamino, el cual ser\u00e1 presentado a la ciudad como un regalo.<\/p>\n<p>Al ped\u00edrsele que comparara el proceso de elecci\u00f3n de la iglesia adventista con el m\u00e1s reciente y familiar, la elecci\u00f3n papal en Roma en el mes de abril, Paulsen dijo que aunque no est\u00e1 familiarizado c\u00f3mo trabaja internamente la iglesia cat\u00f3lica, los adventistas dependen del trabajo de un Comisi\u00f3n de Nombramientos de 200 miembros elegidos de entre los delegados.<\/p>\n<p>\u00abEn nuestra iglesia, la selecci\u00f3n est\u00e1 m\u00e1s ampliamente basada\u00bb, dijo Paulsen. \u00abUsamos un comit\u00e9 de nombramientos compuesto de delegados de alrededor del mundo; ellos revisan una lista de candidatos potenciales para cada puesto\u00bb.<\/p>\n<p>A\u00f1adi\u00f3 \u00e9l, que se piensa mucho en asegurar que la direcci\u00f3n de la iglesia \u00abrefleje la diversidad de la iglesia mundial\u00bb.<\/p>\n<p>Paulsen y Schneider tambi\u00e9n explicaron que la iglesia se involucrar\u00e1 en evangelismo durante la Sesi\u00f3n, pero m\u00e1s con la gente expuesta a los medios y en su variedad individual, en contraste con reuniones de car\u00e1cter p\u00fablico en el \u00e1rea. <\/p>\n<p><strong>Copyright \u00a9 2005 by Adventist News Network<\/strong>.<\/p><\/p>\n","protected":false},"excerpt":{"rendered":"<p>\u00abEs importante que tengamos tiempo para adorar juntos y celebrar la incre\u00edble diversidad de la iglesia\u00bb,dijo el pastor Jan Paulsen&#8230;<\/p>\n","protected":false},"author":1,"featured_media":0,"comment_status":"closed","ping_status":"closed","sticky":false,"template":"","format":"standard","meta":{"_acf_changed":false,"footnotes":""},"categories":[8],"tags":[],"class_list":["post-10542","post","type-post","status-publish","format-standard","hentry","category-archivo"],"acf":[],"yoast_head":"<!-- This site is optimized with the Yoast SEO plugin v27.3 - https:\/\/yoast.com\/product\/yoast-seo-wordpress\/ -->\n<title>Iglesia Mundial: La Sesi\u00f3n, una Celebraci\u00f3n de Fe, Diversidad, Dice Paulsen - Iglesia Adventista del S\u00e9ptimo D\u00eda - Divisi\u00f3n Interamericana<\/title>\n<meta name=\"robots\" content=\"index, follow, max-snippet:-1, max-image-preview:large, max-video-preview:-1\" \/>\n<link rel=\"canonical\" href=\"https:\/\/interamerica.org\/es\/2005\/06\/iglesia-mundial-la-sesion-una-celebracion-de-fe-diversidad-dice-paulsen\/\" \/>\n<meta property=\"og:locale\" content=\"es_ES\" \/>\n<meta property=\"og:type\" content=\"article\" \/>\n<meta property=\"og:title\" content=\"Iglesia Mundial: La Sesi\u00f3n, una Celebraci\u00f3n de Fe, Diversidad, Dice Paulsen - Iglesia Adventista del S\u00e9ptimo D\u00eda - Divisi\u00f3n Interamericana\" \/>\n<meta property=\"og:description\" content=\"&quot;Es importante que tengamos tiempo para adorar juntos y celebrar la incre\u00edble diversidad de la iglesia&quot;,dijo el pastor Jan Paulsen...\" \/>\n<meta property=\"og:url\" content=\"https:\/\/interamerica.org\/es\/2005\/06\/iglesia-mundial-la-sesion-una-celebracion-de-fe-diversidad-dice-paulsen\/\" \/>\n<meta property=\"og:site_name\" content=\"Iglesia Adventista del S\u00e9ptimo D\u00eda - Divisi\u00f3n Interamericana\" \/>\n<meta property=\"article:published_time\" content=\"2005-06-29T04:00:00+00:00\" \/>\n<meta property=\"article:modified_time\" content=\"2017-06-02T13:17:09+00:00\" \/>\n<meta name=\"author\" content=\"Lorenzo Verduzco\" \/>\n<meta name=\"twitter:card\" content=\"summary_large_image\" \/>\n<meta name=\"twitter:label1\" content=\"Escrito por\" \/>\n\t<meta name=\"twitter:data1\" content=\"Lorenzo Verduzco\" \/>\n\t<meta name=\"twitter:label2\" content=\"Tiempo de lectura\" \/>\n\t<meta name=\"twitter:data2\" content=\"4 minutos\" \/>\n<script type=\"application\/ld+json\" class=\"yoast-schema-graph\">{\"@context\":\"https:\\\/\\\/schema.org\",\"@graph\":[{\"@type\":\"Article\",\"@id\":\"https:\\\/\\\/interamerica.org\\\/es\\\/2005\\\/06\\\/iglesia-mundial-la-sesion-una-celebracion-de-fe-diversidad-dice-paulsen\\\/#article\",\"isPartOf\":{\"@id\":\"https:\\\/\\\/interamerica.org\\\/es\\\/2005\\\/06\\\/iglesia-mundial-la-sesion-una-celebracion-de-fe-diversidad-dice-paulsen\\\/\"},\"author\":{\"name\":\"Lorenzo Verduzco\",\"@id\":\"https:\\\/\\\/interamerica.org\\\/es\\\/#\\\/schema\\\/person\\\/68ede8bdc292885bb76c1e3810e73c39\"},\"headline\":\"Iglesia Mundial: La Sesi\u00f3n, una Celebraci\u00f3n de Fe, Diversidad, Dice Paulsen\",\"datePublished\":\"2005-06-29T04:00:00+00:00\",\"dateModified\":\"2017-06-02T13:17:09+00:00\",\"mainEntityOfPage\":{\"@id\":\"https:\\\/\\\/interamerica.org\\\/es\\\/2005\\\/06\\\/iglesia-mundial-la-sesion-una-celebracion-de-fe-diversidad-dice-paulsen\\\/\"},\"wordCount\":761,\"articleSection\":[\"Archivo\"],\"inLanguage\":\"es\"},{\"@type\":\"WebPage\",\"@id\":\"https:\\\/\\\/interamerica.org\\\/es\\\/2005\\\/06\\\/iglesia-mundial-la-sesion-una-celebracion-de-fe-diversidad-dice-paulsen\\\/\",\"url\":\"https:\\\/\\\/interamerica.org\\\/es\\\/2005\\\/06\\\/iglesia-mundial-la-sesion-una-celebracion-de-fe-diversidad-dice-paulsen\\\/\",\"name\":\"Iglesia Mundial: La Sesi\u00f3n, una Celebraci\u00f3n de Fe, Diversidad, Dice Paulsen - Iglesia Adventista del S\u00e9ptimo D\u00eda - Divisi\u00f3n Interamericana\",\"isPartOf\":{\"@id\":\"https:\\\/\\\/interamerica.org\\\/es\\\/#website\"},\"datePublished\":\"2005-06-29T04:00:00+00:00\",\"dateModified\":\"2017-06-02T13:17:09+00:00\",\"author\":{\"@id\":\"https:\\\/\\\/interamerica.org\\\/es\\\/#\\\/schema\\\/person\\\/68ede8bdc292885bb76c1e3810e73c39\"},\"breadcrumb\":{\"@id\":\"https:\\\/\\\/interamerica.org\\\/es\\\/2005\\\/06\\\/iglesia-mundial-la-sesion-una-celebracion-de-fe-diversidad-dice-paulsen\\\/#breadcrumb\"},\"inLanguage\":\"es\",\"potentialAction\":[{\"@type\":\"ReadAction\",\"target\":[\"https:\\\/\\\/interamerica.org\\\/es\\\/2005\\\/06\\\/iglesia-mundial-la-sesion-una-celebracion-de-fe-diversidad-dice-paulsen\\\/\"]}]},{\"@type\":\"BreadcrumbList\",\"@id\":\"https:\\\/\\\/interamerica.org\\\/es\\\/2005\\\/06\\\/iglesia-mundial-la-sesion-una-celebracion-de-fe-diversidad-dice-paulsen\\\/#breadcrumb\",\"itemListElement\":[{\"@type\":\"ListItem\",\"position\":1,\"name\":\"Home\",\"item\":\"https:\\\/\\\/interamerica.org\\\/es\\\/\"},{\"@type\":\"ListItem\",\"position\":2,\"name\":\"Iglesia Mundial: La Sesi\u00f3n, una Celebraci\u00f3n de Fe, Diversidad, Dice Paulsen\"}]},{\"@type\":\"WebSite\",\"@id\":\"https:\\\/\\\/interamerica.org\\\/es\\\/#website\",\"url\":\"https:\\\/\\\/interamerica.org\\\/es\\\/\",\"name\":\"Iglesia Adventista del S\u00e9ptimo D\u00eda - Divisi\u00f3n Interamericana\",\"description\":\"\",\"potentialAction\":[{\"@type\":\"SearchAction\",\"target\":{\"@type\":\"EntryPoint\",\"urlTemplate\":\"https:\\\/\\\/interamerica.org\\\/es\\\/?s={search_term_string}\"},\"query-input\":{\"@type\":\"PropertyValueSpecification\",\"valueRequired\":true,\"valueName\":\"search_term_string\"}}],\"inLanguage\":\"es\"},{\"@type\":\"Person\",\"@id\":\"https:\\\/\\\/interamerica.org\\\/es\\\/#\\\/schema\\\/person\\\/68ede8bdc292885bb76c1e3810e73c39\",\"name\":\"Lorenzo Verduzco\",\"image\":{\"@type\":\"ImageObject\",\"inLanguage\":\"es\",\"@id\":\"https:\\\/\\\/secure.gravatar.com\\\/avatar\\\/fb81a55b6218459490a9c1dc841a34909185b81904c5337b4b27f7a6fd60c49e?s=96&d=mm&r=g\",\"url\":\"https:\\\/\\\/secure.gravatar.com\\\/avatar\\\/fb81a55b6218459490a9c1dc841a34909185b81904c5337b4b27f7a6fd60c49e?s=96&d=mm&r=g\",\"contentUrl\":\"https:\\\/\\\/secure.gravatar.com\\\/avatar\\\/fb81a55b6218459490a9c1dc841a34909185b81904c5337b4b27f7a6fd60c49e?s=96&d=mm&r=g\",\"caption\":\"Lorenzo Verduzco\"}}]}<\/script>\n<!-- \/ Yoast SEO plugin. -->","yoast_head_json":{"title":"Iglesia Mundial: La Sesi\u00f3n, una Celebraci\u00f3n de Fe, Diversidad, Dice Paulsen - Iglesia Adventista del S\u00e9ptimo D\u00eda - Divisi\u00f3n Interamericana","robots":{"index":"index","follow":"follow","max-snippet":"max-snippet:-1","max-image-preview":"max-image-preview:large","max-video-preview":"max-video-preview:-1"},"canonical":"https:\/\/interamerica.org\/es\/2005\/06\/iglesia-mundial-la-sesion-una-celebracion-de-fe-diversidad-dice-paulsen\/","og_locale":"es_ES","og_type":"article","og_title":"Iglesia Mundial: La Sesi\u00f3n, una Celebraci\u00f3n de Fe, Diversidad, Dice Paulsen - Iglesia Adventista del S\u00e9ptimo D\u00eda - Divisi\u00f3n Interamericana","og_description":"\"Es importante que tengamos tiempo para adorar juntos y celebrar la incre\u00edble diversidad de la iglesia\",dijo el pastor Jan Paulsen...","og_url":"https:\/\/interamerica.org\/es\/2005\/06\/iglesia-mundial-la-sesion-una-celebracion-de-fe-diversidad-dice-paulsen\/","og_site_name":"Iglesia Adventista del S\u00e9ptimo D\u00eda - Divisi\u00f3n Interamericana","article_published_time":"2005-06-29T04:00:00+00:00","article_modified_time":"2017-06-02T13:17:09+00:00","author":"Lorenzo Verduzco","twitter_card":"summary_large_image","twitter_misc":{"Escrito por":"Lorenzo Verduzco","Tiempo de lectura":"4 minutos"},"schema":{"@context":"https:\/\/schema.org","@graph":[{"@type":"Article","@id":"https:\/\/interamerica.org\/es\/2005\/06\/iglesia-mundial-la-sesion-una-celebracion-de-fe-diversidad-dice-paulsen\/#article","isPartOf":{"@id":"https:\/\/interamerica.org\/es\/2005\/06\/iglesia-mundial-la-sesion-una-celebracion-de-fe-diversidad-dice-paulsen\/"},"author":{"name":"Lorenzo Verduzco","@id":"https:\/\/interamerica.org\/es\/#\/schema\/person\/68ede8bdc292885bb76c1e3810e73c39"},"headline":"Iglesia Mundial: La Sesi\u00f3n, una Celebraci\u00f3n de Fe, Diversidad, Dice Paulsen","datePublished":"2005-06-29T04:00:00+00:00","dateModified":"2017-06-02T13:17:09+00:00","mainEntityOfPage":{"@id":"https:\/\/interamerica.org\/es\/2005\/06\/iglesia-mundial-la-sesion-una-celebracion-de-fe-diversidad-dice-paulsen\/"},"wordCount":761,"articleSection":["Archivo"],"inLanguage":"es"},{"@type":"WebPage","@id":"https:\/\/interamerica.org\/es\/2005\/06\/iglesia-mundial-la-sesion-una-celebracion-de-fe-diversidad-dice-paulsen\/","url":"https:\/\/interamerica.org\/es\/2005\/06\/iglesia-mundial-la-sesion-una-celebracion-de-fe-diversidad-dice-paulsen\/","name":"Iglesia Mundial: La Sesi\u00f3n, una Celebraci\u00f3n de Fe, Diversidad, Dice Paulsen - Iglesia Adventista del S\u00e9ptimo D\u00eda - Divisi\u00f3n Interamericana","isPartOf":{"@id":"https:\/\/interamerica.org\/es\/#website"},"datePublished":"2005-06-29T04:00:00+00:00","dateModified":"2017-06-02T13:17:09+00:00","author":{"@id":"https:\/\/interamerica.org\/es\/#\/schema\/person\/68ede8bdc292885bb76c1e3810e73c39"},"breadcrumb":{"@id":"https:\/\/interamerica.org\/es\/2005\/06\/iglesia-mundial-la-sesion-una-celebracion-de-fe-diversidad-dice-paulsen\/#breadcrumb"},"inLanguage":"es","potentialAction":[{"@type":"ReadAction","target":["https:\/\/interamerica.org\/es\/2005\/06\/iglesia-mundial-la-sesion-una-celebracion-de-fe-diversidad-dice-paulsen\/"]}]},{"@type":"BreadcrumbList","@id":"https:\/\/interamerica.org\/es\/2005\/06\/iglesia-mundial-la-sesion-una-celebracion-de-fe-diversidad-dice-paulsen\/#breadcrumb","itemListElement":[{"@type":"ListItem","position":1,"name":"Home","item":"https:\/\/interamerica.org\/es\/"},{"@type":"ListItem","position":2,"name":"Iglesia Mundial: La Sesi\u00f3n, una Celebraci\u00f3n de Fe, Diversidad, Dice Paulsen"}]},{"@type":"WebSite","@id":"https:\/\/interamerica.org\/es\/#website","url":"https:\/\/interamerica.org\/es\/","name":"Iglesia Adventista del S\u00e9ptimo D\u00eda - Divisi\u00f3n Interamericana","description":"","potentialAction":[{"@type":"SearchAction","target":{"@type":"EntryPoint","urlTemplate":"https:\/\/interamerica.org\/es\/?s={search_term_string}"},"query-input":{"@type":"PropertyValueSpecification","valueRequired":true,"valueName":"search_term_string"}}],"inLanguage":"es"},{"@type":"Person","@id":"https:\/\/interamerica.org\/es\/#\/schema\/person\/68ede8bdc292885bb76c1e3810e73c39","name":"Lorenzo Verduzco","image":{"@type":"ImageObject","inLanguage":"es","@id":"https:\/\/secure.gravatar.com\/avatar\/fb81a55b6218459490a9c1dc841a34909185b81904c5337b4b27f7a6fd60c49e?s=96&d=mm&r=g","url":"https:\/\/secure.gravatar.com\/avatar\/fb81a55b6218459490a9c1dc841a34909185b81904c5337b4b27f7a6fd60c49e?s=96&d=mm&r=g","contentUrl":"https:\/\/secure.gravatar.com\/avatar\/fb81a55b6218459490a9c1dc841a34909185b81904c5337b4b27f7a6fd60c49e?s=96&d=mm&r=g","caption":"Lorenzo Verduzco"}}]}},"_links":{"self":[{"href":"https:\/\/interamerica.org\/es\/wp-json\/wp\/v2\/posts\/10542","targetHints":{"allow":["GET"]}}],"collection":[{"href":"https:\/\/interamerica.org\/es\/wp-json\/wp\/v2\/posts"}],"about":[{"href":"https:\/\/interamerica.org\/es\/wp-json\/wp\/v2\/types\/post"}],"author":[{"embeddable":true,"href":"https:\/\/interamerica.org\/es\/wp-json\/wp\/v2\/users\/1"}],"replies":[{"embeddable":true,"href":"https:\/\/interamerica.org\/es\/wp-json\/wp\/v2\/comments?post=10542"}],"version-history":[{"count":0,"href":"https:\/\/interamerica.org\/es\/wp-json\/wp\/v2\/posts\/10542\/revisions"}],"wp:attachment":[{"href":"https:\/\/interamerica.org\/es\/wp-json\/wp\/v2\/media?parent=10542"}],"wp:term":[{"taxonomy":"category","embeddable":true,"href":"https:\/\/interamerica.org\/es\/wp-json\/wp\/v2\/categories?post=10542"},{"taxonomy":"post_tag","embeddable":true,"href":"https:\/\/interamerica.org\/es\/wp-json\/wp\/v2\/tags?post=10542"}],"curies":[{"name":"wp","href":"https:\/\/api.w.org\/{rel}","templated":true}]}}