{"id":10545,"date":"2005-06-30T00:00:00","date_gmt":"2005-06-30T04:00:00","guid":{"rendered":"http:\/\/192.81.217.108\/interamerica\/2005\/06\/delegados-de-interamerica-se-reunen-para-elegir-a-los-miembros-de-la-comision-de-nombramiento\/"},"modified":"2017-06-02T09:17:07","modified_gmt":"2017-06-02T13:17:07","slug":"delegados-de-interamerica-se-reunen-para-elegir-a-los-miembros-de-la-comision-de-nombramiento","status":"publish","type":"post","link":"https:\/\/interamerica.org\/es\/2005\/06\/delegados-de-interamerica-se-reunen-para-elegir-a-los-miembros-de-la-comision-de-nombramiento\/","title":{"rendered":"Delegados de Interam\u00e9rica se Re\u00fanen para\u00a0Elegir a los\u00a0Miembros de la Comisi\u00f3n de Nombramiento"},"content":{"rendered":"<p>San Luis Missouri, Estados Unidos &#8230; [Libna Stevens\/DIA]<\/p>\n<p>Como parte de las reuniones de negocios que\u00a0se est\u00e1n realizando durante la 58ava Sesi\u00f3n de la Asociaci\u00f3n Generel de la Iglesia Adventista del S\u00e9ptimo D\u00eda, se estar\u00e1n eligiendo los l\u00edderes de la iglesia mundial\u00a0en los pr\u00f3ximos cinco d\u00edas.\u00a0 Hoy las 13 divisiones en que est\u00e1 dividida regionalmente la iglesia en el mundo se reunir\u00e1n en sus respectivos comit\u00e9s electorales para definir a sus delegados de la comisi\u00f3n de nombrabientos.\u00a0 Interam\u00e9rica, con sus 250 delegados de 2,000 asistentes a la sesi\u00f3n, defini\u00f3 esto el 30 de junio del 2005.<\/p>\n<p>El Pastor Leito, presidente de la Iglesia en Interam\u00e9rica, se reuni\u00f3 con la delegaci\u00f3n de la DIA para explicar y discutir los procedimientos previo a votar y determinar a los 25 delegados\u00a0quienes representar\u00e1n a los 2.5 millones de miembros en la comisi\u00f3n de nombramientos.<\/p>\n<p>\u00abCon el prop\u00f3sito de que todas las uniones est\u00e9n representadas, pues nuestras uniones var\u00edan en miembros desde la m\u00e1s grande de 273,506 a la m\u00e1s peque\u00f1a de 23,000, todos los presidentes ser\u00e1n parte de la comisi\u00f3n de nombramientos,\u00bb dijo el Pastor Leito.<\/p>\n<p>Los 25 delegados incluyen los 15 presidentes de uni\u00f3n, uno de una instituci\u00f3n y 9 delegados extras.<\/p>\n<p>El Pastor Israel\u00a0Leito, presidente de la iglesia en Interm\u00e9rica se reuni\u00f3 con las delegaci\u00f3n de la DIA para explicar y discutir los procedimientos previo a la votaci\u00f3n que elige a los 25 delegados quienes representar\u00e1n los 2.5 millones de miembros en la comisi\u00f3n de nombramientos.<\/p>\n<p>El Pastor\u00a0Leito continu\u00f3 diciendo que todas las uniones con el mayor n\u00famero de miembros\u00a0podr\u00e1n tener un delegado m\u00e1s de su territorio, que incluyen delegados tales como laicos, mujeres, pastores y administradores, como se vot\u00f3 previamente por la Comisi\u00f3n Ejecutiva de la Divisi\u00f3n.\u00a0<\/p>\n<p>Las uniones que tendr\u00e1n un delegado m\u00e1s son: la Caribe\u00f1a, la Colombiana, la Dominicana,\u00a0la Haitiana, la Centroamericana Central, la Centroamericana del Norte, la Centroamericana del Sur, la Mexicana del Sur y la Indias Occidentales.<\/p>\n<p>Una vez cada uni\u00f3n determine su delegado extra, los 25 nombres ser\u00e1n\u00a0presentados al Secretario de la Asociaci\u00f3n General antes de finalizar el d\u00eda para continuar con el proceso de elecci\u00f3n de los l\u00edderes\u00a0mundiales de la iglesia.\u00a0<\/p>\n<p>El Pastor Leito concluy\u00f3 la reuni\u00f3n, explicando que el pr\u00f3ximo mi\u00e9rcoles 6 de julio, la comisi\u00f3n de nombramientos de la DIA ser\u00e1 citada para elegir el resto del personal de la Divisi\u00f3n\u00a0una vez se vote por los oficiales de la DIA.\u00a0 Luego de\u00a0presentar los nombres por la comisi\u00f3n de nombramientos de la DIA, los delegados de la DIA votar\u00e1n para elegir los l\u00edderes departamentales.<\/p>\n","protected":false},"excerpt":{"rendered":"<p>Como parte de las reuniones de negocios que se est\u00e1n realizando durante la 58ava Sesi\u00f3n de la Asociaci\u00f3n Generel de la Iglesia Adventista del S\u00e9ptimo D\u00eda, se estar\u00e1n eligiendo los l\u00edderes de la iglesia mundial en los pr\u00f3ximos cinco d\u00edas.<\/p>\n","protected":false},"author":1,"featured_media":0,"comment_status":"closed","ping_status":"closed","sticky":false,"template":"","format":"standard","meta":{"_acf_changed":false,"footnotes":""},"categories":[8],"tags":[],"class_list":["post-10545","post","type-post","status-publish","format-standard","hentry","category-archivo"],"acf":[],"yoast_head":"<!-- This site is optimized with the Yoast SEO plugin v27.3 - https:\/\/yoast.com\/product\/yoast-seo-wordpress\/ -->\n<title>Delegados de Interam\u00e9rica se Re\u00fanen para\u00a0Elegir a los\u00a0Miembros de la Comisi\u00f3n de Nombramiento - Iglesia Adventista del S\u00e9ptimo D\u00eda - Divisi\u00f3n Interamericana<\/title>\n<meta name=\"robots\" content=\"index, follow, max-snippet:-1, max-image-preview:large, max-video-preview:-1\" \/>\n<link rel=\"canonical\" href=\"https:\/\/interamerica.org\/es\/2005\/06\/delegados-de-interamerica-se-reunen-para-elegir-a-los-miembros-de-la-comision-de-nombramiento\/\" \/>\n<meta property=\"og:locale\" content=\"es_ES\" \/>\n<meta property=\"og:type\" content=\"article\" \/>\n<meta property=\"og:title\" content=\"Delegados de Interam\u00e9rica se Re\u00fanen para\u00a0Elegir a los\u00a0Miembros de la Comisi\u00f3n de Nombramiento - Iglesia Adventista del S\u00e9ptimo D\u00eda - Divisi\u00f3n Interamericana\" \/>\n<meta property=\"og:description\" content=\"Como parte de las reuniones de negocios que se est\u00e1n realizando durante la 58ava Sesi\u00f3n de la Asociaci\u00f3n Generel de la Iglesia Adventista del S\u00e9ptimo D\u00eda, se estar\u00e1n eligiendo los l\u00edderes de la iglesia mundial en los pr\u00f3ximos cinco d\u00edas.\" \/>\n<meta property=\"og:url\" content=\"https:\/\/interamerica.org\/es\/2005\/06\/delegados-de-interamerica-se-reunen-para-elegir-a-los-miembros-de-la-comision-de-nombramiento\/\" \/>\n<meta property=\"og:site_name\" content=\"Iglesia Adventista del S\u00e9ptimo D\u00eda - Divisi\u00f3n Interamericana\" \/>\n<meta property=\"article:published_time\" content=\"2005-06-30T04:00:00+00:00\" \/>\n<meta property=\"article:modified_time\" content=\"2017-06-02T13:17:07+00:00\" \/>\n<meta name=\"author\" content=\"Lorenzo Verduzco\" \/>\n<meta name=\"twitter:card\" content=\"summary_large_image\" \/>\n<meta name=\"twitter:label1\" content=\"Escrito por\" \/>\n\t<meta name=\"twitter:data1\" content=\"Lorenzo Verduzco\" \/>\n\t<meta name=\"twitter:label2\" content=\"Tiempo de lectura\" \/>\n\t<meta name=\"twitter:data2\" content=\"2 minutos\" \/>\n<script type=\"application\/ld+json\" class=\"yoast-schema-graph\">{\"@context\":\"https:\\\/\\\/schema.org\",\"@graph\":[{\"@type\":\"Article\",\"@id\":\"https:\\\/\\\/interamerica.org\\\/es\\\/2005\\\/06\\\/delegados-de-interamerica-se-reunen-para-elegir-a-los-miembros-de-la-comision-de-nombramiento\\\/#article\",\"isPartOf\":{\"@id\":\"https:\\\/\\\/interamerica.org\\\/es\\\/2005\\\/06\\\/delegados-de-interamerica-se-reunen-para-elegir-a-los-miembros-de-la-comision-de-nombramiento\\\/\"},\"author\":{\"name\":\"Lorenzo Verduzco\",\"@id\":\"https:\\\/\\\/interamerica.org\\\/es\\\/#\\\/schema\\\/person\\\/68ede8bdc292885bb76c1e3810e73c39\"},\"headline\":\"Delegados de Interam\u00e9rica se Re\u00fanen para\u00a0Elegir a los\u00a0Miembros de la Comisi\u00f3n de Nombramiento\",\"datePublished\":\"2005-06-30T04:00:00+00:00\",\"dateModified\":\"2017-06-02T13:17:07+00:00\",\"mainEntityOfPage\":{\"@id\":\"https:\\\/\\\/interamerica.org\\\/es\\\/2005\\\/06\\\/delegados-de-interamerica-se-reunen-para-elegir-a-los-miembros-de-la-comision-de-nombramiento\\\/\"},\"wordCount\":488,\"articleSection\":[\"Archivo\"],\"inLanguage\":\"es\"},{\"@type\":\"WebPage\",\"@id\":\"https:\\\/\\\/interamerica.org\\\/es\\\/2005\\\/06\\\/delegados-de-interamerica-se-reunen-para-elegir-a-los-miembros-de-la-comision-de-nombramiento\\\/\",\"url\":\"https:\\\/\\\/interamerica.org\\\/es\\\/2005\\\/06\\\/delegados-de-interamerica-se-reunen-para-elegir-a-los-miembros-de-la-comision-de-nombramiento\\\/\",\"name\":\"Delegados de Interam\u00e9rica se Re\u00fanen para\u00a0Elegir a los\u00a0Miembros de la Comisi\u00f3n de Nombramiento - Iglesia Adventista del S\u00e9ptimo D\u00eda - Divisi\u00f3n Interamericana\",\"isPartOf\":{\"@id\":\"https:\\\/\\\/interamerica.org\\\/es\\\/#website\"},\"datePublished\":\"2005-06-30T04:00:00+00:00\",\"dateModified\":\"2017-06-02T13:17:07+00:00\",\"author\":{\"@id\":\"https:\\\/\\\/interamerica.org\\\/es\\\/#\\\/schema\\\/person\\\/68ede8bdc292885bb76c1e3810e73c39\"},\"breadcrumb\":{\"@id\":\"https:\\\/\\\/interamerica.org\\\/es\\\/2005\\\/06\\\/delegados-de-interamerica-se-reunen-para-elegir-a-los-miembros-de-la-comision-de-nombramiento\\\/#breadcrumb\"},\"inLanguage\":\"es\",\"potentialAction\":[{\"@type\":\"ReadAction\",\"target\":[\"https:\\\/\\\/interamerica.org\\\/es\\\/2005\\\/06\\\/delegados-de-interamerica-se-reunen-para-elegir-a-los-miembros-de-la-comision-de-nombramiento\\\/\"]}]},{\"@type\":\"BreadcrumbList\",\"@id\":\"https:\\\/\\\/interamerica.org\\\/es\\\/2005\\\/06\\\/delegados-de-interamerica-se-reunen-para-elegir-a-los-miembros-de-la-comision-de-nombramiento\\\/#breadcrumb\",\"itemListElement\":[{\"@type\":\"ListItem\",\"position\":1,\"name\":\"Home\",\"item\":\"https:\\\/\\\/interamerica.org\\\/es\\\/\"},{\"@type\":\"ListItem\",\"position\":2,\"name\":\"Delegados de Interam\u00e9rica se Re\u00fanen para\u00a0Elegir a los\u00a0Miembros de la Comisi\u00f3n de Nombramiento\"}]},{\"@type\":\"WebSite\",\"@id\":\"https:\\\/\\\/interamerica.org\\\/es\\\/#website\",\"url\":\"https:\\\/\\\/interamerica.org\\\/es\\\/\",\"name\":\"Iglesia Adventista del S\u00e9ptimo D\u00eda - Divisi\u00f3n Interamericana\",\"description\":\"\",\"potentialAction\":[{\"@type\":\"SearchAction\",\"target\":{\"@type\":\"EntryPoint\",\"urlTemplate\":\"https:\\\/\\\/interamerica.org\\\/es\\\/?s={search_term_string}\"},\"query-input\":{\"@type\":\"PropertyValueSpecification\",\"valueRequired\":true,\"valueName\":\"search_term_string\"}}],\"inLanguage\":\"es\"},{\"@type\":\"Person\",\"@id\":\"https:\\\/\\\/interamerica.org\\\/es\\\/#\\\/schema\\\/person\\\/68ede8bdc292885bb76c1e3810e73c39\",\"name\":\"Lorenzo Verduzco\",\"image\":{\"@type\":\"ImageObject\",\"inLanguage\":\"es\",\"@id\":\"https:\\\/\\\/secure.gravatar.com\\\/avatar\\\/fb81a55b6218459490a9c1dc841a34909185b81904c5337b4b27f7a6fd60c49e?s=96&d=mm&r=g\",\"url\":\"https:\\\/\\\/secure.gravatar.com\\\/avatar\\\/fb81a55b6218459490a9c1dc841a34909185b81904c5337b4b27f7a6fd60c49e?s=96&d=mm&r=g\",\"contentUrl\":\"https:\\\/\\\/secure.gravatar.com\\\/avatar\\\/fb81a55b6218459490a9c1dc841a34909185b81904c5337b4b27f7a6fd60c49e?s=96&d=mm&r=g\",\"caption\":\"Lorenzo Verduzco\"}}]}<\/script>\n<!-- \/ Yoast SEO plugin. -->","yoast_head_json":{"title":"Delegados de Interam\u00e9rica se Re\u00fanen para\u00a0Elegir a los\u00a0Miembros de la Comisi\u00f3n de Nombramiento - Iglesia Adventista del S\u00e9ptimo D\u00eda - Divisi\u00f3n Interamericana","robots":{"index":"index","follow":"follow","max-snippet":"max-snippet:-1","max-image-preview":"max-image-preview:large","max-video-preview":"max-video-preview:-1"},"canonical":"https:\/\/interamerica.org\/es\/2005\/06\/delegados-de-interamerica-se-reunen-para-elegir-a-los-miembros-de-la-comision-de-nombramiento\/","og_locale":"es_ES","og_type":"article","og_title":"Delegados de Interam\u00e9rica se Re\u00fanen para\u00a0Elegir a los\u00a0Miembros de la Comisi\u00f3n de Nombramiento - Iglesia Adventista del S\u00e9ptimo D\u00eda - Divisi\u00f3n Interamericana","og_description":"Como parte de las reuniones de negocios que se est\u00e1n realizando durante la 58ava Sesi\u00f3n de la Asociaci\u00f3n Generel de la Iglesia Adventista del S\u00e9ptimo D\u00eda, se estar\u00e1n eligiendo los l\u00edderes de la iglesia mundial en los pr\u00f3ximos cinco d\u00edas.","og_url":"https:\/\/interamerica.org\/es\/2005\/06\/delegados-de-interamerica-se-reunen-para-elegir-a-los-miembros-de-la-comision-de-nombramiento\/","og_site_name":"Iglesia Adventista del S\u00e9ptimo D\u00eda - Divisi\u00f3n Interamericana","article_published_time":"2005-06-30T04:00:00+00:00","article_modified_time":"2017-06-02T13:17:07+00:00","author":"Lorenzo Verduzco","twitter_card":"summary_large_image","twitter_misc":{"Escrito por":"Lorenzo Verduzco","Tiempo de lectura":"2 minutos"},"schema":{"@context":"https:\/\/schema.org","@graph":[{"@type":"Article","@id":"https:\/\/interamerica.org\/es\/2005\/06\/delegados-de-interamerica-se-reunen-para-elegir-a-los-miembros-de-la-comision-de-nombramiento\/#article","isPartOf":{"@id":"https:\/\/interamerica.org\/es\/2005\/06\/delegados-de-interamerica-se-reunen-para-elegir-a-los-miembros-de-la-comision-de-nombramiento\/"},"author":{"name":"Lorenzo Verduzco","@id":"https:\/\/interamerica.org\/es\/#\/schema\/person\/68ede8bdc292885bb76c1e3810e73c39"},"headline":"Delegados de Interam\u00e9rica se Re\u00fanen para\u00a0Elegir a los\u00a0Miembros de la Comisi\u00f3n de Nombramiento","datePublished":"2005-06-30T04:00:00+00:00","dateModified":"2017-06-02T13:17:07+00:00","mainEntityOfPage":{"@id":"https:\/\/interamerica.org\/es\/2005\/06\/delegados-de-interamerica-se-reunen-para-elegir-a-los-miembros-de-la-comision-de-nombramiento\/"},"wordCount":488,"articleSection":["Archivo"],"inLanguage":"es"},{"@type":"WebPage","@id":"https:\/\/interamerica.org\/es\/2005\/06\/delegados-de-interamerica-se-reunen-para-elegir-a-los-miembros-de-la-comision-de-nombramiento\/","url":"https:\/\/interamerica.org\/es\/2005\/06\/delegados-de-interamerica-se-reunen-para-elegir-a-los-miembros-de-la-comision-de-nombramiento\/","name":"Delegados de Interam\u00e9rica se Re\u00fanen para\u00a0Elegir a los\u00a0Miembros de la Comisi\u00f3n de Nombramiento - Iglesia Adventista del S\u00e9ptimo D\u00eda - Divisi\u00f3n Interamericana","isPartOf":{"@id":"https:\/\/interamerica.org\/es\/#website"},"datePublished":"2005-06-30T04:00:00+00:00","dateModified":"2017-06-02T13:17:07+00:00","author":{"@id":"https:\/\/interamerica.org\/es\/#\/schema\/person\/68ede8bdc292885bb76c1e3810e73c39"},"breadcrumb":{"@id":"https:\/\/interamerica.org\/es\/2005\/06\/delegados-de-interamerica-se-reunen-para-elegir-a-los-miembros-de-la-comision-de-nombramiento\/#breadcrumb"},"inLanguage":"es","potentialAction":[{"@type":"ReadAction","target":["https:\/\/interamerica.org\/es\/2005\/06\/delegados-de-interamerica-se-reunen-para-elegir-a-los-miembros-de-la-comision-de-nombramiento\/"]}]},{"@type":"BreadcrumbList","@id":"https:\/\/interamerica.org\/es\/2005\/06\/delegados-de-interamerica-se-reunen-para-elegir-a-los-miembros-de-la-comision-de-nombramiento\/#breadcrumb","itemListElement":[{"@type":"ListItem","position":1,"name":"Home","item":"https:\/\/interamerica.org\/es\/"},{"@type":"ListItem","position":2,"name":"Delegados de Interam\u00e9rica se Re\u00fanen para\u00a0Elegir a los\u00a0Miembros de la Comisi\u00f3n de Nombramiento"}]},{"@type":"WebSite","@id":"https:\/\/interamerica.org\/es\/#website","url":"https:\/\/interamerica.org\/es\/","name":"Iglesia Adventista del S\u00e9ptimo D\u00eda - Divisi\u00f3n Interamericana","description":"","potentialAction":[{"@type":"SearchAction","target":{"@type":"EntryPoint","urlTemplate":"https:\/\/interamerica.org\/es\/?s={search_term_string}"},"query-input":{"@type":"PropertyValueSpecification","valueRequired":true,"valueName":"search_term_string"}}],"inLanguage":"es"},{"@type":"Person","@id":"https:\/\/interamerica.org\/es\/#\/schema\/person\/68ede8bdc292885bb76c1e3810e73c39","name":"Lorenzo Verduzco","image":{"@type":"ImageObject","inLanguage":"es","@id":"https:\/\/secure.gravatar.com\/avatar\/fb81a55b6218459490a9c1dc841a34909185b81904c5337b4b27f7a6fd60c49e?s=96&d=mm&r=g","url":"https:\/\/secure.gravatar.com\/avatar\/fb81a55b6218459490a9c1dc841a34909185b81904c5337b4b27f7a6fd60c49e?s=96&d=mm&r=g","contentUrl":"https:\/\/secure.gravatar.com\/avatar\/fb81a55b6218459490a9c1dc841a34909185b81904c5337b4b27f7a6fd60c49e?s=96&d=mm&r=g","caption":"Lorenzo Verduzco"}}]}},"_links":{"self":[{"href":"https:\/\/interamerica.org\/es\/wp-json\/wp\/v2\/posts\/10545","targetHints":{"allow":["GET"]}}],"collection":[{"href":"https:\/\/interamerica.org\/es\/wp-json\/wp\/v2\/posts"}],"about":[{"href":"https:\/\/interamerica.org\/es\/wp-json\/wp\/v2\/types\/post"}],"author":[{"embeddable":true,"href":"https:\/\/interamerica.org\/es\/wp-json\/wp\/v2\/users\/1"}],"replies":[{"embeddable":true,"href":"https:\/\/interamerica.org\/es\/wp-json\/wp\/v2\/comments?post=10545"}],"version-history":[{"count":0,"href":"https:\/\/interamerica.org\/es\/wp-json\/wp\/v2\/posts\/10545\/revisions"}],"wp:attachment":[{"href":"https:\/\/interamerica.org\/es\/wp-json\/wp\/v2\/media?parent=10545"}],"wp:term":[{"taxonomy":"category","embeddable":true,"href":"https:\/\/interamerica.org\/es\/wp-json\/wp\/v2\/categories?post=10545"},{"taxonomy":"post_tag","embeddable":true,"href":"https:\/\/interamerica.org\/es\/wp-json\/wp\/v2\/tags?post=10545"}],"curies":[{"name":"wp","href":"https:\/\/api.w.org\/{rel}","templated":true}]}}