{"id":10549,"date":"2005-07-01T00:00:00","date_gmt":"2005-07-01T04:00:00","guid":{"rendered":"http:\/\/192.81.217.108\/interamerica\/2005\/07\/reportaje-de-una-conferencia-de-prensa-con-el-presidente-de-la-iglesia-adventista-mundial\/"},"modified":"2017-06-02T09:17:05","modified_gmt":"2017-06-02T13:17:05","slug":"reportaje-de-una-conferencia-de-prensa-con-el-presidente-de-la-iglesia-adventista-mundial","status":"publish","type":"post","link":"https:\/\/interamerica.org\/es\/2005\/07\/reportaje-de-una-conferencia-de-prensa-con-el-presidente-de-la-iglesia-adventista-mundial\/","title":{"rendered":"Reportaje de una Conferencia de Prensa con el Presidente de la Iglesia Adventista Mundial"},"content":{"rendered":"<p>San Luis, Missouri, Estados Unidos, 1\u00ba de Julio de 2005. [Adventist News Review (Revista de Noticias Adventista)]<\/p>\n<p>En una entrevista de prensa concedida poco despu\u00e9s de su reelecci\u00f3n, Jan Paulsen respondi\u00f3 cierto n\u00famero de preguntas en torno a la juventud que est\u00e1 en la iglesia, los desaf\u00edos del lento crecimiento en Europa, los desaf\u00edos para los a\u00f1os por venir, y frustraciones personales.<\/p>\n<p>Concerniente a los j\u00f3venes, \u00e9l dijo: \u201cQuiero saber qu\u00e9 est\u00e1 en sus corazones\u201d. Repitiendo un pensamiento de la presentaci\u00f3n de la noche anterior, Paulsen urgi\u00f3 a los j\u00f3venes directamente: \u201cSi ustedes no encuentran que la iglesia es interesante, vengan y h\u00e1ganla interesante\u2026Sean nuestros compa\u00f1eros en ese sentido\u201d.<\/p>\n<p>Continuando su iniciativa de \u201cLet\u2019s Talk\u201d (Hablemos) invitando a los j\u00f3venes a dialogar acerca de temas que son importantes para ellos, \u00e9l tambi\u00e9n inst\u00f3 a la iglesia a ser m\u00e1s tolerantes y a aceptar que la gente joven se involucre en la vida de la iglesia. \u201cPorque yo tenga 55 a\u00f1os (tengo un poco m\u00e1s de edad que eso), eso no significa que yo tengo un derecho mayor para hablar en la iglesia, que alguien que tiene 20 a\u00f1os\u2026 Ellos cometer\u00e1n errores \u2013 \u00bfNo los cometi\u00f3 usted?\u201d. Paulsen tambi\u00e9n revel\u00f3 que \u00e9l hab\u00eda pedido a los presidentes de las divisiones mundiales a que tuviesen iniciativas semejantes a Let\u2019s Talk, con los j\u00f3venes en sus \u00e1reas locales.<\/p>\n<p>Hablando acerca del desaf\u00edo del lento crecimiento de la feligres\u00eda en Europa, \u00e9l reconoci\u00f3: \u201cNo tengo las respuestas\u201d. Pero subray\u00f3 dos cosas para que los miembros las comprendan. En primer lugar, que simplemente porque la iglesia encuentra dificultades para la obra en Europa, \u201cpor favor, no deduzcan de eso, que Dios se ha apartado de ah\u00ed o algo as\u00ed\u201d. En segundo lugar, no definan la obediencia con base en la situaci\u00f3n en la cual ustedes mismos se encuentran \u2013puede haber tanto gozo en el cielo por una persona salvada en Europa, que por ciento una personas salvadas en alg\u00fan otro lugar.<\/p>\n<p>En respuesta a la pregunta de los desaf\u00edos para los pr\u00f3ximos cinco a\u00f1os, Paulsen se refiri\u00f3 a la necesidad del cuidado pastoral de los miembros, la necesidad de edificios para que los miembros se re\u00fanan, porque \u201cen muchos lugares s\u00f3lo hay una palmera para reunirse bajo ella\u201d, y la necesidad de mantener la unidad y evitar el regionalismo.<\/p>\n<p>Cuando se le pregunt\u00f3 acerca de sus frustraciones, aunque admiti\u00f3 que est\u00e1 muy contento en su trabajo y disfruta yendo a trabajar en la ma\u00f1ana, encuentra una \u201cpeque\u00f1a preocupaci\u00f3n\u201d; personas que act\u00faan motivados por miedo en lugar de ser motivados por el vigor, y la frustraci\u00f3n de no ser capaz de llenar m\u00e1s de las grandes necesidades que \u00e9l ve alrededor del mundo, como frustrantes.<\/p>\n<p>Una pregunta final que respondi\u00f3 fue si \u00e9l va a quedarse por un per\u00edodo completo de cinco a\u00f1os:<\/p>\n<p>\u201cYo soy un siervo del Se\u00f1or\u201d, dijo. \u201c\u00c9l es due\u00f1o del futuro\u201d. <\/p>\n","protected":false},"excerpt":{"rendered":"<p>En una entrevista de prensa concedida poco despu\u00e9s de su reelecci\u00f3n, Jan Paulsen respondi\u00f3 cierto n\u00famero de preguntas en torno a la juventud que est\u00e1 en la iglesia&#8230;<\/p>\n","protected":false},"author":1,"featured_media":0,"comment_status":"closed","ping_status":"closed","sticky":false,"template":"","format":"standard","meta":{"_acf_changed":false,"footnotes":""},"categories":[8],"tags":[],"class_list":["post-10549","post","type-post","status-publish","format-standard","hentry","category-archivo"],"acf":[],"yoast_head":"<!-- This site is optimized with the Yoast SEO plugin v27.3 - https:\/\/yoast.com\/product\/yoast-seo-wordpress\/ -->\n<title>Reportaje de una Conferencia de Prensa con el Presidente de la Iglesia Adventista Mundial - Iglesia Adventista del S\u00e9ptimo D\u00eda - Divisi\u00f3n Interamericana<\/title>\n<meta name=\"robots\" content=\"index, follow, max-snippet:-1, max-image-preview:large, max-video-preview:-1\" \/>\n<link rel=\"canonical\" href=\"https:\/\/interamerica.org\/es\/2005\/07\/reportaje-de-una-conferencia-de-prensa-con-el-presidente-de-la-iglesia-adventista-mundial\/\" \/>\n<meta property=\"og:locale\" content=\"es_ES\" \/>\n<meta property=\"og:type\" content=\"article\" \/>\n<meta property=\"og:title\" content=\"Reportaje de una Conferencia de Prensa con el Presidente de la Iglesia Adventista Mundial - Iglesia Adventista del S\u00e9ptimo D\u00eda - Divisi\u00f3n Interamericana\" \/>\n<meta property=\"og:description\" content=\"En una entrevista de prensa concedida poco despu\u00e9s de su reelecci\u00f3n, Jan Paulsen respondi\u00f3 cierto n\u00famero de preguntas en torno a la juventud que est\u00e1 en la iglesia...\" \/>\n<meta property=\"og:url\" content=\"https:\/\/interamerica.org\/es\/2005\/07\/reportaje-de-una-conferencia-de-prensa-con-el-presidente-de-la-iglesia-adventista-mundial\/\" \/>\n<meta property=\"og:site_name\" content=\"Iglesia Adventista del S\u00e9ptimo D\u00eda - Divisi\u00f3n Interamericana\" \/>\n<meta property=\"article:published_time\" content=\"2005-07-01T04:00:00+00:00\" \/>\n<meta property=\"article:modified_time\" content=\"2017-06-02T13:17:05+00:00\" \/>\n<meta name=\"author\" content=\"Lorenzo Verduzco\" \/>\n<meta name=\"twitter:card\" content=\"summary_large_image\" \/>\n<meta name=\"twitter:label1\" content=\"Escrito por\" \/>\n\t<meta name=\"twitter:data1\" content=\"Lorenzo Verduzco\" \/>\n\t<meta name=\"twitter:label2\" content=\"Tiempo de lectura\" \/>\n\t<meta name=\"twitter:data2\" content=\"3 minutos\" \/>\n<script type=\"application\/ld+json\" class=\"yoast-schema-graph\">{\"@context\":\"https:\\\/\\\/schema.org\",\"@graph\":[{\"@type\":\"Article\",\"@id\":\"https:\\\/\\\/interamerica.org\\\/es\\\/2005\\\/07\\\/reportaje-de-una-conferencia-de-prensa-con-el-presidente-de-la-iglesia-adventista-mundial\\\/#article\",\"isPartOf\":{\"@id\":\"https:\\\/\\\/interamerica.org\\\/es\\\/2005\\\/07\\\/reportaje-de-una-conferencia-de-prensa-con-el-presidente-de-la-iglesia-adventista-mundial\\\/\"},\"author\":{\"name\":\"Lorenzo Verduzco\",\"@id\":\"https:\\\/\\\/interamerica.org\\\/es\\\/#\\\/schema\\\/person\\\/68ede8bdc292885bb76c1e3810e73c39\"},\"headline\":\"Reportaje de una Conferencia de Prensa con el Presidente de la Iglesia Adventista Mundial\",\"datePublished\":\"2005-07-01T04:00:00+00:00\",\"dateModified\":\"2017-06-02T13:17:05+00:00\",\"mainEntityOfPage\":{\"@id\":\"https:\\\/\\\/interamerica.org\\\/es\\\/2005\\\/07\\\/reportaje-de-una-conferencia-de-prensa-con-el-presidente-de-la-iglesia-adventista-mundial\\\/\"},\"wordCount\":531,\"articleSection\":[\"Archivo\"],\"inLanguage\":\"es\"},{\"@type\":\"WebPage\",\"@id\":\"https:\\\/\\\/interamerica.org\\\/es\\\/2005\\\/07\\\/reportaje-de-una-conferencia-de-prensa-con-el-presidente-de-la-iglesia-adventista-mundial\\\/\",\"url\":\"https:\\\/\\\/interamerica.org\\\/es\\\/2005\\\/07\\\/reportaje-de-una-conferencia-de-prensa-con-el-presidente-de-la-iglesia-adventista-mundial\\\/\",\"name\":\"Reportaje de una Conferencia de Prensa con el Presidente de la Iglesia Adventista Mundial - Iglesia Adventista del S\u00e9ptimo D\u00eda - Divisi\u00f3n Interamericana\",\"isPartOf\":{\"@id\":\"https:\\\/\\\/interamerica.org\\\/es\\\/#website\"},\"datePublished\":\"2005-07-01T04:00:00+00:00\",\"dateModified\":\"2017-06-02T13:17:05+00:00\",\"author\":{\"@id\":\"https:\\\/\\\/interamerica.org\\\/es\\\/#\\\/schema\\\/person\\\/68ede8bdc292885bb76c1e3810e73c39\"},\"breadcrumb\":{\"@id\":\"https:\\\/\\\/interamerica.org\\\/es\\\/2005\\\/07\\\/reportaje-de-una-conferencia-de-prensa-con-el-presidente-de-la-iglesia-adventista-mundial\\\/#breadcrumb\"},\"inLanguage\":\"es\",\"potentialAction\":[{\"@type\":\"ReadAction\",\"target\":[\"https:\\\/\\\/interamerica.org\\\/es\\\/2005\\\/07\\\/reportaje-de-una-conferencia-de-prensa-con-el-presidente-de-la-iglesia-adventista-mundial\\\/\"]}]},{\"@type\":\"BreadcrumbList\",\"@id\":\"https:\\\/\\\/interamerica.org\\\/es\\\/2005\\\/07\\\/reportaje-de-una-conferencia-de-prensa-con-el-presidente-de-la-iglesia-adventista-mundial\\\/#breadcrumb\",\"itemListElement\":[{\"@type\":\"ListItem\",\"position\":1,\"name\":\"Home\",\"item\":\"https:\\\/\\\/interamerica.org\\\/es\\\/\"},{\"@type\":\"ListItem\",\"position\":2,\"name\":\"Reportaje de una Conferencia de Prensa con el Presidente de la Iglesia Adventista Mundial\"}]},{\"@type\":\"WebSite\",\"@id\":\"https:\\\/\\\/interamerica.org\\\/es\\\/#website\",\"url\":\"https:\\\/\\\/interamerica.org\\\/es\\\/\",\"name\":\"Iglesia Adventista del S\u00e9ptimo D\u00eda - Divisi\u00f3n Interamericana\",\"description\":\"\",\"potentialAction\":[{\"@type\":\"SearchAction\",\"target\":{\"@type\":\"EntryPoint\",\"urlTemplate\":\"https:\\\/\\\/interamerica.org\\\/es\\\/?s={search_term_string}\"},\"query-input\":{\"@type\":\"PropertyValueSpecification\",\"valueRequired\":true,\"valueName\":\"search_term_string\"}}],\"inLanguage\":\"es\"},{\"@type\":\"Person\",\"@id\":\"https:\\\/\\\/interamerica.org\\\/es\\\/#\\\/schema\\\/person\\\/68ede8bdc292885bb76c1e3810e73c39\",\"name\":\"Lorenzo Verduzco\",\"image\":{\"@type\":\"ImageObject\",\"inLanguage\":\"es\",\"@id\":\"https:\\\/\\\/secure.gravatar.com\\\/avatar\\\/fb81a55b6218459490a9c1dc841a34909185b81904c5337b4b27f7a6fd60c49e?s=96&d=mm&r=g\",\"url\":\"https:\\\/\\\/secure.gravatar.com\\\/avatar\\\/fb81a55b6218459490a9c1dc841a34909185b81904c5337b4b27f7a6fd60c49e?s=96&d=mm&r=g\",\"contentUrl\":\"https:\\\/\\\/secure.gravatar.com\\\/avatar\\\/fb81a55b6218459490a9c1dc841a34909185b81904c5337b4b27f7a6fd60c49e?s=96&d=mm&r=g\",\"caption\":\"Lorenzo Verduzco\"}}]}<\/script>\n<!-- \/ Yoast SEO plugin. -->","yoast_head_json":{"title":"Reportaje de una Conferencia de Prensa con el Presidente de la Iglesia Adventista Mundial - Iglesia Adventista del S\u00e9ptimo D\u00eda - Divisi\u00f3n Interamericana","robots":{"index":"index","follow":"follow","max-snippet":"max-snippet:-1","max-image-preview":"max-image-preview:large","max-video-preview":"max-video-preview:-1"},"canonical":"https:\/\/interamerica.org\/es\/2005\/07\/reportaje-de-una-conferencia-de-prensa-con-el-presidente-de-la-iglesia-adventista-mundial\/","og_locale":"es_ES","og_type":"article","og_title":"Reportaje de una Conferencia de Prensa con el Presidente de la Iglesia Adventista Mundial - Iglesia Adventista del S\u00e9ptimo D\u00eda - Divisi\u00f3n Interamericana","og_description":"En una entrevista de prensa concedida poco despu\u00e9s de su reelecci\u00f3n, Jan Paulsen respondi\u00f3 cierto n\u00famero de preguntas en torno a la juventud que est\u00e1 en la iglesia...","og_url":"https:\/\/interamerica.org\/es\/2005\/07\/reportaje-de-una-conferencia-de-prensa-con-el-presidente-de-la-iglesia-adventista-mundial\/","og_site_name":"Iglesia Adventista del S\u00e9ptimo D\u00eda - Divisi\u00f3n Interamericana","article_published_time":"2005-07-01T04:00:00+00:00","article_modified_time":"2017-06-02T13:17:05+00:00","author":"Lorenzo Verduzco","twitter_card":"summary_large_image","twitter_misc":{"Escrito por":"Lorenzo Verduzco","Tiempo de lectura":"3 minutos"},"schema":{"@context":"https:\/\/schema.org","@graph":[{"@type":"Article","@id":"https:\/\/interamerica.org\/es\/2005\/07\/reportaje-de-una-conferencia-de-prensa-con-el-presidente-de-la-iglesia-adventista-mundial\/#article","isPartOf":{"@id":"https:\/\/interamerica.org\/es\/2005\/07\/reportaje-de-una-conferencia-de-prensa-con-el-presidente-de-la-iglesia-adventista-mundial\/"},"author":{"name":"Lorenzo Verduzco","@id":"https:\/\/interamerica.org\/es\/#\/schema\/person\/68ede8bdc292885bb76c1e3810e73c39"},"headline":"Reportaje de una Conferencia de Prensa con el Presidente de la Iglesia Adventista Mundial","datePublished":"2005-07-01T04:00:00+00:00","dateModified":"2017-06-02T13:17:05+00:00","mainEntityOfPage":{"@id":"https:\/\/interamerica.org\/es\/2005\/07\/reportaje-de-una-conferencia-de-prensa-con-el-presidente-de-la-iglesia-adventista-mundial\/"},"wordCount":531,"articleSection":["Archivo"],"inLanguage":"es"},{"@type":"WebPage","@id":"https:\/\/interamerica.org\/es\/2005\/07\/reportaje-de-una-conferencia-de-prensa-con-el-presidente-de-la-iglesia-adventista-mundial\/","url":"https:\/\/interamerica.org\/es\/2005\/07\/reportaje-de-una-conferencia-de-prensa-con-el-presidente-de-la-iglesia-adventista-mundial\/","name":"Reportaje de una Conferencia de Prensa con el Presidente de la Iglesia Adventista Mundial - Iglesia Adventista del S\u00e9ptimo D\u00eda - Divisi\u00f3n Interamericana","isPartOf":{"@id":"https:\/\/interamerica.org\/es\/#website"},"datePublished":"2005-07-01T04:00:00+00:00","dateModified":"2017-06-02T13:17:05+00:00","author":{"@id":"https:\/\/interamerica.org\/es\/#\/schema\/person\/68ede8bdc292885bb76c1e3810e73c39"},"breadcrumb":{"@id":"https:\/\/interamerica.org\/es\/2005\/07\/reportaje-de-una-conferencia-de-prensa-con-el-presidente-de-la-iglesia-adventista-mundial\/#breadcrumb"},"inLanguage":"es","potentialAction":[{"@type":"ReadAction","target":["https:\/\/interamerica.org\/es\/2005\/07\/reportaje-de-una-conferencia-de-prensa-con-el-presidente-de-la-iglesia-adventista-mundial\/"]}]},{"@type":"BreadcrumbList","@id":"https:\/\/interamerica.org\/es\/2005\/07\/reportaje-de-una-conferencia-de-prensa-con-el-presidente-de-la-iglesia-adventista-mundial\/#breadcrumb","itemListElement":[{"@type":"ListItem","position":1,"name":"Home","item":"https:\/\/interamerica.org\/es\/"},{"@type":"ListItem","position":2,"name":"Reportaje de una Conferencia de Prensa con el Presidente de la Iglesia Adventista Mundial"}]},{"@type":"WebSite","@id":"https:\/\/interamerica.org\/es\/#website","url":"https:\/\/interamerica.org\/es\/","name":"Iglesia Adventista del S\u00e9ptimo D\u00eda - Divisi\u00f3n Interamericana","description":"","potentialAction":[{"@type":"SearchAction","target":{"@type":"EntryPoint","urlTemplate":"https:\/\/interamerica.org\/es\/?s={search_term_string}"},"query-input":{"@type":"PropertyValueSpecification","valueRequired":true,"valueName":"search_term_string"}}],"inLanguage":"es"},{"@type":"Person","@id":"https:\/\/interamerica.org\/es\/#\/schema\/person\/68ede8bdc292885bb76c1e3810e73c39","name":"Lorenzo Verduzco","image":{"@type":"ImageObject","inLanguage":"es","@id":"https:\/\/secure.gravatar.com\/avatar\/fb81a55b6218459490a9c1dc841a34909185b81904c5337b4b27f7a6fd60c49e?s=96&d=mm&r=g","url":"https:\/\/secure.gravatar.com\/avatar\/fb81a55b6218459490a9c1dc841a34909185b81904c5337b4b27f7a6fd60c49e?s=96&d=mm&r=g","contentUrl":"https:\/\/secure.gravatar.com\/avatar\/fb81a55b6218459490a9c1dc841a34909185b81904c5337b4b27f7a6fd60c49e?s=96&d=mm&r=g","caption":"Lorenzo Verduzco"}}]}},"_links":{"self":[{"href":"https:\/\/interamerica.org\/es\/wp-json\/wp\/v2\/posts\/10549","targetHints":{"allow":["GET"]}}],"collection":[{"href":"https:\/\/interamerica.org\/es\/wp-json\/wp\/v2\/posts"}],"about":[{"href":"https:\/\/interamerica.org\/es\/wp-json\/wp\/v2\/types\/post"}],"author":[{"embeddable":true,"href":"https:\/\/interamerica.org\/es\/wp-json\/wp\/v2\/users\/1"}],"replies":[{"embeddable":true,"href":"https:\/\/interamerica.org\/es\/wp-json\/wp\/v2\/comments?post=10549"}],"version-history":[{"count":0,"href":"https:\/\/interamerica.org\/es\/wp-json\/wp\/v2\/posts\/10549\/revisions"}],"wp:attachment":[{"href":"https:\/\/interamerica.org\/es\/wp-json\/wp\/v2\/media?parent=10549"}],"wp:term":[{"taxonomy":"category","embeddable":true,"href":"https:\/\/interamerica.org\/es\/wp-json\/wp\/v2\/categories?post=10549"},{"taxonomy":"post_tag","embeddable":true,"href":"https:\/\/interamerica.org\/es\/wp-json\/wp\/v2\/tags?post=10549"}],"curies":[{"name":"wp","href":"https:\/\/api.w.org\/{rel}","templated":true}]}}