{"id":10551,"date":"2005-07-02T00:00:00","date_gmt":"2005-07-02T04:00:00","guid":{"rendered":"http:\/\/192.81.217.108\/interamerica\/2005\/07\/expectativas-en-el-dia-de-reposo\/"},"modified":"2017-06-02T09:17:01","modified_gmt":"2017-06-02T13:17:01","slug":"expectativas-en-el-dia-de-reposo","status":"publish","type":"post","link":"https:\/\/interamerica.org\/es\/2005\/07\/expectativas-en-el-dia-de-reposo\/","title":{"rendered":"Expectativas en el D\u00eda de Reposo"},"content":{"rendered":"<p>San Luis, Missouri, Estados Unidos, 2 de Julio de 2005. [V\u00edctor Hulbert\/ANN]<\/p>\n<p>Hoy es un gran d\u00eda en San Luis. El \u201cdesfile del profeta velado\u201d se tom\u00f3 la ciudad. Se trata de una celebraci\u00f3n de dos d\u00edas con motivo del d\u00eda de la independencia en los Estados Unidos. Miles de personas hacen fila en las calles para una celebraci\u00f3n con la se\u00f1orita Estados Unidos, Shandi Finnessey como Gran Mariscal Honoraria; la estrella del Canal Disney Raven Symone; el \u00eddolo americano Aloha Mischeaux; y las voces del Coro de Rock la Iglesia de San Alfonso uni\u00e9ndose con sus bandas de flotas y las celebraciones callejeras.<\/p>\n<p>Aun cuando los espectadores se acomodan en las aceras con sus canastas de comida y sus sillas de acampar, montones de personas elegantemente vestidas pasan junto a ellos camino a otro gran d\u00eda, un s\u00e1bado en la reuni\u00f3n de la Asociaci\u00f3n General. Muchos han viajado por avi\u00f3n s\u00f3lo para estar ah\u00ed el fin de semana. \u00bfPor qu\u00e9 est\u00e1n ah\u00ed?<\/p>\n<p>\u201cHe venido a adorar y a alabar al Se\u00f1or con mis compa\u00f1eros cristianos\u201d, dice Maria Lena Lewis, proveniente de Santa Luc\u00eda, mientras toma su camino hacia el auditorio. Ella tambi\u00e9n est\u00e1 deleitada al encontrarse con un primo a quien ella no hab\u00eda visto desde hac\u00eda a\u00f1os. A Florence Callender, de Nnueva York, le gusta el \u201csentido global de misi\u00f3n, entusiasmo y renovaci\u00f3n\u201d. Edward Hastie, un delegado de Brisbane, Australia, dijo sencillamente que aprecia una pausa de s\u00e1bado en medio de la reuni\u00f3n de negocios.<\/p>\n<p>Vestidos en su tradicional traje hind\u00fa para el d\u00eda de reposo, Sam\u00a0 y Patta Kamahos, provenientes de Hyderabad, India, est\u00e1n simplemente impresionados con los miles de personas que han venido de tantos pa\u00edses para reunirse como pueblo de Dios. \u201cLa idea de unidad en Cristo es muy evidente aqu\u00ed\u201d.<\/p>\n<p>Petra Ferraz, de Suiza, est\u00e1 de acuerdo con eso, disfrutando la idea de \u201cadorar y cantar con una familia mundial\u201d, lo cual es el sentimiento de muchos en un auditorio que irradia con color, mientras algunos himnos son entonados simult\u00e1neamente en 16 idiomas. El joven Ezequiel D\u00edaz, un mexicano residente en San Luis, est\u00e1 impresionado. \u201cEsto es diferente a mi experiencia regular en la iglesia\u201d.<\/p>\n<p>\u201cHay m\u00e1s j\u00f3venes asistiendo hoy que durante la semana. Tres adolescentes, Denrod, Samantra y Elroy, han viajado desde Nueva York. Ellos encuentran la iglesia \u201cm\u00e1s c\u00f3moda\u201d aqu\u00ed. \u201cEs un ambiente relajado y libre\u201d donde ellos esperan \u201cprofundizar una relaci\u00f3n con Dios y hacer amigos de todo el mundo\u201d.<\/p>\n<p>A\u00fan los directivos del evento se sienten sobrecogidos con la atm\u00f3sfera. Tom trabaja en el personal de seguridad para los hu\u00e9spedes. \u201cHe ayudado en muchas convenciones religiosas. Esta es la mejor. Ustedes son una gente muy especial. Disfruto estando aqu\u00ed\u201d.<\/p>\n<p>Jane Botabara-Yap, de Malasia, tal vez lo resume todo: \u201c\u00a1Estoy en el cielo! \u00a1Esto es como un anticipo de la adoraci\u00f3n a Dios en el cielo!\u201d.<\/p>\n<p>Kelechi Onyenso, un ingeniero de Nigeria, concuerda: \u201cEs inspirador, elevador, me hace mirar hacia delante con esperanza\u201d.<\/p>\n<p>\u00a1Feliz S\u00e1bado!<\/p>\n<p><strong>Derechos Reservados \u00ae 2005 por Adventist News Network.<\/strong><\/p>\n","protected":false},"excerpt":{"rendered":"<p>Hoy es un gran d\u00eda en San Luis. El \u201cdesfile del profeta velado\u201d se tom\u00f3 la ciudad.<\/p>\n","protected":false},"author":1,"featured_media":0,"comment_status":"closed","ping_status":"closed","sticky":false,"template":"","format":"standard","meta":{"_acf_changed":false,"footnotes":""},"categories":[8],"tags":[],"class_list":["post-10551","post","type-post","status-publish","format-standard","hentry","category-archivo"],"acf":[],"yoast_head":"<!-- This site is optimized with the Yoast SEO plugin v27.3 - https:\/\/yoast.com\/product\/yoast-seo-wordpress\/ -->\n<title>Expectativas en el D\u00eda de Reposo - Iglesia Adventista del S\u00e9ptimo D\u00eda - Divisi\u00f3n Interamericana<\/title>\n<meta name=\"robots\" content=\"index, follow, max-snippet:-1, max-image-preview:large, max-video-preview:-1\" \/>\n<link rel=\"canonical\" href=\"https:\/\/interamerica.org\/es\/2005\/07\/expectativas-en-el-dia-de-reposo\/\" \/>\n<meta property=\"og:locale\" content=\"es_ES\" \/>\n<meta property=\"og:type\" content=\"article\" \/>\n<meta property=\"og:title\" content=\"Expectativas en el D\u00eda de Reposo - Iglesia Adventista del S\u00e9ptimo D\u00eda - Divisi\u00f3n Interamericana\" \/>\n<meta property=\"og:description\" content=\"Hoy es un gran d\u00eda en San Luis. El \u201cdesfile del profeta velado\u201d se tom\u00f3 la ciudad.\" \/>\n<meta property=\"og:url\" content=\"https:\/\/interamerica.org\/es\/2005\/07\/expectativas-en-el-dia-de-reposo\/\" \/>\n<meta property=\"og:site_name\" content=\"Iglesia Adventista del S\u00e9ptimo D\u00eda - Divisi\u00f3n Interamericana\" \/>\n<meta property=\"article:published_time\" content=\"2005-07-02T04:00:00+00:00\" \/>\n<meta property=\"article:modified_time\" content=\"2017-06-02T13:17:01+00:00\" \/>\n<meta name=\"author\" content=\"Lorenzo Verduzco\" \/>\n<meta name=\"twitter:card\" content=\"summary_large_image\" \/>\n<meta name=\"twitter:label1\" content=\"Escrito por\" \/>\n\t<meta name=\"twitter:data1\" content=\"Lorenzo Verduzco\" \/>\n\t<meta name=\"twitter:label2\" content=\"Tiempo de lectura\" \/>\n\t<meta name=\"twitter:data2\" content=\"3 minutos\" \/>\n<script type=\"application\/ld+json\" class=\"yoast-schema-graph\">{\"@context\":\"https:\\\/\\\/schema.org\",\"@graph\":[{\"@type\":\"Article\",\"@id\":\"https:\\\/\\\/interamerica.org\\\/es\\\/2005\\\/07\\\/expectativas-en-el-dia-de-reposo\\\/#article\",\"isPartOf\":{\"@id\":\"https:\\\/\\\/interamerica.org\\\/es\\\/2005\\\/07\\\/expectativas-en-el-dia-de-reposo\\\/\"},\"author\":{\"name\":\"Lorenzo Verduzco\",\"@id\":\"https:\\\/\\\/interamerica.org\\\/es\\\/#\\\/schema\\\/person\\\/68ede8bdc292885bb76c1e3810e73c39\"},\"headline\":\"Expectativas en el D\u00eda de Reposo\",\"datePublished\":\"2005-07-02T04:00:00+00:00\",\"dateModified\":\"2017-06-02T13:17:01+00:00\",\"mainEntityOfPage\":{\"@id\":\"https:\\\/\\\/interamerica.org\\\/es\\\/2005\\\/07\\\/expectativas-en-el-dia-de-reposo\\\/\"},\"wordCount\":546,\"articleSection\":[\"Archivo\"],\"inLanguage\":\"es\"},{\"@type\":\"WebPage\",\"@id\":\"https:\\\/\\\/interamerica.org\\\/es\\\/2005\\\/07\\\/expectativas-en-el-dia-de-reposo\\\/\",\"url\":\"https:\\\/\\\/interamerica.org\\\/es\\\/2005\\\/07\\\/expectativas-en-el-dia-de-reposo\\\/\",\"name\":\"Expectativas en el D\u00eda de Reposo - Iglesia Adventista del S\u00e9ptimo D\u00eda - Divisi\u00f3n Interamericana\",\"isPartOf\":{\"@id\":\"https:\\\/\\\/interamerica.org\\\/es\\\/#website\"},\"datePublished\":\"2005-07-02T04:00:00+00:00\",\"dateModified\":\"2017-06-02T13:17:01+00:00\",\"author\":{\"@id\":\"https:\\\/\\\/interamerica.org\\\/es\\\/#\\\/schema\\\/person\\\/68ede8bdc292885bb76c1e3810e73c39\"},\"breadcrumb\":{\"@id\":\"https:\\\/\\\/interamerica.org\\\/es\\\/2005\\\/07\\\/expectativas-en-el-dia-de-reposo\\\/#breadcrumb\"},\"inLanguage\":\"es\",\"potentialAction\":[{\"@type\":\"ReadAction\",\"target\":[\"https:\\\/\\\/interamerica.org\\\/es\\\/2005\\\/07\\\/expectativas-en-el-dia-de-reposo\\\/\"]}]},{\"@type\":\"BreadcrumbList\",\"@id\":\"https:\\\/\\\/interamerica.org\\\/es\\\/2005\\\/07\\\/expectativas-en-el-dia-de-reposo\\\/#breadcrumb\",\"itemListElement\":[{\"@type\":\"ListItem\",\"position\":1,\"name\":\"Home\",\"item\":\"https:\\\/\\\/interamerica.org\\\/es\\\/\"},{\"@type\":\"ListItem\",\"position\":2,\"name\":\"Expectativas en el D\u00eda de Reposo\"}]},{\"@type\":\"WebSite\",\"@id\":\"https:\\\/\\\/interamerica.org\\\/es\\\/#website\",\"url\":\"https:\\\/\\\/interamerica.org\\\/es\\\/\",\"name\":\"Iglesia Adventista del S\u00e9ptimo D\u00eda - Divisi\u00f3n Interamericana\",\"description\":\"\",\"potentialAction\":[{\"@type\":\"SearchAction\",\"target\":{\"@type\":\"EntryPoint\",\"urlTemplate\":\"https:\\\/\\\/interamerica.org\\\/es\\\/?s={search_term_string}\"},\"query-input\":{\"@type\":\"PropertyValueSpecification\",\"valueRequired\":true,\"valueName\":\"search_term_string\"}}],\"inLanguage\":\"es\"},{\"@type\":\"Person\",\"@id\":\"https:\\\/\\\/interamerica.org\\\/es\\\/#\\\/schema\\\/person\\\/68ede8bdc292885bb76c1e3810e73c39\",\"name\":\"Lorenzo Verduzco\",\"image\":{\"@type\":\"ImageObject\",\"inLanguage\":\"es\",\"@id\":\"https:\\\/\\\/secure.gravatar.com\\\/avatar\\\/fb81a55b6218459490a9c1dc841a34909185b81904c5337b4b27f7a6fd60c49e?s=96&d=mm&r=g\",\"url\":\"https:\\\/\\\/secure.gravatar.com\\\/avatar\\\/fb81a55b6218459490a9c1dc841a34909185b81904c5337b4b27f7a6fd60c49e?s=96&d=mm&r=g\",\"contentUrl\":\"https:\\\/\\\/secure.gravatar.com\\\/avatar\\\/fb81a55b6218459490a9c1dc841a34909185b81904c5337b4b27f7a6fd60c49e?s=96&d=mm&r=g\",\"caption\":\"Lorenzo Verduzco\"}}]}<\/script>\n<!-- \/ Yoast SEO plugin. -->","yoast_head_json":{"title":"Expectativas en el D\u00eda de Reposo - Iglesia Adventista del S\u00e9ptimo D\u00eda - Divisi\u00f3n Interamericana","robots":{"index":"index","follow":"follow","max-snippet":"max-snippet:-1","max-image-preview":"max-image-preview:large","max-video-preview":"max-video-preview:-1"},"canonical":"https:\/\/interamerica.org\/es\/2005\/07\/expectativas-en-el-dia-de-reposo\/","og_locale":"es_ES","og_type":"article","og_title":"Expectativas en el D\u00eda de Reposo - Iglesia Adventista del S\u00e9ptimo D\u00eda - Divisi\u00f3n Interamericana","og_description":"Hoy es un gran d\u00eda en San Luis. El \u201cdesfile del profeta velado\u201d se tom\u00f3 la ciudad.","og_url":"https:\/\/interamerica.org\/es\/2005\/07\/expectativas-en-el-dia-de-reposo\/","og_site_name":"Iglesia Adventista del S\u00e9ptimo D\u00eda - Divisi\u00f3n Interamericana","article_published_time":"2005-07-02T04:00:00+00:00","article_modified_time":"2017-06-02T13:17:01+00:00","author":"Lorenzo Verduzco","twitter_card":"summary_large_image","twitter_misc":{"Escrito por":"Lorenzo Verduzco","Tiempo de lectura":"3 minutos"},"schema":{"@context":"https:\/\/schema.org","@graph":[{"@type":"Article","@id":"https:\/\/interamerica.org\/es\/2005\/07\/expectativas-en-el-dia-de-reposo\/#article","isPartOf":{"@id":"https:\/\/interamerica.org\/es\/2005\/07\/expectativas-en-el-dia-de-reposo\/"},"author":{"name":"Lorenzo Verduzco","@id":"https:\/\/interamerica.org\/es\/#\/schema\/person\/68ede8bdc292885bb76c1e3810e73c39"},"headline":"Expectativas en el D\u00eda de Reposo","datePublished":"2005-07-02T04:00:00+00:00","dateModified":"2017-06-02T13:17:01+00:00","mainEntityOfPage":{"@id":"https:\/\/interamerica.org\/es\/2005\/07\/expectativas-en-el-dia-de-reposo\/"},"wordCount":546,"articleSection":["Archivo"],"inLanguage":"es"},{"@type":"WebPage","@id":"https:\/\/interamerica.org\/es\/2005\/07\/expectativas-en-el-dia-de-reposo\/","url":"https:\/\/interamerica.org\/es\/2005\/07\/expectativas-en-el-dia-de-reposo\/","name":"Expectativas en el D\u00eda de Reposo - Iglesia Adventista del S\u00e9ptimo D\u00eda - Divisi\u00f3n Interamericana","isPartOf":{"@id":"https:\/\/interamerica.org\/es\/#website"},"datePublished":"2005-07-02T04:00:00+00:00","dateModified":"2017-06-02T13:17:01+00:00","author":{"@id":"https:\/\/interamerica.org\/es\/#\/schema\/person\/68ede8bdc292885bb76c1e3810e73c39"},"breadcrumb":{"@id":"https:\/\/interamerica.org\/es\/2005\/07\/expectativas-en-el-dia-de-reposo\/#breadcrumb"},"inLanguage":"es","potentialAction":[{"@type":"ReadAction","target":["https:\/\/interamerica.org\/es\/2005\/07\/expectativas-en-el-dia-de-reposo\/"]}]},{"@type":"BreadcrumbList","@id":"https:\/\/interamerica.org\/es\/2005\/07\/expectativas-en-el-dia-de-reposo\/#breadcrumb","itemListElement":[{"@type":"ListItem","position":1,"name":"Home","item":"https:\/\/interamerica.org\/es\/"},{"@type":"ListItem","position":2,"name":"Expectativas en el D\u00eda de Reposo"}]},{"@type":"WebSite","@id":"https:\/\/interamerica.org\/es\/#website","url":"https:\/\/interamerica.org\/es\/","name":"Iglesia Adventista del S\u00e9ptimo D\u00eda - Divisi\u00f3n Interamericana","description":"","potentialAction":[{"@type":"SearchAction","target":{"@type":"EntryPoint","urlTemplate":"https:\/\/interamerica.org\/es\/?s={search_term_string}"},"query-input":{"@type":"PropertyValueSpecification","valueRequired":true,"valueName":"search_term_string"}}],"inLanguage":"es"},{"@type":"Person","@id":"https:\/\/interamerica.org\/es\/#\/schema\/person\/68ede8bdc292885bb76c1e3810e73c39","name":"Lorenzo Verduzco","image":{"@type":"ImageObject","inLanguage":"es","@id":"https:\/\/secure.gravatar.com\/avatar\/fb81a55b6218459490a9c1dc841a34909185b81904c5337b4b27f7a6fd60c49e?s=96&d=mm&r=g","url":"https:\/\/secure.gravatar.com\/avatar\/fb81a55b6218459490a9c1dc841a34909185b81904c5337b4b27f7a6fd60c49e?s=96&d=mm&r=g","contentUrl":"https:\/\/secure.gravatar.com\/avatar\/fb81a55b6218459490a9c1dc841a34909185b81904c5337b4b27f7a6fd60c49e?s=96&d=mm&r=g","caption":"Lorenzo Verduzco"}}]}},"_links":{"self":[{"href":"https:\/\/interamerica.org\/es\/wp-json\/wp\/v2\/posts\/10551","targetHints":{"allow":["GET"]}}],"collection":[{"href":"https:\/\/interamerica.org\/es\/wp-json\/wp\/v2\/posts"}],"about":[{"href":"https:\/\/interamerica.org\/es\/wp-json\/wp\/v2\/types\/post"}],"author":[{"embeddable":true,"href":"https:\/\/interamerica.org\/es\/wp-json\/wp\/v2\/users\/1"}],"replies":[{"embeddable":true,"href":"https:\/\/interamerica.org\/es\/wp-json\/wp\/v2\/comments?post=10551"}],"version-history":[{"count":0,"href":"https:\/\/interamerica.org\/es\/wp-json\/wp\/v2\/posts\/10551\/revisions"}],"wp:attachment":[{"href":"https:\/\/interamerica.org\/es\/wp-json\/wp\/v2\/media?parent=10551"}],"wp:term":[{"taxonomy":"category","embeddable":true,"href":"https:\/\/interamerica.org\/es\/wp-json\/wp\/v2\/categories?post=10551"},{"taxonomy":"post_tag","embeddable":true,"href":"https:\/\/interamerica.org\/es\/wp-json\/wp\/v2\/tags?post=10551"}],"curies":[{"name":"wp","href":"https:\/\/api.w.org\/{rel}","templated":true}]}}