{"id":10552,"date":"2005-07-02T00:00:00","date_gmt":"2005-07-02T04:00:00","guid":{"rendered":"http:\/\/192.81.217.108\/interamerica\/2005\/07\/el-alcalde-de-san-luis-alaba-los-esfuerzos-de-los-adventistas\/"},"modified":"2017-06-02T09:17:02","modified_gmt":"2017-06-02T13:17:02","slug":"el-alcalde-de-san-luis-alaba-los-esfuerzos-de-los-adventistas","status":"publish","type":"post","link":"https:\/\/interamerica.org\/es\/2005\/07\/el-alcalde-de-san-luis-alaba-los-esfuerzos-de-los-adventistas\/","title":{"rendered":"El Alcalde de San Luis Alaba los Esfuerzos de los Adventistas"},"content":{"rendered":"<p>San Luis, Missouri, Estados Unidos, 2 de Julio de 2005. [Jeff Williamson\/ANN]<\/p>\n<p>Tomando parte en el desfile realizado en la ciudad de San Luis el s\u00e1bado por la ma\u00f1ana, Francis Slay, el alcalde de la ciudad, agradeci\u00f3 a la Iglesia Adventista del S\u00e9ptimo D\u00eda por escoger a San Luis como el sitio para su reuni\u00f3n quinquenal.<\/p>\n<p>\u201cEl impacto es tremendo. Ellos [los adventistas] vienen a San Luis y crean una gran actividad en la ciudad. Ellos llenan nuestros hoteles\u201d, dijo a Adventist News Network.<\/p>\n<p>\u201cEllos tambi\u00e9n est\u00e1n trabajando en esfuerzos evangel\u00edsticos en San Luis. Los adventistas son una admirable organizaci\u00f3n, y estamos felices de tenerles aqu\u00ed esta semana y la pr\u00f3xima\u201d, dijo el alcalde.<\/p>\n<p>Slay no fue espec\u00edfico en sus declaraciones acerca del impacto, pero dijo que espera tener pronto a la Iglesia Adventista del S\u00e9ptimo D\u00eda de regreso en la ciudad.<\/p>\n<p><strong>Derechos Reservados \u00ae 2005 por Adventist News Network<\/strong><strong><\/strong><\/p>\n","protected":false},"excerpt":{"rendered":"<p>Tomando parte en el desfile realizado en la ciudad de San Luis el s\u00e1bado por la ma\u00f1ana, Francis Slay&#8230;<\/p>\n","protected":false},"author":1,"featured_media":0,"comment_status":"closed","ping_status":"closed","sticky":false,"template":"","format":"standard","meta":{"_acf_changed":false,"footnotes":""},"categories":[8],"tags":[],"class_list":["post-10552","post","type-post","status-publish","format-standard","hentry","category-archivo"],"acf":[],"yoast_head":"<!-- This site is optimized with the Yoast SEO plugin v27.3 - https:\/\/yoast.com\/product\/yoast-seo-wordpress\/ -->\n<title>El Alcalde de San Luis Alaba los Esfuerzos de los Adventistas - Iglesia Adventista del S\u00e9ptimo D\u00eda - Divisi\u00f3n Interamericana<\/title>\n<meta name=\"robots\" content=\"index, follow, max-snippet:-1, max-image-preview:large, max-video-preview:-1\" \/>\n<link rel=\"canonical\" href=\"https:\/\/interamerica.org\/es\/2005\/07\/el-alcalde-de-san-luis-alaba-los-esfuerzos-de-los-adventistas\/\" \/>\n<meta property=\"og:locale\" content=\"es_ES\" \/>\n<meta property=\"og:type\" content=\"article\" \/>\n<meta property=\"og:title\" content=\"El Alcalde de San Luis Alaba los Esfuerzos de los Adventistas - Iglesia Adventista del S\u00e9ptimo D\u00eda - Divisi\u00f3n Interamericana\" \/>\n<meta property=\"og:description\" content=\"Tomando parte en el desfile realizado en la ciudad de San Luis el s\u00e1bado por la ma\u00f1ana, Francis Slay...\" \/>\n<meta property=\"og:url\" content=\"https:\/\/interamerica.org\/es\/2005\/07\/el-alcalde-de-san-luis-alaba-los-esfuerzos-de-los-adventistas\/\" \/>\n<meta property=\"og:site_name\" content=\"Iglesia Adventista del S\u00e9ptimo D\u00eda - Divisi\u00f3n Interamericana\" \/>\n<meta property=\"article:published_time\" content=\"2005-07-02T04:00:00+00:00\" \/>\n<meta property=\"article:modified_time\" content=\"2017-06-02T13:17:02+00:00\" \/>\n<meta name=\"author\" content=\"Lorenzo Verduzco\" \/>\n<meta name=\"twitter:card\" content=\"summary_large_image\" \/>\n<meta name=\"twitter:label1\" content=\"Escrito por\" \/>\n\t<meta name=\"twitter:data1\" content=\"Lorenzo Verduzco\" \/>\n\t<meta name=\"twitter:label2\" content=\"Tiempo de lectura\" \/>\n\t<meta name=\"twitter:data2\" content=\"1 minuto\" \/>\n<script type=\"application\/ld+json\" class=\"yoast-schema-graph\">{\"@context\":\"https:\\\/\\\/schema.org\",\"@graph\":[{\"@type\":\"Article\",\"@id\":\"https:\\\/\\\/interamerica.org\\\/es\\\/2005\\\/07\\\/el-alcalde-de-san-luis-alaba-los-esfuerzos-de-los-adventistas\\\/#article\",\"isPartOf\":{\"@id\":\"https:\\\/\\\/interamerica.org\\\/es\\\/2005\\\/07\\\/el-alcalde-de-san-luis-alaba-los-esfuerzos-de-los-adventistas\\\/\"},\"author\":{\"name\":\"Lorenzo Verduzco\",\"@id\":\"https:\\\/\\\/interamerica.org\\\/es\\\/#\\\/schema\\\/person\\\/68ede8bdc292885bb76c1e3810e73c39\"},\"headline\":\"El Alcalde de San Luis Alaba los Esfuerzos de los Adventistas\",\"datePublished\":\"2005-07-02T04:00:00+00:00\",\"dateModified\":\"2017-06-02T13:17:02+00:00\",\"mainEntityOfPage\":{\"@id\":\"https:\\\/\\\/interamerica.org\\\/es\\\/2005\\\/07\\\/el-alcalde-de-san-luis-alaba-los-esfuerzos-de-los-adventistas\\\/\"},\"wordCount\":171,\"articleSection\":[\"Archivo\"],\"inLanguage\":\"es\"},{\"@type\":\"WebPage\",\"@id\":\"https:\\\/\\\/interamerica.org\\\/es\\\/2005\\\/07\\\/el-alcalde-de-san-luis-alaba-los-esfuerzos-de-los-adventistas\\\/\",\"url\":\"https:\\\/\\\/interamerica.org\\\/es\\\/2005\\\/07\\\/el-alcalde-de-san-luis-alaba-los-esfuerzos-de-los-adventistas\\\/\",\"name\":\"El Alcalde de San Luis Alaba los Esfuerzos de los Adventistas - Iglesia Adventista del S\u00e9ptimo D\u00eda - Divisi\u00f3n Interamericana\",\"isPartOf\":{\"@id\":\"https:\\\/\\\/interamerica.org\\\/es\\\/#website\"},\"datePublished\":\"2005-07-02T04:00:00+00:00\",\"dateModified\":\"2017-06-02T13:17:02+00:00\",\"author\":{\"@id\":\"https:\\\/\\\/interamerica.org\\\/es\\\/#\\\/schema\\\/person\\\/68ede8bdc292885bb76c1e3810e73c39\"},\"breadcrumb\":{\"@id\":\"https:\\\/\\\/interamerica.org\\\/es\\\/2005\\\/07\\\/el-alcalde-de-san-luis-alaba-los-esfuerzos-de-los-adventistas\\\/#breadcrumb\"},\"inLanguage\":\"es\",\"potentialAction\":[{\"@type\":\"ReadAction\",\"target\":[\"https:\\\/\\\/interamerica.org\\\/es\\\/2005\\\/07\\\/el-alcalde-de-san-luis-alaba-los-esfuerzos-de-los-adventistas\\\/\"]}]},{\"@type\":\"BreadcrumbList\",\"@id\":\"https:\\\/\\\/interamerica.org\\\/es\\\/2005\\\/07\\\/el-alcalde-de-san-luis-alaba-los-esfuerzos-de-los-adventistas\\\/#breadcrumb\",\"itemListElement\":[{\"@type\":\"ListItem\",\"position\":1,\"name\":\"Home\",\"item\":\"https:\\\/\\\/interamerica.org\\\/es\\\/\"},{\"@type\":\"ListItem\",\"position\":2,\"name\":\"El Alcalde de San Luis Alaba los Esfuerzos de los Adventistas\"}]},{\"@type\":\"WebSite\",\"@id\":\"https:\\\/\\\/interamerica.org\\\/es\\\/#website\",\"url\":\"https:\\\/\\\/interamerica.org\\\/es\\\/\",\"name\":\"Iglesia Adventista del S\u00e9ptimo D\u00eda - Divisi\u00f3n Interamericana\",\"description\":\"\",\"potentialAction\":[{\"@type\":\"SearchAction\",\"target\":{\"@type\":\"EntryPoint\",\"urlTemplate\":\"https:\\\/\\\/interamerica.org\\\/es\\\/?s={search_term_string}\"},\"query-input\":{\"@type\":\"PropertyValueSpecification\",\"valueRequired\":true,\"valueName\":\"search_term_string\"}}],\"inLanguage\":\"es\"},{\"@type\":\"Person\",\"@id\":\"https:\\\/\\\/interamerica.org\\\/es\\\/#\\\/schema\\\/person\\\/68ede8bdc292885bb76c1e3810e73c39\",\"name\":\"Lorenzo Verduzco\",\"image\":{\"@type\":\"ImageObject\",\"inLanguage\":\"es\",\"@id\":\"https:\\\/\\\/secure.gravatar.com\\\/avatar\\\/fb81a55b6218459490a9c1dc841a34909185b81904c5337b4b27f7a6fd60c49e?s=96&d=mm&r=g\",\"url\":\"https:\\\/\\\/secure.gravatar.com\\\/avatar\\\/fb81a55b6218459490a9c1dc841a34909185b81904c5337b4b27f7a6fd60c49e?s=96&d=mm&r=g\",\"contentUrl\":\"https:\\\/\\\/secure.gravatar.com\\\/avatar\\\/fb81a55b6218459490a9c1dc841a34909185b81904c5337b4b27f7a6fd60c49e?s=96&d=mm&r=g\",\"caption\":\"Lorenzo Verduzco\"}}]}<\/script>\n<!-- \/ Yoast SEO plugin. -->","yoast_head_json":{"title":"El Alcalde de San Luis Alaba los Esfuerzos de los Adventistas - Iglesia Adventista del S\u00e9ptimo D\u00eda - Divisi\u00f3n Interamericana","robots":{"index":"index","follow":"follow","max-snippet":"max-snippet:-1","max-image-preview":"max-image-preview:large","max-video-preview":"max-video-preview:-1"},"canonical":"https:\/\/interamerica.org\/es\/2005\/07\/el-alcalde-de-san-luis-alaba-los-esfuerzos-de-los-adventistas\/","og_locale":"es_ES","og_type":"article","og_title":"El Alcalde de San Luis Alaba los Esfuerzos de los Adventistas - Iglesia Adventista del S\u00e9ptimo D\u00eda - Divisi\u00f3n Interamericana","og_description":"Tomando parte en el desfile realizado en la ciudad de San Luis el s\u00e1bado por la ma\u00f1ana, Francis Slay...","og_url":"https:\/\/interamerica.org\/es\/2005\/07\/el-alcalde-de-san-luis-alaba-los-esfuerzos-de-los-adventistas\/","og_site_name":"Iglesia Adventista del S\u00e9ptimo D\u00eda - Divisi\u00f3n Interamericana","article_published_time":"2005-07-02T04:00:00+00:00","article_modified_time":"2017-06-02T13:17:02+00:00","author":"Lorenzo Verduzco","twitter_card":"summary_large_image","twitter_misc":{"Escrito por":"Lorenzo Verduzco","Tiempo de lectura":"1 minuto"},"schema":{"@context":"https:\/\/schema.org","@graph":[{"@type":"Article","@id":"https:\/\/interamerica.org\/es\/2005\/07\/el-alcalde-de-san-luis-alaba-los-esfuerzos-de-los-adventistas\/#article","isPartOf":{"@id":"https:\/\/interamerica.org\/es\/2005\/07\/el-alcalde-de-san-luis-alaba-los-esfuerzos-de-los-adventistas\/"},"author":{"name":"Lorenzo Verduzco","@id":"https:\/\/interamerica.org\/es\/#\/schema\/person\/68ede8bdc292885bb76c1e3810e73c39"},"headline":"El Alcalde de San Luis Alaba los Esfuerzos de los Adventistas","datePublished":"2005-07-02T04:00:00+00:00","dateModified":"2017-06-02T13:17:02+00:00","mainEntityOfPage":{"@id":"https:\/\/interamerica.org\/es\/2005\/07\/el-alcalde-de-san-luis-alaba-los-esfuerzos-de-los-adventistas\/"},"wordCount":171,"articleSection":["Archivo"],"inLanguage":"es"},{"@type":"WebPage","@id":"https:\/\/interamerica.org\/es\/2005\/07\/el-alcalde-de-san-luis-alaba-los-esfuerzos-de-los-adventistas\/","url":"https:\/\/interamerica.org\/es\/2005\/07\/el-alcalde-de-san-luis-alaba-los-esfuerzos-de-los-adventistas\/","name":"El Alcalde de San Luis Alaba los Esfuerzos de los Adventistas - Iglesia Adventista del S\u00e9ptimo D\u00eda - Divisi\u00f3n Interamericana","isPartOf":{"@id":"https:\/\/interamerica.org\/es\/#website"},"datePublished":"2005-07-02T04:00:00+00:00","dateModified":"2017-06-02T13:17:02+00:00","author":{"@id":"https:\/\/interamerica.org\/es\/#\/schema\/person\/68ede8bdc292885bb76c1e3810e73c39"},"breadcrumb":{"@id":"https:\/\/interamerica.org\/es\/2005\/07\/el-alcalde-de-san-luis-alaba-los-esfuerzos-de-los-adventistas\/#breadcrumb"},"inLanguage":"es","potentialAction":[{"@type":"ReadAction","target":["https:\/\/interamerica.org\/es\/2005\/07\/el-alcalde-de-san-luis-alaba-los-esfuerzos-de-los-adventistas\/"]}]},{"@type":"BreadcrumbList","@id":"https:\/\/interamerica.org\/es\/2005\/07\/el-alcalde-de-san-luis-alaba-los-esfuerzos-de-los-adventistas\/#breadcrumb","itemListElement":[{"@type":"ListItem","position":1,"name":"Home","item":"https:\/\/interamerica.org\/es\/"},{"@type":"ListItem","position":2,"name":"El Alcalde de San Luis Alaba los Esfuerzos de los Adventistas"}]},{"@type":"WebSite","@id":"https:\/\/interamerica.org\/es\/#website","url":"https:\/\/interamerica.org\/es\/","name":"Iglesia Adventista del S\u00e9ptimo D\u00eda - Divisi\u00f3n Interamericana","description":"","potentialAction":[{"@type":"SearchAction","target":{"@type":"EntryPoint","urlTemplate":"https:\/\/interamerica.org\/es\/?s={search_term_string}"},"query-input":{"@type":"PropertyValueSpecification","valueRequired":true,"valueName":"search_term_string"}}],"inLanguage":"es"},{"@type":"Person","@id":"https:\/\/interamerica.org\/es\/#\/schema\/person\/68ede8bdc292885bb76c1e3810e73c39","name":"Lorenzo Verduzco","image":{"@type":"ImageObject","inLanguage":"es","@id":"https:\/\/secure.gravatar.com\/avatar\/fb81a55b6218459490a9c1dc841a34909185b81904c5337b4b27f7a6fd60c49e?s=96&d=mm&r=g","url":"https:\/\/secure.gravatar.com\/avatar\/fb81a55b6218459490a9c1dc841a34909185b81904c5337b4b27f7a6fd60c49e?s=96&d=mm&r=g","contentUrl":"https:\/\/secure.gravatar.com\/avatar\/fb81a55b6218459490a9c1dc841a34909185b81904c5337b4b27f7a6fd60c49e?s=96&d=mm&r=g","caption":"Lorenzo Verduzco"}}]}},"_links":{"self":[{"href":"https:\/\/interamerica.org\/es\/wp-json\/wp\/v2\/posts\/10552","targetHints":{"allow":["GET"]}}],"collection":[{"href":"https:\/\/interamerica.org\/es\/wp-json\/wp\/v2\/posts"}],"about":[{"href":"https:\/\/interamerica.org\/es\/wp-json\/wp\/v2\/types\/post"}],"author":[{"embeddable":true,"href":"https:\/\/interamerica.org\/es\/wp-json\/wp\/v2\/users\/1"}],"replies":[{"embeddable":true,"href":"https:\/\/interamerica.org\/es\/wp-json\/wp\/v2\/comments?post=10552"}],"version-history":[{"count":0,"href":"https:\/\/interamerica.org\/es\/wp-json\/wp\/v2\/posts\/10552\/revisions"}],"wp:attachment":[{"href":"https:\/\/interamerica.org\/es\/wp-json\/wp\/v2\/media?parent=10552"}],"wp:term":[{"taxonomy":"category","embeddable":true,"href":"https:\/\/interamerica.org\/es\/wp-json\/wp\/v2\/categories?post=10552"},{"taxonomy":"post_tag","embeddable":true,"href":"https:\/\/interamerica.org\/es\/wp-json\/wp\/v2\/tags?post=10552"}],"curies":[{"name":"wp","href":"https:\/\/api.w.org\/{rel}","templated":true}]}}