{"id":10553,"date":"2005-07-02T00:00:00","date_gmt":"2005-07-02T04:00:00","guid":{"rendered":"http:\/\/192.81.217.108\/interamerica\/2005\/07\/bediako-hace-un-llamado-a-los-creyentes-no-se-rindan\/"},"modified":"2017-06-02T09:17:02","modified_gmt":"2017-06-02T13:17:02","slug":"bediako-hace-un-llamado-a-los-creyentes-no-se-rindan","status":"publish","type":"post","link":"https:\/\/interamerica.org\/es\/2005\/07\/bediako-hace-un-llamado-a-los-creyentes-no-se-rindan\/","title":{"rendered":"Bediako Hace un Llamado a los Creyentes: \u00abNo se Rindan\u00bb"},"content":{"rendered":"<p>San Luis, Missouri, Estados Unidos, 2 de Julio de 2005. [Wendi Rogers\/ANN]<\/p>\n<p>Caminar hacia abajo en la calle que conduce al America\u2019s Center es un desaf\u00edo esta ma\u00f1ana. La multitud de transe\u00fantes es impresionante. Mucha gente empujando coches para beb\u00e9s a trav\u00e9s de las aceras ocupadas, gente con termos buscando un lugar donde sentarse, y algunos hasta estallando latas de cerveza abiertas ya.<\/p>\n<p>Miles de otros tambi\u00e9n est\u00e1n buscando su camino en las ocupadas calles, vestidos con ropa elegante, corbata, vestidos formales y tacones \u2013lo mejor para su d\u00eda de reposo. Un poco inc\u00f3modos en el calor de un verano h\u00famedo en San Luis, pero a ellos no parece importarles. Ellos se distinguen de los otros miles de personas, vestidos quiz\u00e1 un poco m\u00e1s apropiadamente para el d\u00eda, quienes est\u00e1n all\u00ed para la celebraci\u00f3n del desfile norteamericano de \u00a0\u201cFair St. Louis\u201d, para el fin de semana del D\u00eda de la Independencia.<\/p>\n<p>No es que a los adventistas no les guste tener alegr\u00eda, ponerse sus flip-flops y disfrutar un agradable desfile. Pero ellos no viajaron, muchos de ellos miles de millas, para celebrar el D\u00eda de la Independencia de los Estados Unidos. Mientras los norteamericanos est\u00e1n orgullosos de su naci\u00f3n, estas personas est\u00e1n visiblemente m\u00e1s orgullosos de celebrar otro tipo de independencia.<\/p>\n<p>Ellos buscan su camino hacia el Auditorio Edward Jones, para recibir un desaf\u00edo: No rendirse. Este desaf\u00edo viene del pastor Matthew Bediako, el segundo en jerarqu\u00eda en la Iglesia Adventista del S\u00e9ptimo D\u00eda a nivel mundial, como secretario de la denominaci\u00f3n, quien anima a la iglesia a no rendirse ante la segunda venida de Cristo.<\/p>\n<p>\u201cLa gente se ha sentido desilusionada en relaci\u00f3n con la segunda venida de Cristo. Algunos han decidido no predicar acerca del pronto advenimiento de Jesucristo\u201d, dijo \u00e9l. Algunos te\u00f3logos y profesores de Biblia no quieren discutir acerca del segundo advenimiento de Cristo, porque ellos dicen que el tema es motivo de verg\u00fcenza, dice Bediako.<\/p>\n<p>\u201cPero esta ma\u00f1ana, yo quiero declararles de que no estoy listo para rendirme. Este mensaje est\u00e1 a\u00fan haci\u00e9ndome un llamado a m\u00ed mismo. No estoy desilusionado. No me siento avergonzado de decirle a la gente que no solamente creo en la segunda venida de Cristo, sino que tambi\u00e9n estoy ansiosamente esperando y a la expectativa de que eso suceda\u201d.<\/p>\n<p>\u201c\u00bfRendirse? \u00bfPor qu\u00e9? \u00bfCu\u00e1l es la alternativa que me queda?&#8230; \u00bfQu\u00e9 esperanza tengo aparte de Jesucristo? No se rindan. Hasta ahora me he dicho a m\u00ed mismo que abandonar la lucha no es una opci\u00f3n para m\u00ed\u201d, a\u00f1adi\u00f3 Bediako.<\/p>\n<p>La multitud explot\u00f3 de alegr\u00eda cuando Bediako expres\u00f3 firmemente que \u201c\u00a1es mi esperanza y mi oraci\u00f3n que esta sea la \u00faltima sesi\u00f3n de la Asociaci\u00f3n General en esta tierra!\u201d.<\/p>\n<p>El pastor Bediako, quien una vez fue estudiante de Jan Paulsen, presidente de la iglesia mundial, tambi\u00e9n habl\u00f3 acerca de la unidad: \u201cEl debate a\u00fan prosigue acerca del apropiado estilo de adoraci\u00f3n. Nos escandalizamos por causa de la rigidez de nuestros est\u00e1ndares y tambi\u00e9n por la creciente carencia de ellos. Perdemos tiempo discutiendo acerca de qui\u00e9n est\u00e1 en lo correcto y qui\u00e9n est\u00e1 equivocado\u2026 \u00bfVamos nosotros a ir al cielo juntos?\u201d. Una vez m\u00e1s, un aplauso estruendoso vino de la multitud.<\/p>\n<p>\u00c9l tambi\u00e9n rindi\u00f3 tributo a las madres, expresando su deseo de que su madre, quien muri\u00f3 cuatro a\u00f1os atr\u00e1s, estuviese aqu\u00ed, con \u00e9l, en este congreso de la Asociaci\u00f3n General. \u201cElla nunca dej\u00f3 de orar por sus hijos\u201d, dijo \u00e9l.<\/p>\n<p>Pero su mensaje repetido fue: \u201c\u00a1No se rindan!\u201d Dijo adem\u00e1s: \u201cJes\u00fas va a cumplir su promesa\u2026 \u00c9l no s\u00f3lo dar\u00e1 satisfacci\u00f3n a sus expectativas, sino que las sobrepasar\u00e1\u201d.<\/p>\n<p><strong>Derechos Reservados \u00ae por Adventist News Network.<\/strong><\/p>\n","protected":false},"excerpt":{"rendered":"<p>Caminar hacia abajo en la calle que conduce al America\u2019s Center es un desaf\u00edo esta ma\u00f1ana.<\/p>\n","protected":false},"author":1,"featured_media":0,"comment_status":"closed","ping_status":"closed","sticky":false,"template":"","format":"standard","meta":{"_acf_changed":false,"footnotes":""},"categories":[8],"tags":[],"class_list":["post-10553","post","type-post","status-publish","format-standard","hentry","category-archivo"],"acf":[],"yoast_head":"<!-- This site is optimized with the Yoast SEO plugin v27.3 - https:\/\/yoast.com\/product\/yoast-seo-wordpress\/ -->\n<title>Bediako Hace un Llamado a los Creyentes: &quot;No se Rindan&quot; - Iglesia Adventista del S\u00e9ptimo D\u00eda - Divisi\u00f3n Interamericana<\/title>\n<meta name=\"robots\" content=\"index, follow, max-snippet:-1, max-image-preview:large, max-video-preview:-1\" \/>\n<link rel=\"canonical\" href=\"https:\/\/interamerica.org\/es\/2005\/07\/bediako-hace-un-llamado-a-los-creyentes-no-se-rindan\/\" \/>\n<meta property=\"og:locale\" content=\"es_ES\" \/>\n<meta property=\"og:type\" content=\"article\" \/>\n<meta property=\"og:title\" content=\"Bediako Hace un Llamado a los Creyentes: &quot;No se Rindan&quot; - Iglesia Adventista del S\u00e9ptimo D\u00eda - Divisi\u00f3n Interamericana\" \/>\n<meta property=\"og:description\" content=\"Caminar hacia abajo en la calle que conduce al America\u2019s Center es un desaf\u00edo esta ma\u00f1ana.\" \/>\n<meta property=\"og:url\" content=\"https:\/\/interamerica.org\/es\/2005\/07\/bediako-hace-un-llamado-a-los-creyentes-no-se-rindan\/\" \/>\n<meta property=\"og:site_name\" content=\"Iglesia Adventista del S\u00e9ptimo D\u00eda - Divisi\u00f3n Interamericana\" \/>\n<meta property=\"article:published_time\" content=\"2005-07-02T04:00:00+00:00\" \/>\n<meta property=\"article:modified_time\" content=\"2017-06-02T13:17:02+00:00\" \/>\n<meta name=\"author\" content=\"Lorenzo Verduzco\" \/>\n<meta name=\"twitter:card\" content=\"summary_large_image\" \/>\n<meta name=\"twitter:label1\" content=\"Escrito por\" \/>\n\t<meta name=\"twitter:data1\" content=\"Lorenzo Verduzco\" \/>\n\t<meta name=\"twitter:label2\" content=\"Tiempo de lectura\" \/>\n\t<meta name=\"twitter:data2\" content=\"3 minutos\" \/>\n<script type=\"application\/ld+json\" class=\"yoast-schema-graph\">{\"@context\":\"https:\\\/\\\/schema.org\",\"@graph\":[{\"@type\":\"Article\",\"@id\":\"https:\\\/\\\/interamerica.org\\\/es\\\/2005\\\/07\\\/bediako-hace-un-llamado-a-los-creyentes-no-se-rindan\\\/#article\",\"isPartOf\":{\"@id\":\"https:\\\/\\\/interamerica.org\\\/es\\\/2005\\\/07\\\/bediako-hace-un-llamado-a-los-creyentes-no-se-rindan\\\/\"},\"author\":{\"name\":\"Lorenzo Verduzco\",\"@id\":\"https:\\\/\\\/interamerica.org\\\/es\\\/#\\\/schema\\\/person\\\/68ede8bdc292885bb76c1e3810e73c39\"},\"headline\":\"Bediako Hace un Llamado a los Creyentes: \u00abNo se Rindan\u00bb\",\"datePublished\":\"2005-07-02T04:00:00+00:00\",\"dateModified\":\"2017-06-02T13:17:02+00:00\",\"mainEntityOfPage\":{\"@id\":\"https:\\\/\\\/interamerica.org\\\/es\\\/2005\\\/07\\\/bediako-hace-un-llamado-a-los-creyentes-no-se-rindan\\\/\"},\"wordCount\":669,\"articleSection\":[\"Archivo\"],\"inLanguage\":\"es\"},{\"@type\":\"WebPage\",\"@id\":\"https:\\\/\\\/interamerica.org\\\/es\\\/2005\\\/07\\\/bediako-hace-un-llamado-a-los-creyentes-no-se-rindan\\\/\",\"url\":\"https:\\\/\\\/interamerica.org\\\/es\\\/2005\\\/07\\\/bediako-hace-un-llamado-a-los-creyentes-no-se-rindan\\\/\",\"name\":\"Bediako Hace un Llamado a los Creyentes: \\\"No se Rindan\\\" - Iglesia Adventista del S\u00e9ptimo D\u00eda - Divisi\u00f3n Interamericana\",\"isPartOf\":{\"@id\":\"https:\\\/\\\/interamerica.org\\\/es\\\/#website\"},\"datePublished\":\"2005-07-02T04:00:00+00:00\",\"dateModified\":\"2017-06-02T13:17:02+00:00\",\"author\":{\"@id\":\"https:\\\/\\\/interamerica.org\\\/es\\\/#\\\/schema\\\/person\\\/68ede8bdc292885bb76c1e3810e73c39\"},\"breadcrumb\":{\"@id\":\"https:\\\/\\\/interamerica.org\\\/es\\\/2005\\\/07\\\/bediako-hace-un-llamado-a-los-creyentes-no-se-rindan\\\/#breadcrumb\"},\"inLanguage\":\"es\",\"potentialAction\":[{\"@type\":\"ReadAction\",\"target\":[\"https:\\\/\\\/interamerica.org\\\/es\\\/2005\\\/07\\\/bediako-hace-un-llamado-a-los-creyentes-no-se-rindan\\\/\"]}]},{\"@type\":\"BreadcrumbList\",\"@id\":\"https:\\\/\\\/interamerica.org\\\/es\\\/2005\\\/07\\\/bediako-hace-un-llamado-a-los-creyentes-no-se-rindan\\\/#breadcrumb\",\"itemListElement\":[{\"@type\":\"ListItem\",\"position\":1,\"name\":\"Home\",\"item\":\"https:\\\/\\\/interamerica.org\\\/es\\\/\"},{\"@type\":\"ListItem\",\"position\":2,\"name\":\"Bediako Hace un Llamado a los Creyentes: \u00abNo se Rindan\u00bb\"}]},{\"@type\":\"WebSite\",\"@id\":\"https:\\\/\\\/interamerica.org\\\/es\\\/#website\",\"url\":\"https:\\\/\\\/interamerica.org\\\/es\\\/\",\"name\":\"Iglesia Adventista del S\u00e9ptimo D\u00eda - Divisi\u00f3n Interamericana\",\"description\":\"\",\"potentialAction\":[{\"@type\":\"SearchAction\",\"target\":{\"@type\":\"EntryPoint\",\"urlTemplate\":\"https:\\\/\\\/interamerica.org\\\/es\\\/?s={search_term_string}\"},\"query-input\":{\"@type\":\"PropertyValueSpecification\",\"valueRequired\":true,\"valueName\":\"search_term_string\"}}],\"inLanguage\":\"es\"},{\"@type\":\"Person\",\"@id\":\"https:\\\/\\\/interamerica.org\\\/es\\\/#\\\/schema\\\/person\\\/68ede8bdc292885bb76c1e3810e73c39\",\"name\":\"Lorenzo Verduzco\",\"image\":{\"@type\":\"ImageObject\",\"inLanguage\":\"es\",\"@id\":\"https:\\\/\\\/secure.gravatar.com\\\/avatar\\\/fb81a55b6218459490a9c1dc841a34909185b81904c5337b4b27f7a6fd60c49e?s=96&d=mm&r=g\",\"url\":\"https:\\\/\\\/secure.gravatar.com\\\/avatar\\\/fb81a55b6218459490a9c1dc841a34909185b81904c5337b4b27f7a6fd60c49e?s=96&d=mm&r=g\",\"contentUrl\":\"https:\\\/\\\/secure.gravatar.com\\\/avatar\\\/fb81a55b6218459490a9c1dc841a34909185b81904c5337b4b27f7a6fd60c49e?s=96&d=mm&r=g\",\"caption\":\"Lorenzo Verduzco\"}}]}<\/script>\n<!-- \/ Yoast SEO plugin. -->","yoast_head_json":{"title":"Bediako Hace un Llamado a los Creyentes: \"No se Rindan\" - Iglesia Adventista del S\u00e9ptimo D\u00eda - Divisi\u00f3n Interamericana","robots":{"index":"index","follow":"follow","max-snippet":"max-snippet:-1","max-image-preview":"max-image-preview:large","max-video-preview":"max-video-preview:-1"},"canonical":"https:\/\/interamerica.org\/es\/2005\/07\/bediako-hace-un-llamado-a-los-creyentes-no-se-rindan\/","og_locale":"es_ES","og_type":"article","og_title":"Bediako Hace un Llamado a los Creyentes: \"No se Rindan\" - Iglesia Adventista del S\u00e9ptimo D\u00eda - Divisi\u00f3n Interamericana","og_description":"Caminar hacia abajo en la calle que conduce al America\u2019s Center es un desaf\u00edo esta ma\u00f1ana.","og_url":"https:\/\/interamerica.org\/es\/2005\/07\/bediako-hace-un-llamado-a-los-creyentes-no-se-rindan\/","og_site_name":"Iglesia Adventista del S\u00e9ptimo D\u00eda - Divisi\u00f3n Interamericana","article_published_time":"2005-07-02T04:00:00+00:00","article_modified_time":"2017-06-02T13:17:02+00:00","author":"Lorenzo Verduzco","twitter_card":"summary_large_image","twitter_misc":{"Escrito por":"Lorenzo Verduzco","Tiempo de lectura":"3 minutos"},"schema":{"@context":"https:\/\/schema.org","@graph":[{"@type":"Article","@id":"https:\/\/interamerica.org\/es\/2005\/07\/bediako-hace-un-llamado-a-los-creyentes-no-se-rindan\/#article","isPartOf":{"@id":"https:\/\/interamerica.org\/es\/2005\/07\/bediako-hace-un-llamado-a-los-creyentes-no-se-rindan\/"},"author":{"name":"Lorenzo Verduzco","@id":"https:\/\/interamerica.org\/es\/#\/schema\/person\/68ede8bdc292885bb76c1e3810e73c39"},"headline":"Bediako Hace un Llamado a los Creyentes: \u00abNo se Rindan\u00bb","datePublished":"2005-07-02T04:00:00+00:00","dateModified":"2017-06-02T13:17:02+00:00","mainEntityOfPage":{"@id":"https:\/\/interamerica.org\/es\/2005\/07\/bediako-hace-un-llamado-a-los-creyentes-no-se-rindan\/"},"wordCount":669,"articleSection":["Archivo"],"inLanguage":"es"},{"@type":"WebPage","@id":"https:\/\/interamerica.org\/es\/2005\/07\/bediako-hace-un-llamado-a-los-creyentes-no-se-rindan\/","url":"https:\/\/interamerica.org\/es\/2005\/07\/bediako-hace-un-llamado-a-los-creyentes-no-se-rindan\/","name":"Bediako Hace un Llamado a los Creyentes: \"No se Rindan\" - Iglesia Adventista del S\u00e9ptimo D\u00eda - Divisi\u00f3n Interamericana","isPartOf":{"@id":"https:\/\/interamerica.org\/es\/#website"},"datePublished":"2005-07-02T04:00:00+00:00","dateModified":"2017-06-02T13:17:02+00:00","author":{"@id":"https:\/\/interamerica.org\/es\/#\/schema\/person\/68ede8bdc292885bb76c1e3810e73c39"},"breadcrumb":{"@id":"https:\/\/interamerica.org\/es\/2005\/07\/bediako-hace-un-llamado-a-los-creyentes-no-se-rindan\/#breadcrumb"},"inLanguage":"es","potentialAction":[{"@type":"ReadAction","target":["https:\/\/interamerica.org\/es\/2005\/07\/bediako-hace-un-llamado-a-los-creyentes-no-se-rindan\/"]}]},{"@type":"BreadcrumbList","@id":"https:\/\/interamerica.org\/es\/2005\/07\/bediako-hace-un-llamado-a-los-creyentes-no-se-rindan\/#breadcrumb","itemListElement":[{"@type":"ListItem","position":1,"name":"Home","item":"https:\/\/interamerica.org\/es\/"},{"@type":"ListItem","position":2,"name":"Bediako Hace un Llamado a los Creyentes: \u00abNo se Rindan\u00bb"}]},{"@type":"WebSite","@id":"https:\/\/interamerica.org\/es\/#website","url":"https:\/\/interamerica.org\/es\/","name":"Iglesia Adventista del S\u00e9ptimo D\u00eda - Divisi\u00f3n Interamericana","description":"","potentialAction":[{"@type":"SearchAction","target":{"@type":"EntryPoint","urlTemplate":"https:\/\/interamerica.org\/es\/?s={search_term_string}"},"query-input":{"@type":"PropertyValueSpecification","valueRequired":true,"valueName":"search_term_string"}}],"inLanguage":"es"},{"@type":"Person","@id":"https:\/\/interamerica.org\/es\/#\/schema\/person\/68ede8bdc292885bb76c1e3810e73c39","name":"Lorenzo Verduzco","image":{"@type":"ImageObject","inLanguage":"es","@id":"https:\/\/secure.gravatar.com\/avatar\/fb81a55b6218459490a9c1dc841a34909185b81904c5337b4b27f7a6fd60c49e?s=96&d=mm&r=g","url":"https:\/\/secure.gravatar.com\/avatar\/fb81a55b6218459490a9c1dc841a34909185b81904c5337b4b27f7a6fd60c49e?s=96&d=mm&r=g","contentUrl":"https:\/\/secure.gravatar.com\/avatar\/fb81a55b6218459490a9c1dc841a34909185b81904c5337b4b27f7a6fd60c49e?s=96&d=mm&r=g","caption":"Lorenzo Verduzco"}}]}},"_links":{"self":[{"href":"https:\/\/interamerica.org\/es\/wp-json\/wp\/v2\/posts\/10553","targetHints":{"allow":["GET"]}}],"collection":[{"href":"https:\/\/interamerica.org\/es\/wp-json\/wp\/v2\/posts"}],"about":[{"href":"https:\/\/interamerica.org\/es\/wp-json\/wp\/v2\/types\/post"}],"author":[{"embeddable":true,"href":"https:\/\/interamerica.org\/es\/wp-json\/wp\/v2\/users\/1"}],"replies":[{"embeddable":true,"href":"https:\/\/interamerica.org\/es\/wp-json\/wp\/v2\/comments?post=10553"}],"version-history":[{"count":0,"href":"https:\/\/interamerica.org\/es\/wp-json\/wp\/v2\/posts\/10553\/revisions"}],"wp:attachment":[{"href":"https:\/\/interamerica.org\/es\/wp-json\/wp\/v2\/media?parent=10553"}],"wp:term":[{"taxonomy":"category","embeddable":true,"href":"https:\/\/interamerica.org\/es\/wp-json\/wp\/v2\/categories?post=10553"},{"taxonomy":"post_tag","embeddable":true,"href":"https:\/\/interamerica.org\/es\/wp-json\/wp\/v2\/tags?post=10553"}],"curies":[{"name":"wp","href":"https:\/\/api.w.org\/{rel}","templated":true}]}}