{"id":10558,"date":"2005-07-04T00:00:00","date_gmt":"2005-07-04T04:00:00","guid":{"rendered":"http:\/\/192.81.217.108\/interamerica\/2005\/07\/iglesia-mundial-aumenta-la-diversidad-mientras-nuevos-lideres-son-elegidos\/"},"modified":"2017-06-02T09:16:57","modified_gmt":"2017-06-02T13:16:57","slug":"iglesia-mundial-aumenta-la-diversidad-mientras-nuevos-lideres-son-elegidos","status":"publish","type":"post","link":"https:\/\/interamerica.org\/es\/2005\/07\/iglesia-mundial-aumenta-la-diversidad-mientras-nuevos-lideres-son-elegidos\/","title":{"rendered":"Iglesia Mundial: Aumenta la Diversidad,\u00a0mientras\u00a0Nuevos L\u00edderes son Elegidos\u00a0"},"content":{"rendered":"<p>San Luis, Missouri, Estados Unidos, 4 de julio de 2005 &#8230;[John Surridge\/ANN]<\/p>\n<p>Una organizaci\u00f3n con el tama\u00f1o de la Iglesia Adventista del S\u00e9ptimo D\u00eda necesita una vasta infraestructura para mantener las ruedas girando suavemente y con precisi\u00f3n. Todas sus importantes posiciones de liderazgo est\u00e1n disponibles para su reelecci\u00f3n esta semana, cuando los adventistas celebran las sesiones de su reuni\u00f3n quinquenal de negocios en San Luis. La elecci\u00f3n del equipo de liderazgo del presidente, incluyendo por primer vez una vicepresidente femenina, fue tratada en los primeros pocos d\u00edas, pero s\u00f3lo el 4 de julio, una amplia cantidad de posiciones de un nivel inferior est\u00e1 siendo puesta en su lugar.<\/p>\n<p>En la reuni\u00f3n de negocios de esta ma\u00f1ana en el Auditorio Edward Jones, 10 nombres fueron presentados a los delegados, y todos ellos fueron aceptados sin controversia. Con ocho de los 10 nombres como personas reelegidas, la falta de controversia no es una sorpresa. Sin embargo, es interesante que los dos nuevos nombres dieron una indicaci\u00f3n de la diversidad dentro de la Iglesia Adventista:<\/p>\n<p>Daisy Jane Orion es la segunda mujer elegida para una funci\u00f3n de alta importancia en muchos d\u00edas. Originaria de las Filipinas, ella ha ascendido a trav\u00e9s de la estructura financiera de la Iglesia Adventista. Comenzando como encargada de la contabilidad en el Hospital Adventista de Manila, Orion ha trabajado como vicepresidente financiera en una de las oficinas de las divisiones mundiales de la iglesia. En 1996, se le pidi\u00f3 trasladarse a la sede de la iglesia, para posesionarse como directora de planeaci\u00f3n para Misi\u00f3n Global. Desempe\u00f1ando esta funci\u00f3n, Orion viaj\u00f3 alrededor del mundo, visitando todas las oficinas de las divisiones mundiales. Al presentarle ante los delegados del congreso, Robert Lemon, tesorero de la Iglesia Adventista mundial la describi\u00f3 como \u00abreservada, pero poderosa\u00bb.<\/p>\n<p>George O. Egeakhe es un africano proveniente de Nigeria, que est\u00e1 en la regi\u00f3n Centro Occidental Africana de la iglesia. Un hombre de amplia experiencia en asuntos financieros, \u00e9l ha trabajado como vicepresidente financiero en el Instituto Internacional Adventista de Estudios Avanzados en las Filipinas y, hasta su elecci\u00f3n hoy, estaba sirviendo como tesorero de la regi\u00f3n del Asia Pac\u00edfico Sur de la iglesia. \u00ab\u00c9l tiene una manera muy especial de tratar con la gente\u00bb, dijo Lemon, \u00abpero tambi\u00e9n es un tremendo t\u00e9cnico\u00bb.<\/p>\n<p>Los nombres elegidos por votaci\u00f3n esta ma\u00f1ana son:<\/p>\n<p><strong>Subsecretario Elegido de la Asociaci\u00f3n General<\/strong><\/p>\n<p><UL  dir=ltr style=\"MARGIN-RIGHT: 0px\"><LI >Larry Evans<\/LI ><\/UL ><\/p>\n<p><strong>Secretarios Asociados Elegidos para la Asociaci\u00f3n General<\/strong><\/p>\n<p><UL ><LI  dir=ltr>Douglas Clayville <LI  dir=ltr>Augustin Galicia <LI  dir=ltr>Vernon B. Parmenter <LI  dir=ltr>Claude Sabot<\/LI ><\/UL ><\/p>\n<p><strong>Subtesorero de la Asociaci\u00f3n General<\/strong><\/p>\n<p><UL ><LI >Steven G. Rose<\/LI ><\/UL ><\/p>\n<p><strong>Tesoreros Asociados de la Asociaci\u00f3n General<\/strong><\/p>\n<p><UL ><LI >Jose R. Lizardo <LI  class=text>Juan R. Prestol <LI  class=text>Roy E. Ryan <LI  class=text>Daisy Jane F. Orion <LI  class=text>George O. Egwakhe <\/LI ><\/UL ><\/p>\n<p>La Iglesia Adventista del S\u00e9ptimo D\u00eda es una familia mundial de 14.3 millones de miembros adultos bautizados en m\u00e1s de 200 pa\u00edses alrededor del mundo. Aproximadamente 25 millones de personas asisten a los servicios de adoraci\u00f3n semanales en la Iglesia Adventista.<\/p>\n<p><strong>Derechos Reservados \u00ae por Adventist News Network<\/strong><\/p>\n","protected":false},"excerpt":{"rendered":"<p>Una organizaci\u00f3n con el tama\u00f1o de la Iglesia Adventista del S\u00e9ptimo D\u00eda necesita una vasta infraestructura para mantener las ruedas girando suavemente y con precisi\u00f3n.<\/p>\n","protected":false},"author":1,"featured_media":0,"comment_status":"closed","ping_status":"closed","sticky":false,"template":"","format":"standard","meta":{"_acf_changed":false,"footnotes":""},"categories":[8],"tags":[],"class_list":["post-10558","post","type-post","status-publish","format-standard","hentry","category-archivo"],"acf":[],"yoast_head":"<!-- This site is optimized with the Yoast SEO plugin v27.3 - https:\/\/yoast.com\/product\/yoast-seo-wordpress\/ -->\n<title>Iglesia Mundial: Aumenta la Diversidad,\u00a0mientras\u00a0Nuevos L\u00edderes son Elegidos\u00a0 - Iglesia Adventista del S\u00e9ptimo D\u00eda - Divisi\u00f3n Interamericana<\/title>\n<meta name=\"robots\" content=\"index, follow, max-snippet:-1, max-image-preview:large, max-video-preview:-1\" \/>\n<link rel=\"canonical\" href=\"https:\/\/interamerica.org\/es\/2005\/07\/iglesia-mundial-aumenta-la-diversidad-mientras-nuevos-lideres-son-elegidos\/\" \/>\n<meta property=\"og:locale\" content=\"es_ES\" \/>\n<meta property=\"og:type\" content=\"article\" \/>\n<meta property=\"og:title\" content=\"Iglesia Mundial: Aumenta la Diversidad,\u00a0mientras\u00a0Nuevos L\u00edderes son Elegidos\u00a0 - Iglesia Adventista del S\u00e9ptimo D\u00eda - Divisi\u00f3n Interamericana\" \/>\n<meta property=\"og:description\" content=\"Una organizaci\u00f3n con el tama\u00f1o de la Iglesia Adventista del S\u00e9ptimo D\u00eda necesita una vasta infraestructura para mantener las ruedas girando suavemente y con precisi\u00f3n.\" \/>\n<meta property=\"og:url\" content=\"https:\/\/interamerica.org\/es\/2005\/07\/iglesia-mundial-aumenta-la-diversidad-mientras-nuevos-lideres-son-elegidos\/\" \/>\n<meta property=\"og:site_name\" content=\"Iglesia Adventista del S\u00e9ptimo D\u00eda - Divisi\u00f3n Interamericana\" \/>\n<meta property=\"article:published_time\" content=\"2005-07-04T04:00:00+00:00\" \/>\n<meta property=\"article:modified_time\" content=\"2017-06-02T13:16:57+00:00\" \/>\n<meta name=\"author\" content=\"Lorenzo Verduzco\" \/>\n<meta name=\"twitter:card\" content=\"summary_large_image\" \/>\n<meta name=\"twitter:label1\" content=\"Escrito por\" \/>\n\t<meta name=\"twitter:data1\" content=\"Lorenzo Verduzco\" \/>\n\t<meta name=\"twitter:label2\" content=\"Tiempo de lectura\" \/>\n\t<meta name=\"twitter:data2\" content=\"3 minutos\" \/>\n<script type=\"application\/ld+json\" class=\"yoast-schema-graph\">{\"@context\":\"https:\\\/\\\/schema.org\",\"@graph\":[{\"@type\":\"Article\",\"@id\":\"https:\\\/\\\/interamerica.org\\\/es\\\/2005\\\/07\\\/iglesia-mundial-aumenta-la-diversidad-mientras-nuevos-lideres-son-elegidos\\\/#article\",\"isPartOf\":{\"@id\":\"https:\\\/\\\/interamerica.org\\\/es\\\/2005\\\/07\\\/iglesia-mundial-aumenta-la-diversidad-mientras-nuevos-lideres-son-elegidos\\\/\"},\"author\":{\"name\":\"Lorenzo Verduzco\",\"@id\":\"https:\\\/\\\/interamerica.org\\\/es\\\/#\\\/schema\\\/person\\\/68ede8bdc292885bb76c1e3810e73c39\"},\"headline\":\"Iglesia Mundial: Aumenta la Diversidad,\u00a0mientras\u00a0Nuevos L\u00edderes son Elegidos\u00a0\",\"datePublished\":\"2005-07-04T04:00:00+00:00\",\"dateModified\":\"2017-06-02T13:16:57+00:00\",\"mainEntityOfPage\":{\"@id\":\"https:\\\/\\\/interamerica.org\\\/es\\\/2005\\\/07\\\/iglesia-mundial-aumenta-la-diversidad-mientras-nuevos-lideres-son-elegidos\\\/\"},\"wordCount\":527,\"articleSection\":[\"Archivo\"],\"inLanguage\":\"es\"},{\"@type\":\"WebPage\",\"@id\":\"https:\\\/\\\/interamerica.org\\\/es\\\/2005\\\/07\\\/iglesia-mundial-aumenta-la-diversidad-mientras-nuevos-lideres-son-elegidos\\\/\",\"url\":\"https:\\\/\\\/interamerica.org\\\/es\\\/2005\\\/07\\\/iglesia-mundial-aumenta-la-diversidad-mientras-nuevos-lideres-son-elegidos\\\/\",\"name\":\"Iglesia Mundial: Aumenta la Diversidad,\u00a0mientras\u00a0Nuevos L\u00edderes son Elegidos\u00a0 - Iglesia Adventista del S\u00e9ptimo D\u00eda - Divisi\u00f3n Interamericana\",\"isPartOf\":{\"@id\":\"https:\\\/\\\/interamerica.org\\\/es\\\/#website\"},\"datePublished\":\"2005-07-04T04:00:00+00:00\",\"dateModified\":\"2017-06-02T13:16:57+00:00\",\"author\":{\"@id\":\"https:\\\/\\\/interamerica.org\\\/es\\\/#\\\/schema\\\/person\\\/68ede8bdc292885bb76c1e3810e73c39\"},\"breadcrumb\":{\"@id\":\"https:\\\/\\\/interamerica.org\\\/es\\\/2005\\\/07\\\/iglesia-mundial-aumenta-la-diversidad-mientras-nuevos-lideres-son-elegidos\\\/#breadcrumb\"},\"inLanguage\":\"es\",\"potentialAction\":[{\"@type\":\"ReadAction\",\"target\":[\"https:\\\/\\\/interamerica.org\\\/es\\\/2005\\\/07\\\/iglesia-mundial-aumenta-la-diversidad-mientras-nuevos-lideres-son-elegidos\\\/\"]}]},{\"@type\":\"BreadcrumbList\",\"@id\":\"https:\\\/\\\/interamerica.org\\\/es\\\/2005\\\/07\\\/iglesia-mundial-aumenta-la-diversidad-mientras-nuevos-lideres-son-elegidos\\\/#breadcrumb\",\"itemListElement\":[{\"@type\":\"ListItem\",\"position\":1,\"name\":\"Home\",\"item\":\"https:\\\/\\\/interamerica.org\\\/es\\\/\"},{\"@type\":\"ListItem\",\"position\":2,\"name\":\"Iglesia Mundial: Aumenta la Diversidad,\u00a0mientras\u00a0Nuevos L\u00edderes son Elegidos\u00a0\"}]},{\"@type\":\"WebSite\",\"@id\":\"https:\\\/\\\/interamerica.org\\\/es\\\/#website\",\"url\":\"https:\\\/\\\/interamerica.org\\\/es\\\/\",\"name\":\"Iglesia Adventista del S\u00e9ptimo D\u00eda - Divisi\u00f3n Interamericana\",\"description\":\"\",\"potentialAction\":[{\"@type\":\"SearchAction\",\"target\":{\"@type\":\"EntryPoint\",\"urlTemplate\":\"https:\\\/\\\/interamerica.org\\\/es\\\/?s={search_term_string}\"},\"query-input\":{\"@type\":\"PropertyValueSpecification\",\"valueRequired\":true,\"valueName\":\"search_term_string\"}}],\"inLanguage\":\"es\"},{\"@type\":\"Person\",\"@id\":\"https:\\\/\\\/interamerica.org\\\/es\\\/#\\\/schema\\\/person\\\/68ede8bdc292885bb76c1e3810e73c39\",\"name\":\"Lorenzo Verduzco\",\"image\":{\"@type\":\"ImageObject\",\"inLanguage\":\"es\",\"@id\":\"https:\\\/\\\/secure.gravatar.com\\\/avatar\\\/fb81a55b6218459490a9c1dc841a34909185b81904c5337b4b27f7a6fd60c49e?s=96&d=mm&r=g\",\"url\":\"https:\\\/\\\/secure.gravatar.com\\\/avatar\\\/fb81a55b6218459490a9c1dc841a34909185b81904c5337b4b27f7a6fd60c49e?s=96&d=mm&r=g\",\"contentUrl\":\"https:\\\/\\\/secure.gravatar.com\\\/avatar\\\/fb81a55b6218459490a9c1dc841a34909185b81904c5337b4b27f7a6fd60c49e?s=96&d=mm&r=g\",\"caption\":\"Lorenzo Verduzco\"}}]}<\/script>\n<!-- \/ Yoast SEO plugin. -->","yoast_head_json":{"title":"Iglesia Mundial: Aumenta la Diversidad,\u00a0mientras\u00a0Nuevos L\u00edderes son Elegidos\u00a0 - Iglesia Adventista del S\u00e9ptimo D\u00eda - Divisi\u00f3n Interamericana","robots":{"index":"index","follow":"follow","max-snippet":"max-snippet:-1","max-image-preview":"max-image-preview:large","max-video-preview":"max-video-preview:-1"},"canonical":"https:\/\/interamerica.org\/es\/2005\/07\/iglesia-mundial-aumenta-la-diversidad-mientras-nuevos-lideres-son-elegidos\/","og_locale":"es_ES","og_type":"article","og_title":"Iglesia Mundial: Aumenta la Diversidad,\u00a0mientras\u00a0Nuevos L\u00edderes son Elegidos\u00a0 - Iglesia Adventista del S\u00e9ptimo D\u00eda - Divisi\u00f3n Interamericana","og_description":"Una organizaci\u00f3n con el tama\u00f1o de la Iglesia Adventista del S\u00e9ptimo D\u00eda necesita una vasta infraestructura para mantener las ruedas girando suavemente y con precisi\u00f3n.","og_url":"https:\/\/interamerica.org\/es\/2005\/07\/iglesia-mundial-aumenta-la-diversidad-mientras-nuevos-lideres-son-elegidos\/","og_site_name":"Iglesia Adventista del S\u00e9ptimo D\u00eda - Divisi\u00f3n Interamericana","article_published_time":"2005-07-04T04:00:00+00:00","article_modified_time":"2017-06-02T13:16:57+00:00","author":"Lorenzo Verduzco","twitter_card":"summary_large_image","twitter_misc":{"Escrito por":"Lorenzo Verduzco","Tiempo de lectura":"3 minutos"},"schema":{"@context":"https:\/\/schema.org","@graph":[{"@type":"Article","@id":"https:\/\/interamerica.org\/es\/2005\/07\/iglesia-mundial-aumenta-la-diversidad-mientras-nuevos-lideres-son-elegidos\/#article","isPartOf":{"@id":"https:\/\/interamerica.org\/es\/2005\/07\/iglesia-mundial-aumenta-la-diversidad-mientras-nuevos-lideres-son-elegidos\/"},"author":{"name":"Lorenzo Verduzco","@id":"https:\/\/interamerica.org\/es\/#\/schema\/person\/68ede8bdc292885bb76c1e3810e73c39"},"headline":"Iglesia Mundial: Aumenta la Diversidad,\u00a0mientras\u00a0Nuevos L\u00edderes son Elegidos\u00a0","datePublished":"2005-07-04T04:00:00+00:00","dateModified":"2017-06-02T13:16:57+00:00","mainEntityOfPage":{"@id":"https:\/\/interamerica.org\/es\/2005\/07\/iglesia-mundial-aumenta-la-diversidad-mientras-nuevos-lideres-son-elegidos\/"},"wordCount":527,"articleSection":["Archivo"],"inLanguage":"es"},{"@type":"WebPage","@id":"https:\/\/interamerica.org\/es\/2005\/07\/iglesia-mundial-aumenta-la-diversidad-mientras-nuevos-lideres-son-elegidos\/","url":"https:\/\/interamerica.org\/es\/2005\/07\/iglesia-mundial-aumenta-la-diversidad-mientras-nuevos-lideres-son-elegidos\/","name":"Iglesia Mundial: Aumenta la Diversidad,\u00a0mientras\u00a0Nuevos L\u00edderes son Elegidos\u00a0 - Iglesia Adventista del S\u00e9ptimo D\u00eda - Divisi\u00f3n Interamericana","isPartOf":{"@id":"https:\/\/interamerica.org\/es\/#website"},"datePublished":"2005-07-04T04:00:00+00:00","dateModified":"2017-06-02T13:16:57+00:00","author":{"@id":"https:\/\/interamerica.org\/es\/#\/schema\/person\/68ede8bdc292885bb76c1e3810e73c39"},"breadcrumb":{"@id":"https:\/\/interamerica.org\/es\/2005\/07\/iglesia-mundial-aumenta-la-diversidad-mientras-nuevos-lideres-son-elegidos\/#breadcrumb"},"inLanguage":"es","potentialAction":[{"@type":"ReadAction","target":["https:\/\/interamerica.org\/es\/2005\/07\/iglesia-mundial-aumenta-la-diversidad-mientras-nuevos-lideres-son-elegidos\/"]}]},{"@type":"BreadcrumbList","@id":"https:\/\/interamerica.org\/es\/2005\/07\/iglesia-mundial-aumenta-la-diversidad-mientras-nuevos-lideres-son-elegidos\/#breadcrumb","itemListElement":[{"@type":"ListItem","position":1,"name":"Home","item":"https:\/\/interamerica.org\/es\/"},{"@type":"ListItem","position":2,"name":"Iglesia Mundial: Aumenta la Diversidad,\u00a0mientras\u00a0Nuevos L\u00edderes son Elegidos\u00a0"}]},{"@type":"WebSite","@id":"https:\/\/interamerica.org\/es\/#website","url":"https:\/\/interamerica.org\/es\/","name":"Iglesia Adventista del S\u00e9ptimo D\u00eda - Divisi\u00f3n Interamericana","description":"","potentialAction":[{"@type":"SearchAction","target":{"@type":"EntryPoint","urlTemplate":"https:\/\/interamerica.org\/es\/?s={search_term_string}"},"query-input":{"@type":"PropertyValueSpecification","valueRequired":true,"valueName":"search_term_string"}}],"inLanguage":"es"},{"@type":"Person","@id":"https:\/\/interamerica.org\/es\/#\/schema\/person\/68ede8bdc292885bb76c1e3810e73c39","name":"Lorenzo Verduzco","image":{"@type":"ImageObject","inLanguage":"es","@id":"https:\/\/secure.gravatar.com\/avatar\/fb81a55b6218459490a9c1dc841a34909185b81904c5337b4b27f7a6fd60c49e?s=96&d=mm&r=g","url":"https:\/\/secure.gravatar.com\/avatar\/fb81a55b6218459490a9c1dc841a34909185b81904c5337b4b27f7a6fd60c49e?s=96&d=mm&r=g","contentUrl":"https:\/\/secure.gravatar.com\/avatar\/fb81a55b6218459490a9c1dc841a34909185b81904c5337b4b27f7a6fd60c49e?s=96&d=mm&r=g","caption":"Lorenzo Verduzco"}}]}},"_links":{"self":[{"href":"https:\/\/interamerica.org\/es\/wp-json\/wp\/v2\/posts\/10558","targetHints":{"allow":["GET"]}}],"collection":[{"href":"https:\/\/interamerica.org\/es\/wp-json\/wp\/v2\/posts"}],"about":[{"href":"https:\/\/interamerica.org\/es\/wp-json\/wp\/v2\/types\/post"}],"author":[{"embeddable":true,"href":"https:\/\/interamerica.org\/es\/wp-json\/wp\/v2\/users\/1"}],"replies":[{"embeddable":true,"href":"https:\/\/interamerica.org\/es\/wp-json\/wp\/v2\/comments?post=10558"}],"version-history":[{"count":0,"href":"https:\/\/interamerica.org\/es\/wp-json\/wp\/v2\/posts\/10558\/revisions"}],"wp:attachment":[{"href":"https:\/\/interamerica.org\/es\/wp-json\/wp\/v2\/media?parent=10558"}],"wp:term":[{"taxonomy":"category","embeddable":true,"href":"https:\/\/interamerica.org\/es\/wp-json\/wp\/v2\/categories?post=10558"},{"taxonomy":"post_tag","embeddable":true,"href":"https:\/\/interamerica.org\/es\/wp-json\/wp\/v2\/tags?post=10558"}],"curies":[{"name":"wp","href":"https:\/\/api.w.org\/{rel}","templated":true}]}}