{"id":105683,"date":"2023-11-02T14:00:31","date_gmt":"2023-11-02T18:00:31","guid":{"rendered":"https:\/\/interamerica.org\/?p=105683"},"modified":"2023-11-10T18:08:50","modified_gmt":"2023-11-10T23:08:50","slug":"lleno-del-espiritu-santo","status":"publish","type":"post","link":"https:\/\/interamerica.org\/es\/2023\/11\/lleno-del-espiritu-santo\/","title":{"rendered":"Lleno del Esp\u00edritu Santo\u00a0"},"content":{"rendered":"<h4><em>Secretario Ejecutivo de la DIA el pastor Leonard Johnson comparte nuggets de liderazgo para l\u00edderes de la iglesia en el territorio.<\/em><\/h4>\n<p>2 de noviembre del 2023\u00a0 | Miami, Florida, United States | Leonard Johnson, secretario ejecutivo, Divisi\u00f3n Interamericana<\/p>\n<p><span style=\"font-weight: 400;\">Es un privilegio continuar con Bernab\u00e9 y nuestra gema anterior.<\/span><\/p>\n<p><span style=\"font-weight: 400;\">Vimos que Bernab\u00e9 era un buen hombre. Pero para esta gema, la Biblia nos dice en Hechos 11:24 que Bernab\u00e9 tambi\u00e9n estaba lleno del Esp\u00edritu Santo. \u00bfC\u00f3mo s\u00e9 si tengo el Esp\u00edritu Santo? o \u00bfc\u00f3mo s\u00e9 que estoy bajo el control del Esp\u00edritu Santo?\u00a0<\/span><\/p>\n<p><span style=\"font-weight: 400;\">Se demostrar\u00e1 en la manera de relacionarnos con otros. Y tambi\u00e9n teniendo un esp\u00edritu de <\/span><span style=\"font-weight: 400;\">discernimiento.<\/span><span style=\"font-weight: 400;\"> En el caso dell Apostol Pablo, antes de ser el ap\u00f3stol Pablo, era Saulo. Y en un momento se convirti\u00f3. Pero los primeros creyentes no quer\u00edan saber nada de \u00e9l. No cre\u00edan que su conversi\u00f3n era aut\u00e9ntica. \u00bfPero sabes qui\u00e9n lo felicit\u00f3 y estuvo ah\u00ed para defenderlo?\u00a0<\/span><\/p>\n<p><span style=\"font-weight: 400;\">As\u00ed es: fue Bernab\u00e9, y en Hechos 9:26, leemos: <\/span><span style=\"font-weight: 400;\">\u201cCuando lleg\u00f3 a Jerusal\u00e9n, trataba de juntarse con los disc\u00edpulos, pero todos le ten\u00edan miedo, no creyendo que fuera disc\u00edpulo.<\/span><\/p>\n<p><span style=\"font-weight: 400;\">Pero mira el 27: \u201cEntonces Bernab\u00e9, tom\u00e1ndolo, lo trajo a los ap\u00f3stoles y les cont\u00f3 c\u00f3mo Saulo hab\u00eda visto en el camino al Se\u00f1or, el cual le hab\u00eda hablado, y c\u00f3mo en Damasco hab\u00eda hablado valerosamente en el nombre de Jes\u00fas.\u201d Eso lo que vemos cuando nadie aceptaba a Pablo, que en ese entonces era Saulo.<\/span><\/p>\n<p><span style=\"font-weight: 400;\">Bernab\u00e9 fue usado por Dios, usado por el Esp\u00edritu Santo para decir: \u201cMiren, cr\u00e9anlo, pueden creer en \u00e9l, confiar en \u00e9l, es aut\u00e9ntico, se ha convertido.\u201d<\/span><\/p>\n<p><span style=\"font-weight: 400;\">Necesitamos m\u00e1s personas con el esp\u00edritu de Bernab\u00e9, que est\u00e9n dispuestas a ver el potencial en otros. Donde la gente solo ve problemas y que necesitan ver que las personas tienen algo que ofrecer, mientras que algunos solo ven lo negativo.<\/span><\/p>\n<p><span style=\"font-weight: 400;\">Oro para que Dios me ayude a ser un Bernab\u00e9 hoy, y tambi\u00e9n a t\u00ed. Que podamos identificar a alguien a quien podamos defender, ayudar, alentar, y que esa persona pueda ver su potencial en el Se\u00f1or Jesucristo. Recuerda siempre: \u201cSomos una promesa, una posibilidad y un gran conjunto de potencialidades\u201d.<\/span><\/p>\n<p><span style=\"font-weight: 400;\">Dios te bendiga.<\/span><\/p>\n<p><iframe title=\"Lleno del Esp\u00edritu Santo | Pastor Leonard Johnson\" width=\"500\" height=\"281\" src=\"https:\/\/www.youtube.com\/embed\/0jCXcYvb6Nk?feature=oembed\" frameborder=\"0\" allow=\"accelerometer; autoplay; clipboard-write; encrypted-media; gyroscope; picture-in-picture; web-share\" referrerpolicy=\"strict-origin-when-cross-origin\" allowfullscreen><\/iframe><\/p>\n","protected":false},"excerpt":{"rendered":"<p>Secretario Ejecutivo de la DIA el pastor Leonard Johnson comparte nuggets de liderazgo para l\u00edderes de la iglesia en el territorio. 2 de noviembre del 2023\u00a0 | Miami, Florida, United&#8230;<\/p>\n","protected":false},"author":3,"featured_media":105700,"comment_status":"closed","ping_status":"closed","sticky":false,"template":"","format":"standard","meta":{"_acf_changed":false,"footnotes":""},"categories":[16,15],"tags":[],"class_list":["post-105683","post","type-post","status-publish","format-standard","has-post-thumbnail","hentry","category-desde-la-sede","category-rss-espanol"],"acf":[],"yoast_head":"<!-- This site is optimized with the Yoast SEO plugin v27.3 - https:\/\/yoast.com\/product\/yoast-seo-wordpress\/ -->\n<title>Lleno del Esp\u00edritu Santo\u00a0 - Iglesia Adventista del S\u00e9ptimo D\u00eda - Divisi\u00f3n Interamericana<\/title>\n<meta name=\"robots\" content=\"index, follow, max-snippet:-1, max-image-preview:large, max-video-preview:-1\" \/>\n<link rel=\"canonical\" href=\"https:\/\/interamerica.org\/es\/2023\/11\/lleno-del-espiritu-santo\/\" \/>\n<meta property=\"og:locale\" content=\"es_ES\" \/>\n<meta property=\"og:type\" content=\"article\" \/>\n<meta property=\"og:title\" content=\"Lleno del Esp\u00edritu Santo\u00a0 - Iglesia Adventista del S\u00e9ptimo D\u00eda - Divisi\u00f3n Interamericana\" \/>\n<meta property=\"og:description\" content=\"Secretario Ejecutivo de la DIA el pastor Leonard Johnson comparte nuggets de liderazgo para l\u00edderes de la iglesia en el territorio. 2 de noviembre del 2023\u00a0 | Miami, Florida, United...\" \/>\n<meta property=\"og:url\" content=\"https:\/\/interamerica.org\/es\/2023\/11\/lleno-del-espiritu-santo\/\" \/>\n<meta property=\"og:site_name\" content=\"Iglesia Adventista del S\u00e9ptimo D\u00eda - Divisi\u00f3n Interamericana\" \/>\n<meta property=\"article:published_time\" content=\"2023-11-02T18:00:31+00:00\" \/>\n<meta property=\"article:modified_time\" content=\"2023-11-10T23:08:50+00:00\" \/>\n<meta property=\"og:image\" content=\"https:\/\/interamerica.org\/wp-content\/uploads\/2023\/11\/lleno-del-espiritu-spa-1280.jpg\" \/>\n\t<meta property=\"og:image:width\" content=\"1280\" \/>\n\t<meta property=\"og:image:height\" content=\"800\" \/>\n\t<meta property=\"og:image:type\" content=\"image\/jpeg\" \/>\n<meta name=\"author\" content=\"libna\" \/>\n<meta name=\"twitter:card\" content=\"summary_large_image\" \/>\n<meta name=\"twitter:label1\" content=\"Escrito por\" \/>\n\t<meta name=\"twitter:data1\" content=\"libna\" \/>\n\t<meta name=\"twitter:label2\" content=\"Tiempo de lectura\" \/>\n\t<meta name=\"twitter:data2\" content=\"2 minutos\" \/>\n<script type=\"application\/ld+json\" class=\"yoast-schema-graph\">{\"@context\":\"https:\\\/\\\/schema.org\",\"@graph\":[{\"@type\":\"Article\",\"@id\":\"https:\\\/\\\/interamerica.org\\\/es\\\/2023\\\/11\\\/lleno-del-espiritu-santo\\\/#article\",\"isPartOf\":{\"@id\":\"https:\\\/\\\/interamerica.org\\\/es\\\/2023\\\/11\\\/lleno-del-espiritu-santo\\\/\"},\"author\":{\"name\":\"libna\",\"@id\":\"https:\\\/\\\/interamerica.org\\\/es\\\/#\\\/schema\\\/person\\\/29998f2bc2d8bd0d38662909289b54f1\"},\"headline\":\"Lleno del Esp\u00edritu Santo\u00a0\",\"datePublished\":\"2023-11-02T18:00:31+00:00\",\"dateModified\":\"2023-11-10T23:08:50+00:00\",\"mainEntityOfPage\":{\"@id\":\"https:\\\/\\\/interamerica.org\\\/es\\\/2023\\\/11\\\/lleno-del-espiritu-santo\\\/\"},\"wordCount\":404,\"image\":{\"@id\":\"https:\\\/\\\/interamerica.org\\\/es\\\/2023\\\/11\\\/lleno-del-espiritu-santo\\\/#primaryimage\"},\"thumbnailUrl\":\"https:\\\/\\\/interamerica.org\\\/wp-content\\\/uploads\\\/2023\\\/11\\\/lleno-del-espiritu-spa-1280.jpg\",\"articleSection\":[\"Desde la sede\",\"RSS Espa\u00f1ol\"],\"inLanguage\":\"es\"},{\"@type\":\"WebPage\",\"@id\":\"https:\\\/\\\/interamerica.org\\\/es\\\/2023\\\/11\\\/lleno-del-espiritu-santo\\\/\",\"url\":\"https:\\\/\\\/interamerica.org\\\/es\\\/2023\\\/11\\\/lleno-del-espiritu-santo\\\/\",\"name\":\"Lleno del Esp\u00edritu Santo\u00a0 - Iglesia Adventista del S\u00e9ptimo D\u00eda - Divisi\u00f3n Interamericana\",\"isPartOf\":{\"@id\":\"https:\\\/\\\/interamerica.org\\\/es\\\/#website\"},\"primaryImageOfPage\":{\"@id\":\"https:\\\/\\\/interamerica.org\\\/es\\\/2023\\\/11\\\/lleno-del-espiritu-santo\\\/#primaryimage\"},\"image\":{\"@id\":\"https:\\\/\\\/interamerica.org\\\/es\\\/2023\\\/11\\\/lleno-del-espiritu-santo\\\/#primaryimage\"},\"thumbnailUrl\":\"https:\\\/\\\/interamerica.org\\\/wp-content\\\/uploads\\\/2023\\\/11\\\/lleno-del-espiritu-spa-1280.jpg\",\"datePublished\":\"2023-11-02T18:00:31+00:00\",\"dateModified\":\"2023-11-10T23:08:50+00:00\",\"author\":{\"@id\":\"https:\\\/\\\/interamerica.org\\\/es\\\/#\\\/schema\\\/person\\\/29998f2bc2d8bd0d38662909289b54f1\"},\"breadcrumb\":{\"@id\":\"https:\\\/\\\/interamerica.org\\\/es\\\/2023\\\/11\\\/lleno-del-espiritu-santo\\\/#breadcrumb\"},\"inLanguage\":\"es\",\"potentialAction\":[{\"@type\":\"ReadAction\",\"target\":[\"https:\\\/\\\/interamerica.org\\\/es\\\/2023\\\/11\\\/lleno-del-espiritu-santo\\\/\"]}]},{\"@type\":\"ImageObject\",\"inLanguage\":\"es\",\"@id\":\"https:\\\/\\\/interamerica.org\\\/es\\\/2023\\\/11\\\/lleno-del-espiritu-santo\\\/#primaryimage\",\"url\":\"https:\\\/\\\/interamerica.org\\\/wp-content\\\/uploads\\\/2023\\\/11\\\/lleno-del-espiritu-spa-1280.jpg\",\"contentUrl\":\"https:\\\/\\\/interamerica.org\\\/wp-content\\\/uploads\\\/2023\\\/11\\\/lleno-del-espiritu-spa-1280.jpg\",\"width\":1280,\"height\":800},{\"@type\":\"BreadcrumbList\",\"@id\":\"https:\\\/\\\/interamerica.org\\\/es\\\/2023\\\/11\\\/lleno-del-espiritu-santo\\\/#breadcrumb\",\"itemListElement\":[{\"@type\":\"ListItem\",\"position\":1,\"name\":\"Home\",\"item\":\"https:\\\/\\\/interamerica.org\\\/es\\\/\"},{\"@type\":\"ListItem\",\"position\":2,\"name\":\"Lleno del Esp\u00edritu Santo\u00a0\"}]},{\"@type\":\"WebSite\",\"@id\":\"https:\\\/\\\/interamerica.org\\\/es\\\/#website\",\"url\":\"https:\\\/\\\/interamerica.org\\\/es\\\/\",\"name\":\"Iglesia Adventista del S\u00e9ptimo D\u00eda - Divisi\u00f3n Interamericana\",\"description\":\"\",\"potentialAction\":[{\"@type\":\"SearchAction\",\"target\":{\"@type\":\"EntryPoint\",\"urlTemplate\":\"https:\\\/\\\/interamerica.org\\\/es\\\/?s={search_term_string}\"},\"query-input\":{\"@type\":\"PropertyValueSpecification\",\"valueRequired\":true,\"valueName\":\"search_term_string\"}}],\"inLanguage\":\"es\"},{\"@type\":\"Person\",\"@id\":\"https:\\\/\\\/interamerica.org\\\/es\\\/#\\\/schema\\\/person\\\/29998f2bc2d8bd0d38662909289b54f1\",\"name\":\"libna\",\"image\":{\"@type\":\"ImageObject\",\"inLanguage\":\"es\",\"@id\":\"https:\\\/\\\/secure.gravatar.com\\\/avatar\\\/7c5bd30ae4b47a9ba3c856590957fd1d96dc588bf3ac05719d247e126840331f?s=96&d=mm&r=g\",\"url\":\"https:\\\/\\\/secure.gravatar.com\\\/avatar\\\/7c5bd30ae4b47a9ba3c856590957fd1d96dc588bf3ac05719d247e126840331f?s=96&d=mm&r=g\",\"contentUrl\":\"https:\\\/\\\/secure.gravatar.com\\\/avatar\\\/7c5bd30ae4b47a9ba3c856590957fd1d96dc588bf3ac05719d247e126840331f?s=96&d=mm&r=g\",\"caption\":\"libna\"}}]}<\/script>\n<!-- \/ Yoast SEO plugin. -->","yoast_head_json":{"title":"Lleno del Esp\u00edritu Santo\u00a0 - Iglesia Adventista del S\u00e9ptimo D\u00eda - Divisi\u00f3n Interamericana","robots":{"index":"index","follow":"follow","max-snippet":"max-snippet:-1","max-image-preview":"max-image-preview:large","max-video-preview":"max-video-preview:-1"},"canonical":"https:\/\/interamerica.org\/es\/2023\/11\/lleno-del-espiritu-santo\/","og_locale":"es_ES","og_type":"article","og_title":"Lleno del Esp\u00edritu Santo\u00a0 - Iglesia Adventista del S\u00e9ptimo D\u00eda - Divisi\u00f3n Interamericana","og_description":"Secretario Ejecutivo de la DIA el pastor Leonard Johnson comparte nuggets de liderazgo para l\u00edderes de la iglesia en el territorio. 2 de noviembre del 2023\u00a0 | Miami, Florida, United...","og_url":"https:\/\/interamerica.org\/es\/2023\/11\/lleno-del-espiritu-santo\/","og_site_name":"Iglesia Adventista del S\u00e9ptimo D\u00eda - Divisi\u00f3n Interamericana","article_published_time":"2023-11-02T18:00:31+00:00","article_modified_time":"2023-11-10T23:08:50+00:00","og_image":[{"width":1280,"height":800,"url":"https:\/\/interamerica.org\/wp-content\/uploads\/2023\/11\/lleno-del-espiritu-spa-1280.jpg","type":"image\/jpeg"}],"author":"libna","twitter_card":"summary_large_image","twitter_misc":{"Escrito por":"libna","Tiempo de lectura":"2 minutos"},"schema":{"@context":"https:\/\/schema.org","@graph":[{"@type":"Article","@id":"https:\/\/interamerica.org\/es\/2023\/11\/lleno-del-espiritu-santo\/#article","isPartOf":{"@id":"https:\/\/interamerica.org\/es\/2023\/11\/lleno-del-espiritu-santo\/"},"author":{"name":"libna","@id":"https:\/\/interamerica.org\/es\/#\/schema\/person\/29998f2bc2d8bd0d38662909289b54f1"},"headline":"Lleno del Esp\u00edritu Santo\u00a0","datePublished":"2023-11-02T18:00:31+00:00","dateModified":"2023-11-10T23:08:50+00:00","mainEntityOfPage":{"@id":"https:\/\/interamerica.org\/es\/2023\/11\/lleno-del-espiritu-santo\/"},"wordCount":404,"image":{"@id":"https:\/\/interamerica.org\/es\/2023\/11\/lleno-del-espiritu-santo\/#primaryimage"},"thumbnailUrl":"https:\/\/interamerica.org\/wp-content\/uploads\/2023\/11\/lleno-del-espiritu-spa-1280.jpg","articleSection":["Desde la sede","RSS Espa\u00f1ol"],"inLanguage":"es"},{"@type":"WebPage","@id":"https:\/\/interamerica.org\/es\/2023\/11\/lleno-del-espiritu-santo\/","url":"https:\/\/interamerica.org\/es\/2023\/11\/lleno-del-espiritu-santo\/","name":"Lleno del Esp\u00edritu Santo\u00a0 - Iglesia Adventista del S\u00e9ptimo D\u00eda - Divisi\u00f3n Interamericana","isPartOf":{"@id":"https:\/\/interamerica.org\/es\/#website"},"primaryImageOfPage":{"@id":"https:\/\/interamerica.org\/es\/2023\/11\/lleno-del-espiritu-santo\/#primaryimage"},"image":{"@id":"https:\/\/interamerica.org\/es\/2023\/11\/lleno-del-espiritu-santo\/#primaryimage"},"thumbnailUrl":"https:\/\/interamerica.org\/wp-content\/uploads\/2023\/11\/lleno-del-espiritu-spa-1280.jpg","datePublished":"2023-11-02T18:00:31+00:00","dateModified":"2023-11-10T23:08:50+00:00","author":{"@id":"https:\/\/interamerica.org\/es\/#\/schema\/person\/29998f2bc2d8bd0d38662909289b54f1"},"breadcrumb":{"@id":"https:\/\/interamerica.org\/es\/2023\/11\/lleno-del-espiritu-santo\/#breadcrumb"},"inLanguage":"es","potentialAction":[{"@type":"ReadAction","target":["https:\/\/interamerica.org\/es\/2023\/11\/lleno-del-espiritu-santo\/"]}]},{"@type":"ImageObject","inLanguage":"es","@id":"https:\/\/interamerica.org\/es\/2023\/11\/lleno-del-espiritu-santo\/#primaryimage","url":"https:\/\/interamerica.org\/wp-content\/uploads\/2023\/11\/lleno-del-espiritu-spa-1280.jpg","contentUrl":"https:\/\/interamerica.org\/wp-content\/uploads\/2023\/11\/lleno-del-espiritu-spa-1280.jpg","width":1280,"height":800},{"@type":"BreadcrumbList","@id":"https:\/\/interamerica.org\/es\/2023\/11\/lleno-del-espiritu-santo\/#breadcrumb","itemListElement":[{"@type":"ListItem","position":1,"name":"Home","item":"https:\/\/interamerica.org\/es\/"},{"@type":"ListItem","position":2,"name":"Lleno del Esp\u00edritu Santo\u00a0"}]},{"@type":"WebSite","@id":"https:\/\/interamerica.org\/es\/#website","url":"https:\/\/interamerica.org\/es\/","name":"Iglesia Adventista del S\u00e9ptimo D\u00eda - Divisi\u00f3n Interamericana","description":"","potentialAction":[{"@type":"SearchAction","target":{"@type":"EntryPoint","urlTemplate":"https:\/\/interamerica.org\/es\/?s={search_term_string}"},"query-input":{"@type":"PropertyValueSpecification","valueRequired":true,"valueName":"search_term_string"}}],"inLanguage":"es"},{"@type":"Person","@id":"https:\/\/interamerica.org\/es\/#\/schema\/person\/29998f2bc2d8bd0d38662909289b54f1","name":"libna","image":{"@type":"ImageObject","inLanguage":"es","@id":"https:\/\/secure.gravatar.com\/avatar\/7c5bd30ae4b47a9ba3c856590957fd1d96dc588bf3ac05719d247e126840331f?s=96&d=mm&r=g","url":"https:\/\/secure.gravatar.com\/avatar\/7c5bd30ae4b47a9ba3c856590957fd1d96dc588bf3ac05719d247e126840331f?s=96&d=mm&r=g","contentUrl":"https:\/\/secure.gravatar.com\/avatar\/7c5bd30ae4b47a9ba3c856590957fd1d96dc588bf3ac05719d247e126840331f?s=96&d=mm&r=g","caption":"libna"}}]}},"_links":{"self":[{"href":"https:\/\/interamerica.org\/es\/wp-json\/wp\/v2\/posts\/105683","targetHints":{"allow":["GET"]}}],"collection":[{"href":"https:\/\/interamerica.org\/es\/wp-json\/wp\/v2\/posts"}],"about":[{"href":"https:\/\/interamerica.org\/es\/wp-json\/wp\/v2\/types\/post"}],"author":[{"embeddable":true,"href":"https:\/\/interamerica.org\/es\/wp-json\/wp\/v2\/users\/3"}],"replies":[{"embeddable":true,"href":"https:\/\/interamerica.org\/es\/wp-json\/wp\/v2\/comments?post=105683"}],"version-history":[{"count":0,"href":"https:\/\/interamerica.org\/es\/wp-json\/wp\/v2\/posts\/105683\/revisions"}],"wp:featuredmedia":[{"embeddable":true,"href":"https:\/\/interamerica.org\/es\/wp-json\/wp\/v2\/media\/105700"}],"wp:attachment":[{"href":"https:\/\/interamerica.org\/es\/wp-json\/wp\/v2\/media?parent=105683"}],"wp:term":[{"taxonomy":"category","embeddable":true,"href":"https:\/\/interamerica.org\/es\/wp-json\/wp\/v2\/categories?post=105683"},{"taxonomy":"post_tag","embeddable":true,"href":"https:\/\/interamerica.org\/es\/wp-json\/wp\/v2\/tags?post=105683"}],"curies":[{"name":"wp","href":"https:\/\/api.w.org\/{rel}","templated":true}]}}