{"id":10578,"date":"2005-08-09T00:00:00","date_gmt":"2005-08-09T04:00:00","guid":{"rendered":"http:\/\/192.81.217.108\/interamerica\/2005\/08\/supuesto-padre-y-bebe-de-los-medios\/"},"modified":"2017-06-02T09:16:48","modified_gmt":"2017-06-02T13:16:48","slug":"supuesto-padre-y-bebe-de-los-medios","status":"publish","type":"post","link":"https:\/\/interamerica.org\/es\/2005\/08\/supuesto-padre-y-bebe-de-los-medios\/","title":{"rendered":"Supuesto Padre y Beb\u00e9 de los Medios"},"content":{"rendered":"<p>Silver Spring, Maryland, Estados Unidos [Wendi Rogers\/ANN]<\/p>\n<p>\u00bfLuces, c\u00e1mara, Dios? Bienvenido al mundo de Paul Kim. Conozca al ex-pastor de j\u00f3venes que hizo la decisi\u00f3n radical de mover la palanca de cambio y regresar a la escuela para estudiar filmaci\u00f3n y televisi\u00f3n.<\/p>\n<p>\u201cPara hacer esto es para lo cual nac\u00ed. En esto es que soy bueno\u201d, dice Kim. <\/p>\n<p>Kim comprende que, aunque no segu\u00eda la ruta tradicional de un pastor, pod\u00eda administrar y llegar a las personas como un productor de pel\u00edculas adventista del s\u00e9ptimo d\u00eda. Es donde \u201crealmente encontr\u00e9 mi dones espirituales\u201d, dice \u00e9l, explicando que \u00e9l quiso combinar el trasfondo teol\u00f3gico y pastoral con esta nueva profesi\u00f3n \u201cpara la gloria de Dios\u201d. <\/p>\n<p>Dejar el ministerio pastoral de tiempo completo, dice Kim, \u201cfue la m\u00e1s fuerte decisi\u00f3n que jam\u00e1s hice en mi vida\u201d. No la ve\u00eda bien. \u201cEra como, \u2018Ah, has perdido tu salvaci\u00f3n\u2019. Batall\u00e9 con eso en diversas formas\u201d.<\/p>\n<p>Tambi\u00e9n, fue la decisi\u00f3n m\u00e1s solitaria que alguna vez hizo, dice Kim. Solamente hay un pu\u00f1ado de adventistas produciendo pel\u00edculas. \u201cEn ciertas formas estamos por nuestra propia cuenta\u201d, dice \u00e9l. \u201cDentro de la iglesia, ser un productor de pel\u00edculas es algo fuerte porque, con frecuencia, lo que trata de hacer es mal comprendido. Eso sucede porque no hay muchos de nosotros haciendo eso\u201d.<\/p>\n<p>A\u00f1ade, \u201cCuando usted es pastor, hay una enorme red de apoyo tal como reuniones, conferencias, reuniones campestres. Si usted es un productor de pel\u00edculas y trata de usarlas para el Se\u00f1or, eso es algo extra\u00f1o. En el pasado no ha habido un grupo de apoyo que re\u00fana a estos individuos, primero porque en el pasado no ha habido tales profesionales, y los pocos que hab\u00edan ten\u00edan que encontrar apoyo de otras fuentes\u201d.<\/p>\n<p>Kim batall\u00f3 con esto por a\u00f1o y medio mientras estudiaba producci\u00f3n f\u00edlmica, antes de llegar a una conclusi\u00f3n: \u00e9l y s\u00f3lo un pu\u00f1ado de otros eran los pioneros.<\/p>\n<p>Comprendi\u00f3 que la suya iba a ser \u201cuna experiencia solitaria\u201d, pero pudo aceptarla. \u201cPara aquellos que estamos en la vanguardia, solamente estamos intentando crear una ruta para los que est\u00e1n a nuestro alrededor, no solamente para que sigan nuestros pasos, mas para aprender y llegar m\u00e1s all\u00e1 de nuestra maraca\u201d.<\/p>\n<p>Sin una base de apoyo considerable, dice Kim, tiene que depender \u201ctanto m\u00e1s de Dios y estar mucho m\u00e1s sintonizado con mi espiritualidad y estudio de la Biblia\u201d.  <\/p>\n<p>Kim ve los medios como un supuesto padre y, habi\u00e9ndome criado con los medios desempe\u00f1ando tan prominente papel en la sociedad, se considera a s\u00ed mismo como \u201cbeb\u00e9 de los medios. Puedo entender esta forma de comunicar porque me cri\u00e9 en \u00e9ste\u201d, dice Kim a sus 27 a\u00f1os de edad.<\/p>\n<p>\u201cM\u00e1s que cualquier maestro, predicador o pol\u00edtico, las masas est\u00e1n escuchando a los m\u00fasicos, dise\u00f1adores y productores f\u00edlmicos. Despu\u00e9s de todo, ellos congregan las m\u00e1s numerosas audiencias, y est\u00e1n m\u00e1s en sinton\u00eda con el tiempo que ning\u00fan otro grupo de personas. Y si hay algo por lo que clama la cristiandad, es por relevancia\u201d, dice el nativo californiano. <\/p>\n<p>Lo que impulsa a Kim es esto: \u00abUna cosas que realmente me apasiona es proyectar al cristianismo aut\u00e9ntico\u201d. Kim habla de su tiempo como pastor de j\u00f3venes. Vio muchos miembros de iglesia tratando de llevar una vida perfecta sin hablar de sus luchas mientras ocurr\u00edan. Pero esto \u201ces lo que la gente necesita ver\u201d, dice \u00e9l.<\/p>\n<p>\u201cPara m\u00ed, comprender que otras personas batallan con las mismas cosas que yo batallo, me ayud\u00f3 en mi cristianismo; ayud\u00f3 mi andar espiritual. Lo que hago ahora con las personas a quienes oriento y personas m\u00e1s j\u00f3venes\u2026 soy muy honesto acerca de qui\u00e9n soy, con lo que batallo. Porque cuando triunfo por la gracia de Dios, su fe se construye porque, como que comparten mi experiencia\u201d.<\/p>\n<p>Esta autenticidad es a la que Kim aspira como productor f\u00edlmico. Su documental, \u201cHasta los Confines\u201d, muestra la lidia real de un \u201chospital\u201d en Chad. Uno ve el elemento humano cuando el doctor y la enfermera son confrontados con las condiciones y enfermedades que el mismo doctor admiti\u00f3 no \u201chaber visto antes\u201d. Esto ayuda a la gente a relacionarse con el m\u00e9dico, dice Kim, porque \u00e9ste es aut\u00e9ntico. \u00abQuiero que la gente vea su humanidad, cu\u00e1n dif\u00edcil es, pero por ese medio, pienso que Dios es glorificado porque muestra que es Dios, no este hombre\u201d el que hace este lugar el mejor lugar. <\/p>\n<p>Kim ha participado en el festival f\u00edlmico anual, \u201cSONscreen\u201d, que empez\u00f3 en 2001  es patrocinado por la iglesia adventista en Estados Unidos.<\/p>\n<p>\u201cUnto the Endes\u201d (hasta los confines) qued\u00f3 como el Mejor Show en el festival SONscreen de 2004.<\/p>\n<p>\u201cSONscreen\u201d ha ayudado en muchas maneras y preliminarmente ha reunido a los productores f\u00edlmicos adventistas. Cuando usted re\u00fane personas, de pronto usted se encuentra con personas que lo entienden, que piensan como usted y entienden lo que a usted le gusta. Usted tiene alg\u00fan apoyo\u201d, dice Kim. <\/p>\n<p>\u201cLa pel\u00edcula es sencillamente, en mi mente, el medio m\u00e1s vigoroso, o el medio m\u00e1s grande, por medio del cual cualquier grupo de personas puede comunicarse\u201d.<\/p>\n<p>La pel\u00edcula es la forma m\u00e1s poderosa de comunicaci\u00f3n, luego esta es la forma m\u00e1s potente e importante con la cual podemos anunciar a Cristo, y a\u00fan m\u00e1s, los principios de Cristo\u201d, dice Kim. <\/p>\n<p>\u201cCuando pienso en eso, mi espina dorsal tiembla de arriba abajo porque es una enorme responsabilidad\u00bb.<\/p><\/p>\n","protected":false},"excerpt":{"rendered":"<p>Silver Spring, Maryland, Estados Unidos [Wendi Rogers\/ANN] \u00bfLuces, c\u00e1mara, Dios? Bienvenido al mundo de Paul Kim. Conozca al ex-pastor de j\u00f3venes que hizo la decisi\u00f3n radical de mover la palanca&#8230;<\/p>\n","protected":false},"author":1,"featured_media":0,"comment_status":"closed","ping_status":"closed","sticky":false,"template":"","format":"standard","meta":{"_acf_changed":false,"footnotes":""},"categories":[8],"tags":[],"class_list":["post-10578","post","type-post","status-publish","format-standard","hentry","category-archivo"],"acf":[],"yoast_head":"<!-- This site is optimized with the Yoast SEO plugin v27.3 - https:\/\/yoast.com\/product\/yoast-seo-wordpress\/ -->\n<title>Supuesto Padre y Beb\u00e9 de los Medios - Iglesia Adventista del S\u00e9ptimo D\u00eda - Divisi\u00f3n Interamericana<\/title>\n<meta name=\"robots\" content=\"index, follow, max-snippet:-1, max-image-preview:large, max-video-preview:-1\" \/>\n<link rel=\"canonical\" href=\"https:\/\/interamerica.org\/es\/2005\/08\/supuesto-padre-y-bebe-de-los-medios\/\" \/>\n<meta property=\"og:locale\" content=\"es_ES\" \/>\n<meta property=\"og:type\" content=\"article\" \/>\n<meta property=\"og:title\" content=\"Supuesto Padre y Beb\u00e9 de los Medios - Iglesia Adventista del S\u00e9ptimo D\u00eda - Divisi\u00f3n Interamericana\" \/>\n<meta property=\"og:description\" content=\"Silver Spring, Maryland, Estados Unidos [Wendi Rogers\/ANN] \u00bfLuces, c\u00e1mara, Dios? Bienvenido al mundo de Paul Kim. Conozca al ex-pastor de j\u00f3venes que hizo la decisi\u00f3n radical de mover la palanca...\" \/>\n<meta property=\"og:url\" content=\"https:\/\/interamerica.org\/es\/2005\/08\/supuesto-padre-y-bebe-de-los-medios\/\" \/>\n<meta property=\"og:site_name\" content=\"Iglesia Adventista del S\u00e9ptimo D\u00eda - Divisi\u00f3n Interamericana\" \/>\n<meta property=\"article:published_time\" content=\"2005-08-09T04:00:00+00:00\" \/>\n<meta property=\"article:modified_time\" content=\"2017-06-02T13:16:48+00:00\" \/>\n<meta name=\"author\" content=\"Lorenzo Verduzco\" \/>\n<meta name=\"twitter:card\" content=\"summary_large_image\" \/>\n<meta name=\"twitter:label1\" content=\"Escrito por\" \/>\n\t<meta name=\"twitter:data1\" content=\"Lorenzo Verduzco\" \/>\n\t<meta name=\"twitter:label2\" content=\"Tiempo de lectura\" \/>\n\t<meta name=\"twitter:data2\" content=\"5 minutos\" \/>\n<script type=\"application\/ld+json\" class=\"yoast-schema-graph\">{\"@context\":\"https:\\\/\\\/schema.org\",\"@graph\":[{\"@type\":\"Article\",\"@id\":\"https:\\\/\\\/interamerica.org\\\/es\\\/2005\\\/08\\\/supuesto-padre-y-bebe-de-los-medios\\\/#article\",\"isPartOf\":{\"@id\":\"https:\\\/\\\/interamerica.org\\\/es\\\/2005\\\/08\\\/supuesto-padre-y-bebe-de-los-medios\\\/\"},\"author\":{\"name\":\"Lorenzo Verduzco\",\"@id\":\"https:\\\/\\\/interamerica.org\\\/es\\\/#\\\/schema\\\/person\\\/68ede8bdc292885bb76c1e3810e73c39\"},\"headline\":\"Supuesto Padre y Beb\u00e9 de los Medios\",\"datePublished\":\"2005-08-09T04:00:00+00:00\",\"dateModified\":\"2017-06-02T13:16:48+00:00\",\"mainEntityOfPage\":{\"@id\":\"https:\\\/\\\/interamerica.org\\\/es\\\/2005\\\/08\\\/supuesto-padre-y-bebe-de-los-medios\\\/\"},\"wordCount\":971,\"articleSection\":[\"Archivo\"],\"inLanguage\":\"es\"},{\"@type\":\"WebPage\",\"@id\":\"https:\\\/\\\/interamerica.org\\\/es\\\/2005\\\/08\\\/supuesto-padre-y-bebe-de-los-medios\\\/\",\"url\":\"https:\\\/\\\/interamerica.org\\\/es\\\/2005\\\/08\\\/supuesto-padre-y-bebe-de-los-medios\\\/\",\"name\":\"Supuesto Padre y Beb\u00e9 de los Medios - Iglesia Adventista del S\u00e9ptimo D\u00eda - Divisi\u00f3n Interamericana\",\"isPartOf\":{\"@id\":\"https:\\\/\\\/interamerica.org\\\/es\\\/#website\"},\"datePublished\":\"2005-08-09T04:00:00+00:00\",\"dateModified\":\"2017-06-02T13:16:48+00:00\",\"author\":{\"@id\":\"https:\\\/\\\/interamerica.org\\\/es\\\/#\\\/schema\\\/person\\\/68ede8bdc292885bb76c1e3810e73c39\"},\"breadcrumb\":{\"@id\":\"https:\\\/\\\/interamerica.org\\\/es\\\/2005\\\/08\\\/supuesto-padre-y-bebe-de-los-medios\\\/#breadcrumb\"},\"inLanguage\":\"es\",\"potentialAction\":[{\"@type\":\"ReadAction\",\"target\":[\"https:\\\/\\\/interamerica.org\\\/es\\\/2005\\\/08\\\/supuesto-padre-y-bebe-de-los-medios\\\/\"]}]},{\"@type\":\"BreadcrumbList\",\"@id\":\"https:\\\/\\\/interamerica.org\\\/es\\\/2005\\\/08\\\/supuesto-padre-y-bebe-de-los-medios\\\/#breadcrumb\",\"itemListElement\":[{\"@type\":\"ListItem\",\"position\":1,\"name\":\"Home\",\"item\":\"https:\\\/\\\/interamerica.org\\\/es\\\/\"},{\"@type\":\"ListItem\",\"position\":2,\"name\":\"Supuesto Padre y Beb\u00e9 de los Medios\"}]},{\"@type\":\"WebSite\",\"@id\":\"https:\\\/\\\/interamerica.org\\\/es\\\/#website\",\"url\":\"https:\\\/\\\/interamerica.org\\\/es\\\/\",\"name\":\"Iglesia Adventista del S\u00e9ptimo D\u00eda - Divisi\u00f3n Interamericana\",\"description\":\"\",\"potentialAction\":[{\"@type\":\"SearchAction\",\"target\":{\"@type\":\"EntryPoint\",\"urlTemplate\":\"https:\\\/\\\/interamerica.org\\\/es\\\/?s={search_term_string}\"},\"query-input\":{\"@type\":\"PropertyValueSpecification\",\"valueRequired\":true,\"valueName\":\"search_term_string\"}}],\"inLanguage\":\"es\"},{\"@type\":\"Person\",\"@id\":\"https:\\\/\\\/interamerica.org\\\/es\\\/#\\\/schema\\\/person\\\/68ede8bdc292885bb76c1e3810e73c39\",\"name\":\"Lorenzo Verduzco\",\"image\":{\"@type\":\"ImageObject\",\"inLanguage\":\"es\",\"@id\":\"https:\\\/\\\/secure.gravatar.com\\\/avatar\\\/fb81a55b6218459490a9c1dc841a34909185b81904c5337b4b27f7a6fd60c49e?s=96&d=mm&r=g\",\"url\":\"https:\\\/\\\/secure.gravatar.com\\\/avatar\\\/fb81a55b6218459490a9c1dc841a34909185b81904c5337b4b27f7a6fd60c49e?s=96&d=mm&r=g\",\"contentUrl\":\"https:\\\/\\\/secure.gravatar.com\\\/avatar\\\/fb81a55b6218459490a9c1dc841a34909185b81904c5337b4b27f7a6fd60c49e?s=96&d=mm&r=g\",\"caption\":\"Lorenzo Verduzco\"}}]}<\/script>\n<!-- \/ Yoast SEO plugin. -->","yoast_head_json":{"title":"Supuesto Padre y Beb\u00e9 de los Medios - Iglesia Adventista del S\u00e9ptimo D\u00eda - Divisi\u00f3n Interamericana","robots":{"index":"index","follow":"follow","max-snippet":"max-snippet:-1","max-image-preview":"max-image-preview:large","max-video-preview":"max-video-preview:-1"},"canonical":"https:\/\/interamerica.org\/es\/2005\/08\/supuesto-padre-y-bebe-de-los-medios\/","og_locale":"es_ES","og_type":"article","og_title":"Supuesto Padre y Beb\u00e9 de los Medios - Iglesia Adventista del S\u00e9ptimo D\u00eda - Divisi\u00f3n Interamericana","og_description":"Silver Spring, Maryland, Estados Unidos [Wendi Rogers\/ANN] \u00bfLuces, c\u00e1mara, Dios? Bienvenido al mundo de Paul Kim. Conozca al ex-pastor de j\u00f3venes que hizo la decisi\u00f3n radical de mover la palanca...","og_url":"https:\/\/interamerica.org\/es\/2005\/08\/supuesto-padre-y-bebe-de-los-medios\/","og_site_name":"Iglesia Adventista del S\u00e9ptimo D\u00eda - Divisi\u00f3n Interamericana","article_published_time":"2005-08-09T04:00:00+00:00","article_modified_time":"2017-06-02T13:16:48+00:00","author":"Lorenzo Verduzco","twitter_card":"summary_large_image","twitter_misc":{"Escrito por":"Lorenzo Verduzco","Tiempo de lectura":"5 minutos"},"schema":{"@context":"https:\/\/schema.org","@graph":[{"@type":"Article","@id":"https:\/\/interamerica.org\/es\/2005\/08\/supuesto-padre-y-bebe-de-los-medios\/#article","isPartOf":{"@id":"https:\/\/interamerica.org\/es\/2005\/08\/supuesto-padre-y-bebe-de-los-medios\/"},"author":{"name":"Lorenzo Verduzco","@id":"https:\/\/interamerica.org\/es\/#\/schema\/person\/68ede8bdc292885bb76c1e3810e73c39"},"headline":"Supuesto Padre y Beb\u00e9 de los Medios","datePublished":"2005-08-09T04:00:00+00:00","dateModified":"2017-06-02T13:16:48+00:00","mainEntityOfPage":{"@id":"https:\/\/interamerica.org\/es\/2005\/08\/supuesto-padre-y-bebe-de-los-medios\/"},"wordCount":971,"articleSection":["Archivo"],"inLanguage":"es"},{"@type":"WebPage","@id":"https:\/\/interamerica.org\/es\/2005\/08\/supuesto-padre-y-bebe-de-los-medios\/","url":"https:\/\/interamerica.org\/es\/2005\/08\/supuesto-padre-y-bebe-de-los-medios\/","name":"Supuesto Padre y Beb\u00e9 de los Medios - Iglesia Adventista del S\u00e9ptimo D\u00eda - Divisi\u00f3n Interamericana","isPartOf":{"@id":"https:\/\/interamerica.org\/es\/#website"},"datePublished":"2005-08-09T04:00:00+00:00","dateModified":"2017-06-02T13:16:48+00:00","author":{"@id":"https:\/\/interamerica.org\/es\/#\/schema\/person\/68ede8bdc292885bb76c1e3810e73c39"},"breadcrumb":{"@id":"https:\/\/interamerica.org\/es\/2005\/08\/supuesto-padre-y-bebe-de-los-medios\/#breadcrumb"},"inLanguage":"es","potentialAction":[{"@type":"ReadAction","target":["https:\/\/interamerica.org\/es\/2005\/08\/supuesto-padre-y-bebe-de-los-medios\/"]}]},{"@type":"BreadcrumbList","@id":"https:\/\/interamerica.org\/es\/2005\/08\/supuesto-padre-y-bebe-de-los-medios\/#breadcrumb","itemListElement":[{"@type":"ListItem","position":1,"name":"Home","item":"https:\/\/interamerica.org\/es\/"},{"@type":"ListItem","position":2,"name":"Supuesto Padre y Beb\u00e9 de los Medios"}]},{"@type":"WebSite","@id":"https:\/\/interamerica.org\/es\/#website","url":"https:\/\/interamerica.org\/es\/","name":"Iglesia Adventista del S\u00e9ptimo D\u00eda - Divisi\u00f3n Interamericana","description":"","potentialAction":[{"@type":"SearchAction","target":{"@type":"EntryPoint","urlTemplate":"https:\/\/interamerica.org\/es\/?s={search_term_string}"},"query-input":{"@type":"PropertyValueSpecification","valueRequired":true,"valueName":"search_term_string"}}],"inLanguage":"es"},{"@type":"Person","@id":"https:\/\/interamerica.org\/es\/#\/schema\/person\/68ede8bdc292885bb76c1e3810e73c39","name":"Lorenzo Verduzco","image":{"@type":"ImageObject","inLanguage":"es","@id":"https:\/\/secure.gravatar.com\/avatar\/fb81a55b6218459490a9c1dc841a34909185b81904c5337b4b27f7a6fd60c49e?s=96&d=mm&r=g","url":"https:\/\/secure.gravatar.com\/avatar\/fb81a55b6218459490a9c1dc841a34909185b81904c5337b4b27f7a6fd60c49e?s=96&d=mm&r=g","contentUrl":"https:\/\/secure.gravatar.com\/avatar\/fb81a55b6218459490a9c1dc841a34909185b81904c5337b4b27f7a6fd60c49e?s=96&d=mm&r=g","caption":"Lorenzo Verduzco"}}]}},"_links":{"self":[{"href":"https:\/\/interamerica.org\/es\/wp-json\/wp\/v2\/posts\/10578","targetHints":{"allow":["GET"]}}],"collection":[{"href":"https:\/\/interamerica.org\/es\/wp-json\/wp\/v2\/posts"}],"about":[{"href":"https:\/\/interamerica.org\/es\/wp-json\/wp\/v2\/types\/post"}],"author":[{"embeddable":true,"href":"https:\/\/interamerica.org\/es\/wp-json\/wp\/v2\/users\/1"}],"replies":[{"embeddable":true,"href":"https:\/\/interamerica.org\/es\/wp-json\/wp\/v2\/comments?post=10578"}],"version-history":[{"count":0,"href":"https:\/\/interamerica.org\/es\/wp-json\/wp\/v2\/posts\/10578\/revisions"}],"wp:attachment":[{"href":"https:\/\/interamerica.org\/es\/wp-json\/wp\/v2\/media?parent=10578"}],"wp:term":[{"taxonomy":"category","embeddable":true,"href":"https:\/\/interamerica.org\/es\/wp-json\/wp\/v2\/categories?post=10578"},{"taxonomy":"post_tag","embeddable":true,"href":"https:\/\/interamerica.org\/es\/wp-json\/wp\/v2\/tags?post=10578"}],"curies":[{"name":"wp","href":"https:\/\/api.w.org\/{rel}","templated":true}]}}