{"id":10581,"date":"2005-08-16T00:00:00","date_gmt":"2005-08-16T04:00:00","guid":{"rendered":"http:\/\/192.81.217.108\/interamerica\/2005\/08\/europa-iglesias-de-alemania-y-austria-se-disculpan-por-acciones-en-holocausto\/"},"modified":"2017-06-02T09:16:45","modified_gmt":"2017-06-02T13:16:45","slug":"europa-iglesias-de-alemania-y-austria-se-disculpan-por-acciones-en-holocausto","status":"publish","type":"post","link":"https:\/\/interamerica.org\/es\/2005\/08\/europa-iglesias-de-alemania-y-austria-se-disculpan-por-acciones-en-holocausto\/","title":{"rendered":"Europa: Iglesias de Alemania y Austria se Disculpan por Acciones en Holocausto"},"content":{"rendered":"<p>Hannover, Alemania&#8230;.(Mark A. Kellner\/Personal de ANN)<\/p>\n<p>En ocasi\u00f3n del 60 aniversario del fin de la Segunda Guerra Mundial, los l\u00edderes de la iglesia en Alemania y Austria han hecho p\u00fablica una declaraci\u00f3n diciendo que ellos \u00absienten profundamente\u00bb cualquier participaci\u00f3n en\/o apoyo de actividades nazi durante la guerra.<\/p>\n<\/p>\n<p>Los organismos eclesi\u00e1sticos \u201cconfiesan honestamente\u201d una falta \u201cen seguir a nuestro Se\u00f1or\u201d al no proteger a los jud\u00edos, y otros, del genocidio de la \u00e9poca, ampliamente conocido como el Holocausto. Millones de personas perecieron por las atrocidades de la guerra, incluyendo m\u00e1s de 6 millones de jud\u00edos que fueron exterminados en la persecuci\u00f3n nazi durante el per\u00edodo de 12 a\u00f1os de 1933 a 1945.<\/p>\n<\/p>\n<p>La declaraci\u00f3n fue inicialmente publicada en la edici\u00f3n del mes de mayo de 2005 de la revista \u201cAdventEcho\u201d (eco adventista), una revista mensual adventista en alem\u00e1n, y tambi\u00e9n aparecer\u00e1n en otras publicaciones alemanas, dijo el pastor G\u00fcnther Machel, presidente de la iglesia en el sur de Alemania y uno de tres firmantes de la declaraci\u00f3n.<\/p>\n<\/p>\n<p>Una copia de la declaraci\u00f3n ha sido provista a Yad Vashem, Holocaust Martyrs&#8217; and Heroes&#8217; Remembrance Authority (autoridad de las memorias de m\u00e1rtires y h\u00e9roes del Holocausto) en Israel, agreg\u00f3 el Dr. Rolf P\u00f6hler, antiguo presidente de la iglesia en Alemania del Norte y quien en el presente es consejero teol\u00f3gico de esa regi\u00f3n, y particip\u00f3 en la redacci\u00f3n de la declaraci\u00f3n.<\/p>\n<\/p>\n<p>\u201cLamentamos profundamente que el car\u00e1cter dictatorial de National Socialist (socialista nacional) no hab\u00eda sido reconocido a tiempo y distinguido suficientemente, y la naturaleza diab\u00f3lica de la ideolog\u00eda nazi no hab\u00eda sido claramente identificada\u201d, lee la declaraci\u00f3n seg\u00fan la traducci\u00f3n del alem\u00e1n al ingl\u00e9s y (ahora, del ingl\u00e9s al espa\u00f1ol).<\/p>\n<\/p>\n<p>La iglesia tambi\u00e9n dice que tambi\u00e9n lamenta que \u201cen algunas de nuestras publicaciones \u2026 se encontraron art\u00edculos glorificando a Adolfo Hitler y estando de acuerdo con la ideolog\u00eda antisemita en una forma que es incre\u00edble desde la perspectiva de hoy\u201d. <\/p>\n<\/p>\n<p>Los dirigentes de la iglesia tambi\u00e9n dijeron que lamentaban que \u201cpersonas de nuestra iglesia llegaran a asociarse con el fanatismo racial destruyuendo las vidas y libertad de 6 millones de jud\u00edos y representantantes de las minor\u00edas en toda Europa\u201d, y \u201cque muchos adventistas del s\u00e9ptimo d\u00eda no compartieran la necesidad y sufrimiento de sus compatriotas jud\u00edos\u201d.<\/p>\n<\/p>\n<p>La declaraci\u00f3n se\u00f1al\u00f3 un error craso el hecho de que las congregaciones alemanas y austriacas \u201cexcluyeron, separaron y abandonaron a su suerte a miembros de iglesia que eran de origen jud\u00edo para que fuesen entregados a prisi\u00f3n, exilio o muerte\u201d.<\/p>\n<\/p>\n<p>Bajo la presi\u00f3n de varios decretos raciales, algunas congregaciones adventistas expulsaron a miembros de descendencia jud\u00eda. Uno de ellos, Max-Israel Punk, fue llevado a dos campos de concentraci\u00f3n por los nazis y sobrevivi\u00f3 y regres\u00f3 a su iglesia pasada la guerra. <\/p>\n<\/p>\n<p>\u00c9l dijo que no quer\u00eda actuar hacia su congregaci\u00f3n de la manera en la cual hab\u00eda sido tratado, seg\u00fan el doctor Daniel Heinz, un activista de la iglesia en la Universidad Friedensau y quien ha estudiado las actividades de los adventistas durante la era Socialista Nacional.<\/p>\n<\/p>\n<p>Junto al pastor Machel, los otros dirigentes que firmaron la declaraci\u00f3n fueron, los pastores Klaus-Jurgen van Treeck, presidente de la iglesia en Alemania del Norte, y Herbert Grugger, presidente de la iglesia adventista en Austria.<\/p>\n<\/p>\n<p>P\u00f6hler y Johannes Hartlapp, historiador de la iglesia en Friedensau, redactaron la declaraci\u00f3n sobre la cual se basa la que fue publicada. P\u00f6hler dijo que todas las tres \u00e1reas geogr\u00e1ficas de la iglesia votaron aprobar el texto.<\/p>\n<\/p>\n<p>En la declaraci\u00f3n, los tres aseguran que \u201cLa obediencia que debemos a las autoridades del estado no conllevan a abandonar las convicciones b\u00edblicas y los valores\u201d. Ellos expresaron que, mientras solamente Dios puede juzgar los actos de generaciones pasadas, \u201choy, sin embargo, queremos tomar una posici\u00f3n decidida por lo correcto y por la justicia\u2014hacia toda persona\u201d.<\/p>\n<\/p>\n<p>En una entrevista telef\u00f3nica Brugger dijo \u00abNuestros miembros de iglesia realmente apreciaron la publicaci\u00f3n de este documento\u201d. <\/p>\n<\/p>\n<p>Indic\u00f3 que era algo que los miembros m\u00e1s j\u00f3venes de la iglesia \u201capreciaban mucho\u201d. No se ha recibido ninguna reacci\u00f3n de la comunidad jud\u00eda austriaca, pero Brugger dijo que la Iglesia Adventista del S\u00e9ptimo D\u00eda no es tan conocida en Austria como lo son otros movimientos.<\/p>\n<\/p>\n<p>Cuando se le pregunt\u00f3, \u00bfc\u00f3mo una iglesia que considera la observancia del s\u00e1bado como una de sus creencias centrales pod\u00eda olvidar a los jud\u00edos observadores del s\u00e1bado durante un tiempo de persecuci\u00f3n?, Brugger sugiri\u00f3 que fueron consideraciones pol\u00edticas, no teol\u00f3gicas las que pudieron haber guiado a esa estrategia. <\/p>\n<\/p>\n<p>Durante la Primera Guerra Mundial, una porci\u00f3n de la iglesia adventista de Alemania se hab\u00eda dividido, oponi\u00e9ndose a cualquier servicio militar. Eso llev\u00f3 a National Socialist en 1936 a proscribir el as\u00ed llamado \u201cMovimiento de Reforma\u201d durante su tiempo en el poder.<\/p>\n<\/p>\n<p>Brugger dijo que, preocupaciones sobre el cierre de las principales iglesias adventistas por el gobierno nazi pudo haber tenido alg\u00fan peso sobre los l\u00edderes de la \u00e9poca.<\/p>\n<p>\u00abCreo que durante estos tiempos, los l\u00edderes oficiales de la iglesia ten\u00edan miedo de perder el control sobre la iglesia, y tambi\u00e9n, de perder la iglesia porque las autoridades pol\u00edticas ya hab\u00edan confundido nuestra iglesia con el Movimiento de Reforma\u201d, explic\u00f3 Brugger. \u201cCreo que nuestros dirigentes ten\u00edan miedo de perder el reconocimiento oficial de nuestra iglesia, por lo consiguiente, tal vez, no eran tan fieles a nuestras creencias como habr\u00eda sido necesario\u201d.<\/p>\n<\/p>\n<p>Agreg\u00f3, \u00abFue una situaci\u00f3n m\u00e1s pol\u00edtica que teol\u00f3gica, estoy bastante seguro\u201d. <\/p>\n<\/p>\n<p>P\u00f6hler anota que la iglesia principal adventista en Alemania fue brevemente proscrita bajo el r\u00e9gimen nazi.  Una r\u00e1pida reversi\u00f3n por parte del gobierno trajo alivio entre los adventistas, pero tambi\u00e9n, un grado de cooperaci\u00f3n con el gobierno que no fue saludable.<\/p>\n<\/p>\n<p>\u00abNo solamente guardamos silencio sino que tambi\u00e9n publicamos asuntos que nunca debimos haber publicado. Publicamos ideas antisemitas que, desde nuestra perspectiva, no eran realmente necesarias\u201d, dijo P\u00f6hler en una entrevista telef\u00f3nica. <\/p>\n<\/p>\n<p>\u201cDimos varias pasos m\u00e1s y publicamos cosas que eran realmente antisemitas. Nos salimos de nuestras normas para mostrar nuestra lealtad al gobierno de Alemania (la era Nacional Socialista)\u00bb.<\/p>\n<\/p>\n<p>\u00abTen\u00edamos que reconocer que una declaraci\u00f3n errada, cualquier movimiento equivocado por una persona significaba que esa persona pod\u00eda terminar en un campo de concentraci\u00f3n\u201d, dijo P\u00f6hler de ese tiempo. \u201cEsa fue la raz\u00f3n por la cual excluimos y borramos a personas de origen jud\u00edo de nuestro medio: Si una iglesia local no habr\u00eda hecho esto, los nazis, habr\u00edan cerrado la iglesia, habr\u00edan llevado al anciano a la prisi\u00f3n y habr\u00eda significado que la iglesia entera habr\u00eda sido proscrita\u201d.<\/p>\n<\/p>\n<p>Aunque algunos adventistas europeos tomaron posiciones atrevidas para proteger a los jud\u00edos, otros comprometieron sus actuaciones preocupados por sus familiares y por las iglesias. Ser\u00eda por dem\u00e1s dif\u00edcil para una persona llegar a un jud\u00edo, explic\u00f3 P\u00f6hler, pero poner en riesgo las vidas de los de la congregaci\u00f3n era una carga m\u00e1s. <\/p>\n<\/p>\n<p>Tal precauci\u00f3n fue reflejada aun en la nomeclatura usada por los adventistas alemanes, dijo \u00e9l. \u00abEl nombre, \u201cEscuela Sab\u00e1tica\u201d fue cambiado por \u201cEscuela B\u00edblica\u201d..no usamos el t\u00e9rmino original porque significaba tomar un riesgo\u201d, dijo P\u00f6hler. \u201cEst\u00e1bamos en peligro de ser confundidos con los jud\u00edos. Al rehusar llamarla \u201cEscuela Sab\u00e1tica\u201d, usted emit\u00eda una declaraci\u00f3n; creaba una peque\u00f1a distancia entre usted y los jud\u00edos\u201d.<\/p>\n<\/p>\n<p>El doctor Daniel Heinz, director de archivos de la iglesia en la Universidad de Friedensau, Alemania, dijo que su investigaci\u00f3n de las historias de los adventistas que hab\u00edan ayudado a los jud\u00edos durante la Guerra lo llev\u00f3 a descubrir aquellos que hab\u00eda actuado con menos honorabilidad.<\/p>\n<\/p>\n<p>\u00abLos l\u00edderes de la iglesia adaptaron y aun se apropiaron de lagunas ideologias antisemitas que eran de los Nazis; en algunos casos hicieron m\u00e1s de lo necesario para complacer las autoridades nazis. Esto es algo muy extra\u00f1o para nosotros\u201d, dijo Heinz.<\/p>\n<\/p>\n<p>Al mismo tiempo, dijo, \u201cS\u00e9 que muchos miembros adventistas, gente ordinaria, ayudaron a los jud\u00edos, pero nunca hablaron de eso\u00bb.<\/p>\n<\/p>\n<p>Los miembros de iglesia j\u00f3venes adultos reaccionaron positivamente a las expresiones de preocupaci\u00f3n y contrici\u00f3n de la declaraci\u00f3n. Dos adventistas de Berl\u00edn dijeron que apreciaron la declaraci\u00f3n.<\/p>\n<\/p>\n<p>\u00abRevelar humildemente nuestros pecados y fracasos es la cosa m\u00e1s importante que Dios quiere que nosotros hagamos\u201d, dijo Sara Gehler, de 25 a\u00f1os de edad. \u201cY aunque han transcurrido 60 a\u00f1os, creo que era necesario para nosotros como adventistas del s\u00e9ptimo d\u00eda tomar una posici\u00f3n sobre la Segunda Guerra Mundial\u201d. Agreg\u00f3, \u201cEs nuestro deber como cristianos proteger y ayudar a los d\u00e9biles, desamparados y en necesidad\u201d.<\/p>\n<\/p>\n<p>Julian M\u00fcller, 26 a\u00f1os de edad, a\u00f1adi\u00f3, \u00abCreo que nuestra responsabilidad como iglesia es confesar nuestros errores y no esconderlos, especialmente cuando vidas humanas est\u00e1n en riesgo \u2026   Mi esperanza es que por los errores y fracasos de nuestra iglesia que han tomado lugar desde entonces, no esperemos 60 a\u00f1os antes de que tengamos el valor de pedir perd\u00f3n\u201d.<\/p>\n<\/p>\n<p>Las reacciones de miembros de iglesia en la regi\u00f3n sur de Alemania, que incluye ciudades como Munich y Nurenberg, donde \u201cNational Socialists\u201d tom\u00f3 gran fuerza, \u201cfueron muy positivas\u201d, dijo el pastor Machel.  \u201cAlgunos estaban en espera de tal resoluci\u00f3n de parte de los dirigentes de la iglesia\u201d.<\/p>\n<\/p>\n<p>Internacionalmente, la declaraci\u00f3n fue tambi\u00e9n bien acogida en muchos c\u00edrculos de la iglesia adventista. \u00abEsper\u00e9 por un texto como este por mucho tiempo\u201d, dijo el pastor Richard Elofer, quien dirige el trabajo de la iglesia en Israel. \u201cAlabo al Se\u00f1or por tocar los corazones de nuestro pueblo en Alemania y Austria para producir tal declaraci\u00f3n\u201d. <\/p>\n<\/p>\n<p>\u201cPara aquellos que creen en el amor de Dios para cada miembro de la familia humana, contra cualquier tipo de discriminaci\u00f3n con base en raza, credo o sexo, esta declaraci\u00f3n escrita por una generaci\u00f3n que no tuvo responsabilidad alguna en el Holocausto y la Guerra, pero endosa la responsabilidad de sus padres, se sostendr\u00e1 como una marca hist\u00f3rica positiva y de gran valor\u201d, a\u00f1adi\u00f3 el Dr. John Graz, director de Asuntos P\u00fablicos y Libertad Religiosa de la sede de la Iglesia Adventista.<\/p>\n<\/p>\n<p><strong>Derechos Reservados \u00a9 2005 por Red de Noticias <\/strong><\/p>\n<p><strong>Adventista<\/strong><\/p><\/p>\n","protected":false},"excerpt":{"rendered":"<p>En ocasi\u00f3n del 60 aniversario del fin de la Segunda Guerra Mundial, los l\u00edderes de la iglesia en Alemania y Austria han hecho p\u00fablica una declaraci\u00f3n diciendo que ellos \u00absienten profundamente\u00bb&#8230;<\/p>\n","protected":false},"author":1,"featured_media":0,"comment_status":"closed","ping_status":"closed","sticky":false,"template":"","format":"standard","meta":{"_acf_changed":false,"footnotes":""},"categories":[8],"tags":[],"class_list":["post-10581","post","type-post","status-publish","format-standard","hentry","category-archivo"],"acf":[],"yoast_head":"<!-- This site is optimized with the Yoast SEO plugin v27.3 - https:\/\/yoast.com\/product\/yoast-seo-wordpress\/ -->\n<title>Europa: Iglesias de Alemania y Austria se Disculpan por Acciones en Holocausto - Iglesia Adventista del S\u00e9ptimo D\u00eda - Divisi\u00f3n Interamericana<\/title>\n<meta name=\"robots\" content=\"index, follow, max-snippet:-1, max-image-preview:large, max-video-preview:-1\" \/>\n<link rel=\"canonical\" href=\"https:\/\/interamerica.org\/es\/2005\/08\/europa-iglesias-de-alemania-y-austria-se-disculpan-por-acciones-en-holocausto\/\" \/>\n<meta property=\"og:locale\" content=\"es_ES\" \/>\n<meta property=\"og:type\" content=\"article\" \/>\n<meta property=\"og:title\" content=\"Europa: Iglesias de Alemania y Austria se Disculpan por Acciones en Holocausto - Iglesia Adventista del S\u00e9ptimo D\u00eda - Divisi\u00f3n Interamericana\" \/>\n<meta property=\"og:description\" content=\"En ocasi\u00f3n del 60 aniversario del fin de la Segunda Guerra Mundial, los l\u00edderes de la iglesia en Alemania y Austria han hecho p\u00fablica una declaraci\u00f3n diciendo que ellos &quot;sienten profundamente&quot;...\" \/>\n<meta property=\"og:url\" content=\"https:\/\/interamerica.org\/es\/2005\/08\/europa-iglesias-de-alemania-y-austria-se-disculpan-por-acciones-en-holocausto\/\" \/>\n<meta property=\"og:site_name\" content=\"Iglesia Adventista del S\u00e9ptimo D\u00eda - Divisi\u00f3n Interamericana\" \/>\n<meta property=\"article:published_time\" content=\"2005-08-16T04:00:00+00:00\" \/>\n<meta property=\"article:modified_time\" content=\"2017-06-02T13:16:45+00:00\" \/>\n<meta name=\"author\" content=\"Lorenzo Verduzco\" \/>\n<meta name=\"twitter:card\" content=\"summary_large_image\" \/>\n<meta name=\"twitter:label1\" content=\"Escrito por\" \/>\n\t<meta name=\"twitter:data1\" content=\"Lorenzo Verduzco\" \/>\n\t<meta name=\"twitter:label2\" content=\"Tiempo de lectura\" \/>\n\t<meta name=\"twitter:data2\" content=\"9 minutos\" \/>\n<script type=\"application\/ld+json\" class=\"yoast-schema-graph\">{\"@context\":\"https:\\\/\\\/schema.org\",\"@graph\":[{\"@type\":\"Article\",\"@id\":\"https:\\\/\\\/interamerica.org\\\/es\\\/2005\\\/08\\\/europa-iglesias-de-alemania-y-austria-se-disculpan-por-acciones-en-holocausto\\\/#article\",\"isPartOf\":{\"@id\":\"https:\\\/\\\/interamerica.org\\\/es\\\/2005\\\/08\\\/europa-iglesias-de-alemania-y-austria-se-disculpan-por-acciones-en-holocausto\\\/\"},\"author\":{\"name\":\"Lorenzo Verduzco\",\"@id\":\"https:\\\/\\\/interamerica.org\\\/es\\\/#\\\/schema\\\/person\\\/68ede8bdc292885bb76c1e3810e73c39\"},\"headline\":\"Europa: Iglesias de Alemania y Austria se Disculpan por Acciones en Holocausto\",\"datePublished\":\"2005-08-16T04:00:00+00:00\",\"dateModified\":\"2017-06-02T13:16:45+00:00\",\"mainEntityOfPage\":{\"@id\":\"https:\\\/\\\/interamerica.org\\\/es\\\/2005\\\/08\\\/europa-iglesias-de-alemania-y-austria-se-disculpan-por-acciones-en-holocausto\\\/\"},\"wordCount\":1821,\"articleSection\":[\"Archivo\"],\"inLanguage\":\"es\"},{\"@type\":\"WebPage\",\"@id\":\"https:\\\/\\\/interamerica.org\\\/es\\\/2005\\\/08\\\/europa-iglesias-de-alemania-y-austria-se-disculpan-por-acciones-en-holocausto\\\/\",\"url\":\"https:\\\/\\\/interamerica.org\\\/es\\\/2005\\\/08\\\/europa-iglesias-de-alemania-y-austria-se-disculpan-por-acciones-en-holocausto\\\/\",\"name\":\"Europa: Iglesias de Alemania y Austria se Disculpan por Acciones en Holocausto - Iglesia Adventista del S\u00e9ptimo D\u00eda - Divisi\u00f3n Interamericana\",\"isPartOf\":{\"@id\":\"https:\\\/\\\/interamerica.org\\\/es\\\/#website\"},\"datePublished\":\"2005-08-16T04:00:00+00:00\",\"dateModified\":\"2017-06-02T13:16:45+00:00\",\"author\":{\"@id\":\"https:\\\/\\\/interamerica.org\\\/es\\\/#\\\/schema\\\/person\\\/68ede8bdc292885bb76c1e3810e73c39\"},\"breadcrumb\":{\"@id\":\"https:\\\/\\\/interamerica.org\\\/es\\\/2005\\\/08\\\/europa-iglesias-de-alemania-y-austria-se-disculpan-por-acciones-en-holocausto\\\/#breadcrumb\"},\"inLanguage\":\"es\",\"potentialAction\":[{\"@type\":\"ReadAction\",\"target\":[\"https:\\\/\\\/interamerica.org\\\/es\\\/2005\\\/08\\\/europa-iglesias-de-alemania-y-austria-se-disculpan-por-acciones-en-holocausto\\\/\"]}]},{\"@type\":\"BreadcrumbList\",\"@id\":\"https:\\\/\\\/interamerica.org\\\/es\\\/2005\\\/08\\\/europa-iglesias-de-alemania-y-austria-se-disculpan-por-acciones-en-holocausto\\\/#breadcrumb\",\"itemListElement\":[{\"@type\":\"ListItem\",\"position\":1,\"name\":\"Home\",\"item\":\"https:\\\/\\\/interamerica.org\\\/es\\\/\"},{\"@type\":\"ListItem\",\"position\":2,\"name\":\"Europa: Iglesias de Alemania y Austria se Disculpan por Acciones en Holocausto\"}]},{\"@type\":\"WebSite\",\"@id\":\"https:\\\/\\\/interamerica.org\\\/es\\\/#website\",\"url\":\"https:\\\/\\\/interamerica.org\\\/es\\\/\",\"name\":\"Iglesia Adventista del S\u00e9ptimo D\u00eda - Divisi\u00f3n Interamericana\",\"description\":\"\",\"potentialAction\":[{\"@type\":\"SearchAction\",\"target\":{\"@type\":\"EntryPoint\",\"urlTemplate\":\"https:\\\/\\\/interamerica.org\\\/es\\\/?s={search_term_string}\"},\"query-input\":{\"@type\":\"PropertyValueSpecification\",\"valueRequired\":true,\"valueName\":\"search_term_string\"}}],\"inLanguage\":\"es\"},{\"@type\":\"Person\",\"@id\":\"https:\\\/\\\/interamerica.org\\\/es\\\/#\\\/schema\\\/person\\\/68ede8bdc292885bb76c1e3810e73c39\",\"name\":\"Lorenzo Verduzco\",\"image\":{\"@type\":\"ImageObject\",\"inLanguage\":\"es\",\"@id\":\"https:\\\/\\\/secure.gravatar.com\\\/avatar\\\/fb81a55b6218459490a9c1dc841a34909185b81904c5337b4b27f7a6fd60c49e?s=96&d=mm&r=g\",\"url\":\"https:\\\/\\\/secure.gravatar.com\\\/avatar\\\/fb81a55b6218459490a9c1dc841a34909185b81904c5337b4b27f7a6fd60c49e?s=96&d=mm&r=g\",\"contentUrl\":\"https:\\\/\\\/secure.gravatar.com\\\/avatar\\\/fb81a55b6218459490a9c1dc841a34909185b81904c5337b4b27f7a6fd60c49e?s=96&d=mm&r=g\",\"caption\":\"Lorenzo Verduzco\"}}]}<\/script>\n<!-- \/ Yoast SEO plugin. -->","yoast_head_json":{"title":"Europa: Iglesias de Alemania y Austria se Disculpan por Acciones en Holocausto - Iglesia Adventista del S\u00e9ptimo D\u00eda - Divisi\u00f3n Interamericana","robots":{"index":"index","follow":"follow","max-snippet":"max-snippet:-1","max-image-preview":"max-image-preview:large","max-video-preview":"max-video-preview:-1"},"canonical":"https:\/\/interamerica.org\/es\/2005\/08\/europa-iglesias-de-alemania-y-austria-se-disculpan-por-acciones-en-holocausto\/","og_locale":"es_ES","og_type":"article","og_title":"Europa: Iglesias de Alemania y Austria se Disculpan por Acciones en Holocausto - Iglesia Adventista del S\u00e9ptimo D\u00eda - Divisi\u00f3n Interamericana","og_description":"En ocasi\u00f3n del 60 aniversario del fin de la Segunda Guerra Mundial, los l\u00edderes de la iglesia en Alemania y Austria han hecho p\u00fablica una declaraci\u00f3n diciendo que ellos \"sienten profundamente\"...","og_url":"https:\/\/interamerica.org\/es\/2005\/08\/europa-iglesias-de-alemania-y-austria-se-disculpan-por-acciones-en-holocausto\/","og_site_name":"Iglesia Adventista del S\u00e9ptimo D\u00eda - Divisi\u00f3n Interamericana","article_published_time":"2005-08-16T04:00:00+00:00","article_modified_time":"2017-06-02T13:16:45+00:00","author":"Lorenzo Verduzco","twitter_card":"summary_large_image","twitter_misc":{"Escrito por":"Lorenzo Verduzco","Tiempo de lectura":"9 minutos"},"schema":{"@context":"https:\/\/schema.org","@graph":[{"@type":"Article","@id":"https:\/\/interamerica.org\/es\/2005\/08\/europa-iglesias-de-alemania-y-austria-se-disculpan-por-acciones-en-holocausto\/#article","isPartOf":{"@id":"https:\/\/interamerica.org\/es\/2005\/08\/europa-iglesias-de-alemania-y-austria-se-disculpan-por-acciones-en-holocausto\/"},"author":{"name":"Lorenzo Verduzco","@id":"https:\/\/interamerica.org\/es\/#\/schema\/person\/68ede8bdc292885bb76c1e3810e73c39"},"headline":"Europa: Iglesias de Alemania y Austria se Disculpan por Acciones en Holocausto","datePublished":"2005-08-16T04:00:00+00:00","dateModified":"2017-06-02T13:16:45+00:00","mainEntityOfPage":{"@id":"https:\/\/interamerica.org\/es\/2005\/08\/europa-iglesias-de-alemania-y-austria-se-disculpan-por-acciones-en-holocausto\/"},"wordCount":1821,"articleSection":["Archivo"],"inLanguage":"es"},{"@type":"WebPage","@id":"https:\/\/interamerica.org\/es\/2005\/08\/europa-iglesias-de-alemania-y-austria-se-disculpan-por-acciones-en-holocausto\/","url":"https:\/\/interamerica.org\/es\/2005\/08\/europa-iglesias-de-alemania-y-austria-se-disculpan-por-acciones-en-holocausto\/","name":"Europa: Iglesias de Alemania y Austria se Disculpan por Acciones en Holocausto - Iglesia Adventista del S\u00e9ptimo D\u00eda - Divisi\u00f3n Interamericana","isPartOf":{"@id":"https:\/\/interamerica.org\/es\/#website"},"datePublished":"2005-08-16T04:00:00+00:00","dateModified":"2017-06-02T13:16:45+00:00","author":{"@id":"https:\/\/interamerica.org\/es\/#\/schema\/person\/68ede8bdc292885bb76c1e3810e73c39"},"breadcrumb":{"@id":"https:\/\/interamerica.org\/es\/2005\/08\/europa-iglesias-de-alemania-y-austria-se-disculpan-por-acciones-en-holocausto\/#breadcrumb"},"inLanguage":"es","potentialAction":[{"@type":"ReadAction","target":["https:\/\/interamerica.org\/es\/2005\/08\/europa-iglesias-de-alemania-y-austria-se-disculpan-por-acciones-en-holocausto\/"]}]},{"@type":"BreadcrumbList","@id":"https:\/\/interamerica.org\/es\/2005\/08\/europa-iglesias-de-alemania-y-austria-se-disculpan-por-acciones-en-holocausto\/#breadcrumb","itemListElement":[{"@type":"ListItem","position":1,"name":"Home","item":"https:\/\/interamerica.org\/es\/"},{"@type":"ListItem","position":2,"name":"Europa: Iglesias de Alemania y Austria se Disculpan por Acciones en Holocausto"}]},{"@type":"WebSite","@id":"https:\/\/interamerica.org\/es\/#website","url":"https:\/\/interamerica.org\/es\/","name":"Iglesia Adventista del S\u00e9ptimo D\u00eda - Divisi\u00f3n Interamericana","description":"","potentialAction":[{"@type":"SearchAction","target":{"@type":"EntryPoint","urlTemplate":"https:\/\/interamerica.org\/es\/?s={search_term_string}"},"query-input":{"@type":"PropertyValueSpecification","valueRequired":true,"valueName":"search_term_string"}}],"inLanguage":"es"},{"@type":"Person","@id":"https:\/\/interamerica.org\/es\/#\/schema\/person\/68ede8bdc292885bb76c1e3810e73c39","name":"Lorenzo Verduzco","image":{"@type":"ImageObject","inLanguage":"es","@id":"https:\/\/secure.gravatar.com\/avatar\/fb81a55b6218459490a9c1dc841a34909185b81904c5337b4b27f7a6fd60c49e?s=96&d=mm&r=g","url":"https:\/\/secure.gravatar.com\/avatar\/fb81a55b6218459490a9c1dc841a34909185b81904c5337b4b27f7a6fd60c49e?s=96&d=mm&r=g","contentUrl":"https:\/\/secure.gravatar.com\/avatar\/fb81a55b6218459490a9c1dc841a34909185b81904c5337b4b27f7a6fd60c49e?s=96&d=mm&r=g","caption":"Lorenzo Verduzco"}}]}},"_links":{"self":[{"href":"https:\/\/interamerica.org\/es\/wp-json\/wp\/v2\/posts\/10581","targetHints":{"allow":["GET"]}}],"collection":[{"href":"https:\/\/interamerica.org\/es\/wp-json\/wp\/v2\/posts"}],"about":[{"href":"https:\/\/interamerica.org\/es\/wp-json\/wp\/v2\/types\/post"}],"author":[{"embeddable":true,"href":"https:\/\/interamerica.org\/es\/wp-json\/wp\/v2\/users\/1"}],"replies":[{"embeddable":true,"href":"https:\/\/interamerica.org\/es\/wp-json\/wp\/v2\/comments?post=10581"}],"version-history":[{"count":0,"href":"https:\/\/interamerica.org\/es\/wp-json\/wp\/v2\/posts\/10581\/revisions"}],"wp:attachment":[{"href":"https:\/\/interamerica.org\/es\/wp-json\/wp\/v2\/media?parent=10581"}],"wp:term":[{"taxonomy":"category","embeddable":true,"href":"https:\/\/interamerica.org\/es\/wp-json\/wp\/v2\/categories?post=10581"},{"taxonomy":"post_tag","embeddable":true,"href":"https:\/\/interamerica.org\/es\/wp-json\/wp\/v2\/tags?post=10581"}],"curies":[{"name":"wp","href":"https:\/\/api.w.org\/{rel}","templated":true}]}}