{"id":10584,"date":"2005-08-15T00:00:00","date_gmt":"2005-08-15T04:00:00","guid":{"rendered":"http:\/\/192.81.217.108\/interamerica\/2005\/08\/inter-america-lideres-de-la-iglesia-visitan-lugar-donde-nacio-la-iglesia-adventista\/"},"modified":"2017-06-02T09:16:46","modified_gmt":"2017-06-02T13:16:46","slug":"inter-america-lideres-de-la-iglesia-visitan-lugar-donde-nacio-la-iglesia-adventista","status":"publish","type":"post","link":"https:\/\/interamerica.org\/es\/2005\/08\/inter-america-lideres-de-la-iglesia-visitan-lugar-donde-nacio-la-iglesia-adventista\/","title":{"rendered":"\u00cdnter Am\u00e9rica: L\u00edderes de la Iglesia Visitan Lugar Donde Naci\u00f3 la Iglesia Adventista"},"content":{"rendered":"<p>Battle Creek, Michigan, Estados Unidos&#8230; (Personal de DIA)<\/p>\n<p>Al terminar la Quincuag\u00e9sima Octava Sesi\u00f3n de negocios de la iglesia adventista del s\u00e9ptimo d\u00eda en San Lu\u00eds, Missouri, los coordinadores del Esp\u00edritu de Profec\u00eda de la Divisi\u00f3n Interamericana se dirigieron al lugar de origen del mensaje adventista para una visita de cuatro d\u00edas, del 10-13 de julio. <\/p>\n<p>\u00abHistory Heritage Tour\u00bb (excursi\u00f3n por el hist\u00f3rico sitio del comienzo del mensaje adventista), que se lleva a cabo en Battle Creek, Michigan, fue organizada para inspirar y ennoblecer, al realizarse en el mismo sitio donde los pioneros de la iglesia adventista estuvieron, oraron y trabajaron, de acuerdo al pastor Le\u00f3n B. Wellington, vicepresidente y coordinador del Esp\u00edritu de Profec\u00eda para la iglesia en \u00cdnter America.<\/p>\n<p>James Nix, director del Patrimonio White ubicado en la sede mundial de la iglesia adventista en Maryland, dirigi\u00f3 la excursi\u00f3n. Entre los sitios hist\u00f3ricos excursionados estuvieron, el Cementerio Monterey, sitio de reposo de Jos\u00e9 Bates; el R\u00edo Allegan donde Edson White construy\u00f3 y puso a navegar su bote, Morning Star (estrella de la ma\u00f1ana) para trabajar con la poblaci\u00f3n de esclavos en la regi\u00f3n sur de Estados Unidos; y la Iglesia Adventista de Otsego donde Dudley Canright tuvo su membres\u00eda antes de ser removido.<\/p>\n<p>Durante la excursi\u00f3n tambi\u00e9n se visit\u00f3 Kelloggs Cereal City (ciudad de los cereales Kelloggs y el Sanatorio de Battle Creek, conocido ahora como Hart-Dole-Inouye Federal Center (Centro Federal Hart-Dole-Inouye). La excursi\u00f3n concluy\u00f3 en el Cementerio de Oak Hill, donde numerosos y bien conocidos pioneros adventistas est\u00e1n sepultados, incluyendo a Jaime y Elena White.<\/p>\n<p>\u00abEn verdad, fue una ocasi\u00f3n memorable para todos los que fueron\u00bb, expres\u00f3 el pastor Wellington. \u00abLa excursi\u00f3n fue m\u00e1s que algo hist\u00f3rico. Algunos dir\u00edan que cambia la vida, al vivir la riqueza de la historia de la iglesia adventista\u00bb.  <\/p>\n<p>La excursi\u00f3n fue de tanta inspiraci\u00f3n, dice Wellington, que algunos coordinadores ya est\u00e1n haciendo arreglos para excursiones subsecuentes a las cuales se invitar\u00e1 a miembros y obreros dentro de sus respectivos territorios de uniones. <\/p>\n<p>Para m\u00e1s informaci\u00f3n sobre Excursiones Esp\u00edritu de Profec\u00eda para \u00cdnter Am\u00e9rica, llame al (305) 403-4700. Para recursos en l\u00ednea sobre los escritos de Elena G. White, visite <a  href=\"http:\/\/www.whiteestate.org\">www.whiteestate.org<\/a>  <\/p>\n","protected":false},"excerpt":{"rendered":"<p>Al terminar la Quincuag\u00e9sima Octava Sesi\u00f3n de negocios de la iglesia adventista del s\u00e9ptimo d\u00eda en San Lu\u00eds, Missouri, los coordinadores del Esp\u00edritu de Profec\u00eda de la Divisi\u00f3n Interamericana se dirigieron al lugar de origen del mensaje adventista para un<\/p>\n","protected":false},"author":1,"featured_media":0,"comment_status":"closed","ping_status":"closed","sticky":false,"template":"","format":"standard","meta":{"_acf_changed":false,"footnotes":""},"categories":[8],"tags":[],"class_list":["post-10584","post","type-post","status-publish","format-standard","hentry","category-archivo"],"acf":[],"yoast_head":"<!-- This site is optimized with the Yoast SEO plugin v27.3 - https:\/\/yoast.com\/product\/yoast-seo-wordpress\/ -->\n<title>\u00cdnter Am\u00e9rica: L\u00edderes de la Iglesia Visitan Lugar Donde Naci\u00f3 la Iglesia Adventista - Iglesia Adventista del S\u00e9ptimo D\u00eda - Divisi\u00f3n Interamericana<\/title>\n<meta name=\"robots\" content=\"index, follow, max-snippet:-1, max-image-preview:large, max-video-preview:-1\" \/>\n<link rel=\"canonical\" href=\"https:\/\/interamerica.org\/es\/2005\/08\/inter-america-lideres-de-la-iglesia-visitan-lugar-donde-nacio-la-iglesia-adventista\/\" \/>\n<meta property=\"og:locale\" content=\"es_ES\" \/>\n<meta property=\"og:type\" content=\"article\" \/>\n<meta property=\"og:title\" content=\"\u00cdnter Am\u00e9rica: L\u00edderes de la Iglesia Visitan Lugar Donde Naci\u00f3 la Iglesia Adventista - Iglesia Adventista del S\u00e9ptimo D\u00eda - Divisi\u00f3n Interamericana\" \/>\n<meta property=\"og:description\" content=\"Al terminar la Quincuag\u00e9sima Octava Sesi\u00f3n de negocios de la iglesia adventista del s\u00e9ptimo d\u00eda en San Lu\u00eds, Missouri, los coordinadores del Esp\u00edritu de Profec\u00eda de la Divisi\u00f3n Interamericana se dirigieron al lugar de origen del mensaje adventista para un\" \/>\n<meta property=\"og:url\" content=\"https:\/\/interamerica.org\/es\/2005\/08\/inter-america-lideres-de-la-iglesia-visitan-lugar-donde-nacio-la-iglesia-adventista\/\" \/>\n<meta property=\"og:site_name\" content=\"Iglesia Adventista del S\u00e9ptimo D\u00eda - Divisi\u00f3n Interamericana\" \/>\n<meta property=\"article:published_time\" content=\"2005-08-15T04:00:00+00:00\" \/>\n<meta property=\"article:modified_time\" content=\"2017-06-02T13:16:46+00:00\" \/>\n<meta name=\"author\" content=\"Lorenzo Verduzco\" \/>\n<meta name=\"twitter:card\" content=\"summary_large_image\" \/>\n<meta name=\"twitter:label1\" content=\"Escrito por\" \/>\n\t<meta name=\"twitter:data1\" content=\"Lorenzo Verduzco\" \/>\n\t<meta name=\"twitter:label2\" content=\"Tiempo de lectura\" \/>\n\t<meta name=\"twitter:data2\" content=\"2 minutos\" \/>\n<script type=\"application\/ld+json\" class=\"yoast-schema-graph\">{\"@context\":\"https:\\\/\\\/schema.org\",\"@graph\":[{\"@type\":\"Article\",\"@id\":\"https:\\\/\\\/interamerica.org\\\/es\\\/2005\\\/08\\\/inter-america-lideres-de-la-iglesia-visitan-lugar-donde-nacio-la-iglesia-adventista\\\/#article\",\"isPartOf\":{\"@id\":\"https:\\\/\\\/interamerica.org\\\/es\\\/2005\\\/08\\\/inter-america-lideres-de-la-iglesia-visitan-lugar-donde-nacio-la-iglesia-adventista\\\/\"},\"author\":{\"name\":\"Lorenzo Verduzco\",\"@id\":\"https:\\\/\\\/interamerica.org\\\/es\\\/#\\\/schema\\\/person\\\/68ede8bdc292885bb76c1e3810e73c39\"},\"headline\":\"\u00cdnter Am\u00e9rica: L\u00edderes de la Iglesia Visitan Lugar Donde Naci\u00f3 la Iglesia Adventista\",\"datePublished\":\"2005-08-15T04:00:00+00:00\",\"dateModified\":\"2017-06-02T13:16:46+00:00\",\"mainEntityOfPage\":{\"@id\":\"https:\\\/\\\/interamerica.org\\\/es\\\/2005\\\/08\\\/inter-america-lideres-de-la-iglesia-visitan-lugar-donde-nacio-la-iglesia-adventista\\\/\"},\"wordCount\":414,\"articleSection\":[\"Archivo\"],\"inLanguage\":\"es\"},{\"@type\":\"WebPage\",\"@id\":\"https:\\\/\\\/interamerica.org\\\/es\\\/2005\\\/08\\\/inter-america-lideres-de-la-iglesia-visitan-lugar-donde-nacio-la-iglesia-adventista\\\/\",\"url\":\"https:\\\/\\\/interamerica.org\\\/es\\\/2005\\\/08\\\/inter-america-lideres-de-la-iglesia-visitan-lugar-donde-nacio-la-iglesia-adventista\\\/\",\"name\":\"\u00cdnter Am\u00e9rica: L\u00edderes de la Iglesia Visitan Lugar Donde Naci\u00f3 la Iglesia Adventista - Iglesia Adventista del S\u00e9ptimo D\u00eda - Divisi\u00f3n Interamericana\",\"isPartOf\":{\"@id\":\"https:\\\/\\\/interamerica.org\\\/es\\\/#website\"},\"datePublished\":\"2005-08-15T04:00:00+00:00\",\"dateModified\":\"2017-06-02T13:16:46+00:00\",\"author\":{\"@id\":\"https:\\\/\\\/interamerica.org\\\/es\\\/#\\\/schema\\\/person\\\/68ede8bdc292885bb76c1e3810e73c39\"},\"breadcrumb\":{\"@id\":\"https:\\\/\\\/interamerica.org\\\/es\\\/2005\\\/08\\\/inter-america-lideres-de-la-iglesia-visitan-lugar-donde-nacio-la-iglesia-adventista\\\/#breadcrumb\"},\"inLanguage\":\"es\",\"potentialAction\":[{\"@type\":\"ReadAction\",\"target\":[\"https:\\\/\\\/interamerica.org\\\/es\\\/2005\\\/08\\\/inter-america-lideres-de-la-iglesia-visitan-lugar-donde-nacio-la-iglesia-adventista\\\/\"]}]},{\"@type\":\"BreadcrumbList\",\"@id\":\"https:\\\/\\\/interamerica.org\\\/es\\\/2005\\\/08\\\/inter-america-lideres-de-la-iglesia-visitan-lugar-donde-nacio-la-iglesia-adventista\\\/#breadcrumb\",\"itemListElement\":[{\"@type\":\"ListItem\",\"position\":1,\"name\":\"Home\",\"item\":\"https:\\\/\\\/interamerica.org\\\/es\\\/\"},{\"@type\":\"ListItem\",\"position\":2,\"name\":\"\u00cdnter Am\u00e9rica: L\u00edderes de la Iglesia Visitan Lugar Donde Naci\u00f3 la Iglesia Adventista\"}]},{\"@type\":\"WebSite\",\"@id\":\"https:\\\/\\\/interamerica.org\\\/es\\\/#website\",\"url\":\"https:\\\/\\\/interamerica.org\\\/es\\\/\",\"name\":\"Iglesia Adventista del S\u00e9ptimo D\u00eda - Divisi\u00f3n Interamericana\",\"description\":\"\",\"potentialAction\":[{\"@type\":\"SearchAction\",\"target\":{\"@type\":\"EntryPoint\",\"urlTemplate\":\"https:\\\/\\\/interamerica.org\\\/es\\\/?s={search_term_string}\"},\"query-input\":{\"@type\":\"PropertyValueSpecification\",\"valueRequired\":true,\"valueName\":\"search_term_string\"}}],\"inLanguage\":\"es\"},{\"@type\":\"Person\",\"@id\":\"https:\\\/\\\/interamerica.org\\\/es\\\/#\\\/schema\\\/person\\\/68ede8bdc292885bb76c1e3810e73c39\",\"name\":\"Lorenzo Verduzco\",\"image\":{\"@type\":\"ImageObject\",\"inLanguage\":\"es\",\"@id\":\"https:\\\/\\\/secure.gravatar.com\\\/avatar\\\/fb81a55b6218459490a9c1dc841a34909185b81904c5337b4b27f7a6fd60c49e?s=96&d=mm&r=g\",\"url\":\"https:\\\/\\\/secure.gravatar.com\\\/avatar\\\/fb81a55b6218459490a9c1dc841a34909185b81904c5337b4b27f7a6fd60c49e?s=96&d=mm&r=g\",\"contentUrl\":\"https:\\\/\\\/secure.gravatar.com\\\/avatar\\\/fb81a55b6218459490a9c1dc841a34909185b81904c5337b4b27f7a6fd60c49e?s=96&d=mm&r=g\",\"caption\":\"Lorenzo Verduzco\"}}]}<\/script>\n<!-- \/ Yoast SEO plugin. -->","yoast_head_json":{"title":"\u00cdnter Am\u00e9rica: L\u00edderes de la Iglesia Visitan Lugar Donde Naci\u00f3 la Iglesia Adventista - Iglesia Adventista del S\u00e9ptimo D\u00eda - Divisi\u00f3n Interamericana","robots":{"index":"index","follow":"follow","max-snippet":"max-snippet:-1","max-image-preview":"max-image-preview:large","max-video-preview":"max-video-preview:-1"},"canonical":"https:\/\/interamerica.org\/es\/2005\/08\/inter-america-lideres-de-la-iglesia-visitan-lugar-donde-nacio-la-iglesia-adventista\/","og_locale":"es_ES","og_type":"article","og_title":"\u00cdnter Am\u00e9rica: L\u00edderes de la Iglesia Visitan Lugar Donde Naci\u00f3 la Iglesia Adventista - Iglesia Adventista del S\u00e9ptimo D\u00eda - Divisi\u00f3n Interamericana","og_description":"Al terminar la Quincuag\u00e9sima Octava Sesi\u00f3n de negocios de la iglesia adventista del s\u00e9ptimo d\u00eda en San Lu\u00eds, Missouri, los coordinadores del Esp\u00edritu de Profec\u00eda de la Divisi\u00f3n Interamericana se dirigieron al lugar de origen del mensaje adventista para un","og_url":"https:\/\/interamerica.org\/es\/2005\/08\/inter-america-lideres-de-la-iglesia-visitan-lugar-donde-nacio-la-iglesia-adventista\/","og_site_name":"Iglesia Adventista del S\u00e9ptimo D\u00eda - Divisi\u00f3n Interamericana","article_published_time":"2005-08-15T04:00:00+00:00","article_modified_time":"2017-06-02T13:16:46+00:00","author":"Lorenzo Verduzco","twitter_card":"summary_large_image","twitter_misc":{"Escrito por":"Lorenzo Verduzco","Tiempo de lectura":"2 minutos"},"schema":{"@context":"https:\/\/schema.org","@graph":[{"@type":"Article","@id":"https:\/\/interamerica.org\/es\/2005\/08\/inter-america-lideres-de-la-iglesia-visitan-lugar-donde-nacio-la-iglesia-adventista\/#article","isPartOf":{"@id":"https:\/\/interamerica.org\/es\/2005\/08\/inter-america-lideres-de-la-iglesia-visitan-lugar-donde-nacio-la-iglesia-adventista\/"},"author":{"name":"Lorenzo Verduzco","@id":"https:\/\/interamerica.org\/es\/#\/schema\/person\/68ede8bdc292885bb76c1e3810e73c39"},"headline":"\u00cdnter Am\u00e9rica: L\u00edderes de la Iglesia Visitan Lugar Donde Naci\u00f3 la Iglesia Adventista","datePublished":"2005-08-15T04:00:00+00:00","dateModified":"2017-06-02T13:16:46+00:00","mainEntityOfPage":{"@id":"https:\/\/interamerica.org\/es\/2005\/08\/inter-america-lideres-de-la-iglesia-visitan-lugar-donde-nacio-la-iglesia-adventista\/"},"wordCount":414,"articleSection":["Archivo"],"inLanguage":"es"},{"@type":"WebPage","@id":"https:\/\/interamerica.org\/es\/2005\/08\/inter-america-lideres-de-la-iglesia-visitan-lugar-donde-nacio-la-iglesia-adventista\/","url":"https:\/\/interamerica.org\/es\/2005\/08\/inter-america-lideres-de-la-iglesia-visitan-lugar-donde-nacio-la-iglesia-adventista\/","name":"\u00cdnter Am\u00e9rica: L\u00edderes de la Iglesia Visitan Lugar Donde Naci\u00f3 la Iglesia Adventista - Iglesia Adventista del S\u00e9ptimo D\u00eda - Divisi\u00f3n Interamericana","isPartOf":{"@id":"https:\/\/interamerica.org\/es\/#website"},"datePublished":"2005-08-15T04:00:00+00:00","dateModified":"2017-06-02T13:16:46+00:00","author":{"@id":"https:\/\/interamerica.org\/es\/#\/schema\/person\/68ede8bdc292885bb76c1e3810e73c39"},"breadcrumb":{"@id":"https:\/\/interamerica.org\/es\/2005\/08\/inter-america-lideres-de-la-iglesia-visitan-lugar-donde-nacio-la-iglesia-adventista\/#breadcrumb"},"inLanguage":"es","potentialAction":[{"@type":"ReadAction","target":["https:\/\/interamerica.org\/es\/2005\/08\/inter-america-lideres-de-la-iglesia-visitan-lugar-donde-nacio-la-iglesia-adventista\/"]}]},{"@type":"BreadcrumbList","@id":"https:\/\/interamerica.org\/es\/2005\/08\/inter-america-lideres-de-la-iglesia-visitan-lugar-donde-nacio-la-iglesia-adventista\/#breadcrumb","itemListElement":[{"@type":"ListItem","position":1,"name":"Home","item":"https:\/\/interamerica.org\/es\/"},{"@type":"ListItem","position":2,"name":"\u00cdnter Am\u00e9rica: L\u00edderes de la Iglesia Visitan Lugar Donde Naci\u00f3 la Iglesia Adventista"}]},{"@type":"WebSite","@id":"https:\/\/interamerica.org\/es\/#website","url":"https:\/\/interamerica.org\/es\/","name":"Iglesia Adventista del S\u00e9ptimo D\u00eda - Divisi\u00f3n Interamericana","description":"","potentialAction":[{"@type":"SearchAction","target":{"@type":"EntryPoint","urlTemplate":"https:\/\/interamerica.org\/es\/?s={search_term_string}"},"query-input":{"@type":"PropertyValueSpecification","valueRequired":true,"valueName":"search_term_string"}}],"inLanguage":"es"},{"@type":"Person","@id":"https:\/\/interamerica.org\/es\/#\/schema\/person\/68ede8bdc292885bb76c1e3810e73c39","name":"Lorenzo Verduzco","image":{"@type":"ImageObject","inLanguage":"es","@id":"https:\/\/secure.gravatar.com\/avatar\/fb81a55b6218459490a9c1dc841a34909185b81904c5337b4b27f7a6fd60c49e?s=96&d=mm&r=g","url":"https:\/\/secure.gravatar.com\/avatar\/fb81a55b6218459490a9c1dc841a34909185b81904c5337b4b27f7a6fd60c49e?s=96&d=mm&r=g","contentUrl":"https:\/\/secure.gravatar.com\/avatar\/fb81a55b6218459490a9c1dc841a34909185b81904c5337b4b27f7a6fd60c49e?s=96&d=mm&r=g","caption":"Lorenzo Verduzco"}}]}},"_links":{"self":[{"href":"https:\/\/interamerica.org\/es\/wp-json\/wp\/v2\/posts\/10584","targetHints":{"allow":["GET"]}}],"collection":[{"href":"https:\/\/interamerica.org\/es\/wp-json\/wp\/v2\/posts"}],"about":[{"href":"https:\/\/interamerica.org\/es\/wp-json\/wp\/v2\/types\/post"}],"author":[{"embeddable":true,"href":"https:\/\/interamerica.org\/es\/wp-json\/wp\/v2\/users\/1"}],"replies":[{"embeddable":true,"href":"https:\/\/interamerica.org\/es\/wp-json\/wp\/v2\/comments?post=10584"}],"version-history":[{"count":0,"href":"https:\/\/interamerica.org\/es\/wp-json\/wp\/v2\/posts\/10584\/revisions"}],"wp:attachment":[{"href":"https:\/\/interamerica.org\/es\/wp-json\/wp\/v2\/media?parent=10584"}],"wp:term":[{"taxonomy":"category","embeddable":true,"href":"https:\/\/interamerica.org\/es\/wp-json\/wp\/v2\/categories?post=10584"},{"taxonomy":"post_tag","embeddable":true,"href":"https:\/\/interamerica.org\/es\/wp-json\/wp\/v2\/tags?post=10584"}],"curies":[{"name":"wp","href":"https:\/\/api.w.org\/{rel}","templated":true}]}}