{"id":10590,"date":"2005-09-01T00:00:00","date_gmt":"2005-09-01T04:00:00","guid":{"rendered":"http:\/\/192.81.217.108\/interamerica\/2005\/09\/los-delegados-de-la-asociacion-del-caribe-del-este-eligen-sus-dirigentes\/"},"modified":"2017-06-02T09:16:43","modified_gmt":"2017-06-02T13:16:43","slug":"los-delegados-de-la-asociacion-del-caribe-del-este-eligen-sus-dirigentes","status":"publish","type":"post","link":"https:\/\/interamerica.org\/es\/2005\/09\/los-delegados-de-la-asociacion-del-caribe-del-este-eligen-sus-dirigentes\/","title":{"rendered":"Los Delegados de la Asociaci\u00f3n del Caribe del Este Eligen sus Dirigentes."},"content":{"rendered":"<p>St. Michaels, Barbados&#8230;[Asociaci\u00f3n\u00a0Caribe Oriental\/DIA]<\/p>\n<p>M\u00e1s de 300 adventistas del s\u00e9ptimo d\u00eda de Barbados, Dominica, San Vicente y las Granadinas se reunieron para la sesi\u00f3n de negocios de la regi\u00f3n a fin de elegir sus dirigentes de iglesia, del 8 al 10 de agosto. El pastor David Beckles fue\u00a0elegido para servir como presidente de la iglesia en la Asociaci\u00f3n Oriental del Caribe, despu\u00e9s que el pastor James Daniel anunci\u00f3 que no estar\u00eda disponible para reelecci\u00f3n, despu\u00e9s de servir ocho a\u00f1os en dicho puesto.<\/p>\n<p>El pastor Dermoth Baptiste fue reelecto como secretario y director de ADRA, al igual que la se\u00f1ora Sylgene Clarke, quien seguir\u00e1 como tesorera. Los dirigentes departamentales elegidos para los pr\u00f3ximos cuatro a\u00f1os son:<\/p>\n<p>*Servicios de Mayordom\u00eda\/Fideicomiso\/Vida Familiar: Pastor Daulford Baptiste (reelecto).<\/p>\n<p>*Educaci\u00f3n: Norma Niles (reelecta).<\/p>\n<p>*Ministerios Personales y Escuela Sab\u00e1tica: Pastor Winston Cooke.<\/p>\n<p>*J\u00f3venes, Asuntos P\u00fablicos y Libertad Religiosa: Pastor Anthony Hall.<\/p>\n<p>*Ministerial: Pastor Orville Sutton.<\/p>\n<p>*Ministerios de la Mujer y Ni\u00f1os: Alene Thomas.<\/p>\n<p>*Salud: Precilla Prevost.<\/p>\n<p>La iglesia en la Asociaci\u00f3n Oriental del Caribe se compone de m\u00e1s de cuatro islas y tiene m\u00e1s de 35,000 miembros que adoran en 104 templos.<\/p>\n","protected":false},"excerpt":{"rendered":"<p>M\u00e1s de 300 adventistas del s\u00e9ptimo d\u00eda de Barbados, Dominica, San Vicente y las Granadinas se reunieron para la sesi\u00f3n de negocios de la regi\u00f3n a fin de elegir sus dirigentes de iglesia, del 8 al 10 de agosto.<\/p>\n","protected":false},"author":1,"featured_media":0,"comment_status":"closed","ping_status":"closed","sticky":false,"template":"","format":"standard","meta":{"_acf_changed":false,"footnotes":""},"categories":[8],"tags":[],"class_list":["post-10590","post","type-post","status-publish","format-standard","hentry","category-archivo"],"acf":[],"yoast_head":"<!-- This site is optimized with the Yoast SEO plugin v27.3 - https:\/\/yoast.com\/product\/yoast-seo-wordpress\/ -->\n<title>Los Delegados de la Asociaci\u00f3n del Caribe del Este Eligen sus Dirigentes. - Iglesia Adventista del S\u00e9ptimo D\u00eda - Divisi\u00f3n Interamericana<\/title>\n<meta name=\"robots\" content=\"index, follow, max-snippet:-1, max-image-preview:large, max-video-preview:-1\" \/>\n<link rel=\"canonical\" href=\"https:\/\/interamerica.org\/es\/2005\/09\/los-delegados-de-la-asociacion-del-caribe-del-este-eligen-sus-dirigentes\/\" \/>\n<meta property=\"og:locale\" content=\"es_ES\" \/>\n<meta property=\"og:type\" content=\"article\" \/>\n<meta property=\"og:title\" content=\"Los Delegados de la Asociaci\u00f3n del Caribe del Este Eligen sus Dirigentes. - Iglesia Adventista del S\u00e9ptimo D\u00eda - Divisi\u00f3n Interamericana\" \/>\n<meta property=\"og:description\" content=\"M\u00e1s de 300 adventistas del s\u00e9ptimo d\u00eda de Barbados, Dominica, San Vicente y las Granadinas se reunieron para la sesi\u00f3n de negocios de la regi\u00f3n a fin de elegir sus dirigentes de iglesia, del 8 al 10 de agosto.\" \/>\n<meta property=\"og:url\" content=\"https:\/\/interamerica.org\/es\/2005\/09\/los-delegados-de-la-asociacion-del-caribe-del-este-eligen-sus-dirigentes\/\" \/>\n<meta property=\"og:site_name\" content=\"Iglesia Adventista del S\u00e9ptimo D\u00eda - Divisi\u00f3n Interamericana\" \/>\n<meta property=\"article:published_time\" content=\"2005-09-01T04:00:00+00:00\" \/>\n<meta property=\"article:modified_time\" content=\"2017-06-02T13:16:43+00:00\" \/>\n<meta name=\"author\" content=\"Lorenzo Verduzco\" \/>\n<meta name=\"twitter:card\" content=\"summary_large_image\" \/>\n<meta name=\"twitter:label1\" content=\"Escrito por\" \/>\n\t<meta name=\"twitter:data1\" content=\"Lorenzo Verduzco\" \/>\n\t<meta name=\"twitter:label2\" content=\"Tiempo de lectura\" \/>\n\t<meta name=\"twitter:data2\" content=\"1 minuto\" \/>\n<script type=\"application\/ld+json\" class=\"yoast-schema-graph\">{\"@context\":\"https:\\\/\\\/schema.org\",\"@graph\":[{\"@type\":\"Article\",\"@id\":\"https:\\\/\\\/interamerica.org\\\/es\\\/2005\\\/09\\\/los-delegados-de-la-asociacion-del-caribe-del-este-eligen-sus-dirigentes\\\/#article\",\"isPartOf\":{\"@id\":\"https:\\\/\\\/interamerica.org\\\/es\\\/2005\\\/09\\\/los-delegados-de-la-asociacion-del-caribe-del-este-eligen-sus-dirigentes\\\/\"},\"author\":{\"name\":\"Lorenzo Verduzco\",\"@id\":\"https:\\\/\\\/interamerica.org\\\/es\\\/#\\\/schema\\\/person\\\/68ede8bdc292885bb76c1e3810e73c39\"},\"headline\":\"Los Delegados de la Asociaci\u00f3n del Caribe del Este Eligen sus Dirigentes.\",\"datePublished\":\"2005-09-01T04:00:00+00:00\",\"dateModified\":\"2017-06-02T13:16:43+00:00\",\"mainEntityOfPage\":{\"@id\":\"https:\\\/\\\/interamerica.org\\\/es\\\/2005\\\/09\\\/los-delegados-de-la-asociacion-del-caribe-del-este-eligen-sus-dirigentes\\\/\"},\"wordCount\":223,\"articleSection\":[\"Archivo\"],\"inLanguage\":\"es\"},{\"@type\":\"WebPage\",\"@id\":\"https:\\\/\\\/interamerica.org\\\/es\\\/2005\\\/09\\\/los-delegados-de-la-asociacion-del-caribe-del-este-eligen-sus-dirigentes\\\/\",\"url\":\"https:\\\/\\\/interamerica.org\\\/es\\\/2005\\\/09\\\/los-delegados-de-la-asociacion-del-caribe-del-este-eligen-sus-dirigentes\\\/\",\"name\":\"Los Delegados de la Asociaci\u00f3n del Caribe del Este Eligen sus Dirigentes. - Iglesia Adventista del S\u00e9ptimo D\u00eda - Divisi\u00f3n Interamericana\",\"isPartOf\":{\"@id\":\"https:\\\/\\\/interamerica.org\\\/es\\\/#website\"},\"datePublished\":\"2005-09-01T04:00:00+00:00\",\"dateModified\":\"2017-06-02T13:16:43+00:00\",\"author\":{\"@id\":\"https:\\\/\\\/interamerica.org\\\/es\\\/#\\\/schema\\\/person\\\/68ede8bdc292885bb76c1e3810e73c39\"},\"breadcrumb\":{\"@id\":\"https:\\\/\\\/interamerica.org\\\/es\\\/2005\\\/09\\\/los-delegados-de-la-asociacion-del-caribe-del-este-eligen-sus-dirigentes\\\/#breadcrumb\"},\"inLanguage\":\"es\",\"potentialAction\":[{\"@type\":\"ReadAction\",\"target\":[\"https:\\\/\\\/interamerica.org\\\/es\\\/2005\\\/09\\\/los-delegados-de-la-asociacion-del-caribe-del-este-eligen-sus-dirigentes\\\/\"]}]},{\"@type\":\"BreadcrumbList\",\"@id\":\"https:\\\/\\\/interamerica.org\\\/es\\\/2005\\\/09\\\/los-delegados-de-la-asociacion-del-caribe-del-este-eligen-sus-dirigentes\\\/#breadcrumb\",\"itemListElement\":[{\"@type\":\"ListItem\",\"position\":1,\"name\":\"Home\",\"item\":\"https:\\\/\\\/interamerica.org\\\/es\\\/\"},{\"@type\":\"ListItem\",\"position\":2,\"name\":\"Los Delegados de la Asociaci\u00f3n del Caribe del Este Eligen sus Dirigentes.\"}]},{\"@type\":\"WebSite\",\"@id\":\"https:\\\/\\\/interamerica.org\\\/es\\\/#website\",\"url\":\"https:\\\/\\\/interamerica.org\\\/es\\\/\",\"name\":\"Iglesia Adventista del S\u00e9ptimo D\u00eda - Divisi\u00f3n Interamericana\",\"description\":\"\",\"potentialAction\":[{\"@type\":\"SearchAction\",\"target\":{\"@type\":\"EntryPoint\",\"urlTemplate\":\"https:\\\/\\\/interamerica.org\\\/es\\\/?s={search_term_string}\"},\"query-input\":{\"@type\":\"PropertyValueSpecification\",\"valueRequired\":true,\"valueName\":\"search_term_string\"}}],\"inLanguage\":\"es\"},{\"@type\":\"Person\",\"@id\":\"https:\\\/\\\/interamerica.org\\\/es\\\/#\\\/schema\\\/person\\\/68ede8bdc292885bb76c1e3810e73c39\",\"name\":\"Lorenzo Verduzco\",\"image\":{\"@type\":\"ImageObject\",\"inLanguage\":\"es\",\"@id\":\"https:\\\/\\\/secure.gravatar.com\\\/avatar\\\/fb81a55b6218459490a9c1dc841a34909185b81904c5337b4b27f7a6fd60c49e?s=96&d=mm&r=g\",\"url\":\"https:\\\/\\\/secure.gravatar.com\\\/avatar\\\/fb81a55b6218459490a9c1dc841a34909185b81904c5337b4b27f7a6fd60c49e?s=96&d=mm&r=g\",\"contentUrl\":\"https:\\\/\\\/secure.gravatar.com\\\/avatar\\\/fb81a55b6218459490a9c1dc841a34909185b81904c5337b4b27f7a6fd60c49e?s=96&d=mm&r=g\",\"caption\":\"Lorenzo Verduzco\"}}]}<\/script>\n<!-- \/ Yoast SEO plugin. -->","yoast_head_json":{"title":"Los Delegados de la Asociaci\u00f3n del Caribe del Este Eligen sus Dirigentes. - Iglesia Adventista del S\u00e9ptimo D\u00eda - Divisi\u00f3n Interamericana","robots":{"index":"index","follow":"follow","max-snippet":"max-snippet:-1","max-image-preview":"max-image-preview:large","max-video-preview":"max-video-preview:-1"},"canonical":"https:\/\/interamerica.org\/es\/2005\/09\/los-delegados-de-la-asociacion-del-caribe-del-este-eligen-sus-dirigentes\/","og_locale":"es_ES","og_type":"article","og_title":"Los Delegados de la Asociaci\u00f3n del Caribe del Este Eligen sus Dirigentes. - Iglesia Adventista del S\u00e9ptimo D\u00eda - Divisi\u00f3n Interamericana","og_description":"M\u00e1s de 300 adventistas del s\u00e9ptimo d\u00eda de Barbados, Dominica, San Vicente y las Granadinas se reunieron para la sesi\u00f3n de negocios de la regi\u00f3n a fin de elegir sus dirigentes de iglesia, del 8 al 10 de agosto.","og_url":"https:\/\/interamerica.org\/es\/2005\/09\/los-delegados-de-la-asociacion-del-caribe-del-este-eligen-sus-dirigentes\/","og_site_name":"Iglesia Adventista del S\u00e9ptimo D\u00eda - Divisi\u00f3n Interamericana","article_published_time":"2005-09-01T04:00:00+00:00","article_modified_time":"2017-06-02T13:16:43+00:00","author":"Lorenzo Verduzco","twitter_card":"summary_large_image","twitter_misc":{"Escrito por":"Lorenzo Verduzco","Tiempo de lectura":"1 minuto"},"schema":{"@context":"https:\/\/schema.org","@graph":[{"@type":"Article","@id":"https:\/\/interamerica.org\/es\/2005\/09\/los-delegados-de-la-asociacion-del-caribe-del-este-eligen-sus-dirigentes\/#article","isPartOf":{"@id":"https:\/\/interamerica.org\/es\/2005\/09\/los-delegados-de-la-asociacion-del-caribe-del-este-eligen-sus-dirigentes\/"},"author":{"name":"Lorenzo Verduzco","@id":"https:\/\/interamerica.org\/es\/#\/schema\/person\/68ede8bdc292885bb76c1e3810e73c39"},"headline":"Los Delegados de la Asociaci\u00f3n del Caribe del Este Eligen sus Dirigentes.","datePublished":"2005-09-01T04:00:00+00:00","dateModified":"2017-06-02T13:16:43+00:00","mainEntityOfPage":{"@id":"https:\/\/interamerica.org\/es\/2005\/09\/los-delegados-de-la-asociacion-del-caribe-del-este-eligen-sus-dirigentes\/"},"wordCount":223,"articleSection":["Archivo"],"inLanguage":"es"},{"@type":"WebPage","@id":"https:\/\/interamerica.org\/es\/2005\/09\/los-delegados-de-la-asociacion-del-caribe-del-este-eligen-sus-dirigentes\/","url":"https:\/\/interamerica.org\/es\/2005\/09\/los-delegados-de-la-asociacion-del-caribe-del-este-eligen-sus-dirigentes\/","name":"Los Delegados de la Asociaci\u00f3n del Caribe del Este Eligen sus Dirigentes. - Iglesia Adventista del S\u00e9ptimo D\u00eda - Divisi\u00f3n Interamericana","isPartOf":{"@id":"https:\/\/interamerica.org\/es\/#website"},"datePublished":"2005-09-01T04:00:00+00:00","dateModified":"2017-06-02T13:16:43+00:00","author":{"@id":"https:\/\/interamerica.org\/es\/#\/schema\/person\/68ede8bdc292885bb76c1e3810e73c39"},"breadcrumb":{"@id":"https:\/\/interamerica.org\/es\/2005\/09\/los-delegados-de-la-asociacion-del-caribe-del-este-eligen-sus-dirigentes\/#breadcrumb"},"inLanguage":"es","potentialAction":[{"@type":"ReadAction","target":["https:\/\/interamerica.org\/es\/2005\/09\/los-delegados-de-la-asociacion-del-caribe-del-este-eligen-sus-dirigentes\/"]}]},{"@type":"BreadcrumbList","@id":"https:\/\/interamerica.org\/es\/2005\/09\/los-delegados-de-la-asociacion-del-caribe-del-este-eligen-sus-dirigentes\/#breadcrumb","itemListElement":[{"@type":"ListItem","position":1,"name":"Home","item":"https:\/\/interamerica.org\/es\/"},{"@type":"ListItem","position":2,"name":"Los Delegados de la Asociaci\u00f3n del Caribe del Este Eligen sus Dirigentes."}]},{"@type":"WebSite","@id":"https:\/\/interamerica.org\/es\/#website","url":"https:\/\/interamerica.org\/es\/","name":"Iglesia Adventista del S\u00e9ptimo D\u00eda - Divisi\u00f3n Interamericana","description":"","potentialAction":[{"@type":"SearchAction","target":{"@type":"EntryPoint","urlTemplate":"https:\/\/interamerica.org\/es\/?s={search_term_string}"},"query-input":{"@type":"PropertyValueSpecification","valueRequired":true,"valueName":"search_term_string"}}],"inLanguage":"es"},{"@type":"Person","@id":"https:\/\/interamerica.org\/es\/#\/schema\/person\/68ede8bdc292885bb76c1e3810e73c39","name":"Lorenzo Verduzco","image":{"@type":"ImageObject","inLanguage":"es","@id":"https:\/\/secure.gravatar.com\/avatar\/fb81a55b6218459490a9c1dc841a34909185b81904c5337b4b27f7a6fd60c49e?s=96&d=mm&r=g","url":"https:\/\/secure.gravatar.com\/avatar\/fb81a55b6218459490a9c1dc841a34909185b81904c5337b4b27f7a6fd60c49e?s=96&d=mm&r=g","contentUrl":"https:\/\/secure.gravatar.com\/avatar\/fb81a55b6218459490a9c1dc841a34909185b81904c5337b4b27f7a6fd60c49e?s=96&d=mm&r=g","caption":"Lorenzo Verduzco"}}]}},"_links":{"self":[{"href":"https:\/\/interamerica.org\/es\/wp-json\/wp\/v2\/posts\/10590","targetHints":{"allow":["GET"]}}],"collection":[{"href":"https:\/\/interamerica.org\/es\/wp-json\/wp\/v2\/posts"}],"about":[{"href":"https:\/\/interamerica.org\/es\/wp-json\/wp\/v2\/types\/post"}],"author":[{"embeddable":true,"href":"https:\/\/interamerica.org\/es\/wp-json\/wp\/v2\/users\/1"}],"replies":[{"embeddable":true,"href":"https:\/\/interamerica.org\/es\/wp-json\/wp\/v2\/comments?post=10590"}],"version-history":[{"count":0,"href":"https:\/\/interamerica.org\/es\/wp-json\/wp\/v2\/posts\/10590\/revisions"}],"wp:attachment":[{"href":"https:\/\/interamerica.org\/es\/wp-json\/wp\/v2\/media?parent=10590"}],"wp:term":[{"taxonomy":"category","embeddable":true,"href":"https:\/\/interamerica.org\/es\/wp-json\/wp\/v2\/categories?post=10590"},{"taxonomy":"post_tag","embeddable":true,"href":"https:\/\/interamerica.org\/es\/wp-json\/wp\/v2\/tags?post=10590"}],"curies":[{"name":"wp","href":"https:\/\/api.w.org\/{rel}","templated":true}]}}