{"id":106203,"date":"2023-11-15T13:18:31","date_gmt":"2023-11-15T18:18:31","guid":{"rendered":"https:\/\/interamerica.org\/?p=106203"},"modified":"2023-11-15T15:07:01","modified_gmt":"2023-11-15T20:07:01","slug":"hospital-adventista-en-mexico-es-reconocido-como-institucion-compasiva-por-su-programa-de-cirugias-oftalmologicas-gratuitas","status":"publish","type":"post","link":"https:\/\/interamerica.org\/es\/2023\/11\/hospital-adventista-en-mexico-es-reconocido-como-institucion-compasiva-por-su-programa-de-cirugias-oftalmologicas-gratuitas\/","title":{"rendered":"Hospital Adventista en M\u00e9xico es reconocido como Instituci\u00f3n Compasiva por su programa de cirug\u00edas oftalmol\u00f3gicas gratuitas"},"content":{"rendered":"<p>15 de noviembre de 2023 | Montemorelos, Nuevo Le\u00f3n, M\u00e9xico | Laura Marrero y Noticias de la Divisi\u00f3n Interamericana<\/p>\n<p>Setenta personas con problemas de cataratas y retinopat\u00edas recuperaron la visi\u00f3n y mejoraron su calidad de vida de manera significativa como resultado de una reciente campa\u00f1a gratuita de cirug\u00eda oftalmol\u00f3gica gratuita que ofreci\u00f3 el Hospital La Carlota (HLC) en la Universidad de Montemorelos, en Montemorelos, Nuevo Le\u00f3n, M\u00e9xico. El evento que se llev\u00f3 a cabo del 22 al 24 de octubre de 2023 precedi\u00f3 el XV Encuentro Mundial de Valores, el primer evento en el que particip\u00f3 el hospital despu\u00e9s de haber sido reconocido como Instituci\u00f3n Compasiva por la organizaci\u00f3n Charter for Compassion.<\/p>\n<p>La campa\u00f1a de tres d\u00edas de intervenciones quir\u00fargicas se llev\u00f3 a cabo en el Instituto de Visi\u00f3n del hospital. Adem\u00e1s de las cuarenta cirug\u00edas de cataratas y los treinta tratamientos de retina llevados a cabo, otras 120 cirug\u00edas de cataratas est\u00e1n planificadas para ser llevadas a cabo gratuitamente en enero de 2024, brindando as\u00ed esperanza a decenas de personas que sufren de esas afecciones. Los procedimientos oftalmol\u00f3gicos fueron llevados a cabo por un equipo de especialistas calificados del Instituto de Visi\u00f3n, quienes donaron de su tiempo y pericia para la iniciativa.<\/p>\n<p><div id=\"attachment_106187\" style=\"width: 902px\" class=\"wp-caption aligncenter\"><img fetchpriority=\"high\" decoding=\"async\" aria-describedby=\"caption-attachment-106187\" class=\" wp-image-106185\" src=\"https:\/\/interamerica.org\/wp-content\/uploads\/2023\/11\/um-lacarlota1-vjodyyrwzpkwfnhejifdlq.jpeg\" alt=\"\" width=\"892\" height=\"502\" srcset=\"https:\/\/interamerica.org\/wp-content\/uploads\/2023\/11\/um-lacarlota1-vjodyyrwzpkwfnhejifdlq.jpeg 1024w, https:\/\/interamerica.org\/wp-content\/uploads\/2023\/11\/um-lacarlota1-vjodyyrwzpkwfnhejifdlq-300x169.jpeg 300w, https:\/\/interamerica.org\/wp-content\/uploads\/2023\/11\/um-lacarlota1-vjodyyrwzpkwfnhejifdlq-768x432.jpeg 768w\" sizes=\"(max-width: 892px) 100vw, 892px\" \/><p id=\"caption-attachment-106187\" class=\"wp-caption-text\">Un cirujano del Hospital Adventista La Carlota en Nuevo Le\u00f3n, M\u00e9xico, opera hace poco a un paciente. Se llevaron a cabo cuarenta cirug\u00edas de cataratas y treinta tratamientos de retina durante el reciente Encuentro Mundial de Valores de Charter for Compassion. [Fotograf\u00eda: Hospital Adventista La Carlota]<\/p><\/div>En M\u00e9xico, m\u00e1s de tres millones de personas sufren de cataratas, y este tipo de actividad compasiva, dirigida por el hospital en sociedad con otras entidades, representa un paso fundamental hacia la erradicaci\u00f3n de esa afecci\u00f3n en la regi\u00f3n, dijeron los l\u00edderes detr\u00e1s de la iniciativa como Juan Carlos Pedraza, coordinador de Brigadas M\u00e9dicas del Instituto de Visi\u00f3n.<\/p>\n<p>Pedraza afirm\u00f3 que la iniciativa enfatiz\u00f3 el compromiso continuo con la comunidad, con el objetivo de servir a m\u00e1s personas. \u201cAl ser parte de Charter for Compassion, reiteramos nuestro compromiso para ayudar y apoyar a los m\u00e1s vulnerables de la sociedad con intervenciones quir\u00fargicas de calidad, m\u00e1s all\u00e1 de su estatus socioecon\u00f3mico. Es sumamente favorable tener la oportunidad de ser una Instituci\u00f3n Compasiva, porque nuestra experiencia en las brigadas puede ser combinada con el apoyo de instituciones con mayor alcance y, de esa manera, es posible beneficiar a m\u00e1s personas\u201d.<\/p>\n<p>Patrocinadores destacados apoyaron y se asociaron con la campa\u00f1a, lo que incluy\u00f3 la Secretar\u00eda de Igualdad e Inclusi\u00f3n de Nuevo Le\u00f3n, el Ministerio de Salud de Nuevo Le\u00f3n, el Gobierno de Montemorelos, la organizaci\u00f3n Encuentro Mundial de Valores, Charter for Compassion, Carl Zeiss y la Universidad de Montemorelos.<\/p>\n<p><div id=\"attachment_106190\" style=\"width: 911px\" class=\"wp-caption aligncenter\"><img decoding=\"async\" aria-describedby=\"caption-attachment-106190\" class=\" wp-image-106188\" src=\"https:\/\/interamerica.org\/wp-content\/uploads\/2023\/11\/hlc-vision-21-kvm6ui5eddcrk9uprzbifa.jpeg\" alt=\"\" width=\"901\" height=\"507\" srcset=\"https:\/\/interamerica.org\/wp-content\/uploads\/2023\/11\/hlc-vision-21-kvm6ui5eddcrk9uprzbifa.jpeg 1024w, https:\/\/interamerica.org\/wp-content\/uploads\/2023\/11\/hlc-vision-21-kvm6ui5eddcrk9uprzbifa-300x169.jpeg 300w, https:\/\/interamerica.org\/wp-content\/uploads\/2023\/11\/hlc-vision-21-kvm6ui5eddcrk9uprzbifa-768x432.jpeg 768w\" sizes=\"(max-width: 901px) 100vw, 901px\" \/><p id=\"caption-attachment-106190\" class=\"wp-caption-text\">Un paciente es tratado por una profesional m\u00e9dica en el Instituto de Visi\u00f3n del Hospital Adventista La Carlota, durante la reciente brigada de salud. [Fotograf\u00eda: Hospital Adventista La Carlota]<\/p><\/div>El 27 y 28 de octubre, se llev\u00f3 a cabo el XV Encuentro Mundial de Valores bajo el lema \u201cArmon\u00eda social y reconciliaci\u00f3n\u201d, en el Auditorio del Pabell\u00f3n de Monterrey, donde el Hospital Adventista La Carlota recibi\u00f3 oficialmente la distinci\u00f3n de \u201cInstituci\u00f3n Compasiva\u201d por parte de Charter for Compassion. Charter for Compassion es una organizaci\u00f3n global con presencia en 54 pa\u00edses y 440 ciudades del mundo. La distinci\u00f3n reconoci\u00f3 las acciones compasivas del hospital en beneficio de la comunidad y como parte de su misi\u00f3n y valores.<\/p>\n<p>\u201cEste gesto de compasi\u00f3n y generosidad deja maras indelebles en la comunidad, y el Hospital Adventista La Carlota se complace en ser reconocido como una Instituci\u00f3n Compasiva\u201d, dijo Pedraza. \u201c[Es] un t\u00edtulo que hace que el hospital se destaque como ejemplo a seguir a la hora de promover la compasi\u00f3n y la atenci\u00f3n de salud de calidad en la regi\u00f3n\u201d.<\/p>\n<p>El Hospital Adventista La Carlota ha brindado servicios de salud durante ochenta a\u00f1os, y ahora ofrece m\u00faltiples servicios, lo que incluye atenci\u00f3n especializada, cirug\u00edas, diagn\u00f3stico avanzado y ex\u00e1menes, internaci\u00f3n de pacientes y servicios de emergencia. En 2022, la instituci\u00f3n adventista de salud llev\u00f3 a cabo 1610 cirug\u00edas de la vista, aunque una iniciativa de remodelaci\u00f3n de las salas de cirug\u00eda ha impedido que el hospital alcance a m\u00e1s personas en 2023.<\/p>\n<p><div id=\"attachment_106193\" style=\"width: 879px\" class=\"wp-caption aligncenter\"><img decoding=\"async\" aria-describedby=\"caption-attachment-106193\" class=\" wp-image-106191\" src=\"https:\/\/interamerica.org\/wp-content\/uploads\/2023\/11\/hlcarlota3-1-2dhwrye2bzgsmmm5qkouig.jpeg\" alt=\"\" width=\"869\" height=\"489\" srcset=\"https:\/\/interamerica.org\/wp-content\/uploads\/2023\/11\/hlcarlota3-1-2dhwrye2bzgsmmm5qkouig.jpeg 1024w, https:\/\/interamerica.org\/wp-content\/uploads\/2023\/11\/hlcarlota3-1-2dhwrye2bzgsmmm5qkouig-300x169.jpeg 300w, https:\/\/interamerica.org\/wp-content\/uploads\/2023\/11\/hlcarlota3-1-2dhwrye2bzgsmmm5qkouig-768x432.jpeg 768w\" sizes=\"(max-width: 869px) 100vw, 869px\" \/><p id=\"caption-attachment-106193\" class=\"wp-caption-text\">L\u00edderes del Hospital Adventista La Carlota y la Universidad de Montemorelos hablan durante la reciente inauguraci\u00f3n de la brigada quir\u00fargica en la instituci\u00f3n de Montemorelos, Nuevo Le\u00f3n, M\u00e9xico. [Fotograf\u00eda: Hospital Adventista La Carlota]<\/p><\/div>Charter for Compassion es una organizaci\u00f3n internacional con presencia en 54 pa\u00edses y 440 ciudades del mundo. La organizaci\u00f3n trabaja con diversas entidades y gobiernos con el prop\u00f3sito de incrementar los servicios a diversas poblaciones del mundo. Los l\u00edderes del Hospital Adventista La Carlota dijeron que la designaci\u00f3n de la Universidad de Montemorelos y del hospital como Instituciones Compasivas reforzar\u00e1 los esfuerzos del Estado de Nuevo Le\u00f3n de transformarse tambi\u00e9n en un Estado Compasivo, uno de los primeros del pa\u00eds.<\/p>\n<p>Traducci\u00f3n de Marcos Paseggi<\/p>\n","protected":false},"excerpt":{"rendered":"<p>15 de noviembre de 2023 | Montemorelos, Nuevo Le\u00f3n, M\u00e9xico | Laura Marrero y Noticias de la Divisi\u00f3n Interamericana Setenta personas con problemas de cataratas y retinopat\u00edas recuperaron la visi\u00f3n&#8230;<\/p>\n","protected":false},"author":3,"featured_media":106187,"comment_status":"closed","ping_status":"closed","sticky":false,"template":"","format":"standard","meta":{"_acf_changed":false,"footnotes":""},"categories":[16,15],"tags":[],"class_list":["post-106203","post","type-post","status-publish","format-standard","has-post-thumbnail","hentry","category-desde-la-sede","category-rss-espanol"],"acf":[],"yoast_head":"<!-- This site is optimized with the Yoast SEO plugin v27.3 - https:\/\/yoast.com\/product\/yoast-seo-wordpress\/ -->\n<title>Hospital Adventista en M\u00e9xico es reconocido como Instituci\u00f3n Compasiva por su programa de cirug\u00edas oftalmol\u00f3gicas gratuitas - Iglesia Adventista del S\u00e9ptimo D\u00eda - Divisi\u00f3n Interamericana<\/title>\n<meta name=\"robots\" content=\"index, follow, max-snippet:-1, max-image-preview:large, max-video-preview:-1\" \/>\n<link rel=\"canonical\" href=\"https:\/\/interamerica.org\/es\/2023\/11\/hospital-adventista-en-mexico-es-reconocido-como-institucion-compasiva-por-su-programa-de-cirugias-oftalmologicas-gratuitas\/\" \/>\n<meta property=\"og:locale\" content=\"es_ES\" \/>\n<meta property=\"og:type\" content=\"article\" \/>\n<meta property=\"og:title\" content=\"Hospital Adventista en M\u00e9xico es reconocido como Instituci\u00f3n Compasiva por su programa de cirug\u00edas oftalmol\u00f3gicas gratuitas - Iglesia Adventista del S\u00e9ptimo D\u00eda - Divisi\u00f3n Interamericana\" \/>\n<meta property=\"og:description\" content=\"15 de noviembre de 2023 | Montemorelos, Nuevo Le\u00f3n, M\u00e9xico | Laura Marrero y Noticias de la Divisi\u00f3n Interamericana Setenta personas con problemas de cataratas y retinopat\u00edas recuperaron la visi\u00f3n...\" \/>\n<meta property=\"og:url\" content=\"https:\/\/interamerica.org\/es\/2023\/11\/hospital-adventista-en-mexico-es-reconocido-como-institucion-compasiva-por-su-programa-de-cirugias-oftalmologicas-gratuitas\/\" \/>\n<meta property=\"og:site_name\" content=\"Iglesia Adventista del S\u00e9ptimo D\u00eda - Divisi\u00f3n Interamericana\" \/>\n<meta property=\"article:published_time\" content=\"2023-11-15T18:18:31+00:00\" \/>\n<meta property=\"article:modified_time\" content=\"2023-11-15T20:07:01+00:00\" \/>\n<meta property=\"og:image\" content=\"https:\/\/interamerica.org\/wp-content\/uploads\/2023\/11\/um-lacarlota1-vjodyyrwzpkwfnhejifdlq.jpeg\" \/>\n\t<meta property=\"og:image:width\" content=\"1024\" \/>\n\t<meta property=\"og:image:height\" content=\"576\" \/>\n\t<meta property=\"og:image:type\" content=\"image\/jpeg\" \/>\n<meta name=\"author\" content=\"libna\" \/>\n<meta name=\"twitter:card\" content=\"summary_large_image\" \/>\n<meta name=\"twitter:label1\" content=\"Escrito por\" \/>\n\t<meta name=\"twitter:data1\" content=\"libna\" \/>\n\t<meta name=\"twitter:label2\" content=\"Tiempo de lectura\" \/>\n\t<meta name=\"twitter:data2\" content=\"5 minutos\" \/>\n<script type=\"application\/ld+json\" class=\"yoast-schema-graph\">{\"@context\":\"https:\\\/\\\/schema.org\",\"@graph\":[{\"@type\":\"Article\",\"@id\":\"https:\\\/\\\/interamerica.org\\\/es\\\/2023\\\/11\\\/hospital-adventista-en-mexico-es-reconocido-como-institucion-compasiva-por-su-programa-de-cirugias-oftalmologicas-gratuitas\\\/#article\",\"isPartOf\":{\"@id\":\"https:\\\/\\\/interamerica.org\\\/es\\\/2023\\\/11\\\/hospital-adventista-en-mexico-es-reconocido-como-institucion-compasiva-por-su-programa-de-cirugias-oftalmologicas-gratuitas\\\/\"},\"author\":{\"name\":\"libna\",\"@id\":\"https:\\\/\\\/interamerica.org\\\/es\\\/#\\\/schema\\\/person\\\/29998f2bc2d8bd0d38662909289b54f1\"},\"headline\":\"Hospital Adventista en M\u00e9xico es reconocido como Instituci\u00f3n Compasiva por su programa de cirug\u00edas oftalmol\u00f3gicas gratuitas\",\"datePublished\":\"2023-11-15T18:18:31+00:00\",\"dateModified\":\"2023-11-15T20:07:01+00:00\",\"mainEntityOfPage\":{\"@id\":\"https:\\\/\\\/interamerica.org\\\/es\\\/2023\\\/11\\\/hospital-adventista-en-mexico-es-reconocido-como-institucion-compasiva-por-su-programa-de-cirugias-oftalmologicas-gratuitas\\\/\"},\"wordCount\":928,\"image\":{\"@id\":\"https:\\\/\\\/interamerica.org\\\/es\\\/2023\\\/11\\\/hospital-adventista-en-mexico-es-reconocido-como-institucion-compasiva-por-su-programa-de-cirugias-oftalmologicas-gratuitas\\\/#primaryimage\"},\"thumbnailUrl\":\"https:\\\/\\\/interamerica.org\\\/wp-content\\\/uploads\\\/2023\\\/11\\\/um-lacarlota1-vjodyyrwzpkwfnhejifdlq.jpeg\",\"articleSection\":[\"Desde la sede\",\"RSS Espa\u00f1ol\"],\"inLanguage\":\"es\"},{\"@type\":\"WebPage\",\"@id\":\"https:\\\/\\\/interamerica.org\\\/es\\\/2023\\\/11\\\/hospital-adventista-en-mexico-es-reconocido-como-institucion-compasiva-por-su-programa-de-cirugias-oftalmologicas-gratuitas\\\/\",\"url\":\"https:\\\/\\\/interamerica.org\\\/es\\\/2023\\\/11\\\/hospital-adventista-en-mexico-es-reconocido-como-institucion-compasiva-por-su-programa-de-cirugias-oftalmologicas-gratuitas\\\/\",\"name\":\"Hospital Adventista en M\u00e9xico es reconocido como Instituci\u00f3n Compasiva por su programa de cirug\u00edas oftalmol\u00f3gicas gratuitas - Iglesia Adventista del S\u00e9ptimo D\u00eda - Divisi\u00f3n Interamericana\",\"isPartOf\":{\"@id\":\"https:\\\/\\\/interamerica.org\\\/es\\\/#website\"},\"primaryImageOfPage\":{\"@id\":\"https:\\\/\\\/interamerica.org\\\/es\\\/2023\\\/11\\\/hospital-adventista-en-mexico-es-reconocido-como-institucion-compasiva-por-su-programa-de-cirugias-oftalmologicas-gratuitas\\\/#primaryimage\"},\"image\":{\"@id\":\"https:\\\/\\\/interamerica.org\\\/es\\\/2023\\\/11\\\/hospital-adventista-en-mexico-es-reconocido-como-institucion-compasiva-por-su-programa-de-cirugias-oftalmologicas-gratuitas\\\/#primaryimage\"},\"thumbnailUrl\":\"https:\\\/\\\/interamerica.org\\\/wp-content\\\/uploads\\\/2023\\\/11\\\/um-lacarlota1-vjodyyrwzpkwfnhejifdlq.jpeg\",\"datePublished\":\"2023-11-15T18:18:31+00:00\",\"dateModified\":\"2023-11-15T20:07:01+00:00\",\"author\":{\"@id\":\"https:\\\/\\\/interamerica.org\\\/es\\\/#\\\/schema\\\/person\\\/29998f2bc2d8bd0d38662909289b54f1\"},\"breadcrumb\":{\"@id\":\"https:\\\/\\\/interamerica.org\\\/es\\\/2023\\\/11\\\/hospital-adventista-en-mexico-es-reconocido-como-institucion-compasiva-por-su-programa-de-cirugias-oftalmologicas-gratuitas\\\/#breadcrumb\"},\"inLanguage\":\"es\",\"potentialAction\":[{\"@type\":\"ReadAction\",\"target\":[\"https:\\\/\\\/interamerica.org\\\/es\\\/2023\\\/11\\\/hospital-adventista-en-mexico-es-reconocido-como-institucion-compasiva-por-su-programa-de-cirugias-oftalmologicas-gratuitas\\\/\"]}]},{\"@type\":\"ImageObject\",\"inLanguage\":\"es\",\"@id\":\"https:\\\/\\\/interamerica.org\\\/es\\\/2023\\\/11\\\/hospital-adventista-en-mexico-es-reconocido-como-institucion-compasiva-por-su-programa-de-cirugias-oftalmologicas-gratuitas\\\/#primaryimage\",\"url\":\"https:\\\/\\\/interamerica.org\\\/wp-content\\\/uploads\\\/2023\\\/11\\\/um-lacarlota1-vjodyyrwzpkwfnhejifdlq.jpeg\",\"contentUrl\":\"https:\\\/\\\/interamerica.org\\\/wp-content\\\/uploads\\\/2023\\\/11\\\/um-lacarlota1-vjodyyrwzpkwfnhejifdlq.jpeg\",\"width\":1024,\"height\":576,\"caption\":\"A surgeon from the La Carlota Adventist Hospital in Nuevo Leon, Mexico, operates on a patient recently. There were 40 cataract surgeries and 30 retina treatments were performed during the World Values Encounter last month. [Photo: La Carlota Hospital]\"},{\"@type\":\"BreadcrumbList\",\"@id\":\"https:\\\/\\\/interamerica.org\\\/es\\\/2023\\\/11\\\/hospital-adventista-en-mexico-es-reconocido-como-institucion-compasiva-por-su-programa-de-cirugias-oftalmologicas-gratuitas\\\/#breadcrumb\",\"itemListElement\":[{\"@type\":\"ListItem\",\"position\":1,\"name\":\"Home\",\"item\":\"https:\\\/\\\/interamerica.org\\\/es\\\/\"},{\"@type\":\"ListItem\",\"position\":2,\"name\":\"Hospital Adventista en M\u00e9xico es reconocido como Instituci\u00f3n Compasiva por su programa de cirug\u00edas oftalmol\u00f3gicas gratuitas\"}]},{\"@type\":\"WebSite\",\"@id\":\"https:\\\/\\\/interamerica.org\\\/es\\\/#website\",\"url\":\"https:\\\/\\\/interamerica.org\\\/es\\\/\",\"name\":\"Iglesia Adventista del S\u00e9ptimo D\u00eda - Divisi\u00f3n Interamericana\",\"description\":\"\",\"potentialAction\":[{\"@type\":\"SearchAction\",\"target\":{\"@type\":\"EntryPoint\",\"urlTemplate\":\"https:\\\/\\\/interamerica.org\\\/es\\\/?s={search_term_string}\"},\"query-input\":{\"@type\":\"PropertyValueSpecification\",\"valueRequired\":true,\"valueName\":\"search_term_string\"}}],\"inLanguage\":\"es\"},{\"@type\":\"Person\",\"@id\":\"https:\\\/\\\/interamerica.org\\\/es\\\/#\\\/schema\\\/person\\\/29998f2bc2d8bd0d38662909289b54f1\",\"name\":\"libna\",\"image\":{\"@type\":\"ImageObject\",\"inLanguage\":\"es\",\"@id\":\"https:\\\/\\\/secure.gravatar.com\\\/avatar\\\/7c5bd30ae4b47a9ba3c856590957fd1d96dc588bf3ac05719d247e126840331f?s=96&d=mm&r=g\",\"url\":\"https:\\\/\\\/secure.gravatar.com\\\/avatar\\\/7c5bd30ae4b47a9ba3c856590957fd1d96dc588bf3ac05719d247e126840331f?s=96&d=mm&r=g\",\"contentUrl\":\"https:\\\/\\\/secure.gravatar.com\\\/avatar\\\/7c5bd30ae4b47a9ba3c856590957fd1d96dc588bf3ac05719d247e126840331f?s=96&d=mm&r=g\",\"caption\":\"libna\"}}]}<\/script>\n<!-- \/ Yoast SEO plugin. -->","yoast_head_json":{"title":"Hospital Adventista en M\u00e9xico es reconocido como Instituci\u00f3n Compasiva por su programa de cirug\u00edas oftalmol\u00f3gicas gratuitas - Iglesia Adventista del S\u00e9ptimo D\u00eda - Divisi\u00f3n Interamericana","robots":{"index":"index","follow":"follow","max-snippet":"max-snippet:-1","max-image-preview":"max-image-preview:large","max-video-preview":"max-video-preview:-1"},"canonical":"https:\/\/interamerica.org\/es\/2023\/11\/hospital-adventista-en-mexico-es-reconocido-como-institucion-compasiva-por-su-programa-de-cirugias-oftalmologicas-gratuitas\/","og_locale":"es_ES","og_type":"article","og_title":"Hospital Adventista en M\u00e9xico es reconocido como Instituci\u00f3n Compasiva por su programa de cirug\u00edas oftalmol\u00f3gicas gratuitas - Iglesia Adventista del S\u00e9ptimo D\u00eda - Divisi\u00f3n Interamericana","og_description":"15 de noviembre de 2023 | Montemorelos, Nuevo Le\u00f3n, M\u00e9xico | Laura Marrero y Noticias de la Divisi\u00f3n Interamericana Setenta personas con problemas de cataratas y retinopat\u00edas recuperaron la visi\u00f3n...","og_url":"https:\/\/interamerica.org\/es\/2023\/11\/hospital-adventista-en-mexico-es-reconocido-como-institucion-compasiva-por-su-programa-de-cirugias-oftalmologicas-gratuitas\/","og_site_name":"Iglesia Adventista del S\u00e9ptimo D\u00eda - Divisi\u00f3n Interamericana","article_published_time":"2023-11-15T18:18:31+00:00","article_modified_time":"2023-11-15T20:07:01+00:00","og_image":[{"width":1024,"height":576,"url":"https:\/\/interamerica.org\/wp-content\/uploads\/2023\/11\/um-lacarlota1-vjodyyrwzpkwfnhejifdlq.jpeg","type":"image\/jpeg"}],"author":"libna","twitter_card":"summary_large_image","twitter_misc":{"Escrito por":"libna","Tiempo de lectura":"5 minutos"},"schema":{"@context":"https:\/\/schema.org","@graph":[{"@type":"Article","@id":"https:\/\/interamerica.org\/es\/2023\/11\/hospital-adventista-en-mexico-es-reconocido-como-institucion-compasiva-por-su-programa-de-cirugias-oftalmologicas-gratuitas\/#article","isPartOf":{"@id":"https:\/\/interamerica.org\/es\/2023\/11\/hospital-adventista-en-mexico-es-reconocido-como-institucion-compasiva-por-su-programa-de-cirugias-oftalmologicas-gratuitas\/"},"author":{"name":"libna","@id":"https:\/\/interamerica.org\/es\/#\/schema\/person\/29998f2bc2d8bd0d38662909289b54f1"},"headline":"Hospital Adventista en M\u00e9xico es reconocido como Instituci\u00f3n Compasiva por su programa de cirug\u00edas oftalmol\u00f3gicas gratuitas","datePublished":"2023-11-15T18:18:31+00:00","dateModified":"2023-11-15T20:07:01+00:00","mainEntityOfPage":{"@id":"https:\/\/interamerica.org\/es\/2023\/11\/hospital-adventista-en-mexico-es-reconocido-como-institucion-compasiva-por-su-programa-de-cirugias-oftalmologicas-gratuitas\/"},"wordCount":928,"image":{"@id":"https:\/\/interamerica.org\/es\/2023\/11\/hospital-adventista-en-mexico-es-reconocido-como-institucion-compasiva-por-su-programa-de-cirugias-oftalmologicas-gratuitas\/#primaryimage"},"thumbnailUrl":"https:\/\/interamerica.org\/wp-content\/uploads\/2023\/11\/um-lacarlota1-vjodyyrwzpkwfnhejifdlq.jpeg","articleSection":["Desde la sede","RSS Espa\u00f1ol"],"inLanguage":"es"},{"@type":"WebPage","@id":"https:\/\/interamerica.org\/es\/2023\/11\/hospital-adventista-en-mexico-es-reconocido-como-institucion-compasiva-por-su-programa-de-cirugias-oftalmologicas-gratuitas\/","url":"https:\/\/interamerica.org\/es\/2023\/11\/hospital-adventista-en-mexico-es-reconocido-como-institucion-compasiva-por-su-programa-de-cirugias-oftalmologicas-gratuitas\/","name":"Hospital Adventista en M\u00e9xico es reconocido como Instituci\u00f3n Compasiva por su programa de cirug\u00edas oftalmol\u00f3gicas gratuitas - Iglesia Adventista del S\u00e9ptimo D\u00eda - Divisi\u00f3n Interamericana","isPartOf":{"@id":"https:\/\/interamerica.org\/es\/#website"},"primaryImageOfPage":{"@id":"https:\/\/interamerica.org\/es\/2023\/11\/hospital-adventista-en-mexico-es-reconocido-como-institucion-compasiva-por-su-programa-de-cirugias-oftalmologicas-gratuitas\/#primaryimage"},"image":{"@id":"https:\/\/interamerica.org\/es\/2023\/11\/hospital-adventista-en-mexico-es-reconocido-como-institucion-compasiva-por-su-programa-de-cirugias-oftalmologicas-gratuitas\/#primaryimage"},"thumbnailUrl":"https:\/\/interamerica.org\/wp-content\/uploads\/2023\/11\/um-lacarlota1-vjodyyrwzpkwfnhejifdlq.jpeg","datePublished":"2023-11-15T18:18:31+00:00","dateModified":"2023-11-15T20:07:01+00:00","author":{"@id":"https:\/\/interamerica.org\/es\/#\/schema\/person\/29998f2bc2d8bd0d38662909289b54f1"},"breadcrumb":{"@id":"https:\/\/interamerica.org\/es\/2023\/11\/hospital-adventista-en-mexico-es-reconocido-como-institucion-compasiva-por-su-programa-de-cirugias-oftalmologicas-gratuitas\/#breadcrumb"},"inLanguage":"es","potentialAction":[{"@type":"ReadAction","target":["https:\/\/interamerica.org\/es\/2023\/11\/hospital-adventista-en-mexico-es-reconocido-como-institucion-compasiva-por-su-programa-de-cirugias-oftalmologicas-gratuitas\/"]}]},{"@type":"ImageObject","inLanguage":"es","@id":"https:\/\/interamerica.org\/es\/2023\/11\/hospital-adventista-en-mexico-es-reconocido-como-institucion-compasiva-por-su-programa-de-cirugias-oftalmologicas-gratuitas\/#primaryimage","url":"https:\/\/interamerica.org\/wp-content\/uploads\/2023\/11\/um-lacarlota1-vjodyyrwzpkwfnhejifdlq.jpeg","contentUrl":"https:\/\/interamerica.org\/wp-content\/uploads\/2023\/11\/um-lacarlota1-vjodyyrwzpkwfnhejifdlq.jpeg","width":1024,"height":576,"caption":"A surgeon from the La Carlota Adventist Hospital in Nuevo Leon, Mexico, operates on a patient recently. There were 40 cataract surgeries and 30 retina treatments were performed during the World Values Encounter last month. [Photo: La Carlota Hospital]"},{"@type":"BreadcrumbList","@id":"https:\/\/interamerica.org\/es\/2023\/11\/hospital-adventista-en-mexico-es-reconocido-como-institucion-compasiva-por-su-programa-de-cirugias-oftalmologicas-gratuitas\/#breadcrumb","itemListElement":[{"@type":"ListItem","position":1,"name":"Home","item":"https:\/\/interamerica.org\/es\/"},{"@type":"ListItem","position":2,"name":"Hospital Adventista en M\u00e9xico es reconocido como Instituci\u00f3n Compasiva por su programa de cirug\u00edas oftalmol\u00f3gicas gratuitas"}]},{"@type":"WebSite","@id":"https:\/\/interamerica.org\/es\/#website","url":"https:\/\/interamerica.org\/es\/","name":"Iglesia Adventista del S\u00e9ptimo D\u00eda - Divisi\u00f3n Interamericana","description":"","potentialAction":[{"@type":"SearchAction","target":{"@type":"EntryPoint","urlTemplate":"https:\/\/interamerica.org\/es\/?s={search_term_string}"},"query-input":{"@type":"PropertyValueSpecification","valueRequired":true,"valueName":"search_term_string"}}],"inLanguage":"es"},{"@type":"Person","@id":"https:\/\/interamerica.org\/es\/#\/schema\/person\/29998f2bc2d8bd0d38662909289b54f1","name":"libna","image":{"@type":"ImageObject","inLanguage":"es","@id":"https:\/\/secure.gravatar.com\/avatar\/7c5bd30ae4b47a9ba3c856590957fd1d96dc588bf3ac05719d247e126840331f?s=96&d=mm&r=g","url":"https:\/\/secure.gravatar.com\/avatar\/7c5bd30ae4b47a9ba3c856590957fd1d96dc588bf3ac05719d247e126840331f?s=96&d=mm&r=g","contentUrl":"https:\/\/secure.gravatar.com\/avatar\/7c5bd30ae4b47a9ba3c856590957fd1d96dc588bf3ac05719d247e126840331f?s=96&d=mm&r=g","caption":"libna"}}]}},"_links":{"self":[{"href":"https:\/\/interamerica.org\/es\/wp-json\/wp\/v2\/posts\/106203","targetHints":{"allow":["GET"]}}],"collection":[{"href":"https:\/\/interamerica.org\/es\/wp-json\/wp\/v2\/posts"}],"about":[{"href":"https:\/\/interamerica.org\/es\/wp-json\/wp\/v2\/types\/post"}],"author":[{"embeddable":true,"href":"https:\/\/interamerica.org\/es\/wp-json\/wp\/v2\/users\/3"}],"replies":[{"embeddable":true,"href":"https:\/\/interamerica.org\/es\/wp-json\/wp\/v2\/comments?post=106203"}],"version-history":[{"count":0,"href":"https:\/\/interamerica.org\/es\/wp-json\/wp\/v2\/posts\/106203\/revisions"}],"wp:featuredmedia":[{"embeddable":true,"href":"https:\/\/interamerica.org\/es\/wp-json\/wp\/v2\/media\/106187"}],"wp:attachment":[{"href":"https:\/\/interamerica.org\/es\/wp-json\/wp\/v2\/media?parent=106203"}],"wp:term":[{"taxonomy":"category","embeddable":true,"href":"https:\/\/interamerica.org\/es\/wp-json\/wp\/v2\/categories?post=106203"},{"taxonomy":"post_tag","embeddable":true,"href":"https:\/\/interamerica.org\/es\/wp-json\/wp\/v2\/tags?post=106203"}],"curies":[{"name":"wp","href":"https:\/\/api.w.org\/{rel}","templated":true}]}}