{"id":10627,"date":"2005-11-11T00:00:00","date_gmt":"2005-11-11T04:00:00","guid":{"rendered":"http:\/\/192.81.217.108\/interamerica\/2005\/11\/estados-unidosproyecto-de-ley-sobre-libertad-religiosa-recibe-audiencia\/"},"modified":"2017-06-02T09:15:42","modified_gmt":"2017-06-02T13:15:42","slug":"estados-unidosproyecto-de-ley-sobre-libertad-religiosa-recibe-audiencia","status":"publish","type":"post","link":"https:\/\/interamerica.org\/es\/2005\/11\/estados-unidosproyecto-de-ley-sobre-libertad-religiosa-recibe-audiencia\/","title":{"rendered":"Estados Unidos:Proyecto de Ley sobre Libertad Religiosa recibe Audiencia"},"content":{"rendered":"<p>Distrito de Columbia, Washington, Estados Unidos, 11 de noviembre de 2005&#8230;. [Mark A. Kellner\/ANN]<\/p>\n<p>La lucha para proteger la fe de los trabajadores de los Estados Unidos en el ambiente laboral experiment\u00f3 un leve avance en la C\u00e1mara de Representantes de los Estados Unidos el pasado 10 de noviembre, cuando el Subcomit\u00e9 de Relaciones Empleador-Empleado sostuvo lo que se cree que ser\u00e1 la primera audiencia del \u201cActo Legislativo sobre la Libertad Religiosa en el Ambiente de Trabajo\u201d, conocida como WRFA por sus siglas en ingl\u00e9s.<\/p>\n<p>El abogado James Standish, enlace de la Iglesia Adventista del S\u00e9ptimo D\u00eda a nivel mundial en el Congreso, dijo que la audiencia es un logro importante. Se espera una audiencia similar en el Senado de los Estados Unidos en alg\u00fan momento durante el nuevo a\u00f1o, dijo un miembro del personal del Senado a ANN.<\/p>\n<p>\u201cEste es un paso de avance muy importante, y pienso que \u2013aunque tenemos un largo camino por recorrer\u2014hemos logrado dar grandes pasos\u201d, dijo Standish a ANN. \u201cLo que necesitamos es que cada persona que apoya la libertad haga su parte y permita que sus Representantes y Senadores conozcan sus puntos de vista, y les pidan avanzar esto\u201d.<\/p>\n<p>\u201cEn t\u00e9rminos generales, los empleados no deber\u00edan tener que elegir entre el trabajo y su religi\u00f3n. Es as\u00ed de simple\u201d, declar\u00f3 el representante Sam Johnson, \u00a0un republicano de Texas, presidente del subcomit\u00e9, en una declaraci\u00f3n de apertura. Sin embargo, Johnson tambi\u00e9n declar\u00f3 que se necesita mantener \u201cel equilibrio correcto\u201d entre las necesidades de los propietarios de negocios, y el \u00abrespeto a todos los empleados\u00bb por parte de\u00a0esos propietrios\u00bb.<\/p>\n<p>Si es aprobada como est\u00e1 escrita, la ley requerir\u00e1 que los empleadores con m\u00e1s de 15 trabajadores en su n\u00f3mina no hagan discriminaci\u00f3n contra ning\u00fan empleado que, \u201ccon o sin un acomodo razonable\u201d, est\u00e9 calificado para efectuar las funciones esenciales de un trabajo, a menos que tal acomodaci\u00f3n constituya una \u201cdificultad indebida\u201d, seg\u00fan el borrador del proyecto de ley. Excluye de los \u201crequerimientos esenciales\u201d tanto las normas de vestimenta como los asuntos relacionados con el horario, lo cual significa que el empleador debe acomodar la solicitud de un empleado para ausentarse a fin de\u00a0participar en las pr\u00e1cticas religiosas, o modificar un reglamento de vestimenta para prop\u00f3sitos religiosos.<\/p>\n<p>Mayor informaci\u00f3n acerca de temas sobre libertad religiosa en los Estados Unidos puede encontrarse en l\u00ednea en <a  href=\"http:\/\/www.religiousliberty.info\/\">http:\/\/www.religiousliberty.info<\/a>. <\/p>\n<p><strong>Derechos Reservados \u00ae 2005 por Adventist News Network<\/strong><\/p>\n","protected":false},"excerpt":{"rendered":"<p>La lucha para proteger la fe de los trabajadores de los Estados Unidos en el ambiente laboral experiment\u00f3 un leve avance en la C\u00e1mara de Representantes de los Estados Unidos el pasado 10 de noviembre, &#8230;<\/p>\n","protected":false},"author":1,"featured_media":0,"comment_status":"closed","ping_status":"closed","sticky":false,"template":"","format":"standard","meta":{"_acf_changed":false,"footnotes":""},"categories":[8],"tags":[],"class_list":["post-10627","post","type-post","status-publish","format-standard","hentry","category-archivo"],"acf":[],"yoast_head":"<!-- This site is optimized with the Yoast SEO plugin v27.3 - https:\/\/yoast.com\/product\/yoast-seo-wordpress\/ -->\n<title>Estados Unidos:Proyecto de Ley sobre Libertad Religiosa recibe Audiencia - Iglesia Adventista del S\u00e9ptimo D\u00eda - Divisi\u00f3n Interamericana<\/title>\n<meta name=\"robots\" content=\"index, follow, max-snippet:-1, max-image-preview:large, max-video-preview:-1\" \/>\n<link rel=\"canonical\" href=\"https:\/\/interamerica.org\/es\/2005\/11\/estados-unidosproyecto-de-ley-sobre-libertad-religiosa-recibe-audiencia\/\" \/>\n<meta property=\"og:locale\" content=\"es_ES\" \/>\n<meta property=\"og:type\" content=\"article\" \/>\n<meta property=\"og:title\" content=\"Estados Unidos:Proyecto de Ley sobre Libertad Religiosa recibe Audiencia - Iglesia Adventista del S\u00e9ptimo D\u00eda - Divisi\u00f3n Interamericana\" \/>\n<meta property=\"og:description\" content=\"La lucha para proteger la fe de los trabajadores de los Estados Unidos en el ambiente laboral experiment\u00f3 un leve avance en la C\u00e1mara de Representantes de los Estados Unidos el pasado 10 de noviembre, ...\" \/>\n<meta property=\"og:url\" content=\"https:\/\/interamerica.org\/es\/2005\/11\/estados-unidosproyecto-de-ley-sobre-libertad-religiosa-recibe-audiencia\/\" \/>\n<meta property=\"og:site_name\" content=\"Iglesia Adventista del S\u00e9ptimo D\u00eda - Divisi\u00f3n Interamericana\" \/>\n<meta property=\"article:published_time\" content=\"2005-11-11T04:00:00+00:00\" \/>\n<meta property=\"article:modified_time\" content=\"2017-06-02T13:15:42+00:00\" \/>\n<meta name=\"author\" content=\"Lorenzo Verduzco\" \/>\n<meta name=\"twitter:card\" content=\"summary_large_image\" \/>\n<meta name=\"twitter:label1\" content=\"Escrito por\" \/>\n\t<meta name=\"twitter:data1\" content=\"Lorenzo Verduzco\" \/>\n\t<meta name=\"twitter:label2\" content=\"Tiempo de lectura\" \/>\n\t<meta name=\"twitter:data2\" content=\"2 minutos\" \/>\n<script type=\"application\/ld+json\" class=\"yoast-schema-graph\">{\"@context\":\"https:\\\/\\\/schema.org\",\"@graph\":[{\"@type\":\"Article\",\"@id\":\"https:\\\/\\\/interamerica.org\\\/es\\\/2005\\\/11\\\/estados-unidosproyecto-de-ley-sobre-libertad-religiosa-recibe-audiencia\\\/#article\",\"isPartOf\":{\"@id\":\"https:\\\/\\\/interamerica.org\\\/es\\\/2005\\\/11\\\/estados-unidosproyecto-de-ley-sobre-libertad-religiosa-recibe-audiencia\\\/\"},\"author\":{\"name\":\"Lorenzo Verduzco\",\"@id\":\"https:\\\/\\\/interamerica.org\\\/es\\\/#\\\/schema\\\/person\\\/68ede8bdc292885bb76c1e3810e73c39\"},\"headline\":\"Estados Unidos:Proyecto de Ley sobre Libertad Religiosa recibe Audiencia\",\"datePublished\":\"2005-11-11T04:00:00+00:00\",\"dateModified\":\"2017-06-02T13:15:42+00:00\",\"mainEntityOfPage\":{\"@id\":\"https:\\\/\\\/interamerica.org\\\/es\\\/2005\\\/11\\\/estados-unidosproyecto-de-ley-sobre-libertad-religiosa-recibe-audiencia\\\/\"},\"wordCount\":429,\"articleSection\":[\"Archivo\"],\"inLanguage\":\"es\"},{\"@type\":\"WebPage\",\"@id\":\"https:\\\/\\\/interamerica.org\\\/es\\\/2005\\\/11\\\/estados-unidosproyecto-de-ley-sobre-libertad-religiosa-recibe-audiencia\\\/\",\"url\":\"https:\\\/\\\/interamerica.org\\\/es\\\/2005\\\/11\\\/estados-unidosproyecto-de-ley-sobre-libertad-religiosa-recibe-audiencia\\\/\",\"name\":\"Estados Unidos:Proyecto de Ley sobre Libertad Religiosa recibe Audiencia - Iglesia Adventista del S\u00e9ptimo D\u00eda - Divisi\u00f3n Interamericana\",\"isPartOf\":{\"@id\":\"https:\\\/\\\/interamerica.org\\\/es\\\/#website\"},\"datePublished\":\"2005-11-11T04:00:00+00:00\",\"dateModified\":\"2017-06-02T13:15:42+00:00\",\"author\":{\"@id\":\"https:\\\/\\\/interamerica.org\\\/es\\\/#\\\/schema\\\/person\\\/68ede8bdc292885bb76c1e3810e73c39\"},\"breadcrumb\":{\"@id\":\"https:\\\/\\\/interamerica.org\\\/es\\\/2005\\\/11\\\/estados-unidosproyecto-de-ley-sobre-libertad-religiosa-recibe-audiencia\\\/#breadcrumb\"},\"inLanguage\":\"es\",\"potentialAction\":[{\"@type\":\"ReadAction\",\"target\":[\"https:\\\/\\\/interamerica.org\\\/es\\\/2005\\\/11\\\/estados-unidosproyecto-de-ley-sobre-libertad-religiosa-recibe-audiencia\\\/\"]}]},{\"@type\":\"BreadcrumbList\",\"@id\":\"https:\\\/\\\/interamerica.org\\\/es\\\/2005\\\/11\\\/estados-unidosproyecto-de-ley-sobre-libertad-religiosa-recibe-audiencia\\\/#breadcrumb\",\"itemListElement\":[{\"@type\":\"ListItem\",\"position\":1,\"name\":\"Home\",\"item\":\"https:\\\/\\\/interamerica.org\\\/es\\\/\"},{\"@type\":\"ListItem\",\"position\":2,\"name\":\"Estados Unidos:Proyecto de Ley sobre Libertad Religiosa recibe Audiencia\"}]},{\"@type\":\"WebSite\",\"@id\":\"https:\\\/\\\/interamerica.org\\\/es\\\/#website\",\"url\":\"https:\\\/\\\/interamerica.org\\\/es\\\/\",\"name\":\"Iglesia Adventista del S\u00e9ptimo D\u00eda - Divisi\u00f3n Interamericana\",\"description\":\"\",\"potentialAction\":[{\"@type\":\"SearchAction\",\"target\":{\"@type\":\"EntryPoint\",\"urlTemplate\":\"https:\\\/\\\/interamerica.org\\\/es\\\/?s={search_term_string}\"},\"query-input\":{\"@type\":\"PropertyValueSpecification\",\"valueRequired\":true,\"valueName\":\"search_term_string\"}}],\"inLanguage\":\"es\"},{\"@type\":\"Person\",\"@id\":\"https:\\\/\\\/interamerica.org\\\/es\\\/#\\\/schema\\\/person\\\/68ede8bdc292885bb76c1e3810e73c39\",\"name\":\"Lorenzo Verduzco\",\"image\":{\"@type\":\"ImageObject\",\"inLanguage\":\"es\",\"@id\":\"https:\\\/\\\/secure.gravatar.com\\\/avatar\\\/fb81a55b6218459490a9c1dc841a34909185b81904c5337b4b27f7a6fd60c49e?s=96&d=mm&r=g\",\"url\":\"https:\\\/\\\/secure.gravatar.com\\\/avatar\\\/fb81a55b6218459490a9c1dc841a34909185b81904c5337b4b27f7a6fd60c49e?s=96&d=mm&r=g\",\"contentUrl\":\"https:\\\/\\\/secure.gravatar.com\\\/avatar\\\/fb81a55b6218459490a9c1dc841a34909185b81904c5337b4b27f7a6fd60c49e?s=96&d=mm&r=g\",\"caption\":\"Lorenzo Verduzco\"}}]}<\/script>\n<!-- \/ Yoast SEO plugin. -->","yoast_head_json":{"title":"Estados Unidos:Proyecto de Ley sobre Libertad Religiosa recibe Audiencia - Iglesia Adventista del S\u00e9ptimo D\u00eda - Divisi\u00f3n Interamericana","robots":{"index":"index","follow":"follow","max-snippet":"max-snippet:-1","max-image-preview":"max-image-preview:large","max-video-preview":"max-video-preview:-1"},"canonical":"https:\/\/interamerica.org\/es\/2005\/11\/estados-unidosproyecto-de-ley-sobre-libertad-religiosa-recibe-audiencia\/","og_locale":"es_ES","og_type":"article","og_title":"Estados Unidos:Proyecto de Ley sobre Libertad Religiosa recibe Audiencia - Iglesia Adventista del S\u00e9ptimo D\u00eda - Divisi\u00f3n Interamericana","og_description":"La lucha para proteger la fe de los trabajadores de los Estados Unidos en el ambiente laboral experiment\u00f3 un leve avance en la C\u00e1mara de Representantes de los Estados Unidos el pasado 10 de noviembre, ...","og_url":"https:\/\/interamerica.org\/es\/2005\/11\/estados-unidosproyecto-de-ley-sobre-libertad-religiosa-recibe-audiencia\/","og_site_name":"Iglesia Adventista del S\u00e9ptimo D\u00eda - Divisi\u00f3n Interamericana","article_published_time":"2005-11-11T04:00:00+00:00","article_modified_time":"2017-06-02T13:15:42+00:00","author":"Lorenzo Verduzco","twitter_card":"summary_large_image","twitter_misc":{"Escrito por":"Lorenzo Verduzco","Tiempo de lectura":"2 minutos"},"schema":{"@context":"https:\/\/schema.org","@graph":[{"@type":"Article","@id":"https:\/\/interamerica.org\/es\/2005\/11\/estados-unidosproyecto-de-ley-sobre-libertad-religiosa-recibe-audiencia\/#article","isPartOf":{"@id":"https:\/\/interamerica.org\/es\/2005\/11\/estados-unidosproyecto-de-ley-sobre-libertad-religiosa-recibe-audiencia\/"},"author":{"name":"Lorenzo Verduzco","@id":"https:\/\/interamerica.org\/es\/#\/schema\/person\/68ede8bdc292885bb76c1e3810e73c39"},"headline":"Estados Unidos:Proyecto de Ley sobre Libertad Religiosa recibe Audiencia","datePublished":"2005-11-11T04:00:00+00:00","dateModified":"2017-06-02T13:15:42+00:00","mainEntityOfPage":{"@id":"https:\/\/interamerica.org\/es\/2005\/11\/estados-unidosproyecto-de-ley-sobre-libertad-religiosa-recibe-audiencia\/"},"wordCount":429,"articleSection":["Archivo"],"inLanguage":"es"},{"@type":"WebPage","@id":"https:\/\/interamerica.org\/es\/2005\/11\/estados-unidosproyecto-de-ley-sobre-libertad-religiosa-recibe-audiencia\/","url":"https:\/\/interamerica.org\/es\/2005\/11\/estados-unidosproyecto-de-ley-sobre-libertad-religiosa-recibe-audiencia\/","name":"Estados Unidos:Proyecto de Ley sobre Libertad Religiosa recibe Audiencia - Iglesia Adventista del S\u00e9ptimo D\u00eda - Divisi\u00f3n Interamericana","isPartOf":{"@id":"https:\/\/interamerica.org\/es\/#website"},"datePublished":"2005-11-11T04:00:00+00:00","dateModified":"2017-06-02T13:15:42+00:00","author":{"@id":"https:\/\/interamerica.org\/es\/#\/schema\/person\/68ede8bdc292885bb76c1e3810e73c39"},"breadcrumb":{"@id":"https:\/\/interamerica.org\/es\/2005\/11\/estados-unidosproyecto-de-ley-sobre-libertad-religiosa-recibe-audiencia\/#breadcrumb"},"inLanguage":"es","potentialAction":[{"@type":"ReadAction","target":["https:\/\/interamerica.org\/es\/2005\/11\/estados-unidosproyecto-de-ley-sobre-libertad-religiosa-recibe-audiencia\/"]}]},{"@type":"BreadcrumbList","@id":"https:\/\/interamerica.org\/es\/2005\/11\/estados-unidosproyecto-de-ley-sobre-libertad-religiosa-recibe-audiencia\/#breadcrumb","itemListElement":[{"@type":"ListItem","position":1,"name":"Home","item":"https:\/\/interamerica.org\/es\/"},{"@type":"ListItem","position":2,"name":"Estados Unidos:Proyecto de Ley sobre Libertad Religiosa recibe Audiencia"}]},{"@type":"WebSite","@id":"https:\/\/interamerica.org\/es\/#website","url":"https:\/\/interamerica.org\/es\/","name":"Iglesia Adventista del S\u00e9ptimo D\u00eda - Divisi\u00f3n Interamericana","description":"","potentialAction":[{"@type":"SearchAction","target":{"@type":"EntryPoint","urlTemplate":"https:\/\/interamerica.org\/es\/?s={search_term_string}"},"query-input":{"@type":"PropertyValueSpecification","valueRequired":true,"valueName":"search_term_string"}}],"inLanguage":"es"},{"@type":"Person","@id":"https:\/\/interamerica.org\/es\/#\/schema\/person\/68ede8bdc292885bb76c1e3810e73c39","name":"Lorenzo Verduzco","image":{"@type":"ImageObject","inLanguage":"es","@id":"https:\/\/secure.gravatar.com\/avatar\/fb81a55b6218459490a9c1dc841a34909185b81904c5337b4b27f7a6fd60c49e?s=96&d=mm&r=g","url":"https:\/\/secure.gravatar.com\/avatar\/fb81a55b6218459490a9c1dc841a34909185b81904c5337b4b27f7a6fd60c49e?s=96&d=mm&r=g","contentUrl":"https:\/\/secure.gravatar.com\/avatar\/fb81a55b6218459490a9c1dc841a34909185b81904c5337b4b27f7a6fd60c49e?s=96&d=mm&r=g","caption":"Lorenzo Verduzco"}}]}},"_links":{"self":[{"href":"https:\/\/interamerica.org\/es\/wp-json\/wp\/v2\/posts\/10627","targetHints":{"allow":["GET"]}}],"collection":[{"href":"https:\/\/interamerica.org\/es\/wp-json\/wp\/v2\/posts"}],"about":[{"href":"https:\/\/interamerica.org\/es\/wp-json\/wp\/v2\/types\/post"}],"author":[{"embeddable":true,"href":"https:\/\/interamerica.org\/es\/wp-json\/wp\/v2\/users\/1"}],"replies":[{"embeddable":true,"href":"https:\/\/interamerica.org\/es\/wp-json\/wp\/v2\/comments?post=10627"}],"version-history":[{"count":0,"href":"https:\/\/interamerica.org\/es\/wp-json\/wp\/v2\/posts\/10627\/revisions"}],"wp:attachment":[{"href":"https:\/\/interamerica.org\/es\/wp-json\/wp\/v2\/media?parent=10627"}],"wp:term":[{"taxonomy":"category","embeddable":true,"href":"https:\/\/interamerica.org\/es\/wp-json\/wp\/v2\/categories?post=10627"},{"taxonomy":"post_tag","embeddable":true,"href":"https:\/\/interamerica.org\/es\/wp-json\/wp\/v2\/tags?post=10627"}],"curies":[{"name":"wp","href":"https:\/\/api.w.org\/{rel}","templated":true}]}}