{"id":10630,"date":"2005-11-15T00:00:00","date_gmt":"2005-11-15T04:00:00","guid":{"rendered":"http:\/\/192.81.217.108\/interamerica\/2005\/11\/iglesia-mundial-los-adventistas-deben-enfrentar-las-preocupaciones-ambientales-dicen-los-expertos-de-la-iglesia\/"},"modified":"2017-06-02T09:15:39","modified_gmt":"2017-06-02T13:15:39","slug":"iglesia-mundial-los-adventistas-deben-enfrentar-las-preocupaciones-ambientales-dicen-los-expertos-de-la-iglesia","status":"publish","type":"post","link":"https:\/\/interamerica.org\/es\/2005\/11\/iglesia-mundial-los-adventistas-deben-enfrentar-las-preocupaciones-ambientales-dicen-los-expertos-de-la-iglesia\/","title":{"rendered":"Iglesia Mundial: Los Adventistas Deben Enfrentar las Preocupaciones Ambientales, Dicen los Expertos de la Iglesia"},"content":{"rendered":"<p>Silver Spring, Maryland, Estados Unidos \u2026 [Mark A. Kellner\/ANN]<\/p>\n<p>Aunque la Biblia promete un \u201cnuevo cielo y una nueva tierra\u201d en la conclusi\u00f3n del Apocalipsis, esa no es una raz\u00f3n v\u00e1lida para que los cristianos adventistas del s\u00e9ptimo d\u00eda ignoren las urgentes preocupaciones ambientales, dijeron expertos que hablaron con Aventist News Network.<\/p>\n<p>\u201cCreo profundamente que como mayordomos de la creaci\u00f3n de Dios, a nosotros se nos han encomendado responsabilidades que a veces descuidamos por ignorancia\u201d, dijo el Dr. Zdravko (Zack) Plantak, director del Departamento de Religi\u00f3n en el Columbia Union College (Universidad de la Uni\u00f3n de Columbia), una instituci\u00f3n adventista en Takoma Park, Maryland. \u201cA veces se nos debe recordar cu\u00e1n importante es para Dios la tierra que a \u00c9l pertenece\u201d.<\/p>\n<p>Tales preocupaciones \u2013algunas veces rechazadas por cristianos evang\u00e9licos como la furia de los as\u00ed llamados \u201ctree huggers\u201d (\u201cabrazadores\u201d de \u00e1rboles) \u2014est\u00e1n comenzando a emerger entre esos mismos evang\u00e9licos. En los Estados Unidos, de acuerdo con los reportes de los medios de comunicaci\u00f3n, la Asociaci\u00f3n Nacional de Evang\u00e9licos est\u00e1 preparando seg\u00fan se informa una declaraci\u00f3n en borrador para impulsar al Congreso de los Estados Unidos a dar paso a una legislaci\u00f3n que impondr\u00eda controles sobre las emisiones de carb\u00f3n, las cuales algunos creen que son una fuente de calentamiento global.<\/p>\n<p>Los adventistas \u201cnecesitan hacer que resuciten nuevamente la belleza de nuestra doctrina y la importancia de la salud y de un estilo de vida saludable\u201d, dijo Plantak a ANN.<\/p>\n<p>La mayordom\u00eda no se trata solamente de dinero, sino tambi\u00e9n acerca de c\u00f3mo estamos administrando nuestra vida, tiempo, energ\u00eda, e incluye preocupaciones acerca de otras cosas\u201d.<\/p>\n<p>De acuerdo con el Dr. Allan Handysides, director de Ministerios de la Salud para la Iglesia Adventista del S\u00e9ptimo D\u00eda mundial, los efectos de la contaminaci\u00f3n significan mucho m\u00e1s que una mancha oscura en el cielo \u2013tocan nuestras vidas individuales.<\/p>\n<p>\u201cSi usted analiza el asunto de la contaminaci\u00f3n, ver\u00e1 que es un peligro grande, un gran peligro para la salud\u201d, dijo Handysides, subrayando los claros v\u00ednculos entre la contaminaci\u00f3n del aire y el c\u00e1ncer del pulm\u00f3n. \u00c9l enfatiz\u00f3 que los m\u00e9dicos y oficiales de la salud en general est\u00e1n advirtiendo a las mujeres embarazadas que no consuman pescado, por causa de los crecientes niveles de contaminaci\u00f3n de mercurio en las aguas a nivel mundial.<\/p>\n<p>\u201cHay mucha evidencia de lo que la contaminaci\u00f3n ha hecho para contribuir al deterioro de la salud\u201d, dijo \u00e9l.<\/p>\n<p>Pero no es solamente la cubierta oscura de contaminaci\u00f3n sobre una ciudad o en un r\u00edo aquello por lo cual los adventistas deben estar preocupados, dijo el Dr. David Dyjack, decano asociado para las Pr\u00e1cticas de Salud P\u00fablica en la Escuela de Salud P\u00fablica de la Universidad de Loma Linda, en California.<\/p>\n<p>\u201cLas infecciones respiratorias agudas son la causa principal de muerte entre los ni\u00f1os menores de 5 a\u00f1os. Estas infecciones est\u00e1n asociadas con una baja calidad de aire en el interior de los hogares y caba\u00f1as\u201d, dijo Dyjack a ANN.<\/p>\n<p>El aire deficiente se produce al quemarse combustibles de \u201cbiomasa\u201d, como la madera o el esti\u00e9rcol seco, dijo \u00e9l, los cuales se usan en la mitad de los hogares del mundo. Tales quemas crean irritantes que hacen que los pulmones sean m\u00e1s susceptibles a la infecci\u00f3n y la enfermedad.<\/p>\n<p>\u201cNos gustar\u00eda animar a las comunidades a desarrollar la capacidad de construir estufas de cocina con buen rendimiento de energ\u00eda, las cuales utilizan menos combustible, producen menos contaminaci\u00f3n y disminuyen el tiempo que las mujeres emplean reuniendo le\u00f1a\u201d.<\/p>\n<p>\u201cEse es el tipo de intervenci\u00f3n de la cual nos gustar\u00eda que la iglesia mundial se ocupara\u201d, dijo Dyjack.<\/p>\n<p>A trav\u00e9s de los a\u00f1os, los adventistas del s\u00e9ptimo d\u00eda como cuerpo eclesi\u00e1stico han expresado su preocupaci\u00f3n acerca de los asuntos que tienen que ver con el ambiente. La declaraci\u00f3n oficial de doctrina de la iglesia incluye una afirmaci\u00f3n de que \u201cSomos mayordomos de Dios, a quienes \u00c9l ha confiado tiempo y oportunidades, habilidades y posesiones, y las bendiciones de la tierra y sus recursos\u201d.<\/p>\n<p>Seg\u00fan los l\u00edderes de la iglesia, ese punto de vista viene de la creencia adventista en un creador divino del universo, incluyendo la tierra. El cuidado por la creaci\u00f3n \u2013y el respeto por el acto creador de Dios al descansar durante el d\u00eda de reposo\u2014son valores medulares para los cristianos adventistas.<\/p>\n<p>En 1996, los l\u00edderes de la iglesia mundial emitieron una declaraci\u00f3n acerca de la mayordom\u00eda del ambiente, la cual afirma que \u201cLa Iglesia Adventista del S\u00e9ptimo D\u00eda cree que la raza humana fue creada a la imagen de Dios, y consecuentemente debe representar a Dios como su mayordomo y administrar el ambiente natural de una manera fiel y productiva\u201d.<\/p>\n<p>Considerando que los adventistas contemplan en sus creencias el involucrarse en campa\u00f1as ambientales, Handysides advirti\u00f3 a los miembros de la iglesia que fuesen claros en sus motivos y su comprensi\u00f3n de los asuntos relativos a esto. \u00c9l dijo que est\u00e1 particularmente preocupado por aquellos ambientalistas que confieren a las plantas y los animales el mismo valor espiritual de los seres humanos; si bien es cierto que debemos ser buenos mayordomos de toda la vida, dijo \u00e9l, no debemos suscribirnos a ninguna cosa que se acerque al pante\u00edsmo.<\/p>\n<p>Plantak agrega que \u201calgunas veces pensamos en los extremos \u2013tenemos veh\u00edculos deportivos o debemos tener bicicletas. Debe haber un balance; debemos encontrar maneras como podamos ser responsables. No es un asunto de ser fan\u00e1ticos de la naturaleza o \u201cabrazadores\u201d de los \u00e1rboles. Es un asunto de nuestra relaci\u00f3n con Dios y nuestras responsabilidades\u201d.<\/p>\n<p><strong>Derechos Reservados \u00ae 2005 por Adventist News Network<\/strong><\/p>\n","protected":false},"excerpt":{"rendered":"<p>Aunque la Biblia promete un \u201cnuevo cielo y una nueva tierra\u201d en la conclusi\u00f3n del Apocalipsis&#8230;<\/p>\n","protected":false},"author":1,"featured_media":0,"comment_status":"closed","ping_status":"closed","sticky":false,"template":"","format":"standard","meta":{"_acf_changed":false,"footnotes":""},"categories":[8],"tags":[],"class_list":["post-10630","post","type-post","status-publish","format-standard","hentry","category-archivo"],"acf":[],"yoast_head":"<!-- This site is optimized with the Yoast SEO plugin v27.3 - https:\/\/yoast.com\/product\/yoast-seo-wordpress\/ -->\n<title>Iglesia Mundial: Los Adventistas Deben Enfrentar las Preocupaciones Ambientales, Dicen los Expertos de la Iglesia - Iglesia Adventista del S\u00e9ptimo D\u00eda - Divisi\u00f3n Interamericana<\/title>\n<meta name=\"robots\" content=\"index, follow, max-snippet:-1, max-image-preview:large, max-video-preview:-1\" \/>\n<link rel=\"canonical\" href=\"https:\/\/interamerica.org\/es\/2005\/11\/iglesia-mundial-los-adventistas-deben-enfrentar-las-preocupaciones-ambientales-dicen-los-expertos-de-la-iglesia\/\" \/>\n<meta property=\"og:locale\" content=\"es_ES\" \/>\n<meta property=\"og:type\" content=\"article\" \/>\n<meta property=\"og:title\" content=\"Iglesia Mundial: Los Adventistas Deben Enfrentar las Preocupaciones Ambientales, Dicen los Expertos de la Iglesia - Iglesia Adventista del S\u00e9ptimo D\u00eda - Divisi\u00f3n Interamericana\" \/>\n<meta property=\"og:description\" content=\"Aunque la Biblia promete un \u201cnuevo cielo y una nueva tierra\u201d en la conclusi\u00f3n del Apocalipsis...\" \/>\n<meta property=\"og:url\" content=\"https:\/\/interamerica.org\/es\/2005\/11\/iglesia-mundial-los-adventistas-deben-enfrentar-las-preocupaciones-ambientales-dicen-los-expertos-de-la-iglesia\/\" \/>\n<meta property=\"og:site_name\" content=\"Iglesia Adventista del S\u00e9ptimo D\u00eda - Divisi\u00f3n Interamericana\" \/>\n<meta property=\"article:published_time\" content=\"2005-11-15T04:00:00+00:00\" \/>\n<meta property=\"article:modified_time\" content=\"2017-06-02T13:15:39+00:00\" \/>\n<meta name=\"author\" content=\"Lorenzo Verduzco\" \/>\n<meta name=\"twitter:card\" content=\"summary_large_image\" \/>\n<meta name=\"twitter:label1\" content=\"Escrito por\" \/>\n\t<meta name=\"twitter:data1\" content=\"Lorenzo Verduzco\" \/>\n\t<meta name=\"twitter:label2\" content=\"Tiempo de lectura\" \/>\n\t<meta name=\"twitter:data2\" content=\"5 minutos\" \/>\n<script type=\"application\/ld+json\" class=\"yoast-schema-graph\">{\"@context\":\"https:\\\/\\\/schema.org\",\"@graph\":[{\"@type\":\"Article\",\"@id\":\"https:\\\/\\\/interamerica.org\\\/es\\\/2005\\\/11\\\/iglesia-mundial-los-adventistas-deben-enfrentar-las-preocupaciones-ambientales-dicen-los-expertos-de-la-iglesia\\\/#article\",\"isPartOf\":{\"@id\":\"https:\\\/\\\/interamerica.org\\\/es\\\/2005\\\/11\\\/iglesia-mundial-los-adventistas-deben-enfrentar-las-preocupaciones-ambientales-dicen-los-expertos-de-la-iglesia\\\/\"},\"author\":{\"name\":\"Lorenzo Verduzco\",\"@id\":\"https:\\\/\\\/interamerica.org\\\/es\\\/#\\\/schema\\\/person\\\/68ede8bdc292885bb76c1e3810e73c39\"},\"headline\":\"Iglesia Mundial: Los Adventistas Deben Enfrentar las Preocupaciones Ambientales, Dicen los Expertos de la Iglesia\",\"datePublished\":\"2005-11-15T04:00:00+00:00\",\"dateModified\":\"2017-06-02T13:15:39+00:00\",\"mainEntityOfPage\":{\"@id\":\"https:\\\/\\\/interamerica.org\\\/es\\\/2005\\\/11\\\/iglesia-mundial-los-adventistas-deben-enfrentar-las-preocupaciones-ambientales-dicen-los-expertos-de-la-iglesia\\\/\"},\"wordCount\":1009,\"articleSection\":[\"Archivo\"],\"inLanguage\":\"es\"},{\"@type\":\"WebPage\",\"@id\":\"https:\\\/\\\/interamerica.org\\\/es\\\/2005\\\/11\\\/iglesia-mundial-los-adventistas-deben-enfrentar-las-preocupaciones-ambientales-dicen-los-expertos-de-la-iglesia\\\/\",\"url\":\"https:\\\/\\\/interamerica.org\\\/es\\\/2005\\\/11\\\/iglesia-mundial-los-adventistas-deben-enfrentar-las-preocupaciones-ambientales-dicen-los-expertos-de-la-iglesia\\\/\",\"name\":\"Iglesia Mundial: Los Adventistas Deben Enfrentar las Preocupaciones Ambientales, Dicen los Expertos de la Iglesia - Iglesia Adventista del S\u00e9ptimo D\u00eda - Divisi\u00f3n Interamericana\",\"isPartOf\":{\"@id\":\"https:\\\/\\\/interamerica.org\\\/es\\\/#website\"},\"datePublished\":\"2005-11-15T04:00:00+00:00\",\"dateModified\":\"2017-06-02T13:15:39+00:00\",\"author\":{\"@id\":\"https:\\\/\\\/interamerica.org\\\/es\\\/#\\\/schema\\\/person\\\/68ede8bdc292885bb76c1e3810e73c39\"},\"breadcrumb\":{\"@id\":\"https:\\\/\\\/interamerica.org\\\/es\\\/2005\\\/11\\\/iglesia-mundial-los-adventistas-deben-enfrentar-las-preocupaciones-ambientales-dicen-los-expertos-de-la-iglesia\\\/#breadcrumb\"},\"inLanguage\":\"es\",\"potentialAction\":[{\"@type\":\"ReadAction\",\"target\":[\"https:\\\/\\\/interamerica.org\\\/es\\\/2005\\\/11\\\/iglesia-mundial-los-adventistas-deben-enfrentar-las-preocupaciones-ambientales-dicen-los-expertos-de-la-iglesia\\\/\"]}]},{\"@type\":\"BreadcrumbList\",\"@id\":\"https:\\\/\\\/interamerica.org\\\/es\\\/2005\\\/11\\\/iglesia-mundial-los-adventistas-deben-enfrentar-las-preocupaciones-ambientales-dicen-los-expertos-de-la-iglesia\\\/#breadcrumb\",\"itemListElement\":[{\"@type\":\"ListItem\",\"position\":1,\"name\":\"Home\",\"item\":\"https:\\\/\\\/interamerica.org\\\/es\\\/\"},{\"@type\":\"ListItem\",\"position\":2,\"name\":\"Iglesia Mundial: Los Adventistas Deben Enfrentar las Preocupaciones Ambientales, Dicen los Expertos de la Iglesia\"}]},{\"@type\":\"WebSite\",\"@id\":\"https:\\\/\\\/interamerica.org\\\/es\\\/#website\",\"url\":\"https:\\\/\\\/interamerica.org\\\/es\\\/\",\"name\":\"Iglesia Adventista del S\u00e9ptimo D\u00eda - Divisi\u00f3n Interamericana\",\"description\":\"\",\"potentialAction\":[{\"@type\":\"SearchAction\",\"target\":{\"@type\":\"EntryPoint\",\"urlTemplate\":\"https:\\\/\\\/interamerica.org\\\/es\\\/?s={search_term_string}\"},\"query-input\":{\"@type\":\"PropertyValueSpecification\",\"valueRequired\":true,\"valueName\":\"search_term_string\"}}],\"inLanguage\":\"es\"},{\"@type\":\"Person\",\"@id\":\"https:\\\/\\\/interamerica.org\\\/es\\\/#\\\/schema\\\/person\\\/68ede8bdc292885bb76c1e3810e73c39\",\"name\":\"Lorenzo Verduzco\",\"image\":{\"@type\":\"ImageObject\",\"inLanguage\":\"es\",\"@id\":\"https:\\\/\\\/secure.gravatar.com\\\/avatar\\\/fb81a55b6218459490a9c1dc841a34909185b81904c5337b4b27f7a6fd60c49e?s=96&d=mm&r=g\",\"url\":\"https:\\\/\\\/secure.gravatar.com\\\/avatar\\\/fb81a55b6218459490a9c1dc841a34909185b81904c5337b4b27f7a6fd60c49e?s=96&d=mm&r=g\",\"contentUrl\":\"https:\\\/\\\/secure.gravatar.com\\\/avatar\\\/fb81a55b6218459490a9c1dc841a34909185b81904c5337b4b27f7a6fd60c49e?s=96&d=mm&r=g\",\"caption\":\"Lorenzo Verduzco\"}}]}<\/script>\n<!-- \/ Yoast SEO plugin. -->","yoast_head_json":{"title":"Iglesia Mundial: Los Adventistas Deben Enfrentar las Preocupaciones Ambientales, Dicen los Expertos de la Iglesia - Iglesia Adventista del S\u00e9ptimo D\u00eda - Divisi\u00f3n Interamericana","robots":{"index":"index","follow":"follow","max-snippet":"max-snippet:-1","max-image-preview":"max-image-preview:large","max-video-preview":"max-video-preview:-1"},"canonical":"https:\/\/interamerica.org\/es\/2005\/11\/iglesia-mundial-los-adventistas-deben-enfrentar-las-preocupaciones-ambientales-dicen-los-expertos-de-la-iglesia\/","og_locale":"es_ES","og_type":"article","og_title":"Iglesia Mundial: Los Adventistas Deben Enfrentar las Preocupaciones Ambientales, Dicen los Expertos de la Iglesia - Iglesia Adventista del S\u00e9ptimo D\u00eda - Divisi\u00f3n Interamericana","og_description":"Aunque la Biblia promete un \u201cnuevo cielo y una nueva tierra\u201d en la conclusi\u00f3n del Apocalipsis...","og_url":"https:\/\/interamerica.org\/es\/2005\/11\/iglesia-mundial-los-adventistas-deben-enfrentar-las-preocupaciones-ambientales-dicen-los-expertos-de-la-iglesia\/","og_site_name":"Iglesia Adventista del S\u00e9ptimo D\u00eda - Divisi\u00f3n Interamericana","article_published_time":"2005-11-15T04:00:00+00:00","article_modified_time":"2017-06-02T13:15:39+00:00","author":"Lorenzo Verduzco","twitter_card":"summary_large_image","twitter_misc":{"Escrito por":"Lorenzo Verduzco","Tiempo de lectura":"5 minutos"},"schema":{"@context":"https:\/\/schema.org","@graph":[{"@type":"Article","@id":"https:\/\/interamerica.org\/es\/2005\/11\/iglesia-mundial-los-adventistas-deben-enfrentar-las-preocupaciones-ambientales-dicen-los-expertos-de-la-iglesia\/#article","isPartOf":{"@id":"https:\/\/interamerica.org\/es\/2005\/11\/iglesia-mundial-los-adventistas-deben-enfrentar-las-preocupaciones-ambientales-dicen-los-expertos-de-la-iglesia\/"},"author":{"name":"Lorenzo Verduzco","@id":"https:\/\/interamerica.org\/es\/#\/schema\/person\/68ede8bdc292885bb76c1e3810e73c39"},"headline":"Iglesia Mundial: Los Adventistas Deben Enfrentar las Preocupaciones Ambientales, Dicen los Expertos de la Iglesia","datePublished":"2005-11-15T04:00:00+00:00","dateModified":"2017-06-02T13:15:39+00:00","mainEntityOfPage":{"@id":"https:\/\/interamerica.org\/es\/2005\/11\/iglesia-mundial-los-adventistas-deben-enfrentar-las-preocupaciones-ambientales-dicen-los-expertos-de-la-iglesia\/"},"wordCount":1009,"articleSection":["Archivo"],"inLanguage":"es"},{"@type":"WebPage","@id":"https:\/\/interamerica.org\/es\/2005\/11\/iglesia-mundial-los-adventistas-deben-enfrentar-las-preocupaciones-ambientales-dicen-los-expertos-de-la-iglesia\/","url":"https:\/\/interamerica.org\/es\/2005\/11\/iglesia-mundial-los-adventistas-deben-enfrentar-las-preocupaciones-ambientales-dicen-los-expertos-de-la-iglesia\/","name":"Iglesia Mundial: Los Adventistas Deben Enfrentar las Preocupaciones Ambientales, Dicen los Expertos de la Iglesia - Iglesia Adventista del S\u00e9ptimo D\u00eda - Divisi\u00f3n Interamericana","isPartOf":{"@id":"https:\/\/interamerica.org\/es\/#website"},"datePublished":"2005-11-15T04:00:00+00:00","dateModified":"2017-06-02T13:15:39+00:00","author":{"@id":"https:\/\/interamerica.org\/es\/#\/schema\/person\/68ede8bdc292885bb76c1e3810e73c39"},"breadcrumb":{"@id":"https:\/\/interamerica.org\/es\/2005\/11\/iglesia-mundial-los-adventistas-deben-enfrentar-las-preocupaciones-ambientales-dicen-los-expertos-de-la-iglesia\/#breadcrumb"},"inLanguage":"es","potentialAction":[{"@type":"ReadAction","target":["https:\/\/interamerica.org\/es\/2005\/11\/iglesia-mundial-los-adventistas-deben-enfrentar-las-preocupaciones-ambientales-dicen-los-expertos-de-la-iglesia\/"]}]},{"@type":"BreadcrumbList","@id":"https:\/\/interamerica.org\/es\/2005\/11\/iglesia-mundial-los-adventistas-deben-enfrentar-las-preocupaciones-ambientales-dicen-los-expertos-de-la-iglesia\/#breadcrumb","itemListElement":[{"@type":"ListItem","position":1,"name":"Home","item":"https:\/\/interamerica.org\/es\/"},{"@type":"ListItem","position":2,"name":"Iglesia Mundial: Los Adventistas Deben Enfrentar las Preocupaciones Ambientales, Dicen los Expertos de la Iglesia"}]},{"@type":"WebSite","@id":"https:\/\/interamerica.org\/es\/#website","url":"https:\/\/interamerica.org\/es\/","name":"Iglesia Adventista del S\u00e9ptimo D\u00eda - Divisi\u00f3n Interamericana","description":"","potentialAction":[{"@type":"SearchAction","target":{"@type":"EntryPoint","urlTemplate":"https:\/\/interamerica.org\/es\/?s={search_term_string}"},"query-input":{"@type":"PropertyValueSpecification","valueRequired":true,"valueName":"search_term_string"}}],"inLanguage":"es"},{"@type":"Person","@id":"https:\/\/interamerica.org\/es\/#\/schema\/person\/68ede8bdc292885bb76c1e3810e73c39","name":"Lorenzo Verduzco","image":{"@type":"ImageObject","inLanguage":"es","@id":"https:\/\/secure.gravatar.com\/avatar\/fb81a55b6218459490a9c1dc841a34909185b81904c5337b4b27f7a6fd60c49e?s=96&d=mm&r=g","url":"https:\/\/secure.gravatar.com\/avatar\/fb81a55b6218459490a9c1dc841a34909185b81904c5337b4b27f7a6fd60c49e?s=96&d=mm&r=g","contentUrl":"https:\/\/secure.gravatar.com\/avatar\/fb81a55b6218459490a9c1dc841a34909185b81904c5337b4b27f7a6fd60c49e?s=96&d=mm&r=g","caption":"Lorenzo Verduzco"}}]}},"_links":{"self":[{"href":"https:\/\/interamerica.org\/es\/wp-json\/wp\/v2\/posts\/10630","targetHints":{"allow":["GET"]}}],"collection":[{"href":"https:\/\/interamerica.org\/es\/wp-json\/wp\/v2\/posts"}],"about":[{"href":"https:\/\/interamerica.org\/es\/wp-json\/wp\/v2\/types\/post"}],"author":[{"embeddable":true,"href":"https:\/\/interamerica.org\/es\/wp-json\/wp\/v2\/users\/1"}],"replies":[{"embeddable":true,"href":"https:\/\/interamerica.org\/es\/wp-json\/wp\/v2\/comments?post=10630"}],"version-history":[{"count":0,"href":"https:\/\/interamerica.org\/es\/wp-json\/wp\/v2\/posts\/10630\/revisions"}],"wp:attachment":[{"href":"https:\/\/interamerica.org\/es\/wp-json\/wp\/v2\/media?parent=10630"}],"wp:term":[{"taxonomy":"category","embeddable":true,"href":"https:\/\/interamerica.org\/es\/wp-json\/wp\/v2\/categories?post=10630"},{"taxonomy":"post_tag","embeddable":true,"href":"https:\/\/interamerica.org\/es\/wp-json\/wp\/v2\/tags?post=10630"}],"curies":[{"name":"wp","href":"https:\/\/api.w.org\/{rel}","templated":true}]}}