{"id":10654,"date":"2006-01-10T00:00:00","date_gmt":"2006-01-10T04:00:00","guid":{"rendered":"http:\/\/192.81.217.108\/interamerica\/2006\/01\/iglesia-mundial-el-desarrollo-espiritual-envolvimiento-en-la-mision-cruciales-dice-paulsen\/"},"modified":"2017-06-02T09:15:24","modified_gmt":"2017-06-02T13:15:24","slug":"iglesia-mundial-el-desarrollo-espiritual-envolvimiento-en-la-mision-cruciales-dice-paulsen","status":"publish","type":"post","link":"https:\/\/interamerica.org\/es\/2006\/01\/iglesia-mundial-el-desarrollo-espiritual-envolvimiento-en-la-mision-cruciales-dice-paulsen\/","title":{"rendered":"Iglesia Mundial: El Desarrollo Espiritual,\u00a0Envolvimiento\u00a0en la Misi\u00f3n,\u00a0Cruciales, dice Paulsen"},"content":{"rendered":"<p>Silver Spring, Maryland, Estados Unidos, 10 de Enero de 2006 &#8230; [Mark A. Kellner\/ANN]<\/p>\n<p>El fortalecimiento espiritual centrado en la Biblia y la participaci\u00f3n en la misi\u00f3n de la iglesia para \u201chablar\u00a0al mundo\u201d acerca del mensaje del evangelio, son estampas esenciales de la vida de un cristiano, dijo el pastor Jan Paulsen, presidente mundial de la Iglesia Adventista del S\u00e9ptimo D\u00eda, en una entrevista que ser\u00e1 transmitida comenzando el 20 de enero.<\/p>\n<p>\u201cTenemos que comenzar con aquello que es personal, privado, y eso para m\u00ed es tomar tiempo con la Palabra de Dios\u2026 Tenemos que consolidarnos a nosotros mismos\u201d, dijo el pastor Jan Paulsen, quien inicia en este mes su s\u00e9ptimo a\u00f1o como l\u00edder mundial de la iglesia, en una entrevista con el evangelista Mark Finley, quien dirigi\u00f3 la transmisi\u00f3n. El programa, que saldr\u00e1 al aire a trav\u00e9s de Hope Channel, la red televisiva oficial de la Iglesia Adventista del S\u00e9ptimo D\u00eda, incluir\u00e1 m\u00e1s detalles acerca del enfoque de la iglesia conocido como \u201cTell the World\u201d (Diecid al Mundo).<\/p>\n<p>\u201cPienso que lo que yo calificar\u00eda como una parte igualmente importante de nuestras vidas es aquello que tiene que ver con alcanzar a otros, involucrarnos;\u00a0Tenemos que alcanzar a otros, y formar parte de la vida de otras personas\u201d, a\u00f1adi\u00f3 Paulsen. Sosteniendo su Biblia en alto, declar\u00f3: \u201cDeje usted de involucrarse en la misi\u00f3n, y no importa cu\u00e1nto lea usted este libro, usted morir\u00e1 espiritualmente\u201d.<\/p>\n<p>Los temas gemelos del fortalecimiento espiritual y la misi\u00f3n fueron incorporados en la entrevista de Decid\u00a0al Mundo, un segmento de 20 minutos de la transmisi\u00f3n. Finley, anterior orador y director del programa televisivo It Is Writen (Est\u00e1 Escrito), es ahora uno de los vicepresidentes generales de la iglesia, asignado al desarrollo evangel\u00edstico de avanzada.<\/p>\n<p>\u201cDecid\u00a0al Mundo\u201d, que fue lanzado en el Concilio Anual de la iglesia en 2005, no es un programa espec\u00edfico, sino un ambiente de trabajo que contiene muchos esfuerzos, explic\u00f3 Paulsen.<\/p>\n<p>\u201cDecid\u00a0al Mundo\u201d es tanto una manera de ver las cosas, como cierto tipo de sombrilla\u201d, dijo \u00e9l. \u201cEs una visi\u00f3n de lo que es la iglesia, y de lo que debe ser para cumplir el designio de Dios para \u00e9sta como su instrumento en el mundo actual. Y \u201cDecid al Mundo\u201d tambi\u00e9n est\u00e1 dise\u00f1ado para ser una sombrilla con capacidad de unir cierto n\u00famero de diversas iniciativas. La iglesia est\u00e1 dise\u00f1ada para la misi\u00f3n; \u201cDecid\u00a0al Mundo\u201d incluye todo acerca de la misi\u00f3n.<\/p>\n<p>Otro componente de \u201cDecid\u00a0al Mundo\u201d es que los miembros de la iglesia tengan una vida cristiana activa y creciente. Eso incluye un \u00e9nfasis en el estudio devocional de la Biblia, as\u00ed como el estar involucrados en la misi\u00f3n de la iglesia, dijo Paulsen.<\/p>\n<p>\u201cLa palabra de Dios debe alimentar la vida que vivimos. Y pienso que es muy importante que seamos cuidadosos en relaci\u00f3n con nuestra propia calidad de vida. De igual\u00a0manera, debemos ser cuidadosos en cuanto a la medida en la cual tomamos tiempo de calidad para la Palabra de Dios\u201d, dijo \u00e9l.<\/p>\n<p>Este tiempo de calidad con Dios, y el ocuparnos de nuestras propias necesidades espirituales \u201ctienen que fluir hacia la vida activa que llevamos en la comunidad\u201d, dijo \u00e9l. \u201cNo creo que usted pueda mantener bien su vida espiritual, y estar desligado de la vida con el p\u00fablico, con la gente\u201d.<\/p>\n<p>Parte del acto de involucrarse a nivel global, dijo Paulsen, incluye alcanzar a quienes est\u00e1n en la \u201cVentana 10\/40\u201d, un \u00e1rea definida por un rect\u00e1ngulo imaginario que se extiende entre los grados 10 y 40 al norte del paralelo del ecuador, estrech\u00e1ndose desde \u00c1frica occidental hasta Asia oriental. La gente que vive en esa regi\u00f3n ha permanecido ampliamente inalcanzada por el mensaje del evangelio.<\/p>\n<p>Los adventistas pueden alcanzar esta parte del globo \u2013hogar de dos tercios de la poblaci\u00f3n mundial, dijo \u00e9l\u2014tomando ventaja de las oportunidades que existen: \u201cTenemos que reconocer que las oportunidades que vienen a nosotros como comunidad de fe, para estar activamente involucrados en alcanzar al p\u00fablico en general\u2026 son muy limitadas por muchas razones. Son limitadas por situaciones culturales y tambi\u00e9n religioso-culturales que prevalecen, pero esas oportunidades tambi\u00e9n est\u00e1n limitadas en algunos lugares por las leyes locales\u201d.<\/p>\n<p>Al mismo tiempo, Paulsen dijo que la Internet puede abrir puertas en \u00e1reas que de otro modo est\u00e1n cerradas.<\/p>\n<p>\u201cPienso que los medios de comunicaci\u00f3n que usamos, tanto a trav\u00e9s de la radio, como la televisi\u00f3n e Internet \u2013y no s\u00f3lo Internet\u2014tendr\u00e1n un fuerte impacto sobre nuestra capacidad para alcanzar a las personas en otras culturas, o en \u00e1reas geogr\u00e1ficas donde nuestro acceso f\u00edsico es muy limitado, y en algunos lugares, incluso, es imposible\u201d, dijo Paulsen.<\/p>\n<p>\u201cNo hay duda en mi mente de que el evangelismo por Internet est\u00e1 a punto de darnos una posibilidad que excede por mucho lo que hemos sido capaces de hacer a trav\u00e9s de los otros medios de comunicaci\u00f3n. Pienso que nuestras oportunidades en relaci\u00f3n con el evangelismo por Internet son real y virtualmente, ilimitadas\u201d, a\u00f1adi\u00f3.<\/p>\n<p>Anotando que la Internet es un medio que atrae a muchos j\u00f3venes, Paulsen dijo tambi\u00e9n que la juventud de la iglesia tiene un papel para desempe\u00f1ar en \u201cHablar al Mundo\u201d.<\/p>\n<p>\u201cLos j\u00f3venes son parte de la iglesia. Digo a los j\u00f3venes: \u2018Ustedes son la iglesia. Ustedes deben permitirse a ustedes mismos aferrarse fuertemente a la iglesia y ser parte de ella; y permitirse a s\u00ed mismos estar involucrados en lo que Dios quiere hacer\u201d, dijo \u00e9l.<\/p>\n<p>\u00bfPuede la iglesia alcanzar el objetivo de compartir el evangelio con 6,5 billones de personas en el planeta? \u201cCreo que podemos\u201d, dijo Paulsen, anotando que el reciente esfuerzo de \u201cSembrando un Bill\u00f3n\u201d ha logrado distribuir 900 millones de invitaciones a estudiar la Biblia en todo el mundo hasta ahora.<\/p>\n<p>\u201cPero no es tan importante el modo en el cual usted y yo tomamos nuestras importantes decisiones al involucrarnos, como si es posible o no para m\u00ed hacerlo. Dios s\u00f3lo pide de ti y de mi, y de su iglesia, que hagamos lo mejor que podamos, que demos lo mejor de nosotros, que nos aseguremos que estamos involucrados, que nos permitamos a nosotros mismos estar reflejados en la vida entera \u2013por favor, no se conviertan en observadores; no est\u00e9n simplemente a la expectativa de lo que est\u00e1 sucediendo. Convi\u00e9rtanse en socios en la misi\u00f3n de la iglesia\u201d, dijo \u00e9l.<\/p>\n<p>Desde la organizaci\u00f3n del liderazgo de la iglesia en 1863, la Iglesia Adventista del S\u00e9ptimo D\u00eda ha tenido un enfoque en la misi\u00f3n, lo que ha llevado el mensaje de la iglesia a cerca de 203 pa\u00edses y territorios alrededor del mundo. Mayor informaci\u00f3n acerca de \u201cDecid\u00a0al Mundo\u201d puede ser encontrada en <a  href=\"http:\/\/www.adventistmission.org\/article.php?id=186\">http:\/\/www.adventistmission.org\/article.php?id=186<\/a>.<\/p>\n<p><strong>Derechos Reservados \u00ae 2006 por Adventist News Network.<\/strong><\/p>\n","protected":false},"excerpt":{"rendered":"<p>El fortalecimiento espiritual centrado en la Biblia y la participaci\u00f3n en la misi\u00f3n de la iglesia para \u201cDecid al Mundo\u201d&#8230;<\/p>\n","protected":false},"author":1,"featured_media":0,"comment_status":"closed","ping_status":"closed","sticky":false,"template":"","format":"standard","meta":{"_acf_changed":false,"footnotes":""},"categories":[8],"tags":[],"class_list":["post-10654","post","type-post","status-publish","format-standard","hentry","category-archivo"],"acf":[],"yoast_head":"<!-- This site is optimized with the Yoast SEO plugin v27.3 - https:\/\/yoast.com\/product\/yoast-seo-wordpress\/ -->\n<title>Iglesia Mundial: El Desarrollo Espiritual,\u00a0Envolvimiento\u00a0en la Misi\u00f3n,\u00a0Cruciales, dice Paulsen - Iglesia Adventista del S\u00e9ptimo D\u00eda - Divisi\u00f3n Interamericana<\/title>\n<meta name=\"robots\" content=\"index, follow, max-snippet:-1, max-image-preview:large, max-video-preview:-1\" \/>\n<link rel=\"canonical\" href=\"https:\/\/interamerica.org\/es\/2006\/01\/iglesia-mundial-el-desarrollo-espiritual-envolvimiento-en-la-mision-cruciales-dice-paulsen\/\" \/>\n<meta property=\"og:locale\" content=\"es_ES\" \/>\n<meta property=\"og:type\" content=\"article\" \/>\n<meta property=\"og:title\" content=\"Iglesia Mundial: El Desarrollo Espiritual,\u00a0Envolvimiento\u00a0en la Misi\u00f3n,\u00a0Cruciales, dice Paulsen - Iglesia Adventista del S\u00e9ptimo D\u00eda - Divisi\u00f3n Interamericana\" \/>\n<meta property=\"og:description\" content=\"El fortalecimiento espiritual centrado en la Biblia y la participaci\u00f3n en la misi\u00f3n de la iglesia para \u201cDecid al Mundo\u201d...\" \/>\n<meta property=\"og:url\" content=\"https:\/\/interamerica.org\/es\/2006\/01\/iglesia-mundial-el-desarrollo-espiritual-envolvimiento-en-la-mision-cruciales-dice-paulsen\/\" \/>\n<meta property=\"og:site_name\" content=\"Iglesia Adventista del S\u00e9ptimo D\u00eda - Divisi\u00f3n Interamericana\" \/>\n<meta property=\"article:published_time\" content=\"2006-01-10T04:00:00+00:00\" \/>\n<meta property=\"article:modified_time\" content=\"2017-06-02T13:15:24+00:00\" \/>\n<meta name=\"author\" content=\"Lorenzo Verduzco\" \/>\n<meta name=\"twitter:card\" content=\"summary_large_image\" \/>\n<meta name=\"twitter:label1\" content=\"Escrito por\" \/>\n\t<meta name=\"twitter:data1\" content=\"Lorenzo Verduzco\" \/>\n\t<meta name=\"twitter:label2\" content=\"Tiempo de lectura\" \/>\n\t<meta name=\"twitter:data2\" content=\"6 minutos\" \/>\n<script type=\"application\/ld+json\" class=\"yoast-schema-graph\">{\"@context\":\"https:\\\/\\\/schema.org\",\"@graph\":[{\"@type\":\"Article\",\"@id\":\"https:\\\/\\\/interamerica.org\\\/es\\\/2006\\\/01\\\/iglesia-mundial-el-desarrollo-espiritual-envolvimiento-en-la-mision-cruciales-dice-paulsen\\\/#article\",\"isPartOf\":{\"@id\":\"https:\\\/\\\/interamerica.org\\\/es\\\/2006\\\/01\\\/iglesia-mundial-el-desarrollo-espiritual-envolvimiento-en-la-mision-cruciales-dice-paulsen\\\/\"},\"author\":{\"name\":\"Lorenzo Verduzco\",\"@id\":\"https:\\\/\\\/interamerica.org\\\/es\\\/#\\\/schema\\\/person\\\/68ede8bdc292885bb76c1e3810e73c39\"},\"headline\":\"Iglesia Mundial: El Desarrollo Espiritual,\u00a0Envolvimiento\u00a0en la Misi\u00f3n,\u00a0Cruciales, dice Paulsen\",\"datePublished\":\"2006-01-10T04:00:00+00:00\",\"dateModified\":\"2017-06-02T13:15:24+00:00\",\"mainEntityOfPage\":{\"@id\":\"https:\\\/\\\/interamerica.org\\\/es\\\/2006\\\/01\\\/iglesia-mundial-el-desarrollo-espiritual-envolvimiento-en-la-mision-cruciales-dice-paulsen\\\/\"},\"wordCount\":1183,\"articleSection\":[\"Archivo\"],\"inLanguage\":\"es\"},{\"@type\":\"WebPage\",\"@id\":\"https:\\\/\\\/interamerica.org\\\/es\\\/2006\\\/01\\\/iglesia-mundial-el-desarrollo-espiritual-envolvimiento-en-la-mision-cruciales-dice-paulsen\\\/\",\"url\":\"https:\\\/\\\/interamerica.org\\\/es\\\/2006\\\/01\\\/iglesia-mundial-el-desarrollo-espiritual-envolvimiento-en-la-mision-cruciales-dice-paulsen\\\/\",\"name\":\"Iglesia Mundial: El Desarrollo Espiritual,\u00a0Envolvimiento\u00a0en la Misi\u00f3n,\u00a0Cruciales, dice Paulsen - Iglesia Adventista del S\u00e9ptimo D\u00eda - Divisi\u00f3n Interamericana\",\"isPartOf\":{\"@id\":\"https:\\\/\\\/interamerica.org\\\/es\\\/#website\"},\"datePublished\":\"2006-01-10T04:00:00+00:00\",\"dateModified\":\"2017-06-02T13:15:24+00:00\",\"author\":{\"@id\":\"https:\\\/\\\/interamerica.org\\\/es\\\/#\\\/schema\\\/person\\\/68ede8bdc292885bb76c1e3810e73c39\"},\"breadcrumb\":{\"@id\":\"https:\\\/\\\/interamerica.org\\\/es\\\/2006\\\/01\\\/iglesia-mundial-el-desarrollo-espiritual-envolvimiento-en-la-mision-cruciales-dice-paulsen\\\/#breadcrumb\"},\"inLanguage\":\"es\",\"potentialAction\":[{\"@type\":\"ReadAction\",\"target\":[\"https:\\\/\\\/interamerica.org\\\/es\\\/2006\\\/01\\\/iglesia-mundial-el-desarrollo-espiritual-envolvimiento-en-la-mision-cruciales-dice-paulsen\\\/\"]}]},{\"@type\":\"BreadcrumbList\",\"@id\":\"https:\\\/\\\/interamerica.org\\\/es\\\/2006\\\/01\\\/iglesia-mundial-el-desarrollo-espiritual-envolvimiento-en-la-mision-cruciales-dice-paulsen\\\/#breadcrumb\",\"itemListElement\":[{\"@type\":\"ListItem\",\"position\":1,\"name\":\"Home\",\"item\":\"https:\\\/\\\/interamerica.org\\\/es\\\/\"},{\"@type\":\"ListItem\",\"position\":2,\"name\":\"Iglesia Mundial: El Desarrollo Espiritual,\u00a0Envolvimiento\u00a0en la Misi\u00f3n,\u00a0Cruciales, dice Paulsen\"}]},{\"@type\":\"WebSite\",\"@id\":\"https:\\\/\\\/interamerica.org\\\/es\\\/#website\",\"url\":\"https:\\\/\\\/interamerica.org\\\/es\\\/\",\"name\":\"Iglesia Adventista del S\u00e9ptimo D\u00eda - Divisi\u00f3n Interamericana\",\"description\":\"\",\"potentialAction\":[{\"@type\":\"SearchAction\",\"target\":{\"@type\":\"EntryPoint\",\"urlTemplate\":\"https:\\\/\\\/interamerica.org\\\/es\\\/?s={search_term_string}\"},\"query-input\":{\"@type\":\"PropertyValueSpecification\",\"valueRequired\":true,\"valueName\":\"search_term_string\"}}],\"inLanguage\":\"es\"},{\"@type\":\"Person\",\"@id\":\"https:\\\/\\\/interamerica.org\\\/es\\\/#\\\/schema\\\/person\\\/68ede8bdc292885bb76c1e3810e73c39\",\"name\":\"Lorenzo Verduzco\",\"image\":{\"@type\":\"ImageObject\",\"inLanguage\":\"es\",\"@id\":\"https:\\\/\\\/secure.gravatar.com\\\/avatar\\\/fb81a55b6218459490a9c1dc841a34909185b81904c5337b4b27f7a6fd60c49e?s=96&d=mm&r=g\",\"url\":\"https:\\\/\\\/secure.gravatar.com\\\/avatar\\\/fb81a55b6218459490a9c1dc841a34909185b81904c5337b4b27f7a6fd60c49e?s=96&d=mm&r=g\",\"contentUrl\":\"https:\\\/\\\/secure.gravatar.com\\\/avatar\\\/fb81a55b6218459490a9c1dc841a34909185b81904c5337b4b27f7a6fd60c49e?s=96&d=mm&r=g\",\"caption\":\"Lorenzo Verduzco\"}}]}<\/script>\n<!-- \/ Yoast SEO plugin. -->","yoast_head_json":{"title":"Iglesia Mundial: El Desarrollo Espiritual,\u00a0Envolvimiento\u00a0en la Misi\u00f3n,\u00a0Cruciales, dice Paulsen - Iglesia Adventista del S\u00e9ptimo D\u00eda - Divisi\u00f3n Interamericana","robots":{"index":"index","follow":"follow","max-snippet":"max-snippet:-1","max-image-preview":"max-image-preview:large","max-video-preview":"max-video-preview:-1"},"canonical":"https:\/\/interamerica.org\/es\/2006\/01\/iglesia-mundial-el-desarrollo-espiritual-envolvimiento-en-la-mision-cruciales-dice-paulsen\/","og_locale":"es_ES","og_type":"article","og_title":"Iglesia Mundial: El Desarrollo Espiritual,\u00a0Envolvimiento\u00a0en la Misi\u00f3n,\u00a0Cruciales, dice Paulsen - Iglesia Adventista del S\u00e9ptimo D\u00eda - Divisi\u00f3n Interamericana","og_description":"El fortalecimiento espiritual centrado en la Biblia y la participaci\u00f3n en la misi\u00f3n de la iglesia para \u201cDecid al Mundo\u201d...","og_url":"https:\/\/interamerica.org\/es\/2006\/01\/iglesia-mundial-el-desarrollo-espiritual-envolvimiento-en-la-mision-cruciales-dice-paulsen\/","og_site_name":"Iglesia Adventista del S\u00e9ptimo D\u00eda - Divisi\u00f3n Interamericana","article_published_time":"2006-01-10T04:00:00+00:00","article_modified_time":"2017-06-02T13:15:24+00:00","author":"Lorenzo Verduzco","twitter_card":"summary_large_image","twitter_misc":{"Escrito por":"Lorenzo Verduzco","Tiempo de lectura":"6 minutos"},"schema":{"@context":"https:\/\/schema.org","@graph":[{"@type":"Article","@id":"https:\/\/interamerica.org\/es\/2006\/01\/iglesia-mundial-el-desarrollo-espiritual-envolvimiento-en-la-mision-cruciales-dice-paulsen\/#article","isPartOf":{"@id":"https:\/\/interamerica.org\/es\/2006\/01\/iglesia-mundial-el-desarrollo-espiritual-envolvimiento-en-la-mision-cruciales-dice-paulsen\/"},"author":{"name":"Lorenzo Verduzco","@id":"https:\/\/interamerica.org\/es\/#\/schema\/person\/68ede8bdc292885bb76c1e3810e73c39"},"headline":"Iglesia Mundial: El Desarrollo Espiritual,\u00a0Envolvimiento\u00a0en la Misi\u00f3n,\u00a0Cruciales, dice Paulsen","datePublished":"2006-01-10T04:00:00+00:00","dateModified":"2017-06-02T13:15:24+00:00","mainEntityOfPage":{"@id":"https:\/\/interamerica.org\/es\/2006\/01\/iglesia-mundial-el-desarrollo-espiritual-envolvimiento-en-la-mision-cruciales-dice-paulsen\/"},"wordCount":1183,"articleSection":["Archivo"],"inLanguage":"es"},{"@type":"WebPage","@id":"https:\/\/interamerica.org\/es\/2006\/01\/iglesia-mundial-el-desarrollo-espiritual-envolvimiento-en-la-mision-cruciales-dice-paulsen\/","url":"https:\/\/interamerica.org\/es\/2006\/01\/iglesia-mundial-el-desarrollo-espiritual-envolvimiento-en-la-mision-cruciales-dice-paulsen\/","name":"Iglesia Mundial: El Desarrollo Espiritual,\u00a0Envolvimiento\u00a0en la Misi\u00f3n,\u00a0Cruciales, dice Paulsen - Iglesia Adventista del S\u00e9ptimo D\u00eda - Divisi\u00f3n Interamericana","isPartOf":{"@id":"https:\/\/interamerica.org\/es\/#website"},"datePublished":"2006-01-10T04:00:00+00:00","dateModified":"2017-06-02T13:15:24+00:00","author":{"@id":"https:\/\/interamerica.org\/es\/#\/schema\/person\/68ede8bdc292885bb76c1e3810e73c39"},"breadcrumb":{"@id":"https:\/\/interamerica.org\/es\/2006\/01\/iglesia-mundial-el-desarrollo-espiritual-envolvimiento-en-la-mision-cruciales-dice-paulsen\/#breadcrumb"},"inLanguage":"es","potentialAction":[{"@type":"ReadAction","target":["https:\/\/interamerica.org\/es\/2006\/01\/iglesia-mundial-el-desarrollo-espiritual-envolvimiento-en-la-mision-cruciales-dice-paulsen\/"]}]},{"@type":"BreadcrumbList","@id":"https:\/\/interamerica.org\/es\/2006\/01\/iglesia-mundial-el-desarrollo-espiritual-envolvimiento-en-la-mision-cruciales-dice-paulsen\/#breadcrumb","itemListElement":[{"@type":"ListItem","position":1,"name":"Home","item":"https:\/\/interamerica.org\/es\/"},{"@type":"ListItem","position":2,"name":"Iglesia Mundial: El Desarrollo Espiritual,\u00a0Envolvimiento\u00a0en la Misi\u00f3n,\u00a0Cruciales, dice Paulsen"}]},{"@type":"WebSite","@id":"https:\/\/interamerica.org\/es\/#website","url":"https:\/\/interamerica.org\/es\/","name":"Iglesia Adventista del S\u00e9ptimo D\u00eda - Divisi\u00f3n Interamericana","description":"","potentialAction":[{"@type":"SearchAction","target":{"@type":"EntryPoint","urlTemplate":"https:\/\/interamerica.org\/es\/?s={search_term_string}"},"query-input":{"@type":"PropertyValueSpecification","valueRequired":true,"valueName":"search_term_string"}}],"inLanguage":"es"},{"@type":"Person","@id":"https:\/\/interamerica.org\/es\/#\/schema\/person\/68ede8bdc292885bb76c1e3810e73c39","name":"Lorenzo Verduzco","image":{"@type":"ImageObject","inLanguage":"es","@id":"https:\/\/secure.gravatar.com\/avatar\/fb81a55b6218459490a9c1dc841a34909185b81904c5337b4b27f7a6fd60c49e?s=96&d=mm&r=g","url":"https:\/\/secure.gravatar.com\/avatar\/fb81a55b6218459490a9c1dc841a34909185b81904c5337b4b27f7a6fd60c49e?s=96&d=mm&r=g","contentUrl":"https:\/\/secure.gravatar.com\/avatar\/fb81a55b6218459490a9c1dc841a34909185b81904c5337b4b27f7a6fd60c49e?s=96&d=mm&r=g","caption":"Lorenzo Verduzco"}}]}},"_links":{"self":[{"href":"https:\/\/interamerica.org\/es\/wp-json\/wp\/v2\/posts\/10654","targetHints":{"allow":["GET"]}}],"collection":[{"href":"https:\/\/interamerica.org\/es\/wp-json\/wp\/v2\/posts"}],"about":[{"href":"https:\/\/interamerica.org\/es\/wp-json\/wp\/v2\/types\/post"}],"author":[{"embeddable":true,"href":"https:\/\/interamerica.org\/es\/wp-json\/wp\/v2\/users\/1"}],"replies":[{"embeddable":true,"href":"https:\/\/interamerica.org\/es\/wp-json\/wp\/v2\/comments?post=10654"}],"version-history":[{"count":0,"href":"https:\/\/interamerica.org\/es\/wp-json\/wp\/v2\/posts\/10654\/revisions"}],"wp:attachment":[{"href":"https:\/\/interamerica.org\/es\/wp-json\/wp\/v2\/media?parent=10654"}],"wp:term":[{"taxonomy":"category","embeddable":true,"href":"https:\/\/interamerica.org\/es\/wp-json\/wp\/v2\/categories?post=10654"},{"taxonomy":"post_tag","embeddable":true,"href":"https:\/\/interamerica.org\/es\/wp-json\/wp\/v2\/tags?post=10654"}],"curies":[{"name":"wp","href":"https:\/\/api.w.org\/{rel}","templated":true}]}}