{"id":10655,"date":"2006-01-03T00:00:00","date_gmt":"2006-01-03T04:00:00","guid":{"rendered":"http:\/\/192.81.217.108\/interamerica\/2006\/01\/egipto-adventista-sudanesa-muere-en-manos-de-la-policia\/"},"modified":"2017-06-02T09:15:25","modified_gmt":"2017-06-02T13:15:25","slug":"egipto-adventista-sudanesa-muere-en-manos-de-la-policia","status":"publish","type":"post","link":"https:\/\/interamerica.org\/es\/2006\/01\/egipto-adventista-sudanesa-muere-en-manos-de-la-policia\/","title":{"rendered":"Egipto: Adventista sudanesa muere en manos de la polic\u00eda"},"content":{"rendered":"<p><em>January 3, 2006 <\/em>El Cairo, Egipto &#8230;. [Alex Elmadjian\/ANN Staff]<\/p>\n<p>Betty Asenzo, una miembro activa de la Iglesia Adventista Sudanesa de El Cairo, fue muerta cuando miles de polic\u00edas egipcios interrumpieron una protesta en el exterior del edificio de las Naciones Unidas en El Cairo, el pasado 30 de diciembre de 2005. <\/p>\n<p>Varios miembros de esa congregaci\u00f3n adventista a\u00fan se encuentran desaparecidos. Muchas familias han sido separadas ya que la polic\u00eda irrumpi\u00f3 en los hogares y detuvo a las personas para interrogarlas. <\/p>\n<p>Los informes de los medios indican que m\u00e1s de 3.500 inmigrantes sudaneses protestaban fuera de la agencia de refugiados de la ONU en busca de un mejor trato de los refugiados y mejoras en las condiciones de vida. La violencia irrumpi\u00f3 cuando la polic\u00eda procur\u00f3 remover por la fuerza los demostradores con palos y con chorros de agua. Veintisiete personas murieron y 11 resultaron heridas, aunque algunos informes no oficiales hablan de cerca de 216 muertos. Algunos demostradores fueron deportados a Sud\u00e1n cuando no pudieron hallar sus documentos de identidad. <\/p>\n<p>El Pastor Kjell Aune, presidente de la Iglesia Adventista en el Medio Oriente, se encuentra actualmente en El Cairo. Al comentar lo sucedido, dijo: \u00abLa comunidad sudanesa de El Cairo sufre por esta situaci\u00f3n profundamente frustrante, por haber perdido a sus familiares y amigos cercanos. Los sudaneses necesitan nuestras oraciones mientras tratan de conformarse con un futuro incierto\u00bb. <\/p>\n<p>Decenas de miles de refugiados sudaneses huyeron a Egipto como resultado de d\u00e9cadas de guerra civil en Sud\u00e1n. Casi 80 personas asisten con regularidad a la Iglesia Adventista Sudanesa que se re\u00fane en El Cairo.<\/p>\n<p><strong>Todos los derechos reservados (c) 2006 Adventist News Network.<\/strong>  <\/p>\n","protected":false},"excerpt":{"rendered":"<p>Betty Asenzo, una miembro activa de la Iglesia Adventista Sudanesa de El Cairo, fue muerta &#8230;<\/p>\n","protected":false},"author":1,"featured_media":0,"comment_status":"closed","ping_status":"closed","sticky":false,"template":"","format":"standard","meta":{"_acf_changed":false,"footnotes":""},"categories":[8],"tags":[],"class_list":["post-10655","post","type-post","status-publish","format-standard","hentry","category-archivo"],"acf":[],"yoast_head":"<!-- This site is optimized with the Yoast SEO plugin v27.3 - https:\/\/yoast.com\/product\/yoast-seo-wordpress\/ -->\n<title>Egipto: Adventista sudanesa muere en manos de la polic\u00eda - Iglesia Adventista del S\u00e9ptimo D\u00eda - Divisi\u00f3n Interamericana<\/title>\n<meta name=\"robots\" content=\"index, follow, max-snippet:-1, max-image-preview:large, max-video-preview:-1\" \/>\n<link rel=\"canonical\" href=\"https:\/\/interamerica.org\/es\/2006\/01\/egipto-adventista-sudanesa-muere-en-manos-de-la-policia\/\" \/>\n<meta property=\"og:locale\" content=\"es_ES\" \/>\n<meta property=\"og:type\" content=\"article\" \/>\n<meta property=\"og:title\" content=\"Egipto: Adventista sudanesa muere en manos de la polic\u00eda - Iglesia Adventista del S\u00e9ptimo D\u00eda - Divisi\u00f3n Interamericana\" \/>\n<meta property=\"og:description\" content=\"Betty Asenzo, una miembro activa de la Iglesia Adventista Sudanesa de El Cairo, fue muerta ...\" \/>\n<meta property=\"og:url\" content=\"https:\/\/interamerica.org\/es\/2006\/01\/egipto-adventista-sudanesa-muere-en-manos-de-la-policia\/\" \/>\n<meta property=\"og:site_name\" content=\"Iglesia Adventista del S\u00e9ptimo D\u00eda - Divisi\u00f3n Interamericana\" \/>\n<meta property=\"article:published_time\" content=\"2006-01-03T04:00:00+00:00\" \/>\n<meta property=\"article:modified_time\" content=\"2017-06-02T13:15:25+00:00\" \/>\n<meta name=\"author\" content=\"Lorenzo Verduzco\" \/>\n<meta name=\"twitter:card\" content=\"summary_large_image\" \/>\n<meta name=\"twitter:label1\" content=\"Escrito por\" \/>\n\t<meta name=\"twitter:data1\" content=\"Lorenzo Verduzco\" \/>\n\t<meta name=\"twitter:label2\" content=\"Tiempo de lectura\" \/>\n\t<meta name=\"twitter:data2\" content=\"1 minuto\" \/>\n<script type=\"application\/ld+json\" class=\"yoast-schema-graph\">{\"@context\":\"https:\\\/\\\/schema.org\",\"@graph\":[{\"@type\":\"Article\",\"@id\":\"https:\\\/\\\/interamerica.org\\\/es\\\/2006\\\/01\\\/egipto-adventista-sudanesa-muere-en-manos-de-la-policia\\\/#article\",\"isPartOf\":{\"@id\":\"https:\\\/\\\/interamerica.org\\\/es\\\/2006\\\/01\\\/egipto-adventista-sudanesa-muere-en-manos-de-la-policia\\\/\"},\"author\":{\"name\":\"Lorenzo Verduzco\",\"@id\":\"https:\\\/\\\/interamerica.org\\\/es\\\/#\\\/schema\\\/person\\\/68ede8bdc292885bb76c1e3810e73c39\"},\"headline\":\"Egipto: Adventista sudanesa muere en manos de la polic\u00eda\",\"datePublished\":\"2006-01-03T04:00:00+00:00\",\"dateModified\":\"2017-06-02T13:15:25+00:00\",\"mainEntityOfPage\":{\"@id\":\"https:\\\/\\\/interamerica.org\\\/es\\\/2006\\\/01\\\/egipto-adventista-sudanesa-muere-en-manos-de-la-policia\\\/\"},\"wordCount\":286,\"articleSection\":[\"Archivo\"],\"inLanguage\":\"es\"},{\"@type\":\"WebPage\",\"@id\":\"https:\\\/\\\/interamerica.org\\\/es\\\/2006\\\/01\\\/egipto-adventista-sudanesa-muere-en-manos-de-la-policia\\\/\",\"url\":\"https:\\\/\\\/interamerica.org\\\/es\\\/2006\\\/01\\\/egipto-adventista-sudanesa-muere-en-manos-de-la-policia\\\/\",\"name\":\"Egipto: Adventista sudanesa muere en manos de la polic\u00eda - Iglesia Adventista del S\u00e9ptimo D\u00eda - Divisi\u00f3n Interamericana\",\"isPartOf\":{\"@id\":\"https:\\\/\\\/interamerica.org\\\/es\\\/#website\"},\"datePublished\":\"2006-01-03T04:00:00+00:00\",\"dateModified\":\"2017-06-02T13:15:25+00:00\",\"author\":{\"@id\":\"https:\\\/\\\/interamerica.org\\\/es\\\/#\\\/schema\\\/person\\\/68ede8bdc292885bb76c1e3810e73c39\"},\"breadcrumb\":{\"@id\":\"https:\\\/\\\/interamerica.org\\\/es\\\/2006\\\/01\\\/egipto-adventista-sudanesa-muere-en-manos-de-la-policia\\\/#breadcrumb\"},\"inLanguage\":\"es\",\"potentialAction\":[{\"@type\":\"ReadAction\",\"target\":[\"https:\\\/\\\/interamerica.org\\\/es\\\/2006\\\/01\\\/egipto-adventista-sudanesa-muere-en-manos-de-la-policia\\\/\"]}]},{\"@type\":\"BreadcrumbList\",\"@id\":\"https:\\\/\\\/interamerica.org\\\/es\\\/2006\\\/01\\\/egipto-adventista-sudanesa-muere-en-manos-de-la-policia\\\/#breadcrumb\",\"itemListElement\":[{\"@type\":\"ListItem\",\"position\":1,\"name\":\"Home\",\"item\":\"https:\\\/\\\/interamerica.org\\\/es\\\/\"},{\"@type\":\"ListItem\",\"position\":2,\"name\":\"Egipto: Adventista sudanesa muere en manos de la polic\u00eda\"}]},{\"@type\":\"WebSite\",\"@id\":\"https:\\\/\\\/interamerica.org\\\/es\\\/#website\",\"url\":\"https:\\\/\\\/interamerica.org\\\/es\\\/\",\"name\":\"Iglesia Adventista del S\u00e9ptimo D\u00eda - Divisi\u00f3n Interamericana\",\"description\":\"\",\"potentialAction\":[{\"@type\":\"SearchAction\",\"target\":{\"@type\":\"EntryPoint\",\"urlTemplate\":\"https:\\\/\\\/interamerica.org\\\/es\\\/?s={search_term_string}\"},\"query-input\":{\"@type\":\"PropertyValueSpecification\",\"valueRequired\":true,\"valueName\":\"search_term_string\"}}],\"inLanguage\":\"es\"},{\"@type\":\"Person\",\"@id\":\"https:\\\/\\\/interamerica.org\\\/es\\\/#\\\/schema\\\/person\\\/68ede8bdc292885bb76c1e3810e73c39\",\"name\":\"Lorenzo Verduzco\",\"image\":{\"@type\":\"ImageObject\",\"inLanguage\":\"es\",\"@id\":\"https:\\\/\\\/secure.gravatar.com\\\/avatar\\\/fb81a55b6218459490a9c1dc841a34909185b81904c5337b4b27f7a6fd60c49e?s=96&d=mm&r=g\",\"url\":\"https:\\\/\\\/secure.gravatar.com\\\/avatar\\\/fb81a55b6218459490a9c1dc841a34909185b81904c5337b4b27f7a6fd60c49e?s=96&d=mm&r=g\",\"contentUrl\":\"https:\\\/\\\/secure.gravatar.com\\\/avatar\\\/fb81a55b6218459490a9c1dc841a34909185b81904c5337b4b27f7a6fd60c49e?s=96&d=mm&r=g\",\"caption\":\"Lorenzo Verduzco\"}}]}<\/script>\n<!-- \/ Yoast SEO plugin. -->","yoast_head_json":{"title":"Egipto: Adventista sudanesa muere en manos de la polic\u00eda - Iglesia Adventista del S\u00e9ptimo D\u00eda - Divisi\u00f3n Interamericana","robots":{"index":"index","follow":"follow","max-snippet":"max-snippet:-1","max-image-preview":"max-image-preview:large","max-video-preview":"max-video-preview:-1"},"canonical":"https:\/\/interamerica.org\/es\/2006\/01\/egipto-adventista-sudanesa-muere-en-manos-de-la-policia\/","og_locale":"es_ES","og_type":"article","og_title":"Egipto: Adventista sudanesa muere en manos de la polic\u00eda - Iglesia Adventista del S\u00e9ptimo D\u00eda - Divisi\u00f3n Interamericana","og_description":"Betty Asenzo, una miembro activa de la Iglesia Adventista Sudanesa de El Cairo, fue muerta ...","og_url":"https:\/\/interamerica.org\/es\/2006\/01\/egipto-adventista-sudanesa-muere-en-manos-de-la-policia\/","og_site_name":"Iglesia Adventista del S\u00e9ptimo D\u00eda - Divisi\u00f3n Interamericana","article_published_time":"2006-01-03T04:00:00+00:00","article_modified_time":"2017-06-02T13:15:25+00:00","author":"Lorenzo Verduzco","twitter_card":"summary_large_image","twitter_misc":{"Escrito por":"Lorenzo Verduzco","Tiempo de lectura":"1 minuto"},"schema":{"@context":"https:\/\/schema.org","@graph":[{"@type":"Article","@id":"https:\/\/interamerica.org\/es\/2006\/01\/egipto-adventista-sudanesa-muere-en-manos-de-la-policia\/#article","isPartOf":{"@id":"https:\/\/interamerica.org\/es\/2006\/01\/egipto-adventista-sudanesa-muere-en-manos-de-la-policia\/"},"author":{"name":"Lorenzo Verduzco","@id":"https:\/\/interamerica.org\/es\/#\/schema\/person\/68ede8bdc292885bb76c1e3810e73c39"},"headline":"Egipto: Adventista sudanesa muere en manos de la polic\u00eda","datePublished":"2006-01-03T04:00:00+00:00","dateModified":"2017-06-02T13:15:25+00:00","mainEntityOfPage":{"@id":"https:\/\/interamerica.org\/es\/2006\/01\/egipto-adventista-sudanesa-muere-en-manos-de-la-policia\/"},"wordCount":286,"articleSection":["Archivo"],"inLanguage":"es"},{"@type":"WebPage","@id":"https:\/\/interamerica.org\/es\/2006\/01\/egipto-adventista-sudanesa-muere-en-manos-de-la-policia\/","url":"https:\/\/interamerica.org\/es\/2006\/01\/egipto-adventista-sudanesa-muere-en-manos-de-la-policia\/","name":"Egipto: Adventista sudanesa muere en manos de la polic\u00eda - Iglesia Adventista del S\u00e9ptimo D\u00eda - Divisi\u00f3n Interamericana","isPartOf":{"@id":"https:\/\/interamerica.org\/es\/#website"},"datePublished":"2006-01-03T04:00:00+00:00","dateModified":"2017-06-02T13:15:25+00:00","author":{"@id":"https:\/\/interamerica.org\/es\/#\/schema\/person\/68ede8bdc292885bb76c1e3810e73c39"},"breadcrumb":{"@id":"https:\/\/interamerica.org\/es\/2006\/01\/egipto-adventista-sudanesa-muere-en-manos-de-la-policia\/#breadcrumb"},"inLanguage":"es","potentialAction":[{"@type":"ReadAction","target":["https:\/\/interamerica.org\/es\/2006\/01\/egipto-adventista-sudanesa-muere-en-manos-de-la-policia\/"]}]},{"@type":"BreadcrumbList","@id":"https:\/\/interamerica.org\/es\/2006\/01\/egipto-adventista-sudanesa-muere-en-manos-de-la-policia\/#breadcrumb","itemListElement":[{"@type":"ListItem","position":1,"name":"Home","item":"https:\/\/interamerica.org\/es\/"},{"@type":"ListItem","position":2,"name":"Egipto: Adventista sudanesa muere en manos de la polic\u00eda"}]},{"@type":"WebSite","@id":"https:\/\/interamerica.org\/es\/#website","url":"https:\/\/interamerica.org\/es\/","name":"Iglesia Adventista del S\u00e9ptimo D\u00eda - Divisi\u00f3n Interamericana","description":"","potentialAction":[{"@type":"SearchAction","target":{"@type":"EntryPoint","urlTemplate":"https:\/\/interamerica.org\/es\/?s={search_term_string}"},"query-input":{"@type":"PropertyValueSpecification","valueRequired":true,"valueName":"search_term_string"}}],"inLanguage":"es"},{"@type":"Person","@id":"https:\/\/interamerica.org\/es\/#\/schema\/person\/68ede8bdc292885bb76c1e3810e73c39","name":"Lorenzo Verduzco","image":{"@type":"ImageObject","inLanguage":"es","@id":"https:\/\/secure.gravatar.com\/avatar\/fb81a55b6218459490a9c1dc841a34909185b81904c5337b4b27f7a6fd60c49e?s=96&d=mm&r=g","url":"https:\/\/secure.gravatar.com\/avatar\/fb81a55b6218459490a9c1dc841a34909185b81904c5337b4b27f7a6fd60c49e?s=96&d=mm&r=g","contentUrl":"https:\/\/secure.gravatar.com\/avatar\/fb81a55b6218459490a9c1dc841a34909185b81904c5337b4b27f7a6fd60c49e?s=96&d=mm&r=g","caption":"Lorenzo Verduzco"}}]}},"_links":{"self":[{"href":"https:\/\/interamerica.org\/es\/wp-json\/wp\/v2\/posts\/10655","targetHints":{"allow":["GET"]}}],"collection":[{"href":"https:\/\/interamerica.org\/es\/wp-json\/wp\/v2\/posts"}],"about":[{"href":"https:\/\/interamerica.org\/es\/wp-json\/wp\/v2\/types\/post"}],"author":[{"embeddable":true,"href":"https:\/\/interamerica.org\/es\/wp-json\/wp\/v2\/users\/1"}],"replies":[{"embeddable":true,"href":"https:\/\/interamerica.org\/es\/wp-json\/wp\/v2\/comments?post=10655"}],"version-history":[{"count":0,"href":"https:\/\/interamerica.org\/es\/wp-json\/wp\/v2\/posts\/10655\/revisions"}],"wp:attachment":[{"href":"https:\/\/interamerica.org\/es\/wp-json\/wp\/v2\/media?parent=10655"}],"wp:term":[{"taxonomy":"category","embeddable":true,"href":"https:\/\/interamerica.org\/es\/wp-json\/wp\/v2\/categories?post=10655"},{"taxonomy":"post_tag","embeddable":true,"href":"https:\/\/interamerica.org\/es\/wp-json\/wp\/v2\/tags?post=10655"}],"curies":[{"name":"wp","href":"https:\/\/api.w.org\/{rel}","templated":true}]}}