{"id":10660,"date":"2006-01-18T00:00:00","date_gmt":"2006-01-18T04:00:00","guid":{"rendered":"http:\/\/192.81.217.108\/interamerica\/2006\/01\/inglaterra-ex-pub-sera-transformado-en-templo-adventista\/"},"modified":"2017-06-02T09:15:21","modified_gmt":"2017-06-02T13:15:21","slug":"inglaterra-ex-pub-sera-transformado-en-templo-adventista","status":"publish","type":"post","link":"https:\/\/interamerica.org\/es\/2006\/01\/inglaterra-ex-pub-sera-transformado-en-templo-adventista\/","title":{"rendered":"Inglaterra: Ex &#8216;pub&#8217; ser\u00e1 transformado en templo adventista"},"content":{"rendered":"<p>Wolverhampton, Inglaterra, Reino Unido &#8230;. [John Surridge\/ANN Staff]<\/p>\n<p>En una naci\u00f3n donde algunas iglesias inactivas se han transformado en \u00abpubs\u00bb, como son llamadas popularmente, una congregaci\u00f3n adventista est\u00e1 yendo exactamente en la misma direcci\u00f3n, al adquirir un pub para transformarlo en una iglesia. <\/p>\n<p>La Iglesia Adventista de Pendeford, Wolverhampton, finaliz\u00f3 la adquisici\u00f3n del nuevo edificio poco antes de la Navidad 2005. El nuevo edificio es un ex pub, cerca del lugar donde se re\u00fane actualmente la congregaci\u00f3n en el Hall Comunitario de Dovecotes, en Ryefield Road. La noticia de la adquisici\u00f3n lleg\u00f3 a la portada del \u00abWolverhampton Express and Star\u00bb, el peri\u00f3dico local, bajo el t\u00edtulo: \u00abPub de Wolverhampton ser\u00e1 transformado en templo\u00bb. <\/p>\n<p>El Pastor Richard Jackson, ministro distrital, se\u00f1al\u00f3 que en esa \u00e1rea hay antecedentes de pubs que se convirtieron en templos adventistas. <\/p>\n<p>\u00abSab\u00eda que el templo de Great Brickkiln Street tambi\u00e9n hab\u00eda sido un pub, pero cuando est\u00e1bamos negociando esta adquisici\u00f3n, me enter\u00e9 tambi\u00e9n que el templo de Wednesfield ten\u00eda una historia similar. Aparentemente, ese edificio hab\u00eda pertenecido a un club social\u00bb, dijo Jackson en una entrevista. <\/p>\n<p>La iglesia de Pendeford se ha estado reuniendo en un centro comunitario alquilado durante los \u00faltimos 21 a\u00f1os, pero el crecimiento de los \u00faltimos a\u00f1os forz\u00f3 a los miembros a pensar seriamente en adquirir un nuevo edificio. <\/p>\n<p>\u00abUn par de a\u00f1os atr\u00e1s comenzamos a pensar en un edificio del otro lado de la ruta, pero s\u00f3lo ten\u00edamos 40 miembros en ese entonces. Ahora ya somos 60, y la mayor\u00eda de los miembros tiene menos de 25 a\u00f1os de edad. Adem\u00e1s de los nuevos miembros, tenemos muchos ni\u00f1os hijos de nuestros miembros y cada vez m\u00e1s ni\u00f1os de la comunidad. Cada semana se registra una asistencia de m\u00e1s de 70 personas, y este edificio ya no nos alcanza\u00bb. <\/p>\n<p>Cuando se le pregunt\u00f3 acerca de la raz\u00f3n del crecimiento y particularmente de la aparente atracci\u00f3n que tienen los j\u00f3venes con la iglesia, el Pastor Jackson dijo: \u00abSucedi\u00f3 que los j\u00f3venes vinieron con sus padres y comenzaron a participar en el programa de la iglesia. Nuestro estilo de servicio es una mezcla de contempor\u00e1neo y tradicional. A menudo tenemos m\u00fasica en vivo con guitarras, teclados y bater\u00eda, pero generalmente lo hacemos para acompa\u00f1ar los himnos tradicionales del Himnario Adventista\u00bb. <\/p>\n<p>Adem\u00e1s de s\u00e1bados de ma\u00f1ana repletos, existen otras limitaciones. \u00abPor el momento no podemos realizar los programas misioneros que nos gustar\u00eda hacer\u00bb, dice el Pastor Jackson. \u00abPor ejemplo, estamos planeando desarrollar programas de salud y clubes de j\u00f3venes y cosas por el estilo, pero no lo podemos hacer en esta situaci\u00f3n\u00bb. <\/p>\n<p>El ex pub cost\u00f3 alrededor de 290.000 libras esterlinas (unos 510.754 d\u00f3lares aproximadamente) y necesitar\u00e1 muchas refacciones para transformarlo en la clase de edificio que los miembros desean, dicen los l\u00edderes locales. Sin embargo, han podido recibir dinero de diversas fuentes para conseguir los fondos adicionales. Entre ellos est\u00e1n los miembros locales, otras iglesias del \u00e1rea Norte de Inglaterra, los organismos eclesi\u00e1sticos, un pr\u00e9stamo sustancial, y asistencia del Concejo local de la ciudad. <\/p>\n<p>\u00abEl nuevo edificio tendr\u00e1 capacidad para m\u00e1s de 200 personas\u00bb, dice el Pastor Jackson. \u00abHemos hecho hacer planos arquitect\u00f3nicos detallados y hemos obtenido los permisos para la transformaci\u00f3n, aunque todav\u00eda estamos esperando la aprobaci\u00f3n de las regulaciones edilicias. Si todo sale como esperamos, tendremos un sal\u00f3n principal con 200 asientos, una cocina y ba\u00f1os modernos, y una secci\u00f3n grande que ser\u00e1 transformada en un centro de aprendizaje en colaboraci\u00f3n con el Concejo de la Ciudad de Wolverhampton\u00bb. <\/p>\n<p>En su carrera anterior, Jackson adquiri\u00f3 una experiencia considerable en el trabajo con el gobierno local, y dice que cree firmemente en la necesidad de cooperaci\u00f3n entre las iglesias locales y sus comunidades. <\/p>\n<p>\u00abNos hemos asegurado el dinero del Concejo para este proyecto\u00bb, dice. \u00abEllos se encargar\u00e1n del edificio y tendr\u00e1n a su cargo los programas comunitarios, pero sin ning\u00fan otro compromiso. Nuestra obligaci\u00f3n es simplemente permitirles ser inquilinos con acceso durante la semana. El edificio se cerrar\u00e1 los viernes al mediod\u00eda y no har\u00e1n nada contra los principios de la Iglesia Adventista. Es un arreglo ideal donde la iglesia y el Concejo trabajan juntos para beneficiar a la comunidad local\u00bb.<\/p>\n<p><strong>Todos los derechos reservados (c) 2006 Adventist News Network.<\/strong> <\/p>\n","protected":false},"excerpt":{"rendered":"<p>En una naci\u00f3n donde algunas iglesias inactivas se han transformado en \u00abpubs\u00bb, como son llamadas popularmente, una congregaci\u00f3n adventista est\u00e1 yendo exactamente en la misma direcci\u00f3n,<\/p>\n","protected":false},"author":1,"featured_media":0,"comment_status":"closed","ping_status":"closed","sticky":false,"template":"","format":"standard","meta":{"_acf_changed":false,"footnotes":""},"categories":[8],"tags":[],"class_list":["post-10660","post","type-post","status-publish","format-standard","hentry","category-archivo"],"acf":[],"yoast_head":"<!-- This site is optimized with the Yoast SEO plugin v27.3 - https:\/\/yoast.com\/product\/yoast-seo-wordpress\/ -->\n<title>Inglaterra: Ex &#039;pub&#039; ser\u00e1 transformado en templo adventista - Iglesia Adventista del S\u00e9ptimo D\u00eda - Divisi\u00f3n Interamericana<\/title>\n<meta name=\"robots\" content=\"index, follow, max-snippet:-1, max-image-preview:large, max-video-preview:-1\" \/>\n<link rel=\"canonical\" href=\"https:\/\/interamerica.org\/es\/2006\/01\/inglaterra-ex-pub-sera-transformado-en-templo-adventista\/\" \/>\n<meta property=\"og:locale\" content=\"es_ES\" \/>\n<meta property=\"og:type\" content=\"article\" \/>\n<meta property=\"og:title\" content=\"Inglaterra: Ex &#039;pub&#039; ser\u00e1 transformado en templo adventista - Iglesia Adventista del S\u00e9ptimo D\u00eda - Divisi\u00f3n Interamericana\" \/>\n<meta property=\"og:description\" content=\"En una naci\u00f3n donde algunas iglesias inactivas se han transformado en &quot;pubs&quot;, como son llamadas popularmente, una congregaci\u00f3n adventista est\u00e1 yendo exactamente en la misma direcci\u00f3n,\" \/>\n<meta property=\"og:url\" content=\"https:\/\/interamerica.org\/es\/2006\/01\/inglaterra-ex-pub-sera-transformado-en-templo-adventista\/\" \/>\n<meta property=\"og:site_name\" content=\"Iglesia Adventista del S\u00e9ptimo D\u00eda - Divisi\u00f3n Interamericana\" \/>\n<meta property=\"article:published_time\" content=\"2006-01-18T04:00:00+00:00\" \/>\n<meta property=\"article:modified_time\" content=\"2017-06-02T13:15:21+00:00\" \/>\n<meta name=\"author\" content=\"Lorenzo Verduzco\" \/>\n<meta name=\"twitter:card\" content=\"summary_large_image\" \/>\n<meta name=\"twitter:label1\" content=\"Escrito por\" \/>\n\t<meta name=\"twitter:data1\" content=\"Lorenzo Verduzco\" \/>\n\t<meta name=\"twitter:label2\" content=\"Tiempo de lectura\" \/>\n\t<meta name=\"twitter:data2\" content=\"4 minutos\" \/>\n<script type=\"application\/ld+json\" class=\"yoast-schema-graph\">{\"@context\":\"https:\\\/\\\/schema.org\",\"@graph\":[{\"@type\":\"Article\",\"@id\":\"https:\\\/\\\/interamerica.org\\\/es\\\/2006\\\/01\\\/inglaterra-ex-pub-sera-transformado-en-templo-adventista\\\/#article\",\"isPartOf\":{\"@id\":\"https:\\\/\\\/interamerica.org\\\/es\\\/2006\\\/01\\\/inglaterra-ex-pub-sera-transformado-en-templo-adventista\\\/\"},\"author\":{\"name\":\"Lorenzo Verduzco\",\"@id\":\"https:\\\/\\\/interamerica.org\\\/es\\\/#\\\/schema\\\/person\\\/68ede8bdc292885bb76c1e3810e73c39\"},\"headline\":\"Inglaterra: Ex &#8216;pub&#8217; ser\u00e1 transformado en templo adventista\",\"datePublished\":\"2006-01-18T04:00:00+00:00\",\"dateModified\":\"2017-06-02T13:15:21+00:00\",\"mainEntityOfPage\":{\"@id\":\"https:\\\/\\\/interamerica.org\\\/es\\\/2006\\\/01\\\/inglaterra-ex-pub-sera-transformado-en-templo-adventista\\\/\"},\"wordCount\":759,\"articleSection\":[\"Archivo\"],\"inLanguage\":\"es\"},{\"@type\":\"WebPage\",\"@id\":\"https:\\\/\\\/interamerica.org\\\/es\\\/2006\\\/01\\\/inglaterra-ex-pub-sera-transformado-en-templo-adventista\\\/\",\"url\":\"https:\\\/\\\/interamerica.org\\\/es\\\/2006\\\/01\\\/inglaterra-ex-pub-sera-transformado-en-templo-adventista\\\/\",\"name\":\"Inglaterra: Ex 'pub' ser\u00e1 transformado en templo adventista - Iglesia Adventista del S\u00e9ptimo D\u00eda - Divisi\u00f3n Interamericana\",\"isPartOf\":{\"@id\":\"https:\\\/\\\/interamerica.org\\\/es\\\/#website\"},\"datePublished\":\"2006-01-18T04:00:00+00:00\",\"dateModified\":\"2017-06-02T13:15:21+00:00\",\"author\":{\"@id\":\"https:\\\/\\\/interamerica.org\\\/es\\\/#\\\/schema\\\/person\\\/68ede8bdc292885bb76c1e3810e73c39\"},\"breadcrumb\":{\"@id\":\"https:\\\/\\\/interamerica.org\\\/es\\\/2006\\\/01\\\/inglaterra-ex-pub-sera-transformado-en-templo-adventista\\\/#breadcrumb\"},\"inLanguage\":\"es\",\"potentialAction\":[{\"@type\":\"ReadAction\",\"target\":[\"https:\\\/\\\/interamerica.org\\\/es\\\/2006\\\/01\\\/inglaterra-ex-pub-sera-transformado-en-templo-adventista\\\/\"]}]},{\"@type\":\"BreadcrumbList\",\"@id\":\"https:\\\/\\\/interamerica.org\\\/es\\\/2006\\\/01\\\/inglaterra-ex-pub-sera-transformado-en-templo-adventista\\\/#breadcrumb\",\"itemListElement\":[{\"@type\":\"ListItem\",\"position\":1,\"name\":\"Home\",\"item\":\"https:\\\/\\\/interamerica.org\\\/es\\\/\"},{\"@type\":\"ListItem\",\"position\":2,\"name\":\"Inglaterra: Ex &#8216;pub&#8217; ser\u00e1 transformado en templo adventista\"}]},{\"@type\":\"WebSite\",\"@id\":\"https:\\\/\\\/interamerica.org\\\/es\\\/#website\",\"url\":\"https:\\\/\\\/interamerica.org\\\/es\\\/\",\"name\":\"Iglesia Adventista del S\u00e9ptimo D\u00eda - Divisi\u00f3n Interamericana\",\"description\":\"\",\"potentialAction\":[{\"@type\":\"SearchAction\",\"target\":{\"@type\":\"EntryPoint\",\"urlTemplate\":\"https:\\\/\\\/interamerica.org\\\/es\\\/?s={search_term_string}\"},\"query-input\":{\"@type\":\"PropertyValueSpecification\",\"valueRequired\":true,\"valueName\":\"search_term_string\"}}],\"inLanguage\":\"es\"},{\"@type\":\"Person\",\"@id\":\"https:\\\/\\\/interamerica.org\\\/es\\\/#\\\/schema\\\/person\\\/68ede8bdc292885bb76c1e3810e73c39\",\"name\":\"Lorenzo Verduzco\",\"image\":{\"@type\":\"ImageObject\",\"inLanguage\":\"es\",\"@id\":\"https:\\\/\\\/secure.gravatar.com\\\/avatar\\\/fb81a55b6218459490a9c1dc841a34909185b81904c5337b4b27f7a6fd60c49e?s=96&d=mm&r=g\",\"url\":\"https:\\\/\\\/secure.gravatar.com\\\/avatar\\\/fb81a55b6218459490a9c1dc841a34909185b81904c5337b4b27f7a6fd60c49e?s=96&d=mm&r=g\",\"contentUrl\":\"https:\\\/\\\/secure.gravatar.com\\\/avatar\\\/fb81a55b6218459490a9c1dc841a34909185b81904c5337b4b27f7a6fd60c49e?s=96&d=mm&r=g\",\"caption\":\"Lorenzo Verduzco\"}}]}<\/script>\n<!-- \/ Yoast SEO plugin. -->","yoast_head_json":{"title":"Inglaterra: Ex 'pub' ser\u00e1 transformado en templo adventista - Iglesia Adventista del S\u00e9ptimo D\u00eda - Divisi\u00f3n Interamericana","robots":{"index":"index","follow":"follow","max-snippet":"max-snippet:-1","max-image-preview":"max-image-preview:large","max-video-preview":"max-video-preview:-1"},"canonical":"https:\/\/interamerica.org\/es\/2006\/01\/inglaterra-ex-pub-sera-transformado-en-templo-adventista\/","og_locale":"es_ES","og_type":"article","og_title":"Inglaterra: Ex 'pub' ser\u00e1 transformado en templo adventista - Iglesia Adventista del S\u00e9ptimo D\u00eda - Divisi\u00f3n Interamericana","og_description":"En una naci\u00f3n donde algunas iglesias inactivas se han transformado en \"pubs\", como son llamadas popularmente, una congregaci\u00f3n adventista est\u00e1 yendo exactamente en la misma direcci\u00f3n,","og_url":"https:\/\/interamerica.org\/es\/2006\/01\/inglaterra-ex-pub-sera-transformado-en-templo-adventista\/","og_site_name":"Iglesia Adventista del S\u00e9ptimo D\u00eda - Divisi\u00f3n Interamericana","article_published_time":"2006-01-18T04:00:00+00:00","article_modified_time":"2017-06-02T13:15:21+00:00","author":"Lorenzo Verduzco","twitter_card":"summary_large_image","twitter_misc":{"Escrito por":"Lorenzo Verduzco","Tiempo de lectura":"4 minutos"},"schema":{"@context":"https:\/\/schema.org","@graph":[{"@type":"Article","@id":"https:\/\/interamerica.org\/es\/2006\/01\/inglaterra-ex-pub-sera-transformado-en-templo-adventista\/#article","isPartOf":{"@id":"https:\/\/interamerica.org\/es\/2006\/01\/inglaterra-ex-pub-sera-transformado-en-templo-adventista\/"},"author":{"name":"Lorenzo Verduzco","@id":"https:\/\/interamerica.org\/es\/#\/schema\/person\/68ede8bdc292885bb76c1e3810e73c39"},"headline":"Inglaterra: Ex &#8216;pub&#8217; ser\u00e1 transformado en templo adventista","datePublished":"2006-01-18T04:00:00+00:00","dateModified":"2017-06-02T13:15:21+00:00","mainEntityOfPage":{"@id":"https:\/\/interamerica.org\/es\/2006\/01\/inglaterra-ex-pub-sera-transformado-en-templo-adventista\/"},"wordCount":759,"articleSection":["Archivo"],"inLanguage":"es"},{"@type":"WebPage","@id":"https:\/\/interamerica.org\/es\/2006\/01\/inglaterra-ex-pub-sera-transformado-en-templo-adventista\/","url":"https:\/\/interamerica.org\/es\/2006\/01\/inglaterra-ex-pub-sera-transformado-en-templo-adventista\/","name":"Inglaterra: Ex 'pub' ser\u00e1 transformado en templo adventista - Iglesia Adventista del S\u00e9ptimo D\u00eda - Divisi\u00f3n Interamericana","isPartOf":{"@id":"https:\/\/interamerica.org\/es\/#website"},"datePublished":"2006-01-18T04:00:00+00:00","dateModified":"2017-06-02T13:15:21+00:00","author":{"@id":"https:\/\/interamerica.org\/es\/#\/schema\/person\/68ede8bdc292885bb76c1e3810e73c39"},"breadcrumb":{"@id":"https:\/\/interamerica.org\/es\/2006\/01\/inglaterra-ex-pub-sera-transformado-en-templo-adventista\/#breadcrumb"},"inLanguage":"es","potentialAction":[{"@type":"ReadAction","target":["https:\/\/interamerica.org\/es\/2006\/01\/inglaterra-ex-pub-sera-transformado-en-templo-adventista\/"]}]},{"@type":"BreadcrumbList","@id":"https:\/\/interamerica.org\/es\/2006\/01\/inglaterra-ex-pub-sera-transformado-en-templo-adventista\/#breadcrumb","itemListElement":[{"@type":"ListItem","position":1,"name":"Home","item":"https:\/\/interamerica.org\/es\/"},{"@type":"ListItem","position":2,"name":"Inglaterra: Ex &#8216;pub&#8217; ser\u00e1 transformado en templo adventista"}]},{"@type":"WebSite","@id":"https:\/\/interamerica.org\/es\/#website","url":"https:\/\/interamerica.org\/es\/","name":"Iglesia Adventista del S\u00e9ptimo D\u00eda - Divisi\u00f3n Interamericana","description":"","potentialAction":[{"@type":"SearchAction","target":{"@type":"EntryPoint","urlTemplate":"https:\/\/interamerica.org\/es\/?s={search_term_string}"},"query-input":{"@type":"PropertyValueSpecification","valueRequired":true,"valueName":"search_term_string"}}],"inLanguage":"es"},{"@type":"Person","@id":"https:\/\/interamerica.org\/es\/#\/schema\/person\/68ede8bdc292885bb76c1e3810e73c39","name":"Lorenzo Verduzco","image":{"@type":"ImageObject","inLanguage":"es","@id":"https:\/\/secure.gravatar.com\/avatar\/fb81a55b6218459490a9c1dc841a34909185b81904c5337b4b27f7a6fd60c49e?s=96&d=mm&r=g","url":"https:\/\/secure.gravatar.com\/avatar\/fb81a55b6218459490a9c1dc841a34909185b81904c5337b4b27f7a6fd60c49e?s=96&d=mm&r=g","contentUrl":"https:\/\/secure.gravatar.com\/avatar\/fb81a55b6218459490a9c1dc841a34909185b81904c5337b4b27f7a6fd60c49e?s=96&d=mm&r=g","caption":"Lorenzo Verduzco"}}]}},"_links":{"self":[{"href":"https:\/\/interamerica.org\/es\/wp-json\/wp\/v2\/posts\/10660","targetHints":{"allow":["GET"]}}],"collection":[{"href":"https:\/\/interamerica.org\/es\/wp-json\/wp\/v2\/posts"}],"about":[{"href":"https:\/\/interamerica.org\/es\/wp-json\/wp\/v2\/types\/post"}],"author":[{"embeddable":true,"href":"https:\/\/interamerica.org\/es\/wp-json\/wp\/v2\/users\/1"}],"replies":[{"embeddable":true,"href":"https:\/\/interamerica.org\/es\/wp-json\/wp\/v2\/comments?post=10660"}],"version-history":[{"count":0,"href":"https:\/\/interamerica.org\/es\/wp-json\/wp\/v2\/posts\/10660\/revisions"}],"wp:attachment":[{"href":"https:\/\/interamerica.org\/es\/wp-json\/wp\/v2\/media?parent=10660"}],"wp:term":[{"taxonomy":"category","embeddable":true,"href":"https:\/\/interamerica.org\/es\/wp-json\/wp\/v2\/categories?post=10660"},{"taxonomy":"post_tag","embeddable":true,"href":"https:\/\/interamerica.org\/es\/wp-json\/wp\/v2\/tags?post=10660"}],"curies":[{"name":"wp","href":"https:\/\/api.w.org\/{rel}","templated":true}]}}