{"id":106710,"date":"2023-11-24T19:58:14","date_gmt":"2023-11-25T00:58:14","guid":{"rendered":"https:\/\/interamerica.org\/?p=106710"},"modified":"2023-11-24T20:31:52","modified_gmt":"2023-11-25T01:31:52","slug":"el-servicio-del-santuario-y-la-justificacion-por-la-fe-2a-parte","status":"publish","type":"post","link":"https:\/\/interamerica.org\/es\/2023\/11\/el-servicio-del-santuario-y-la-justificacion-por-la-fe-2a-parte\/","title":{"rendered":"El servicio del Santuario y la justificaci\u00f3n por la fe, (2a Parte)"},"content":{"rendered":"<p>24 de noviembre del\u00a0 2023 | Silver Spring, Maryland, Estados Unidos | Ted N.C. Wilson, President de la Asociaci\u00f3n General de los Adventistas del S\u00e9ptimo D\u00eda<\/p>\n<p><span style=\"font-weight: 400;\">Hola amigos. Hoy, al considerar los desaf\u00edos que enfrenta la Iglesia Adventista, consideraremos m\u00e1s profundamente la pregunta: \u00ab\u00bfQu\u00e9 est\u00e1 haciendo Jes\u00fas en el cielo en este momento?\u00bb a medida que profundizamos en el servicio del santuario y la justicia por la fe. Esta creencia b\u00edblica se describe en nuestra Creencia Fundamental Adventista del S\u00e9ptimo D\u00eda #24, \u00abEl ministerio de Cristo en el Santuario Celestial\u00bb. Puede revisar esta creencia fundamental usted mismo visitando la URL que se muestra en la parte inferior de la pantalla [Insertar: adventist.org\/christs-ministry-in-the-heavenly-sanctuary\/].<\/span><span style=\"font-weight: 400;\">\u00a0<\/span><\/p>\n<p><span style=\"font-weight: 400;\">Al considerar esta pregunta, primero debemos preguntarnos: \u00ab\u00bfExiste realmente un santuario en el cielo?\u00bb \u00a1La respuesta es un s\u00ed rotundo!\u00bb La Biblia nos dice en <\/span><span style=\"font-weight: 400;\">Hebreos 8:2<\/span><span style=\"font-weight: 400;\"> que Jes\u00fas es <\/span><span style=\"font-weight: 400;\">\u00abministro del santuario, y de aquel verdadero tabern\u00e1culo que levant\u00f3 el Se\u00f1or, y no el hombre\u00bb.<\/span><span style=\"font-weight: 400;\"> Tambi\u00e9n hab\u00eda un santuario terrenal, que era <\/span><span style=\"font-weight: 400;\">\u00abfigura y sombra de las cosas celestiales\u00bb (Heb. 8:5).<\/span><span style=\"font-weight: 400;\"> Fue modelado seg\u00fan el santuario celestial que se le mostr\u00f3 a Mois\u00e9s para que pudi\u00e9ramos aprender sobre lo que sucede en el cielo. Como pueden ver, los diversos elementos del servicio del Santuario terrenal apuntaban al maravilloso don y obra de Cristo Jes\u00fas.<\/span><span style=\"font-weight: 400;\">\u00a0<\/span><\/p>\n<p><span style=\"font-weight: 400;\">Para comprender la obra de Cristo en el santuario celestial, es \u00fatil observar el santuario terrenal y la obra que all\u00ed se lleva a cabo.<\/span><\/p>\n<p><span style=\"font-weight: 400;\">El santuario terrenal estaba situado en medio del campamento de los israelitas, con un borde de tela que lo separaba del resto del campamento. Cuando uno entraba por la puerta abierta, llegaba al atrio, donde estaba ubicado el Altar del Holocausto. Aqu\u00ed se ofrec\u00edan los sacrificios de la ma\u00f1ana y de la tarde. Era el lugar donde la gente llevaba sus corderos para sacrificarlos por sus pecados. Todos los sacrificios apuntaban a Jes\u00fas, el Cordero perfecto. Este simbolismo se refuerza en el Nuevo Testamento, cuando Juan el Bautista vio a Jes\u00fas y clam\u00f3: <\/span><span style=\"font-weight: 400;\">\u00abHe aqu\u00ed el Cordero de Dios, que quita el pecado del mundo.\u201d (Juan 1:29).<\/span><\/p>\n<p><span style=\"font-weight: 400;\">En el patio del santuario terrenal estaba la fuente. Esta era una estaci\u00f3n de agua utilizada para la limpieza y purificaci\u00f3n de los sacerdotes.<\/span><\/p>\n<p><span style=\"font-weight: 400;\">En toda la Biblia, el agua se utiliza como s\u00edmbolo de vida y pureza. El ministerio de Jes\u00fas nos ofrece limpieza, sanaci\u00f3n y esperanza a trav\u00e9s de las aguas del bautismo, tal como or\u00f3 el salmista: \u00bb <\/span><span style=\"font-weight: 400;\">L\u00e1vame m\u00e1s y m\u00e1s de mi maldad, y l\u00edmpiame de mi pecado. \u00bb (Sal. 51:2).<\/span><\/p>\n<p><span style=\"font-weight: 400;\">El santuario terrenal en s\u00ed era una estructura especial parecida a una tienda de campa\u00f1a con dos compartimentos: el Lugar Santo y el Lugar Sant\u00edsimo. S\u00f3lo los sacerdotes pod\u00edan entrar al santuario.<\/span><\/p>\n<p><span style=\"font-weight: 400;\">Dentro del Lugar Santo hab\u00eda tres muebles. La Mesa de los Panes de la Proposici\u00f3n ten\u00eda dos pilas de pan, con seis panes en cada pila. Este pan se renovaba cada semana y simbolizaba a Jes\u00fas, que es \u00abel Pan de Vida\u00bb. Hoy, Cristo nos da este \u00abpan de vida\u00bb a trav\u00e9s de Su Palabra, la Biblia. \u00c9l dijo: <\/span><span style=\"font-weight: 400;\">\u00abNo solo de pan vivir\u00e1 el hombre, sino de toda palabra que sale de la boca de Dios.\u00bb (Mateo 4:4).<\/span><\/p>\n<p><span style=\"font-weight: 400;\">El segundo mueble era el Candelero de Oro. En este candelero hab\u00eda siete l\u00e1mparas, que siempre estaban llenas de aceite. Nuevamente, esto simbolizaba a Jes\u00fas, la <\/span><span style=\"font-weight: 400;\">\u00abLuz del mundo\u00bb (Juan 8:12).<\/span><span style=\"font-weight: 400;\"> Su ministerio nos trae alegr\u00eda y esperanza, y Su luz brilla a trav\u00e9s de nosotros para iluminar a los dem\u00e1s.<\/span><\/p>\n<p><span style=\"font-weight: 400;\">El Altar del Incienso estaba cerca del velo que separaba el Lugar Santo del Lugar Sant\u00edsimo. En este altar se quemaba incienso que llenaba el santuario de fragancia, representando las oraciones del pueblo de Dios. <\/span><span style=\"font-weight: 400;\">\u00abSuba mi oraci\u00f3n delante de ti como el incienso, el don de mis manos como la ofrenda de la tarde\u00bb<\/span><span style=\"font-weight: 400;\">, or\u00f3 David en el <\/span><span style=\"font-weight: 400;\">Salmo 141:2<\/span><span style=\"font-weight: 400;\">. Del otro lado del velo estaba la parte m\u00e1s sagrada del tabern\u00e1culo: el Lugar Sant\u00edsimo. En aquella peque\u00f1a habitaci\u00f3n s\u00f3lo hab\u00eda un mueble: el Arca del Pacto, tambi\u00e9n llamada Arca del Testimonio. Encima hab\u00eda dos \u00e1ngeles dorados, mirando hacia abajo desde ambos lados del arca, con las alas extendidas sobre la caja sagrada.<\/span><\/p>\n<p><span style=\"font-weight: 400;\">Dentro del arca estaban las dos tablas de piedra que conten\u00edan los Diez Mandamientos. La ley nos muestra la voluntad de Dios y nos ayuda a darnos cuenta de cu\u00e1nto lo necesitamos. En <\/span><span style=\"font-weight: 400;\">Salmos 19:7, 8<\/span><span style=\"font-weight: 400;\"> leemos: <\/span><span style=\"font-weight: 400;\">\u00abLa ley de Jehov\u00e1 es perfecta, que convierte el alma\u2026 El precepto de Jehov\u00e1 es puro, que alumbra los ojos\u00bb<\/span><span style=\"font-weight: 400;\">. El ministerio de Jes\u00fas en el Santuario celestial nos da sabidur\u00eda para ver por qu\u00e9 la humanidad necesita una ley fundamental que nos diga lo que est\u00e1 bien y lo que est\u00e1 mal.<\/span><\/p>\n<p><span style=\"font-weight: 400;\">Dentro del arca hab\u00eda tambi\u00e9n una vasija con man\u00e1, el alimento que Dios hizo llover desde el cielo para alimentar a los israelitas en el desierto. Este es un recordatorio de c\u00f3mo Dios promete cuidar de nosotros, incluso cuando nuestra situaci\u00f3n parezca imposible.<\/span><span style=\"font-weight: 400;\">\u00a0<\/span><\/p>\n<p><span style=\"font-weight: 400;\">Un elemento m\u00e1s dentro del arca fue la vara de Aar\u00f3n, que milagrosamente floreci\u00f3 cuando las tribus preguntaron a qui\u00e9n hab\u00eda elegido Dios para servir como sacerdotes, y Dios dio una respuesta muy clara.<\/span><\/p>\n<p><span style=\"font-weight: 400;\">Dios prometi\u00f3 que el Arca del Pacto ser\u00eda donde estar\u00eda Su presencia. <\/span><span style=\"font-weight: 400;\">\u00abY de all\u00ed me declarar\u00e9 a ti,\u00bb<\/span><span style=\"font-weight: 400;\"> le dijo Dios a Mois\u00e9s. <\/span><span style=\"font-weight: 400;\">\u00abhablar\u00e9 contigo de sobre el propiciatorio, de entre los dos querubines que est\u00e1n sobre el arca del testimonio.\u00bb (\u00c9xodo 25:22).<\/span><\/p>\n<p><span style=\"font-weight: 400;\">S\u00f3lo el Sumo Sacerdote pod\u00eda entrar al Lugar Sant\u00edsimo donde estaba la presencia de Dios. Esto suced\u00eda una vez al a\u00f1o, en el D\u00eda de la Expiaci\u00f3n, un d\u00eda solemne y muy importante para hacer <\/span><span style=\"font-weight: 400;\">\u00abexpiaci\u00f3n por el santuario santo\u201d (Lev\u00edtico 16:33)<\/span><span style=\"font-weight: 400;\">. Esto tambi\u00e9n se conoc\u00eda como \u00ablimpiar el santuario\u00bb, porque durante todo el a\u00f1o, los pecados del pueblo eran transferidos simb\u00f3licamente al santuario a trav\u00e9s de la sangre de los animales, pero en este d\u00eda, estos pecados eran limpiados del santuario. Esta limpieza del santuario tiene un significado prof\u00e9tico especial, como leemos en <\/span><span style=\"font-weight: 400;\">Daniel 8:13, 14: \u00abEntonces o\u00ed a un santo que hablaba; y otro de los santos pregunt\u00f3 a aquel que hablaba: \u00bfHasta cu\u00e1ndo durar\u00e1 la visi\u00f3n del continuo sacrificio, y la prevaricaci\u00f3n asoladora entregando el santuario y el ej\u00e9rcito para ser pisoteados? Y \u00e9l dijo: Hasta dos mil trescientas tardes y ma\u00f1anas; luego el santuario ser\u00e1 purificado\u00bb.<\/span><\/p>\n<p><span style=\"font-weight: 400;\">Este pasaje prof\u00e9tico est\u00e1 lleno de significado y, como veremos en nuestro pr\u00f3ximo video, est\u00e1 directamente relacionado con el ministerio de Cristo hoy en el santuario celestial.<\/span><\/p>\n<p><span style=\"font-weight: 400;\">Para terminar, demos gracias al Se\u00f1or por darnos un cuadro maravilloso de Su obra de redenci\u00f3n simbolizada en el santuario terrenal, y de la reconciliaci\u00f3n que ahora est\u00e1 teniendo lugar a trav\u00e9s de Su obra en el santuario celestial. Como dice <\/span><span style=\"font-weight: 400;\">Am\u00f3s 3:7: \u00abPorque no har\u00e1 nada Jehov\u00e1 el Se\u00f1or, sin que revele su secreto a sus siervos los profetas\u00bb.<\/span><\/p>\n<p><span style=\"font-weight: 400;\">Oremos juntos ahora mismo. Padre Celestial, muchas gracias por revelarnos con tanto detalle la magnificencia del poder de Cristo en nuestras vidas. \u00c9l es el pan de vida. \u00c9l es la luz del mundo. \u00c9l obra a trav\u00e9s de nosotros para limpiarnos de nuestros pecados. Y, Se\u00f1or, te damos gracias porque las oraciones llegan al Lugar Sant\u00edsimo y luego nos brindan una conexi\u00f3n directa con Dios a trav\u00e9s de nuestro Sumo Sacerdote, Cristo Jes\u00fas.<\/span><\/p>\n<p><span style=\"font-weight: 400;\">Gracias. Que has hecho una v\u00eda de escape para cada uno de nosotros. Gracias por el simbolismo del Servicio del Santuario. Gracias por ser nuestro Todo en todo, el Cordero perfecto inmolado, nuestro Sumo Sacerdote y nuestro Juez. Se\u00f1or, estamos muy agradecidos contigo. Gracias ahora por escucharnos. En el nombre de Jes\u00fas, lo pedimos. Am\u00e9n.<\/span><span style=\"font-weight: 400;\">\u00a0<\/span><\/p>\n<p><iframe title=\"Un mensaje del pastor Ted Wilson: El servicio del Santuario y la justificaci\u00f3n por la fe, (2a Parte)\" width=\"500\" height=\"281\" src=\"https:\/\/www.youtube.com\/embed\/7ca6LjiubJ4?feature=oembed\" frameborder=\"0\" allow=\"accelerometer; autoplay; clipboard-write; encrypted-media; gyroscope; picture-in-picture; web-share\" referrerpolicy=\"strict-origin-when-cross-origin\" allowfullscreen><\/iframe><\/p>\n","protected":false},"excerpt":{"rendered":"<p>24 de noviembre del\u00a0 2023 | Silver Spring, Maryland, Estados Unidos | Ted N.C. Wilson, President de la Asociaci\u00f3n General de los Adventistas del S\u00e9ptimo D\u00eda Hola amigos. Hoy, al&#8230;<\/p>\n","protected":false},"author":3,"featured_media":106708,"comment_status":"closed","ping_status":"closed","sticky":false,"template":"","format":"standard","meta":{"_acf_changed":false,"footnotes":""},"categories":[14,15],"tags":[],"class_list":["post-106710","post","type-post","status-publish","format-standard","has-post-thumbnail","hentry","category-de-la-iglesia-mundial","category-rss-espanol"],"acf":[],"yoast_head":"<!-- This site is optimized with the Yoast SEO plugin v27.3 - https:\/\/yoast.com\/product\/yoast-seo-wordpress\/ -->\n<title>El servicio del Santuario y la justificaci\u00f3n por la fe, (2a Parte) - Iglesia Adventista del S\u00e9ptimo D\u00eda - Divisi\u00f3n Interamericana<\/title>\n<meta name=\"robots\" content=\"index, follow, max-snippet:-1, max-image-preview:large, max-video-preview:-1\" \/>\n<link rel=\"canonical\" href=\"https:\/\/interamerica.org\/es\/2023\/11\/el-servicio-del-santuario-y-la-justificacion-por-la-fe-2a-parte\/\" \/>\n<meta property=\"og:locale\" content=\"es_ES\" \/>\n<meta property=\"og:type\" content=\"article\" \/>\n<meta property=\"og:title\" content=\"El servicio del Santuario y la justificaci\u00f3n por la fe, (2a Parte) - Iglesia Adventista del S\u00e9ptimo D\u00eda - Divisi\u00f3n Interamericana\" \/>\n<meta property=\"og:description\" content=\"24 de noviembre del\u00a0 2023 | Silver Spring, Maryland, Estados Unidos | Ted N.C. Wilson, President de la Asociaci\u00f3n General de los Adventistas del S\u00e9ptimo D\u00eda Hola amigos. Hoy, al...\" \/>\n<meta property=\"og:url\" content=\"https:\/\/interamerica.org\/es\/2023\/11\/el-servicio-del-santuario-y-la-justificacion-por-la-fe-2a-parte\/\" \/>\n<meta property=\"og:site_name\" content=\"Iglesia Adventista del S\u00e9ptimo D\u00eda - Divisi\u00f3n Interamericana\" \/>\n<meta property=\"article:published_time\" content=\"2023-11-25T00:58:14+00:00\" \/>\n<meta property=\"article:modified_time\" content=\"2023-11-25T01:31:52+00:00\" \/>\n<meta property=\"og:image\" content=\"https:\/\/interamerica.org\/wp-content\/uploads\/2023\/11\/the-sanctuary-service-and-righteousness-by-faith-part-2-es.jpg\" \/>\n\t<meta property=\"og:image:width\" content=\"1920\" \/>\n\t<meta property=\"og:image:height\" content=\"1080\" \/>\n\t<meta property=\"og:image:type\" content=\"image\/jpeg\" \/>\n<meta name=\"author\" content=\"libna\" \/>\n<meta name=\"twitter:card\" content=\"summary_large_image\" \/>\n<meta name=\"twitter:label1\" content=\"Escrito por\" \/>\n\t<meta name=\"twitter:data1\" content=\"libna\" \/>\n\t<meta name=\"twitter:label2\" content=\"Tiempo de lectura\" \/>\n\t<meta name=\"twitter:data2\" content=\"6 minutos\" \/>\n<script type=\"application\/ld+json\" class=\"yoast-schema-graph\">{\"@context\":\"https:\\\/\\\/schema.org\",\"@graph\":[{\"@type\":\"Article\",\"@id\":\"https:\\\/\\\/interamerica.org\\\/es\\\/2023\\\/11\\\/el-servicio-del-santuario-y-la-justificacion-por-la-fe-2a-parte\\\/#article\",\"isPartOf\":{\"@id\":\"https:\\\/\\\/interamerica.org\\\/es\\\/2023\\\/11\\\/el-servicio-del-santuario-y-la-justificacion-por-la-fe-2a-parte\\\/\"},\"author\":{\"name\":\"libna\",\"@id\":\"https:\\\/\\\/interamerica.org\\\/es\\\/#\\\/schema\\\/person\\\/29998f2bc2d8bd0d38662909289b54f1\"},\"headline\":\"El servicio del Santuario y la justificaci\u00f3n por la fe, (2a Parte)\",\"datePublished\":\"2023-11-25T00:58:14+00:00\",\"dateModified\":\"2023-11-25T01:31:52+00:00\",\"mainEntityOfPage\":{\"@id\":\"https:\\\/\\\/interamerica.org\\\/es\\\/2023\\\/11\\\/el-servicio-del-santuario-y-la-justificacion-por-la-fe-2a-parte\\\/\"},\"wordCount\":1399,\"image\":{\"@id\":\"https:\\\/\\\/interamerica.org\\\/es\\\/2023\\\/11\\\/el-servicio-del-santuario-y-la-justificacion-por-la-fe-2a-parte\\\/#primaryimage\"},\"thumbnailUrl\":\"https:\\\/\\\/interamerica.org\\\/wp-content\\\/uploads\\\/2023\\\/11\\\/the-sanctuary-service-and-righteousness-by-faith-part-2-es.jpg\",\"articleSection\":[\"Desde la iglesia mundial\",\"RSS Espa\u00f1ol\"],\"inLanguage\":\"es\"},{\"@type\":\"WebPage\",\"@id\":\"https:\\\/\\\/interamerica.org\\\/es\\\/2023\\\/11\\\/el-servicio-del-santuario-y-la-justificacion-por-la-fe-2a-parte\\\/\",\"url\":\"https:\\\/\\\/interamerica.org\\\/es\\\/2023\\\/11\\\/el-servicio-del-santuario-y-la-justificacion-por-la-fe-2a-parte\\\/\",\"name\":\"El servicio del Santuario y la justificaci\u00f3n por la fe, (2a Parte) - Iglesia Adventista del S\u00e9ptimo D\u00eda - Divisi\u00f3n Interamericana\",\"isPartOf\":{\"@id\":\"https:\\\/\\\/interamerica.org\\\/es\\\/#website\"},\"primaryImageOfPage\":{\"@id\":\"https:\\\/\\\/interamerica.org\\\/es\\\/2023\\\/11\\\/el-servicio-del-santuario-y-la-justificacion-por-la-fe-2a-parte\\\/#primaryimage\"},\"image\":{\"@id\":\"https:\\\/\\\/interamerica.org\\\/es\\\/2023\\\/11\\\/el-servicio-del-santuario-y-la-justificacion-por-la-fe-2a-parte\\\/#primaryimage\"},\"thumbnailUrl\":\"https:\\\/\\\/interamerica.org\\\/wp-content\\\/uploads\\\/2023\\\/11\\\/the-sanctuary-service-and-righteousness-by-faith-part-2-es.jpg\",\"datePublished\":\"2023-11-25T00:58:14+00:00\",\"dateModified\":\"2023-11-25T01:31:52+00:00\",\"author\":{\"@id\":\"https:\\\/\\\/interamerica.org\\\/es\\\/#\\\/schema\\\/person\\\/29998f2bc2d8bd0d38662909289b54f1\"},\"breadcrumb\":{\"@id\":\"https:\\\/\\\/interamerica.org\\\/es\\\/2023\\\/11\\\/el-servicio-del-santuario-y-la-justificacion-por-la-fe-2a-parte\\\/#breadcrumb\"},\"inLanguage\":\"es\",\"potentialAction\":[{\"@type\":\"ReadAction\",\"target\":[\"https:\\\/\\\/interamerica.org\\\/es\\\/2023\\\/11\\\/el-servicio-del-santuario-y-la-justificacion-por-la-fe-2a-parte\\\/\"]}]},{\"@type\":\"ImageObject\",\"inLanguage\":\"es\",\"@id\":\"https:\\\/\\\/interamerica.org\\\/es\\\/2023\\\/11\\\/el-servicio-del-santuario-y-la-justificacion-por-la-fe-2a-parte\\\/#primaryimage\",\"url\":\"https:\\\/\\\/interamerica.org\\\/wp-content\\\/uploads\\\/2023\\\/11\\\/the-sanctuary-service-and-righteousness-by-faith-part-2-es.jpg\",\"contentUrl\":\"https:\\\/\\\/interamerica.org\\\/wp-content\\\/uploads\\\/2023\\\/11\\\/the-sanctuary-service-and-righteousness-by-faith-part-2-es.jpg\",\"width\":1920,\"height\":1080},{\"@type\":\"BreadcrumbList\",\"@id\":\"https:\\\/\\\/interamerica.org\\\/es\\\/2023\\\/11\\\/el-servicio-del-santuario-y-la-justificacion-por-la-fe-2a-parte\\\/#breadcrumb\",\"itemListElement\":[{\"@type\":\"ListItem\",\"position\":1,\"name\":\"Home\",\"item\":\"https:\\\/\\\/interamerica.org\\\/es\\\/\"},{\"@type\":\"ListItem\",\"position\":2,\"name\":\"El servicio del Santuario y la justificaci\u00f3n por la fe, (2a Parte)\"}]},{\"@type\":\"WebSite\",\"@id\":\"https:\\\/\\\/interamerica.org\\\/es\\\/#website\",\"url\":\"https:\\\/\\\/interamerica.org\\\/es\\\/\",\"name\":\"Iglesia Adventista del S\u00e9ptimo D\u00eda - Divisi\u00f3n Interamericana\",\"description\":\"\",\"potentialAction\":[{\"@type\":\"SearchAction\",\"target\":{\"@type\":\"EntryPoint\",\"urlTemplate\":\"https:\\\/\\\/interamerica.org\\\/es\\\/?s={search_term_string}\"},\"query-input\":{\"@type\":\"PropertyValueSpecification\",\"valueRequired\":true,\"valueName\":\"search_term_string\"}}],\"inLanguage\":\"es\"},{\"@type\":\"Person\",\"@id\":\"https:\\\/\\\/interamerica.org\\\/es\\\/#\\\/schema\\\/person\\\/29998f2bc2d8bd0d38662909289b54f1\",\"name\":\"libna\",\"image\":{\"@type\":\"ImageObject\",\"inLanguage\":\"es\",\"@id\":\"https:\\\/\\\/secure.gravatar.com\\\/avatar\\\/7c5bd30ae4b47a9ba3c856590957fd1d96dc588bf3ac05719d247e126840331f?s=96&d=mm&r=g\",\"url\":\"https:\\\/\\\/secure.gravatar.com\\\/avatar\\\/7c5bd30ae4b47a9ba3c856590957fd1d96dc588bf3ac05719d247e126840331f?s=96&d=mm&r=g\",\"contentUrl\":\"https:\\\/\\\/secure.gravatar.com\\\/avatar\\\/7c5bd30ae4b47a9ba3c856590957fd1d96dc588bf3ac05719d247e126840331f?s=96&d=mm&r=g\",\"caption\":\"libna\"}}]}<\/script>\n<!-- \/ Yoast SEO plugin. -->","yoast_head_json":{"title":"El servicio del Santuario y la justificaci\u00f3n por la fe, (2a Parte) - Iglesia Adventista del S\u00e9ptimo D\u00eda - Divisi\u00f3n Interamericana","robots":{"index":"index","follow":"follow","max-snippet":"max-snippet:-1","max-image-preview":"max-image-preview:large","max-video-preview":"max-video-preview:-1"},"canonical":"https:\/\/interamerica.org\/es\/2023\/11\/el-servicio-del-santuario-y-la-justificacion-por-la-fe-2a-parte\/","og_locale":"es_ES","og_type":"article","og_title":"El servicio del Santuario y la justificaci\u00f3n por la fe, (2a Parte) - Iglesia Adventista del S\u00e9ptimo D\u00eda - Divisi\u00f3n Interamericana","og_description":"24 de noviembre del\u00a0 2023 | Silver Spring, Maryland, Estados Unidos | Ted N.C. Wilson, President de la Asociaci\u00f3n General de los Adventistas del S\u00e9ptimo D\u00eda Hola amigos. Hoy, al...","og_url":"https:\/\/interamerica.org\/es\/2023\/11\/el-servicio-del-santuario-y-la-justificacion-por-la-fe-2a-parte\/","og_site_name":"Iglesia Adventista del S\u00e9ptimo D\u00eda - Divisi\u00f3n Interamericana","article_published_time":"2023-11-25T00:58:14+00:00","article_modified_time":"2023-11-25T01:31:52+00:00","og_image":[{"width":1920,"height":1080,"url":"https:\/\/interamerica.org\/wp-content\/uploads\/2023\/11\/the-sanctuary-service-and-righteousness-by-faith-part-2-es.jpg","type":"image\/jpeg"}],"author":"libna","twitter_card":"summary_large_image","twitter_misc":{"Escrito por":"libna","Tiempo de lectura":"6 minutos"},"schema":{"@context":"https:\/\/schema.org","@graph":[{"@type":"Article","@id":"https:\/\/interamerica.org\/es\/2023\/11\/el-servicio-del-santuario-y-la-justificacion-por-la-fe-2a-parte\/#article","isPartOf":{"@id":"https:\/\/interamerica.org\/es\/2023\/11\/el-servicio-del-santuario-y-la-justificacion-por-la-fe-2a-parte\/"},"author":{"name":"libna","@id":"https:\/\/interamerica.org\/es\/#\/schema\/person\/29998f2bc2d8bd0d38662909289b54f1"},"headline":"El servicio del Santuario y la justificaci\u00f3n por la fe, (2a Parte)","datePublished":"2023-11-25T00:58:14+00:00","dateModified":"2023-11-25T01:31:52+00:00","mainEntityOfPage":{"@id":"https:\/\/interamerica.org\/es\/2023\/11\/el-servicio-del-santuario-y-la-justificacion-por-la-fe-2a-parte\/"},"wordCount":1399,"image":{"@id":"https:\/\/interamerica.org\/es\/2023\/11\/el-servicio-del-santuario-y-la-justificacion-por-la-fe-2a-parte\/#primaryimage"},"thumbnailUrl":"https:\/\/interamerica.org\/wp-content\/uploads\/2023\/11\/the-sanctuary-service-and-righteousness-by-faith-part-2-es.jpg","articleSection":["Desde la iglesia mundial","RSS Espa\u00f1ol"],"inLanguage":"es"},{"@type":"WebPage","@id":"https:\/\/interamerica.org\/es\/2023\/11\/el-servicio-del-santuario-y-la-justificacion-por-la-fe-2a-parte\/","url":"https:\/\/interamerica.org\/es\/2023\/11\/el-servicio-del-santuario-y-la-justificacion-por-la-fe-2a-parte\/","name":"El servicio del Santuario y la justificaci\u00f3n por la fe, (2a Parte) - Iglesia Adventista del S\u00e9ptimo D\u00eda - Divisi\u00f3n Interamericana","isPartOf":{"@id":"https:\/\/interamerica.org\/es\/#website"},"primaryImageOfPage":{"@id":"https:\/\/interamerica.org\/es\/2023\/11\/el-servicio-del-santuario-y-la-justificacion-por-la-fe-2a-parte\/#primaryimage"},"image":{"@id":"https:\/\/interamerica.org\/es\/2023\/11\/el-servicio-del-santuario-y-la-justificacion-por-la-fe-2a-parte\/#primaryimage"},"thumbnailUrl":"https:\/\/interamerica.org\/wp-content\/uploads\/2023\/11\/the-sanctuary-service-and-righteousness-by-faith-part-2-es.jpg","datePublished":"2023-11-25T00:58:14+00:00","dateModified":"2023-11-25T01:31:52+00:00","author":{"@id":"https:\/\/interamerica.org\/es\/#\/schema\/person\/29998f2bc2d8bd0d38662909289b54f1"},"breadcrumb":{"@id":"https:\/\/interamerica.org\/es\/2023\/11\/el-servicio-del-santuario-y-la-justificacion-por-la-fe-2a-parte\/#breadcrumb"},"inLanguage":"es","potentialAction":[{"@type":"ReadAction","target":["https:\/\/interamerica.org\/es\/2023\/11\/el-servicio-del-santuario-y-la-justificacion-por-la-fe-2a-parte\/"]}]},{"@type":"ImageObject","inLanguage":"es","@id":"https:\/\/interamerica.org\/es\/2023\/11\/el-servicio-del-santuario-y-la-justificacion-por-la-fe-2a-parte\/#primaryimage","url":"https:\/\/interamerica.org\/wp-content\/uploads\/2023\/11\/the-sanctuary-service-and-righteousness-by-faith-part-2-es.jpg","contentUrl":"https:\/\/interamerica.org\/wp-content\/uploads\/2023\/11\/the-sanctuary-service-and-righteousness-by-faith-part-2-es.jpg","width":1920,"height":1080},{"@type":"BreadcrumbList","@id":"https:\/\/interamerica.org\/es\/2023\/11\/el-servicio-del-santuario-y-la-justificacion-por-la-fe-2a-parte\/#breadcrumb","itemListElement":[{"@type":"ListItem","position":1,"name":"Home","item":"https:\/\/interamerica.org\/es\/"},{"@type":"ListItem","position":2,"name":"El servicio del Santuario y la justificaci\u00f3n por la fe, (2a Parte)"}]},{"@type":"WebSite","@id":"https:\/\/interamerica.org\/es\/#website","url":"https:\/\/interamerica.org\/es\/","name":"Iglesia Adventista del S\u00e9ptimo D\u00eda - Divisi\u00f3n Interamericana","description":"","potentialAction":[{"@type":"SearchAction","target":{"@type":"EntryPoint","urlTemplate":"https:\/\/interamerica.org\/es\/?s={search_term_string}"},"query-input":{"@type":"PropertyValueSpecification","valueRequired":true,"valueName":"search_term_string"}}],"inLanguage":"es"},{"@type":"Person","@id":"https:\/\/interamerica.org\/es\/#\/schema\/person\/29998f2bc2d8bd0d38662909289b54f1","name":"libna","image":{"@type":"ImageObject","inLanguage":"es","@id":"https:\/\/secure.gravatar.com\/avatar\/7c5bd30ae4b47a9ba3c856590957fd1d96dc588bf3ac05719d247e126840331f?s=96&d=mm&r=g","url":"https:\/\/secure.gravatar.com\/avatar\/7c5bd30ae4b47a9ba3c856590957fd1d96dc588bf3ac05719d247e126840331f?s=96&d=mm&r=g","contentUrl":"https:\/\/secure.gravatar.com\/avatar\/7c5bd30ae4b47a9ba3c856590957fd1d96dc588bf3ac05719d247e126840331f?s=96&d=mm&r=g","caption":"libna"}}]}},"_links":{"self":[{"href":"https:\/\/interamerica.org\/es\/wp-json\/wp\/v2\/posts\/106710","targetHints":{"allow":["GET"]}}],"collection":[{"href":"https:\/\/interamerica.org\/es\/wp-json\/wp\/v2\/posts"}],"about":[{"href":"https:\/\/interamerica.org\/es\/wp-json\/wp\/v2\/types\/post"}],"author":[{"embeddable":true,"href":"https:\/\/interamerica.org\/es\/wp-json\/wp\/v2\/users\/3"}],"replies":[{"embeddable":true,"href":"https:\/\/interamerica.org\/es\/wp-json\/wp\/v2\/comments?post=106710"}],"version-history":[{"count":0,"href":"https:\/\/interamerica.org\/es\/wp-json\/wp\/v2\/posts\/106710\/revisions"}],"wp:featuredmedia":[{"embeddable":true,"href":"https:\/\/interamerica.org\/es\/wp-json\/wp\/v2\/media\/106708"}],"wp:attachment":[{"href":"https:\/\/interamerica.org\/es\/wp-json\/wp\/v2\/media?parent=106710"}],"wp:term":[{"taxonomy":"category","embeddable":true,"href":"https:\/\/interamerica.org\/es\/wp-json\/wp\/v2\/categories?post=106710"},{"taxonomy":"post_tag","embeddable":true,"href":"https:\/\/interamerica.org\/es\/wp-json\/wp\/v2\/tags?post=106710"}],"curies":[{"name":"wp","href":"https:\/\/api.w.org\/{rel}","templated":true}]}}