{"id":10675,"date":"2006-02-01T00:00:00","date_gmt":"2006-02-01T04:00:00","guid":{"rendered":"http:\/\/192.81.217.108\/interamerica\/2006\/02\/liderazgo-reflexiones-de-damas-lideres\/"},"modified":"2017-06-02T09:15:14","modified_gmt":"2017-06-02T13:15:14","slug":"liderazgo-reflexiones-de-damas-lideres","status":"publish","type":"post","link":"https:\/\/interamerica.org\/es\/2006\/02\/liderazgo-reflexiones-de-damas-lideres\/","title":{"rendered":"Liderazgo: Reflexiones de Damas\u00a0L\u00edderes"},"content":{"rendered":"<p><em>1 de febrero, 2006 <\/em>Silver Spring, Maryland, Estados Unidos &#8230;. [Taashi Rowe\/ANN]<\/p>\n<p><strong>Considere la mujer en el liderazgo<\/strong>. <\/p>\n<p>Rose Otis ten\u00eda 12 a\u00f1os cuando Velma Bevins, la joven esposa de un pastor, vino a vivir a su pueblo en Michigan.<\/p>\n<p>\u00abPara m\u00ed ella era lo m\u00e1ximo de una mujer cristiana completa. Era una mujer tan genial\u00bb, afirm\u00f3 Otis. \u00abCantaba y hablaba en p\u00fablico. Era la primera mujer que que yo quer\u00eda imitar. Siempre la vi como alguien que abri\u00f3 mis ojos para ser una mujer de influencia en la iglesia adventista.<\/p>\n<p>Para Otis, y muchas otras como ella, Velma era t\u00eda, amiga de la familia, maestra en el estudio de la Biblia, o directora de coro que punteaba el ejemplo del liderazgo femenino.  Hoy, como l\u00edderes de la iglesia Adventista del S\u00e9ptimo D\u00eda y sus organizaciones afiliadas, cinco mujeres comparten con ANN sus experiencias a trav\u00e9s del sendero hacia estas posiciones, sus opiniones sobre las mujeres dirigentes en la iglesia, y consejos para las jovencitas que anhelan trabajar para la iglesia.<\/p>\n<p><strong>La Pionera<\/strong><\/p>\n<p>Con el tiempo, Otis se desarroll\u00f3 para servir a la iglesia adventista en varias posiciones que eran primero para las mujeres.  Fue la primera directora de Ministerios de la Mujer para la iglesia adventista a nivel mundial. Luego se convirti\u00f3 en la primera mujer vicepresidenta para la iglesia en Estados Unidos.  Como primera directora de Ministerios de la Mujer, Otis pas\u00f3 seis a\u00f1os colocando la base para el departamento.<\/p>\n<p>\u00abTrat\u00e9 de demostrar c\u00f3mo la mujer puede realmente realzar la iglesia, c\u00f3mo muchos talentos y dones no eran utilizados por no incluir a la mujer, y c\u00f3mo estos pueden ser utilizados si s\u00f3lo animamos m\u00e1s a la mujer\u00bb, expres\u00f3 ella.  \u00abVi muchos cambios en las actitudes desde que estuve all\u00ed. Tener programas del Ministerio de la Mujer, ha sacado a las mujeres de las bancas para organizar iniciativas desde los niveles locales hasta las oficinas de las regiones mundiales\u00bb.   <\/p>\n<p><strong>La administradora<\/strong><\/p>\n<p>Como presidenta y directora ejecutiva del Hospital Adventista de Santa Helena en California, JoAline Olson est\u00e1 muy al tanto de lo que en realidad significa ser una de las pocas mujeres en los altos escalones de una organizaci\u00f3n. <\/p>\n<p>Dice que ella y su esposo tratan de ense\u00f1ar a sus dos hijas adolescentes que la vida no est\u00e1 limitada por el g\u00e9nero.<\/p>\n<p>\u00abEl mundo est\u00e1 cambiando\u00bb, dijo ella.  \u00abHay m\u00e1s y m\u00e1s mujeres convirti\u00e9ndose en directoras ejecutivas de hospitales\u00bb.<\/p>\n<p>\u00abPero adem\u00e1s, es importante para la mujer ejercer liderazgo doquiera est\u00e9\u00bb, continu\u00f3.  \u00abEl liderazgo no es s\u00f3lo para ciertas posiciones definidas.  Dirige donde est\u00e9s, dirige en la escuela sab\u00e1tica de la iglesia local o como diaconisa.  Algunas de las personas de mayor influencia son aquellas que est\u00e1n en esos roles no oficiales\u00bb.<\/p>\n<p><strong> La Defensora<\/strong><\/p>\n<p>La carrera de liderazgo de Heather-Dawn Small comenz\u00f3 cuando fue nombrada para ense\u00f1ar la clase de Jard\u00edn de Infantes de su iglesia local.  Ten\u00eda s\u00f3lo 12 a\u00f1os.  Despu\u00e9s de a\u00f1os de ejercer progresivamente m\u00e1s responsabilidad en la iglesia, tom\u00f3 la decisi\u00f3n en su primer a\u00f1o universitario, de convertirse en pastora.  Pero fue en 1977, y resid\u00eda en la isla caribe\u00f1a de Trinidad donde fue forzada a abandonar la teolog\u00eda.<\/p>\n<p>\u00abPara ese tiempo la mujer que estudiaba teolog\u00eda pod\u00eda solamente ser obrera b\u00edblica, y yo segu\u00eda pensando que no era justo porque para ser obrera b\u00edblica usted solamente necesita un grado de Asociado, pero, un grado en Teolog\u00eda significa cuatro a\u00f1os universitarios\u00bb, recordaba ella.<\/p>\n<p>Small decidi\u00f3 que jam\u00e1s desear\u00eda trabajar para la iglesia de otra vez.  Sin embargo, aqu\u00ed est\u00e1 ella en el 2006, sirviendo como directora del Ministerio de la Mujer para la iglesia mundial.<\/p>\n<p>\u00ab<em>El Se\u00f1or me llam\u00f3 y no pude decir no\u00bb<\/em>, explic\u00f3.  En este rol, Small trabaja con mujeres de todo el mundo, ayud\u00e1ndoles a encontrar formas para contribuir significativamente a sus iglesias.  Ella anima a la mujer adventista a utilizar sus  talentos en su totalidad, provee capacitaci\u00f3n en liderazgo y materiales de recurso, y trabaja de cerca con los administradores de la iglesia para ense\u00f1ar c\u00f3mo los programas del Ministerio de la Mujer pueden complementar y apoyar los programas existentes de la iglesia.<\/p>\n<p>\u00abEl mayor obst\u00e1culo para aceptar a la mujer como l\u00edderes es nuestra mentalidad\u00bb, dijo Small.  \u00abNecesitamos un cambio de mentalidad para que cuando pensamos en liderazgo, no pensemos autom\u00e1ticamente en hombres.  Necesitamos enmarcar nuestra forma de pensar en un marco nuevo que incluya las mujeres\u00bb.<\/p>\n<p>Ella a\u00f1adi\u00f3, \u00abCuando fue elegida la primera mujer vicepresidenta, yo me sorprend\u00ed grandemente.  Estaba euf\u00f3rica y s\u00faper contenta.  Definitivamente pienso que es un paso en la direcci\u00f3n correcta porque lo que sucede en los niveles altos de la iglesia se filtra hacia abajo\u00bb. <\/p>\n<p><strong>La Vicepresidenta<\/strong><\/p>\n<p>Reflexionando en su hist\u00f3rico nombramiento como la primera vicepresidenta para la iglesia adventista mundial, la Dra. Ella Simmons expres\u00f3 que son se\u00f1ales reales de esperanza para cambios.<\/p>\n<p>\u00abJam\u00e1s pens\u00e9 en llegar a la iglesia mundial y ocupar esta posici\u00f3n. Yo esperaba que ocurrieran ciertos cambios, pero jam\u00e1s pens\u00e9 que \u00e9stos me incluyeran a mi\u00bb, dijo Simmons.<\/p>\n<p>\u00abTenemos que estar dispuestas a aceptar responsabilidad cuando se trata de una posici\u00f3n fuera de nuestra zona de comodidad, o no tendremos derecho a hablar contra la injusticia\u00bb, dijo ella.<\/p>\n<p><strong>La Educadora<\/strong><\/p>\n<p>La Dra. Myrna Costa, presidenta de la Universidad Adventista Antillana en Puerto Rico, concuerda.  Tambi\u00e9n advierte a otras mujeres que aspiran al liderazgo a asegurarse que Dios va adelante guiando.<\/p>\n<p>\u00abComo yo veo el problema es que, muchas mujeres quieren abrir sus propias puertas, y es entonces cuando fracasan.  Abren sus propias puertas y cuando fracasan, culpan el sistema o a otros, pero, nunca a nosotras mismas.  Mi consejo: s\u00e9 humilde, prep\u00e1rate acad\u00e9mica, profesionalmente y obt\u00e9n suficiente experiencia, luego realiza una labor eficiente&#8230; se abrir\u00e1n puertas y se ofrecer\u00e1n oportunidades. Creo que si Dios quiere que ocupemos posiciones, \u00c9l abrir\u00e1 las puertas\u00bb, concluy\u00f3 ella.<\/p>\n<p><strong>Derechos reservados (R) 2006 por Red de Noticias Adventistas (ANN)<\/strong><\/p><\/p>\n","protected":false},"excerpt":{"rendered":"<p>Considere a las mujeres en liderazgo.<\/p>\n","protected":false},"author":1,"featured_media":0,"comment_status":"closed","ping_status":"closed","sticky":false,"template":"","format":"standard","meta":{"_acf_changed":false,"footnotes":""},"categories":[8],"tags":[],"class_list":["post-10675","post","type-post","status-publish","format-standard","hentry","category-archivo"],"acf":[],"yoast_head":"<!-- This site is optimized with the Yoast SEO plugin v27.3 - https:\/\/yoast.com\/product\/yoast-seo-wordpress\/ -->\n<title>Liderazgo: Reflexiones de Damas\u00a0L\u00edderes - Iglesia Adventista del S\u00e9ptimo D\u00eda - Divisi\u00f3n Interamericana<\/title>\n<meta name=\"robots\" content=\"index, follow, max-snippet:-1, max-image-preview:large, max-video-preview:-1\" \/>\n<link rel=\"canonical\" href=\"https:\/\/interamerica.org\/es\/2006\/02\/liderazgo-reflexiones-de-damas-lideres\/\" \/>\n<meta property=\"og:locale\" content=\"es_ES\" \/>\n<meta property=\"og:type\" content=\"article\" \/>\n<meta property=\"og:title\" content=\"Liderazgo: Reflexiones de Damas\u00a0L\u00edderes - Iglesia Adventista del S\u00e9ptimo D\u00eda - Divisi\u00f3n Interamericana\" \/>\n<meta property=\"og:description\" content=\"Considere a las mujeres en liderazgo.\" \/>\n<meta property=\"og:url\" content=\"https:\/\/interamerica.org\/es\/2006\/02\/liderazgo-reflexiones-de-damas-lideres\/\" \/>\n<meta property=\"og:site_name\" content=\"Iglesia Adventista del S\u00e9ptimo D\u00eda - Divisi\u00f3n Interamericana\" \/>\n<meta property=\"article:published_time\" content=\"2006-02-01T04:00:00+00:00\" \/>\n<meta property=\"article:modified_time\" content=\"2017-06-02T13:15:14+00:00\" \/>\n<meta name=\"author\" content=\"Lorenzo Verduzco\" \/>\n<meta name=\"twitter:card\" content=\"summary_large_image\" \/>\n<meta name=\"twitter:label1\" content=\"Escrito por\" \/>\n\t<meta name=\"twitter:data1\" content=\"Lorenzo Verduzco\" \/>\n\t<meta name=\"twitter:label2\" content=\"Tiempo de lectura\" \/>\n\t<meta name=\"twitter:data2\" content=\"5 minutos\" \/>\n<script type=\"application\/ld+json\" class=\"yoast-schema-graph\">{\"@context\":\"https:\\\/\\\/schema.org\",\"@graph\":[{\"@type\":\"Article\",\"@id\":\"https:\\\/\\\/interamerica.org\\\/es\\\/2006\\\/02\\\/liderazgo-reflexiones-de-damas-lideres\\\/#article\",\"isPartOf\":{\"@id\":\"https:\\\/\\\/interamerica.org\\\/es\\\/2006\\\/02\\\/liderazgo-reflexiones-de-damas-lideres\\\/\"},\"author\":{\"name\":\"Lorenzo Verduzco\",\"@id\":\"https:\\\/\\\/interamerica.org\\\/es\\\/#\\\/schema\\\/person\\\/68ede8bdc292885bb76c1e3810e73c39\"},\"headline\":\"Liderazgo: Reflexiones de Damas\u00a0L\u00edderes\",\"datePublished\":\"2006-02-01T04:00:00+00:00\",\"dateModified\":\"2017-06-02T13:15:14+00:00\",\"mainEntityOfPage\":{\"@id\":\"https:\\\/\\\/interamerica.org\\\/es\\\/2006\\\/02\\\/liderazgo-reflexiones-de-damas-lideres\\\/\"},\"wordCount\":1046,\"articleSection\":[\"Archivo\"],\"inLanguage\":\"es\"},{\"@type\":\"WebPage\",\"@id\":\"https:\\\/\\\/interamerica.org\\\/es\\\/2006\\\/02\\\/liderazgo-reflexiones-de-damas-lideres\\\/\",\"url\":\"https:\\\/\\\/interamerica.org\\\/es\\\/2006\\\/02\\\/liderazgo-reflexiones-de-damas-lideres\\\/\",\"name\":\"Liderazgo: Reflexiones de Damas\u00a0L\u00edderes - Iglesia Adventista del S\u00e9ptimo D\u00eda - Divisi\u00f3n Interamericana\",\"isPartOf\":{\"@id\":\"https:\\\/\\\/interamerica.org\\\/es\\\/#website\"},\"datePublished\":\"2006-02-01T04:00:00+00:00\",\"dateModified\":\"2017-06-02T13:15:14+00:00\",\"author\":{\"@id\":\"https:\\\/\\\/interamerica.org\\\/es\\\/#\\\/schema\\\/person\\\/68ede8bdc292885bb76c1e3810e73c39\"},\"breadcrumb\":{\"@id\":\"https:\\\/\\\/interamerica.org\\\/es\\\/2006\\\/02\\\/liderazgo-reflexiones-de-damas-lideres\\\/#breadcrumb\"},\"inLanguage\":\"es\",\"potentialAction\":[{\"@type\":\"ReadAction\",\"target\":[\"https:\\\/\\\/interamerica.org\\\/es\\\/2006\\\/02\\\/liderazgo-reflexiones-de-damas-lideres\\\/\"]}]},{\"@type\":\"BreadcrumbList\",\"@id\":\"https:\\\/\\\/interamerica.org\\\/es\\\/2006\\\/02\\\/liderazgo-reflexiones-de-damas-lideres\\\/#breadcrumb\",\"itemListElement\":[{\"@type\":\"ListItem\",\"position\":1,\"name\":\"Home\",\"item\":\"https:\\\/\\\/interamerica.org\\\/es\\\/\"},{\"@type\":\"ListItem\",\"position\":2,\"name\":\"Liderazgo: Reflexiones de Damas\u00a0L\u00edderes\"}]},{\"@type\":\"WebSite\",\"@id\":\"https:\\\/\\\/interamerica.org\\\/es\\\/#website\",\"url\":\"https:\\\/\\\/interamerica.org\\\/es\\\/\",\"name\":\"Iglesia Adventista del S\u00e9ptimo D\u00eda - Divisi\u00f3n Interamericana\",\"description\":\"\",\"potentialAction\":[{\"@type\":\"SearchAction\",\"target\":{\"@type\":\"EntryPoint\",\"urlTemplate\":\"https:\\\/\\\/interamerica.org\\\/es\\\/?s={search_term_string}\"},\"query-input\":{\"@type\":\"PropertyValueSpecification\",\"valueRequired\":true,\"valueName\":\"search_term_string\"}}],\"inLanguage\":\"es\"},{\"@type\":\"Person\",\"@id\":\"https:\\\/\\\/interamerica.org\\\/es\\\/#\\\/schema\\\/person\\\/68ede8bdc292885bb76c1e3810e73c39\",\"name\":\"Lorenzo Verduzco\",\"image\":{\"@type\":\"ImageObject\",\"inLanguage\":\"es\",\"@id\":\"https:\\\/\\\/secure.gravatar.com\\\/avatar\\\/fb81a55b6218459490a9c1dc841a34909185b81904c5337b4b27f7a6fd60c49e?s=96&d=mm&r=g\",\"url\":\"https:\\\/\\\/secure.gravatar.com\\\/avatar\\\/fb81a55b6218459490a9c1dc841a34909185b81904c5337b4b27f7a6fd60c49e?s=96&d=mm&r=g\",\"contentUrl\":\"https:\\\/\\\/secure.gravatar.com\\\/avatar\\\/fb81a55b6218459490a9c1dc841a34909185b81904c5337b4b27f7a6fd60c49e?s=96&d=mm&r=g\",\"caption\":\"Lorenzo Verduzco\"}}]}<\/script>\n<!-- \/ Yoast SEO plugin. -->","yoast_head_json":{"title":"Liderazgo: Reflexiones de Damas\u00a0L\u00edderes - Iglesia Adventista del S\u00e9ptimo D\u00eda - Divisi\u00f3n Interamericana","robots":{"index":"index","follow":"follow","max-snippet":"max-snippet:-1","max-image-preview":"max-image-preview:large","max-video-preview":"max-video-preview:-1"},"canonical":"https:\/\/interamerica.org\/es\/2006\/02\/liderazgo-reflexiones-de-damas-lideres\/","og_locale":"es_ES","og_type":"article","og_title":"Liderazgo: Reflexiones de Damas\u00a0L\u00edderes - Iglesia Adventista del S\u00e9ptimo D\u00eda - Divisi\u00f3n Interamericana","og_description":"Considere a las mujeres en liderazgo.","og_url":"https:\/\/interamerica.org\/es\/2006\/02\/liderazgo-reflexiones-de-damas-lideres\/","og_site_name":"Iglesia Adventista del S\u00e9ptimo D\u00eda - Divisi\u00f3n Interamericana","article_published_time":"2006-02-01T04:00:00+00:00","article_modified_time":"2017-06-02T13:15:14+00:00","author":"Lorenzo Verduzco","twitter_card":"summary_large_image","twitter_misc":{"Escrito por":"Lorenzo Verduzco","Tiempo de lectura":"5 minutos"},"schema":{"@context":"https:\/\/schema.org","@graph":[{"@type":"Article","@id":"https:\/\/interamerica.org\/es\/2006\/02\/liderazgo-reflexiones-de-damas-lideres\/#article","isPartOf":{"@id":"https:\/\/interamerica.org\/es\/2006\/02\/liderazgo-reflexiones-de-damas-lideres\/"},"author":{"name":"Lorenzo Verduzco","@id":"https:\/\/interamerica.org\/es\/#\/schema\/person\/68ede8bdc292885bb76c1e3810e73c39"},"headline":"Liderazgo: Reflexiones de Damas\u00a0L\u00edderes","datePublished":"2006-02-01T04:00:00+00:00","dateModified":"2017-06-02T13:15:14+00:00","mainEntityOfPage":{"@id":"https:\/\/interamerica.org\/es\/2006\/02\/liderazgo-reflexiones-de-damas-lideres\/"},"wordCount":1046,"articleSection":["Archivo"],"inLanguage":"es"},{"@type":"WebPage","@id":"https:\/\/interamerica.org\/es\/2006\/02\/liderazgo-reflexiones-de-damas-lideres\/","url":"https:\/\/interamerica.org\/es\/2006\/02\/liderazgo-reflexiones-de-damas-lideres\/","name":"Liderazgo: Reflexiones de Damas\u00a0L\u00edderes - Iglesia Adventista del S\u00e9ptimo D\u00eda - Divisi\u00f3n Interamericana","isPartOf":{"@id":"https:\/\/interamerica.org\/es\/#website"},"datePublished":"2006-02-01T04:00:00+00:00","dateModified":"2017-06-02T13:15:14+00:00","author":{"@id":"https:\/\/interamerica.org\/es\/#\/schema\/person\/68ede8bdc292885bb76c1e3810e73c39"},"breadcrumb":{"@id":"https:\/\/interamerica.org\/es\/2006\/02\/liderazgo-reflexiones-de-damas-lideres\/#breadcrumb"},"inLanguage":"es","potentialAction":[{"@type":"ReadAction","target":["https:\/\/interamerica.org\/es\/2006\/02\/liderazgo-reflexiones-de-damas-lideres\/"]}]},{"@type":"BreadcrumbList","@id":"https:\/\/interamerica.org\/es\/2006\/02\/liderazgo-reflexiones-de-damas-lideres\/#breadcrumb","itemListElement":[{"@type":"ListItem","position":1,"name":"Home","item":"https:\/\/interamerica.org\/es\/"},{"@type":"ListItem","position":2,"name":"Liderazgo: Reflexiones de Damas\u00a0L\u00edderes"}]},{"@type":"WebSite","@id":"https:\/\/interamerica.org\/es\/#website","url":"https:\/\/interamerica.org\/es\/","name":"Iglesia Adventista del S\u00e9ptimo D\u00eda - Divisi\u00f3n Interamericana","description":"","potentialAction":[{"@type":"SearchAction","target":{"@type":"EntryPoint","urlTemplate":"https:\/\/interamerica.org\/es\/?s={search_term_string}"},"query-input":{"@type":"PropertyValueSpecification","valueRequired":true,"valueName":"search_term_string"}}],"inLanguage":"es"},{"@type":"Person","@id":"https:\/\/interamerica.org\/es\/#\/schema\/person\/68ede8bdc292885bb76c1e3810e73c39","name":"Lorenzo Verduzco","image":{"@type":"ImageObject","inLanguage":"es","@id":"https:\/\/secure.gravatar.com\/avatar\/fb81a55b6218459490a9c1dc841a34909185b81904c5337b4b27f7a6fd60c49e?s=96&d=mm&r=g","url":"https:\/\/secure.gravatar.com\/avatar\/fb81a55b6218459490a9c1dc841a34909185b81904c5337b4b27f7a6fd60c49e?s=96&d=mm&r=g","contentUrl":"https:\/\/secure.gravatar.com\/avatar\/fb81a55b6218459490a9c1dc841a34909185b81904c5337b4b27f7a6fd60c49e?s=96&d=mm&r=g","caption":"Lorenzo Verduzco"}}]}},"_links":{"self":[{"href":"https:\/\/interamerica.org\/es\/wp-json\/wp\/v2\/posts\/10675","targetHints":{"allow":["GET"]}}],"collection":[{"href":"https:\/\/interamerica.org\/es\/wp-json\/wp\/v2\/posts"}],"about":[{"href":"https:\/\/interamerica.org\/es\/wp-json\/wp\/v2\/types\/post"}],"author":[{"embeddable":true,"href":"https:\/\/interamerica.org\/es\/wp-json\/wp\/v2\/users\/1"}],"replies":[{"embeddable":true,"href":"https:\/\/interamerica.org\/es\/wp-json\/wp\/v2\/comments?post=10675"}],"version-history":[{"count":0,"href":"https:\/\/interamerica.org\/es\/wp-json\/wp\/v2\/posts\/10675\/revisions"}],"wp:attachment":[{"href":"https:\/\/interamerica.org\/es\/wp-json\/wp\/v2\/media?parent=10675"}],"wp:term":[{"taxonomy":"category","embeddable":true,"href":"https:\/\/interamerica.org\/es\/wp-json\/wp\/v2\/categories?post=10675"},{"taxonomy":"post_tag","embeddable":true,"href":"https:\/\/interamerica.org\/es\/wp-json\/wp\/v2\/tags?post=10675"}],"curies":[{"name":"wp","href":"https:\/\/api.w.org\/{rel}","templated":true}]}}