{"id":10685,"date":"2006-02-14T00:00:00","date_gmt":"2006-02-14T04:00:00","guid":{"rendered":"http:\/\/192.81.217.108\/interamerica\/2006\/02\/alemania-jovenes-y-adultos-adventistas-camptan-la-vision-de-evangelismo-por-la-internet\/"},"modified":"2017-06-02T09:15:08","modified_gmt":"2017-06-02T13:15:08","slug":"alemania-jovenes-y-adultos-adventistas-camptan-la-vision-de-evangelismo-por-la-internet","status":"publish","type":"post","link":"https:\/\/interamerica.org\/es\/2006\/02\/alemania-jovenes-y-adultos-adventistas-camptan-la-vision-de-evangelismo-por-la-internet\/","title":{"rendered":"Alemania: J\u00f3venes y Adultos Adventistas Camptan la Visi\u00f3n de Evangelismo por la Internet"},"content":{"rendered":"<p>Muehlenrahmede,\u00a0Alemania &#8230;. [Personal de ANN\/DSA]<\/p>\n<p>Si ten\u00edan\u00a012 a\u00f1os de edad,\u00a0u 87, vinieron desde\u00a0Polon\u00eda, Luxemburgo, Swiza, Austria y la Rep\u00fablica Checa al foro D\u00e9cimo Primero de STA en l\u00ednea en\u00a0Muehlenrahmede, Alemania del 9 al 12 de febrero. <\/p>\n<p>\u00bfEl tema?\u00a0 \u201c\u00a1Misionero!\u201d, con el prop\u00f3sito de capacitarse para el ministerio de la Internet.\u00a0 Algunas de las deliberaciones se enfocaron alrededor de formas como utilizar transmisiones \u00abpod\u00bb y\u00a0la Internet para Decid al Mundo (Tell the\u00a0World), una iniciativa mundial de la iglesia que abarca diversas formas de evangelizar.<\/p>\n<p>\u00a0<\/p>\n<p>Desde su inicio hace 11 a\u00f1os, la organizaci\u00f3n STA en l\u00ednea y sus reuniones anuales han sido una de las iglesias adventistas pioneras en el uso de estas nuevas tecnolog\u00edas.<\/p>\n<p>Una de los participantes en la reuni\u00f3n fue Karel Nowak, que dirige\u00a0comunicaci\u00f3n en la regi\u00f3n de la iglesia Euro-Africana\u00a0 expres\u00f3 que los asistentes a las reuniones representaron a \u201cmiembros de iglesia que est\u00e1n comprometidos con ministerio por la Internet\u201d,\u00a0 y que su objetivo es \u201cmejorar la misi\u00f3n de la iglesia por\u00a0v\u00eda de la Internet\u201d.<\/p>\n<p>\u201cEste foro provee\u00a0una oportunidad maravillosa a los miembros de iglesia que est\u00e1n dedicados al Ministerio de la Internet a no s\u00f3lo disfrutar de la inspiraci\u00f3n de tal evento, pero para mejorar la misi\u00f3n de la iglesia v\u00eda la Internet\u201d, dijo Nowak.<\/p>\n<p>\u201cEs alentador ver tanta asistencia este a\u00f1o\u201d, dijo el presidente de STA en l\u00ednea, Martin Haase.<\/p>\n<p>La participante Hedi Jaeger se\u00f1al\u00f3, \u201cEstoy agradecida de haber asistido.\u00a0 Me gusta aprender m\u00e1s acerca de c\u00f3mo realizar contactos misioneros en las sesiones de charla de Internet\u201d.<\/p>\n<p>Stephan G. Brass, vicpresidente de STA\u00a0en l\u00ednea, expres\u00f3 que el foro une \u201cgente para que se conozcan, compartan y se involucren en el aspecto misionero con la extraordinaria herramienta que est\u00e1 desarroll\u00e1ndose tan r\u00e1pidamente\u201d. <\/p>\n<p>Al principio de este a\u00f1o, intereses similares fueron presentados durante la reuni\u00f3n anual en Las Vegas, Nevada, del Comit\u00e9 de Tecnolog\u00eda ASI de Servicios e Industrias de Laicos Adventistas en la regi\u00f3n de Norte Am\u00e9rica de la iglesia.\u00a0 Los asistentes recomendaron darle seguimiento a \u201cevangelizar uno-a-uno en las sesiones de charlas por la Internet, y en las comunicaciones de Mensajes Instant\u00e1neos\u201d.\u00a0 El comit\u00e9 expres\u00f3 el deseo de emplear \u201cevangelistas de la Internet u obreros instructores b\u00edblicos de la Internet\u201d, de acuerdo a Dan Houghton, jefe del grupo ASI. <\/p>\n<p>Durante la reuni\u00f3n del 9 de enero, el grupo recomend\u00f3 que el pr\u00f3ximo foro internacional anual de la Red Evangelismo Global en la Internet\u00a0 [Visite: <a  href=\"http:\/\/gien.adventist.org\/\">http:\/\/gien.adventist.org\/<\/a>],\u00a0 planificada para el 31 de agosto al 3 de septiembre en San Diego, California, discuta el desarrollo de una forma de c\u00f3mo \u201ccapacitar personas a realizar evangelismo por la Internet, incluyendo correspondencia por email, estudios b\u00edblicos y sesiones de charlas en l\u00ednea.\u00a0\u00a0 <\/p>\n<p><strong>Derechos reservados (c) 2006 Red de Noticias Adventistas<\/strong>.<\/p>\n","protected":false},"excerpt":{"rendered":"<p>Si ten\u00edan 12 a\u00f1os de edad, u 87, vinieron desde Polon\u00eda, Luxemburgo, Swiza, Austria y la Rep\u00fablica Checa al foro D\u00e9cimo Primero de STA en l\u00ednea en Muehlenrahmede, Alemania del 9 al 12 de febrero.<\/p>\n","protected":false},"author":1,"featured_media":0,"comment_status":"closed","ping_status":"closed","sticky":false,"template":"","format":"standard","meta":{"_acf_changed":false,"footnotes":""},"categories":[8],"tags":[],"class_list":["post-10685","post","type-post","status-publish","format-standard","hentry","category-archivo"],"acf":[],"yoast_head":"<!-- This site is optimized with the Yoast SEO plugin v27.3 - https:\/\/yoast.com\/product\/yoast-seo-wordpress\/ -->\n<title>Alemania: J\u00f3venes y Adultos Adventistas Camptan la Visi\u00f3n de Evangelismo por la Internet - Iglesia Adventista del S\u00e9ptimo D\u00eda - Divisi\u00f3n Interamericana<\/title>\n<meta name=\"robots\" content=\"index, follow, max-snippet:-1, max-image-preview:large, max-video-preview:-1\" \/>\n<link rel=\"canonical\" href=\"https:\/\/interamerica.org\/es\/2006\/02\/alemania-jovenes-y-adultos-adventistas-camptan-la-vision-de-evangelismo-por-la-internet\/\" \/>\n<meta property=\"og:locale\" content=\"es_ES\" \/>\n<meta property=\"og:type\" content=\"article\" \/>\n<meta property=\"og:title\" content=\"Alemania: J\u00f3venes y Adultos Adventistas Camptan la Visi\u00f3n de Evangelismo por la Internet - Iglesia Adventista del S\u00e9ptimo D\u00eda - Divisi\u00f3n Interamericana\" \/>\n<meta property=\"og:description\" content=\"Si ten\u00edan 12 a\u00f1os de edad, u 87, vinieron desde Polon\u00eda, Luxemburgo, Swiza, Austria y la Rep\u00fablica Checa al foro D\u00e9cimo Primero de STA en l\u00ednea en Muehlenrahmede, Alemania del 9 al 12 de febrero.\" \/>\n<meta property=\"og:url\" content=\"https:\/\/interamerica.org\/es\/2006\/02\/alemania-jovenes-y-adultos-adventistas-camptan-la-vision-de-evangelismo-por-la-internet\/\" \/>\n<meta property=\"og:site_name\" content=\"Iglesia Adventista del S\u00e9ptimo D\u00eda - Divisi\u00f3n Interamericana\" \/>\n<meta property=\"article:published_time\" content=\"2006-02-14T04:00:00+00:00\" \/>\n<meta property=\"article:modified_time\" content=\"2017-06-02T13:15:08+00:00\" \/>\n<meta name=\"author\" content=\"Lorenzo Verduzco\" \/>\n<meta name=\"twitter:card\" content=\"summary_large_image\" \/>\n<meta name=\"twitter:label1\" content=\"Escrito por\" \/>\n\t<meta name=\"twitter:data1\" content=\"Lorenzo Verduzco\" \/>\n\t<meta name=\"twitter:label2\" content=\"Tiempo de lectura\" \/>\n\t<meta name=\"twitter:data2\" content=\"2 minutos\" \/>\n<script type=\"application\/ld+json\" class=\"yoast-schema-graph\">{\"@context\":\"https:\\\/\\\/schema.org\",\"@graph\":[{\"@type\":\"Article\",\"@id\":\"https:\\\/\\\/interamerica.org\\\/es\\\/2006\\\/02\\\/alemania-jovenes-y-adultos-adventistas-camptan-la-vision-de-evangelismo-por-la-internet\\\/#article\",\"isPartOf\":{\"@id\":\"https:\\\/\\\/interamerica.org\\\/es\\\/2006\\\/02\\\/alemania-jovenes-y-adultos-adventistas-camptan-la-vision-de-evangelismo-por-la-internet\\\/\"},\"author\":{\"name\":\"Lorenzo Verduzco\",\"@id\":\"https:\\\/\\\/interamerica.org\\\/es\\\/#\\\/schema\\\/person\\\/68ede8bdc292885bb76c1e3810e73c39\"},\"headline\":\"Alemania: J\u00f3venes y Adultos Adventistas Camptan la Visi\u00f3n de Evangelismo por la Internet\",\"datePublished\":\"2006-02-14T04:00:00+00:00\",\"dateModified\":\"2017-06-02T13:15:08+00:00\",\"mainEntityOfPage\":{\"@id\":\"https:\\\/\\\/interamerica.org\\\/es\\\/2006\\\/02\\\/alemania-jovenes-y-adultos-adventistas-camptan-la-vision-de-evangelismo-por-la-internet\\\/\"},\"wordCount\":511,\"articleSection\":[\"Archivo\"],\"inLanguage\":\"es\"},{\"@type\":\"WebPage\",\"@id\":\"https:\\\/\\\/interamerica.org\\\/es\\\/2006\\\/02\\\/alemania-jovenes-y-adultos-adventistas-camptan-la-vision-de-evangelismo-por-la-internet\\\/\",\"url\":\"https:\\\/\\\/interamerica.org\\\/es\\\/2006\\\/02\\\/alemania-jovenes-y-adultos-adventistas-camptan-la-vision-de-evangelismo-por-la-internet\\\/\",\"name\":\"Alemania: J\u00f3venes y Adultos Adventistas Camptan la Visi\u00f3n de Evangelismo por la Internet - Iglesia Adventista del S\u00e9ptimo D\u00eda - Divisi\u00f3n Interamericana\",\"isPartOf\":{\"@id\":\"https:\\\/\\\/interamerica.org\\\/es\\\/#website\"},\"datePublished\":\"2006-02-14T04:00:00+00:00\",\"dateModified\":\"2017-06-02T13:15:08+00:00\",\"author\":{\"@id\":\"https:\\\/\\\/interamerica.org\\\/es\\\/#\\\/schema\\\/person\\\/68ede8bdc292885bb76c1e3810e73c39\"},\"breadcrumb\":{\"@id\":\"https:\\\/\\\/interamerica.org\\\/es\\\/2006\\\/02\\\/alemania-jovenes-y-adultos-adventistas-camptan-la-vision-de-evangelismo-por-la-internet\\\/#breadcrumb\"},\"inLanguage\":\"es\",\"potentialAction\":[{\"@type\":\"ReadAction\",\"target\":[\"https:\\\/\\\/interamerica.org\\\/es\\\/2006\\\/02\\\/alemania-jovenes-y-adultos-adventistas-camptan-la-vision-de-evangelismo-por-la-internet\\\/\"]}]},{\"@type\":\"BreadcrumbList\",\"@id\":\"https:\\\/\\\/interamerica.org\\\/es\\\/2006\\\/02\\\/alemania-jovenes-y-adultos-adventistas-camptan-la-vision-de-evangelismo-por-la-internet\\\/#breadcrumb\",\"itemListElement\":[{\"@type\":\"ListItem\",\"position\":1,\"name\":\"Home\",\"item\":\"https:\\\/\\\/interamerica.org\\\/es\\\/\"},{\"@type\":\"ListItem\",\"position\":2,\"name\":\"Alemania: J\u00f3venes y Adultos Adventistas Camptan la Visi\u00f3n de Evangelismo por la Internet\"}]},{\"@type\":\"WebSite\",\"@id\":\"https:\\\/\\\/interamerica.org\\\/es\\\/#website\",\"url\":\"https:\\\/\\\/interamerica.org\\\/es\\\/\",\"name\":\"Iglesia Adventista del S\u00e9ptimo D\u00eda - Divisi\u00f3n Interamericana\",\"description\":\"\",\"potentialAction\":[{\"@type\":\"SearchAction\",\"target\":{\"@type\":\"EntryPoint\",\"urlTemplate\":\"https:\\\/\\\/interamerica.org\\\/es\\\/?s={search_term_string}\"},\"query-input\":{\"@type\":\"PropertyValueSpecification\",\"valueRequired\":true,\"valueName\":\"search_term_string\"}}],\"inLanguage\":\"es\"},{\"@type\":\"Person\",\"@id\":\"https:\\\/\\\/interamerica.org\\\/es\\\/#\\\/schema\\\/person\\\/68ede8bdc292885bb76c1e3810e73c39\",\"name\":\"Lorenzo Verduzco\",\"image\":{\"@type\":\"ImageObject\",\"inLanguage\":\"es\",\"@id\":\"https:\\\/\\\/secure.gravatar.com\\\/avatar\\\/fb81a55b6218459490a9c1dc841a34909185b81904c5337b4b27f7a6fd60c49e?s=96&d=mm&r=g\",\"url\":\"https:\\\/\\\/secure.gravatar.com\\\/avatar\\\/fb81a55b6218459490a9c1dc841a34909185b81904c5337b4b27f7a6fd60c49e?s=96&d=mm&r=g\",\"contentUrl\":\"https:\\\/\\\/secure.gravatar.com\\\/avatar\\\/fb81a55b6218459490a9c1dc841a34909185b81904c5337b4b27f7a6fd60c49e?s=96&d=mm&r=g\",\"caption\":\"Lorenzo Verduzco\"}}]}<\/script>\n<!-- \/ Yoast SEO plugin. -->","yoast_head_json":{"title":"Alemania: J\u00f3venes y Adultos Adventistas Camptan la Visi\u00f3n de Evangelismo por la Internet - Iglesia Adventista del S\u00e9ptimo D\u00eda - Divisi\u00f3n Interamericana","robots":{"index":"index","follow":"follow","max-snippet":"max-snippet:-1","max-image-preview":"max-image-preview:large","max-video-preview":"max-video-preview:-1"},"canonical":"https:\/\/interamerica.org\/es\/2006\/02\/alemania-jovenes-y-adultos-adventistas-camptan-la-vision-de-evangelismo-por-la-internet\/","og_locale":"es_ES","og_type":"article","og_title":"Alemania: J\u00f3venes y Adultos Adventistas Camptan la Visi\u00f3n de Evangelismo por la Internet - Iglesia Adventista del S\u00e9ptimo D\u00eda - Divisi\u00f3n Interamericana","og_description":"Si ten\u00edan 12 a\u00f1os de edad, u 87, vinieron desde Polon\u00eda, Luxemburgo, Swiza, Austria y la Rep\u00fablica Checa al foro D\u00e9cimo Primero de STA en l\u00ednea en Muehlenrahmede, Alemania del 9 al 12 de febrero.","og_url":"https:\/\/interamerica.org\/es\/2006\/02\/alemania-jovenes-y-adultos-adventistas-camptan-la-vision-de-evangelismo-por-la-internet\/","og_site_name":"Iglesia Adventista del S\u00e9ptimo D\u00eda - Divisi\u00f3n Interamericana","article_published_time":"2006-02-14T04:00:00+00:00","article_modified_time":"2017-06-02T13:15:08+00:00","author":"Lorenzo Verduzco","twitter_card":"summary_large_image","twitter_misc":{"Escrito por":"Lorenzo Verduzco","Tiempo de lectura":"2 minutos"},"schema":{"@context":"https:\/\/schema.org","@graph":[{"@type":"Article","@id":"https:\/\/interamerica.org\/es\/2006\/02\/alemania-jovenes-y-adultos-adventistas-camptan-la-vision-de-evangelismo-por-la-internet\/#article","isPartOf":{"@id":"https:\/\/interamerica.org\/es\/2006\/02\/alemania-jovenes-y-adultos-adventistas-camptan-la-vision-de-evangelismo-por-la-internet\/"},"author":{"name":"Lorenzo Verduzco","@id":"https:\/\/interamerica.org\/es\/#\/schema\/person\/68ede8bdc292885bb76c1e3810e73c39"},"headline":"Alemania: J\u00f3venes y Adultos Adventistas Camptan la Visi\u00f3n de Evangelismo por la Internet","datePublished":"2006-02-14T04:00:00+00:00","dateModified":"2017-06-02T13:15:08+00:00","mainEntityOfPage":{"@id":"https:\/\/interamerica.org\/es\/2006\/02\/alemania-jovenes-y-adultos-adventistas-camptan-la-vision-de-evangelismo-por-la-internet\/"},"wordCount":511,"articleSection":["Archivo"],"inLanguage":"es"},{"@type":"WebPage","@id":"https:\/\/interamerica.org\/es\/2006\/02\/alemania-jovenes-y-adultos-adventistas-camptan-la-vision-de-evangelismo-por-la-internet\/","url":"https:\/\/interamerica.org\/es\/2006\/02\/alemania-jovenes-y-adultos-adventistas-camptan-la-vision-de-evangelismo-por-la-internet\/","name":"Alemania: J\u00f3venes y Adultos Adventistas Camptan la Visi\u00f3n de Evangelismo por la Internet - Iglesia Adventista del S\u00e9ptimo D\u00eda - Divisi\u00f3n Interamericana","isPartOf":{"@id":"https:\/\/interamerica.org\/es\/#website"},"datePublished":"2006-02-14T04:00:00+00:00","dateModified":"2017-06-02T13:15:08+00:00","author":{"@id":"https:\/\/interamerica.org\/es\/#\/schema\/person\/68ede8bdc292885bb76c1e3810e73c39"},"breadcrumb":{"@id":"https:\/\/interamerica.org\/es\/2006\/02\/alemania-jovenes-y-adultos-adventistas-camptan-la-vision-de-evangelismo-por-la-internet\/#breadcrumb"},"inLanguage":"es","potentialAction":[{"@type":"ReadAction","target":["https:\/\/interamerica.org\/es\/2006\/02\/alemania-jovenes-y-adultos-adventistas-camptan-la-vision-de-evangelismo-por-la-internet\/"]}]},{"@type":"BreadcrumbList","@id":"https:\/\/interamerica.org\/es\/2006\/02\/alemania-jovenes-y-adultos-adventistas-camptan-la-vision-de-evangelismo-por-la-internet\/#breadcrumb","itemListElement":[{"@type":"ListItem","position":1,"name":"Home","item":"https:\/\/interamerica.org\/es\/"},{"@type":"ListItem","position":2,"name":"Alemania: J\u00f3venes y Adultos Adventistas Camptan la Visi\u00f3n de Evangelismo por la Internet"}]},{"@type":"WebSite","@id":"https:\/\/interamerica.org\/es\/#website","url":"https:\/\/interamerica.org\/es\/","name":"Iglesia Adventista del S\u00e9ptimo D\u00eda - Divisi\u00f3n Interamericana","description":"","potentialAction":[{"@type":"SearchAction","target":{"@type":"EntryPoint","urlTemplate":"https:\/\/interamerica.org\/es\/?s={search_term_string}"},"query-input":{"@type":"PropertyValueSpecification","valueRequired":true,"valueName":"search_term_string"}}],"inLanguage":"es"},{"@type":"Person","@id":"https:\/\/interamerica.org\/es\/#\/schema\/person\/68ede8bdc292885bb76c1e3810e73c39","name":"Lorenzo Verduzco","image":{"@type":"ImageObject","inLanguage":"es","@id":"https:\/\/secure.gravatar.com\/avatar\/fb81a55b6218459490a9c1dc841a34909185b81904c5337b4b27f7a6fd60c49e?s=96&d=mm&r=g","url":"https:\/\/secure.gravatar.com\/avatar\/fb81a55b6218459490a9c1dc841a34909185b81904c5337b4b27f7a6fd60c49e?s=96&d=mm&r=g","contentUrl":"https:\/\/secure.gravatar.com\/avatar\/fb81a55b6218459490a9c1dc841a34909185b81904c5337b4b27f7a6fd60c49e?s=96&d=mm&r=g","caption":"Lorenzo Verduzco"}}]}},"_links":{"self":[{"href":"https:\/\/interamerica.org\/es\/wp-json\/wp\/v2\/posts\/10685","targetHints":{"allow":["GET"]}}],"collection":[{"href":"https:\/\/interamerica.org\/es\/wp-json\/wp\/v2\/posts"}],"about":[{"href":"https:\/\/interamerica.org\/es\/wp-json\/wp\/v2\/types\/post"}],"author":[{"embeddable":true,"href":"https:\/\/interamerica.org\/es\/wp-json\/wp\/v2\/users\/1"}],"replies":[{"embeddable":true,"href":"https:\/\/interamerica.org\/es\/wp-json\/wp\/v2\/comments?post=10685"}],"version-history":[{"count":0,"href":"https:\/\/interamerica.org\/es\/wp-json\/wp\/v2\/posts\/10685\/revisions"}],"wp:attachment":[{"href":"https:\/\/interamerica.org\/es\/wp-json\/wp\/v2\/media?parent=10685"}],"wp:term":[{"taxonomy":"category","embeddable":true,"href":"https:\/\/interamerica.org\/es\/wp-json\/wp\/v2\/categories?post=10685"},{"taxonomy":"post_tag","embeddable":true,"href":"https:\/\/interamerica.org\/es\/wp-json\/wp\/v2\/tags?post=10685"}],"curies":[{"name":"wp","href":"https:\/\/api.w.org\/{rel}","templated":true}]}}