{"id":10686,"date":"2006-02-23T00:00:00","date_gmt":"2006-02-23T04:00:00","guid":{"rendered":"http:\/\/192.81.217.108\/interamerica\/2006\/02\/articulo-de-ann-investigador-adventista-le-sigue-la-pista-a-la-pobreza-recomienda-soluciones\/"},"modified":"2017-06-02T09:15:06","modified_gmt":"2017-06-02T13:15:06","slug":"articulo-de-ann-investigador-adventista-le-sigue-la-pista-a-la-pobreza-recomienda-soluciones","status":"publish","type":"post","link":"https:\/\/interamerica.org\/es\/2006\/02\/articulo-de-ann-investigador-adventista-le-sigue-la-pista-a-la-pobreza-recomienda-soluciones\/","title":{"rendered":"Art\u00edculo de ANN: Investigador Adventista le Sigue la Pista a la Pobreza, Recomienda Soluciones"},"content":{"rendered":"<p>Baltimore, Marylando, Estados Unidos &#8230; [Wendi Rogers\/ANN]<\/p>\n<p>\u00bfC\u00f3mo define uno la pobreza?\u00a0 \u00bfExiste en los pa\u00edses occidentales tanto como en los Estados Unidos?\u00a0 Este es tan s\u00f3lo uno de los temas que el Dr. Gilbert Burnham, un prominente investigador, profesor y director del Centro de Respuesta para Refugiados y Desastres en la Universidad Johns Hopkins en Batimore, Marylnad investiga.\u00a0 El centro, el cual inici\u00f3 en 1998, investiga el sistema de salud de pa\u00edses en particular &#8212; formandose un juicio sobre como esos sistemas han sido da\u00f1ados y como organizaciones no gubernamentales han respondido.<\/p>\n<p>Con sus constantes viajes, \u00bfhasta d\u00f3nde ve el Dr. Burnham que est\u00e1 llegando la pobreza en el mundo?\u00a0 \u00abPienso que las Metas de Desarrollo del Milenio de las Naciones Unidas son un buen comienzo para intentar establecer prioridades&#8230; cuando consideramos que en los Estados Unidos\u00a0se busca\u00a0que nazcan ni\u00f1os ahora con una expectativa de vida de 100 a\u00f1os, mientras que en muchas otras partes del mundo, la expectativa de vida est\u00e1 abajo de los 40 a\u00f1os, nos demuestra que hay una brecha entre los pa\u00edses ricos y los pa\u00edses pobres.\u00bb<\/p>\n<p>Esto afecta a la Iglesia Adventista, dice el Dr. Burnham, un miembro de la Iglesia Adventista del S\u00e9ptimo D\u00eda Sligo en Takoma Park, Maryland, porque dentro de la iglesia, la mayor\u00eda de miembros vive en pa\u00edses en v\u00edas desarrollo.\u00a0 \u00abEs aqui donde pienso que la iglesia no ha explotado de lleno su capacidad de reforzar las vidas y los estilos de vida de las personas en sus diversas comunidades.\u00a0 Porque cuando se llega a eso, a pesar de haber pol\u00edticas nacionales, programas nacionales y m\u00e1s, mucho de lo que se hace para mejorar la vida se hace a nivel de la comunidad.\u00a0 Es aqu\u00ed donde la iglesia tiene gran capacidad dentro de las oraganizaciones comunitarias&#8230; y no creo que se hayan utilizado del todo.\u00bb<\/p>\n<p>\u00c9l agrega, sin embargo, que la \u00abiglesia puede estar orgullosa del trabajo que ADRA [Agencia de Desarrollo y Recusos Adventistas] ha hecho.\u00bb<\/p>\n<p>El Dr. Burnham, quien ha sido recientemente nombrado como director asistente del departamento de Ministerios de la Salud de la iglesia Adventista mundial, llama a la definici\u00f3n de la pobreza un \u00abnegocio enga\u00f1oso\u00bb.\u00a0 El Banco Mundial define los niveles de pobreza en los pa\u00edses de desarrollo\u00a0en los que viven con menos de dos d\u00f3lares al d\u00eda, explica el Dr. Bunham.\u00a0 \u00abSi usted viviera con menos de un d\u00f3lar al d\u00eda est\u00e1 viviendo en pobreza extrema.\u00a0 Si usamos ese criterio, miremos a los Palestinos en Gaza y el Banco del Oeste donde el 60 porciento est\u00e1 en la zona de probreza.\u00bb<\/p>\n<p>\u00bfY qu\u00e9 de Estados Unidos, un pa\u00eds\u00a0donde algunos se les hace dif\u00edcil imaginar\u00a0bolsillos de pobreza?\u00a0 \u00abSe torna un poco m\u00e1s dif\u00edcil.\u00a0 Tratamos de establecer una canasta b\u00e1scia que apoye la sobrevivencia.\u00a0 Pienso que el hurac\u00e1n Katrina expuso muy claro profundos bolsillos de pobreza en este pa\u00eds.\u00a0 En los \u00faltimos meses han habido cerca de tres millones m\u00e1s de estadounidenses que se agregaron a la lista de personas viviendo en la pobreza que antes.\u00a0 As\u00ed que por un lado tenemos el incremento de ingresos de capital, especialmente en grupos de ingresos m\u00e1s altos, y tenemos personas en lo m\u00e1s bajo quienes claramente la est\u00e1n pasando peor que hace 10 o 15 a\u00f1os.\u00bb<\/p>\n<p>La salud de la poblaci\u00f3n y las necesidades en conjunto de asistencia probablemente dependen m\u00e1s de las diferencias de la poblaci\u00f3n (la brecha entre los ricos y los pobres), dice \u00e9l, que de sumas absolutas.<\/p>\n<p>Con todas las malas noticias que el Dr. Burnham ve a su alrededor, \u00bfpodr\u00eda haber alguna esperanza? \u00abHay muchas buenas noticias de hecho,\u00bb dice \u00e9l.\u00a0 Por ejemplo, \u00abTenemos muchas m\u00e1s maneras efectivas de controlar la malaria&#8230; tenemos herramientas, habilidades, experiencia comprobada.\u00a0 Hemos visto funcionar dram\u00e1ticamente todo esto&#8230; sabemos que podemos reducir la muerte infantil.\u00bb<\/p>\n<p>Su equipo no est\u00e1 buscando alg\u00fan \u00abpresupuesto m\u00e1gico\u00bb, explica, pero el trabajo realizado est\u00e1 haciendo cambios positivos.\u00a0 El problema no es la falta de herramientas para realizar las cosas, sino la falta de recursos o gente que las haga, agrega.<\/p>\n<p>Su trabajo lo ha llevado alrededor del mundo, buscando diversas maneras de hacer frente a las situaciones de emergencia, escasez, falta de educaci\u00f3n y los efectos de la guerra.\u00a0 Su equipo ha publicado reportajes de sus hallazgos, tales como el reciente de la puerte de civiles entre Iraqu\u00eds.<\/p>\n<p>\u00abEncontraron un exceso\u00bb en\u00a0la taza\u00a0\u00abde mortalidad\u00bb, dice \u00e9l, enfatizando que su inter\u00e9s en los sistemas de salud le hace buscar en cu\u00e1n accesibles son los tratamientos y medicinas a la poblaci\u00f3n particular.<\/p>\n<p>\u00abNo nos sorprende ver tantas muertes de civiles,\u00bb explica.\u00a0 \u00abLas muertes entre los civiles se han incrementado notablemente.\u00a0 En la batalla de Gettysburg, hubo un civil muerto.\u00a0\u00a0Para el tiempo de\u00a0la Primera Guerra Mundial, probablemente el diez porciento de muertes fueron de civiles.\u00a0 En la Segunda Guerra Mundial&#8230; se buscaba el 40 porciento de civiles muertos.\u00a0 Para el final del siglo 20 las cifras aumentaron facilmente al 90 porciento de muertes entre civiles.\u00bb\u00a0 Al final del conflicto Iraqu\u00ed, creemos que habr\u00e1 un n\u00famero mayor del 90 porciento.<\/p>\n<p>\u00abNo somos una ONG, as\u00ed que no\u00a0proveemos de\u00a0tiendas de campa\u00f1a o s\u00e1banas,\u00bb explica el Dr. Burnham.\u00a0 \u00abNo somos donantes, pues no tenemos suficiente dinero.\u00bb\u00a0 Pero,\u00a0\u00abtrabajamos con varias organizaciones intentando fortalecer sus programas, ayud\u00e1ndolos a documentar las cosas, a buscar en temas de recursos claves.<\/p>\n<p>\u00abPor debajo de todo eso [las crisis de salud] en pa\u00edses en v\u00edas de desarrollo o\u00a0menos desarrollados est\u00e1 el tema de la educaci\u00f3n.\u00a0 Si pudi\u00e9ramos promover la educaci\u00f3n, si nos pudi\u00e9ramos asegurar que las personas tengan al menos educaci\u00f3n primaria, podr\u00edamos cambiar esos n\u00famero dram\u00e1ticamente,\u00bb dice \u00e9l, hablando de la alta taza de mortandad en algunos pa\u00edses del mundo.<\/p>\n<p>El Dr. Burnham dice que si pudiera escoger una cosa que pudiera cambiar en el mundo, \u00abser\u00eda claro cual, y es la educaci\u00f3n de las mujeres.\u00bb<\/p>\n<p>El Dr. Burnham explica que su fe le ayuda en su b\u00fasqueda por el cambio.\u00a0 \u00abPor supuesto, hay muchas cosas por las cuales desanimarse.\u00a0 A\u00fan de cosas que funcionan bien, por\u00a0muchas razones uno no puede implementarlas tanto como uno quisiera&#8230; pero creo que uno de los principios de ser un cristiano es que tienes que creer que las personas pueden ser transformadas.\u00a0 Las formas pueden cambiarse, las vidas pueden cambiarse, las personas pueden cambiar las instrucciones.\u00a0 Lo vemos una y otra vez.\u00bb<\/p>\n<p>\u00c9l agrega, \u00abpienso que los cristianos aproximan esta clase de temas de desarrollo en una manera muy optimista porque sabemos que la gente puede cambiar.\u00bb<\/p>\n<p><strong>Derechos Reservados (c) 2006 por Red de Noticias Adventistas.<\/strong><\/p>\n","protected":false},"excerpt":{"rendered":"<p>\u00bfC\u00f3mo define uno la pobreza?\u00a0 \u00bfExiste en los pa\u00edses occidentales tanto como en los Estados Unidos?<\/p>\n","protected":false},"author":1,"featured_media":0,"comment_status":"closed","ping_status":"closed","sticky":false,"template":"","format":"standard","meta":{"_acf_changed":false,"footnotes":""},"categories":[8],"tags":[],"class_list":["post-10686","post","type-post","status-publish","format-standard","hentry","category-archivo"],"acf":[],"yoast_head":"<!-- This site is optimized with the Yoast SEO plugin v27.3 - https:\/\/yoast.com\/product\/yoast-seo-wordpress\/ -->\n<title>Art\u00edculo de ANN: Investigador Adventista le Sigue la Pista a la Pobreza, Recomienda Soluciones - Iglesia Adventista del S\u00e9ptimo D\u00eda - Divisi\u00f3n Interamericana<\/title>\n<meta name=\"robots\" content=\"index, follow, max-snippet:-1, max-image-preview:large, max-video-preview:-1\" \/>\n<link rel=\"canonical\" href=\"https:\/\/interamerica.org\/es\/2006\/02\/articulo-de-ann-investigador-adventista-le-sigue-la-pista-a-la-pobreza-recomienda-soluciones\/\" \/>\n<meta property=\"og:locale\" content=\"es_ES\" \/>\n<meta property=\"og:type\" content=\"article\" \/>\n<meta property=\"og:title\" content=\"Art\u00edculo de ANN: Investigador Adventista le Sigue la Pista a la Pobreza, Recomienda Soluciones - Iglesia Adventista del S\u00e9ptimo D\u00eda - Divisi\u00f3n Interamericana\" \/>\n<meta property=\"og:description\" content=\"\u00bfC\u00f3mo define uno la pobreza?\u00a0 \u00bfExiste en los pa\u00edses occidentales tanto como en los Estados Unidos?\" \/>\n<meta property=\"og:url\" content=\"https:\/\/interamerica.org\/es\/2006\/02\/articulo-de-ann-investigador-adventista-le-sigue-la-pista-a-la-pobreza-recomienda-soluciones\/\" \/>\n<meta property=\"og:site_name\" content=\"Iglesia Adventista del S\u00e9ptimo D\u00eda - Divisi\u00f3n Interamericana\" \/>\n<meta property=\"article:published_time\" content=\"2006-02-23T04:00:00+00:00\" \/>\n<meta property=\"article:modified_time\" content=\"2017-06-02T13:15:06+00:00\" \/>\n<meta name=\"author\" content=\"Lorenzo Verduzco\" \/>\n<meta name=\"twitter:card\" content=\"summary_large_image\" \/>\n<meta name=\"twitter:label1\" content=\"Escrito por\" \/>\n\t<meta name=\"twitter:data1\" content=\"Lorenzo Verduzco\" \/>\n\t<meta name=\"twitter:label2\" content=\"Tiempo de lectura\" \/>\n\t<meta name=\"twitter:data2\" content=\"6 minutos\" \/>\n<script type=\"application\/ld+json\" class=\"yoast-schema-graph\">{\"@context\":\"https:\\\/\\\/schema.org\",\"@graph\":[{\"@type\":\"Article\",\"@id\":\"https:\\\/\\\/interamerica.org\\\/es\\\/2006\\\/02\\\/articulo-de-ann-investigador-adventista-le-sigue-la-pista-a-la-pobreza-recomienda-soluciones\\\/#article\",\"isPartOf\":{\"@id\":\"https:\\\/\\\/interamerica.org\\\/es\\\/2006\\\/02\\\/articulo-de-ann-investigador-adventista-le-sigue-la-pista-a-la-pobreza-recomienda-soluciones\\\/\"},\"author\":{\"name\":\"Lorenzo Verduzco\",\"@id\":\"https:\\\/\\\/interamerica.org\\\/es\\\/#\\\/schema\\\/person\\\/68ede8bdc292885bb76c1e3810e73c39\"},\"headline\":\"Art\u00edculo de ANN: Investigador Adventista le Sigue la Pista a la Pobreza, Recomienda Soluciones\",\"datePublished\":\"2006-02-23T04:00:00+00:00\",\"dateModified\":\"2017-06-02T13:15:06+00:00\",\"mainEntityOfPage\":{\"@id\":\"https:\\\/\\\/interamerica.org\\\/es\\\/2006\\\/02\\\/articulo-de-ann-investigador-adventista-le-sigue-la-pista-a-la-pobreza-recomienda-soluciones\\\/\"},\"wordCount\":1166,\"articleSection\":[\"Archivo\"],\"inLanguage\":\"es\"},{\"@type\":\"WebPage\",\"@id\":\"https:\\\/\\\/interamerica.org\\\/es\\\/2006\\\/02\\\/articulo-de-ann-investigador-adventista-le-sigue-la-pista-a-la-pobreza-recomienda-soluciones\\\/\",\"url\":\"https:\\\/\\\/interamerica.org\\\/es\\\/2006\\\/02\\\/articulo-de-ann-investigador-adventista-le-sigue-la-pista-a-la-pobreza-recomienda-soluciones\\\/\",\"name\":\"Art\u00edculo de ANN: Investigador Adventista le Sigue la Pista a la Pobreza, Recomienda Soluciones - Iglesia Adventista del S\u00e9ptimo D\u00eda - Divisi\u00f3n Interamericana\",\"isPartOf\":{\"@id\":\"https:\\\/\\\/interamerica.org\\\/es\\\/#website\"},\"datePublished\":\"2006-02-23T04:00:00+00:00\",\"dateModified\":\"2017-06-02T13:15:06+00:00\",\"author\":{\"@id\":\"https:\\\/\\\/interamerica.org\\\/es\\\/#\\\/schema\\\/person\\\/68ede8bdc292885bb76c1e3810e73c39\"},\"breadcrumb\":{\"@id\":\"https:\\\/\\\/interamerica.org\\\/es\\\/2006\\\/02\\\/articulo-de-ann-investigador-adventista-le-sigue-la-pista-a-la-pobreza-recomienda-soluciones\\\/#breadcrumb\"},\"inLanguage\":\"es\",\"potentialAction\":[{\"@type\":\"ReadAction\",\"target\":[\"https:\\\/\\\/interamerica.org\\\/es\\\/2006\\\/02\\\/articulo-de-ann-investigador-adventista-le-sigue-la-pista-a-la-pobreza-recomienda-soluciones\\\/\"]}]},{\"@type\":\"BreadcrumbList\",\"@id\":\"https:\\\/\\\/interamerica.org\\\/es\\\/2006\\\/02\\\/articulo-de-ann-investigador-adventista-le-sigue-la-pista-a-la-pobreza-recomienda-soluciones\\\/#breadcrumb\",\"itemListElement\":[{\"@type\":\"ListItem\",\"position\":1,\"name\":\"Home\",\"item\":\"https:\\\/\\\/interamerica.org\\\/es\\\/\"},{\"@type\":\"ListItem\",\"position\":2,\"name\":\"Art\u00edculo de ANN: Investigador Adventista le Sigue la Pista a la Pobreza, Recomienda Soluciones\"}]},{\"@type\":\"WebSite\",\"@id\":\"https:\\\/\\\/interamerica.org\\\/es\\\/#website\",\"url\":\"https:\\\/\\\/interamerica.org\\\/es\\\/\",\"name\":\"Iglesia Adventista del S\u00e9ptimo D\u00eda - Divisi\u00f3n Interamericana\",\"description\":\"\",\"potentialAction\":[{\"@type\":\"SearchAction\",\"target\":{\"@type\":\"EntryPoint\",\"urlTemplate\":\"https:\\\/\\\/interamerica.org\\\/es\\\/?s={search_term_string}\"},\"query-input\":{\"@type\":\"PropertyValueSpecification\",\"valueRequired\":true,\"valueName\":\"search_term_string\"}}],\"inLanguage\":\"es\"},{\"@type\":\"Person\",\"@id\":\"https:\\\/\\\/interamerica.org\\\/es\\\/#\\\/schema\\\/person\\\/68ede8bdc292885bb76c1e3810e73c39\",\"name\":\"Lorenzo Verduzco\",\"image\":{\"@type\":\"ImageObject\",\"inLanguage\":\"es\",\"@id\":\"https:\\\/\\\/secure.gravatar.com\\\/avatar\\\/fb81a55b6218459490a9c1dc841a34909185b81904c5337b4b27f7a6fd60c49e?s=96&d=mm&r=g\",\"url\":\"https:\\\/\\\/secure.gravatar.com\\\/avatar\\\/fb81a55b6218459490a9c1dc841a34909185b81904c5337b4b27f7a6fd60c49e?s=96&d=mm&r=g\",\"contentUrl\":\"https:\\\/\\\/secure.gravatar.com\\\/avatar\\\/fb81a55b6218459490a9c1dc841a34909185b81904c5337b4b27f7a6fd60c49e?s=96&d=mm&r=g\",\"caption\":\"Lorenzo Verduzco\"}}]}<\/script>\n<!-- \/ Yoast SEO plugin. -->","yoast_head_json":{"title":"Art\u00edculo de ANN: Investigador Adventista le Sigue la Pista a la Pobreza, Recomienda Soluciones - Iglesia Adventista del S\u00e9ptimo D\u00eda - Divisi\u00f3n Interamericana","robots":{"index":"index","follow":"follow","max-snippet":"max-snippet:-1","max-image-preview":"max-image-preview:large","max-video-preview":"max-video-preview:-1"},"canonical":"https:\/\/interamerica.org\/es\/2006\/02\/articulo-de-ann-investigador-adventista-le-sigue-la-pista-a-la-pobreza-recomienda-soluciones\/","og_locale":"es_ES","og_type":"article","og_title":"Art\u00edculo de ANN: Investigador Adventista le Sigue la Pista a la Pobreza, Recomienda Soluciones - Iglesia Adventista del S\u00e9ptimo D\u00eda - Divisi\u00f3n Interamericana","og_description":"\u00bfC\u00f3mo define uno la pobreza?\u00a0 \u00bfExiste en los pa\u00edses occidentales tanto como en los Estados Unidos?","og_url":"https:\/\/interamerica.org\/es\/2006\/02\/articulo-de-ann-investigador-adventista-le-sigue-la-pista-a-la-pobreza-recomienda-soluciones\/","og_site_name":"Iglesia Adventista del S\u00e9ptimo D\u00eda - Divisi\u00f3n Interamericana","article_published_time":"2006-02-23T04:00:00+00:00","article_modified_time":"2017-06-02T13:15:06+00:00","author":"Lorenzo Verduzco","twitter_card":"summary_large_image","twitter_misc":{"Escrito por":"Lorenzo Verduzco","Tiempo de lectura":"6 minutos"},"schema":{"@context":"https:\/\/schema.org","@graph":[{"@type":"Article","@id":"https:\/\/interamerica.org\/es\/2006\/02\/articulo-de-ann-investigador-adventista-le-sigue-la-pista-a-la-pobreza-recomienda-soluciones\/#article","isPartOf":{"@id":"https:\/\/interamerica.org\/es\/2006\/02\/articulo-de-ann-investigador-adventista-le-sigue-la-pista-a-la-pobreza-recomienda-soluciones\/"},"author":{"name":"Lorenzo Verduzco","@id":"https:\/\/interamerica.org\/es\/#\/schema\/person\/68ede8bdc292885bb76c1e3810e73c39"},"headline":"Art\u00edculo de ANN: Investigador Adventista le Sigue la Pista a la Pobreza, Recomienda Soluciones","datePublished":"2006-02-23T04:00:00+00:00","dateModified":"2017-06-02T13:15:06+00:00","mainEntityOfPage":{"@id":"https:\/\/interamerica.org\/es\/2006\/02\/articulo-de-ann-investigador-adventista-le-sigue-la-pista-a-la-pobreza-recomienda-soluciones\/"},"wordCount":1166,"articleSection":["Archivo"],"inLanguage":"es"},{"@type":"WebPage","@id":"https:\/\/interamerica.org\/es\/2006\/02\/articulo-de-ann-investigador-adventista-le-sigue-la-pista-a-la-pobreza-recomienda-soluciones\/","url":"https:\/\/interamerica.org\/es\/2006\/02\/articulo-de-ann-investigador-adventista-le-sigue-la-pista-a-la-pobreza-recomienda-soluciones\/","name":"Art\u00edculo de ANN: Investigador Adventista le Sigue la Pista a la Pobreza, Recomienda Soluciones - Iglesia Adventista del S\u00e9ptimo D\u00eda - Divisi\u00f3n Interamericana","isPartOf":{"@id":"https:\/\/interamerica.org\/es\/#website"},"datePublished":"2006-02-23T04:00:00+00:00","dateModified":"2017-06-02T13:15:06+00:00","author":{"@id":"https:\/\/interamerica.org\/es\/#\/schema\/person\/68ede8bdc292885bb76c1e3810e73c39"},"breadcrumb":{"@id":"https:\/\/interamerica.org\/es\/2006\/02\/articulo-de-ann-investigador-adventista-le-sigue-la-pista-a-la-pobreza-recomienda-soluciones\/#breadcrumb"},"inLanguage":"es","potentialAction":[{"@type":"ReadAction","target":["https:\/\/interamerica.org\/es\/2006\/02\/articulo-de-ann-investigador-adventista-le-sigue-la-pista-a-la-pobreza-recomienda-soluciones\/"]}]},{"@type":"BreadcrumbList","@id":"https:\/\/interamerica.org\/es\/2006\/02\/articulo-de-ann-investigador-adventista-le-sigue-la-pista-a-la-pobreza-recomienda-soluciones\/#breadcrumb","itemListElement":[{"@type":"ListItem","position":1,"name":"Home","item":"https:\/\/interamerica.org\/es\/"},{"@type":"ListItem","position":2,"name":"Art\u00edculo de ANN: Investigador Adventista le Sigue la Pista a la Pobreza, Recomienda Soluciones"}]},{"@type":"WebSite","@id":"https:\/\/interamerica.org\/es\/#website","url":"https:\/\/interamerica.org\/es\/","name":"Iglesia Adventista del S\u00e9ptimo D\u00eda - Divisi\u00f3n Interamericana","description":"","potentialAction":[{"@type":"SearchAction","target":{"@type":"EntryPoint","urlTemplate":"https:\/\/interamerica.org\/es\/?s={search_term_string}"},"query-input":{"@type":"PropertyValueSpecification","valueRequired":true,"valueName":"search_term_string"}}],"inLanguage":"es"},{"@type":"Person","@id":"https:\/\/interamerica.org\/es\/#\/schema\/person\/68ede8bdc292885bb76c1e3810e73c39","name":"Lorenzo Verduzco","image":{"@type":"ImageObject","inLanguage":"es","@id":"https:\/\/secure.gravatar.com\/avatar\/fb81a55b6218459490a9c1dc841a34909185b81904c5337b4b27f7a6fd60c49e?s=96&d=mm&r=g","url":"https:\/\/secure.gravatar.com\/avatar\/fb81a55b6218459490a9c1dc841a34909185b81904c5337b4b27f7a6fd60c49e?s=96&d=mm&r=g","contentUrl":"https:\/\/secure.gravatar.com\/avatar\/fb81a55b6218459490a9c1dc841a34909185b81904c5337b4b27f7a6fd60c49e?s=96&d=mm&r=g","caption":"Lorenzo Verduzco"}}]}},"_links":{"self":[{"href":"https:\/\/interamerica.org\/es\/wp-json\/wp\/v2\/posts\/10686","targetHints":{"allow":["GET"]}}],"collection":[{"href":"https:\/\/interamerica.org\/es\/wp-json\/wp\/v2\/posts"}],"about":[{"href":"https:\/\/interamerica.org\/es\/wp-json\/wp\/v2\/types\/post"}],"author":[{"embeddable":true,"href":"https:\/\/interamerica.org\/es\/wp-json\/wp\/v2\/users\/1"}],"replies":[{"embeddable":true,"href":"https:\/\/interamerica.org\/es\/wp-json\/wp\/v2\/comments?post=10686"}],"version-history":[{"count":0,"href":"https:\/\/interamerica.org\/es\/wp-json\/wp\/v2\/posts\/10686\/revisions"}],"wp:attachment":[{"href":"https:\/\/interamerica.org\/es\/wp-json\/wp\/v2\/media?parent=10686"}],"wp:term":[{"taxonomy":"category","embeddable":true,"href":"https:\/\/interamerica.org\/es\/wp-json\/wp\/v2\/categories?post=10686"},{"taxonomy":"post_tag","embeddable":true,"href":"https:\/\/interamerica.org\/es\/wp-json\/wp\/v2\/tags?post=10686"}],"curies":[{"name":"wp","href":"https:\/\/api.w.org\/{rel}","templated":true}]}}