{"id":10688,"date":"2006-02-24T00:00:00","date_gmt":"2006-02-24T04:00:00","guid":{"rendered":"http:\/\/192.81.217.108\/interamerica\/2006\/02\/bahamas-cientos-lamentan-la-muerte-de-lider-adventista\/"},"modified":"2017-06-02T09:15:05","modified_gmt":"2017-06-02T13:15:05","slug":"bahamas-cientos-lamentan-la-muerte-de-lider-adventista","status":"publish","type":"post","link":"https:\/\/interamerica.org\/es\/2006\/02\/bahamas-cientos-lamentan-la-muerte-de-lider-adventista\/","title":{"rendered":"Bahamas: Cientos Lamentan la Muerte de L\u00edder Adventista"},"content":{"rendered":"<p>Freeport, Bahamas &#8230; [Nigel Coke\/Personal de la DIA]<\/p>\n<p>Cientos de adventistas del s\u00e9ptimo d\u00eda y oficiales del gobierno rindieron homenaje al fallecido pastor Keith Densel Albury, antiguo presidente de la iglesia en el norte de Bahamas, en dos servicios relacionados con una ceremonia f\u00fanebre oficial. Los servicios fueron llevados a cabo el 11 y 12 de febrero. El pastor Albury muri\u00f3 el 24 de enero, con 48 a\u00f1os de edad, en las instalaciones de Scottsdale Healthcare, Arizona, Estados Unidos, despu\u00e9s de una batalla contra el c\u00e1ncer que dur\u00f3 un a\u00f1o.<\/p>\n<p>Los acompa\u00f1antes al funeral, provenientes de Jamaica, las Bahamas, las Islas Turqu\u00eda y Caicos, y las Islas Caim\u00e1n, fueron dirigidos por el pastor Patrick Allen, presidente de la iglesia en las Indias Occidentales. Al pastor Allen se unieron miembros del gobierno de las Bahamas, l\u00edderes c\u00edvicos y l\u00edderes de otras denominaciones, en el Gimnasio G.L. Isaacs de Kendal, y en las instalaciones de la Iglesia Adventista del S\u00e9ptimo d\u00eda de Freeport.<\/p>\n<p>Al servicio f\u00fanebre llevado a cabo en la tarde del s\u00e1bado asistieron su excelencia el gobernador, General Arthur D. Hanna, y el primer ministro, el honorable Perry Christie, dando a la ceremonia un aire de c\u00edrculos oficiales, generalmente reservado para el personal de alto gobierno.<\/p>\n<p>En su tributo en nombre de la Iglesia Adventista del S\u00e9ptimo d\u00eda en las Indias Occidentales, el pastor Allen dijo que el pastor Albury \u00abfue un hombre que ten\u00eda una visi\u00f3n de lo que deb\u00eda ser, y hac\u00eda que sucediera. Quienes, entre nosotros, tranbajamos con \u00e9l, tuvimos la impresi\u00f3n de que la excelencia era lo menos que \u00e9l pedir\u00eda\u00bb. El pastor Allen a\u00f1adi\u00f3 que el pastor Albury fue una extraordinaria persona, un l\u00edder sincero y sin temor, y un devoto cristiano, quien ten\u00eda un tremendo celo por la obra del Se\u00f1or.<\/p>\n<p>El senador Tommy Turnquest, quien represent\u00f3 al l\u00edder de la Oposici\u00f3n, honorable Hubert Ingraham, se refiri\u00f3 al pastor Albury como a un gigante de la fe cristiana y la misi\u00f3n en las Bahamas, quien en su funci\u00f3n como presidente de la Asociaci\u00f3n de las Bahamas, y despu\u00e9s en la Misi\u00f3n del Norte de Bahamas, hizo un impacto positivo y se convirti\u00f3 en una inspiraci\u00f3n para los ciudadanos de Bahamas de todas las denominaciones cristianas.<\/p>\n<p>La homil\u00eda del s\u00e1bado fue presentada por el amigo \u00edntimo y colega del pastor Albury, pastor Leslie McMillan, quien dio lo que \u00e9l describi\u00f3 como \u00abel mensaje que el pastor Albury hubiera querido que nosotros escuch\u00e1semos, es que la salvaci\u00f3n est\u00e1 en Jes\u00fas, y que eso es lo que cuenta por encima de todo lo dem\u00e1s en el mundo. Est\u00e1 por encima del poder, la posici\u00f3n y las posesiones\u00bb. McMillan dijo que la esencia de esta realidad se siente cuando uno est\u00e1 en el lecho de muerte, y no hay nada m\u00e1s que importe.<\/p>\n<p>En sus declaraciones, el primer ministro Christie dijo que el desaf\u00edo entregado por la muerte del pastor Keith es que la iglesia escriba y publique su historia.<\/p>\n<p>\u00abTenemos una oportunidad para reconocer que hay una historia para contar acerca de un hombre joven que vino de origen humilde en la Isla Harbour, viniendo a Yellow Elder, yendo a Government High, y \u00aben el vern\u00e1culo de las calles\u00bb luch\u00f3 por sus estudios universitarios, porque no ten\u00eda los medios ni el apoyo de la familia\u00bb, cont\u00f3 el primer ministro Christie.<\/p>\n<p>En breves declaraciones durante el servicio del domingo, Ingraham, l\u00edder de la oposici\u00f3n, record\u00f3 c\u00f3mo el pastor Albury le hab\u00eda impresionado cuando se conocieron en un evento algunos a\u00f1os atr\u00e1s. \u00abSu amplitud de conocimiento, su entendimiento, convicci\u00f3n y enfoque bien transmitidos, me hicieron preguntar m\u00e1s acerca de \u00e9l\u00bb, dijo el Sr. Ingraham.<\/p>\n<p>El pastor Albury comenz\u00f3 su obra en las Bahamas como un interno ministerial en 1979, y m\u00e1s tarde sirvi\u00f3 como director de ministerios de la iglesia, secretario ejecutivo y presidente de la asociaci\u00f3n.<\/p>\n<p>Al pastor Keith Albury le sobreviven su esposa Ann y sus hijos Anson, Alden y Brendon. <\/p>\n<p>Para mayor informaci\u00f3n acerca del servicio f\u00fanebre del pastor Albury, visite <a  href=\"http:\/\/www.wiunion.org\">www.wiunion.org<\/a><\/p><\/p>\n","protected":false},"excerpt":{"rendered":"<p>Cientos de adventistas del s\u00e9ptimo d\u00eda y oficiales del gobierno rindieron homenaje al fallecido pastor Keith Densel Albury<\/p>\n","protected":false},"author":1,"featured_media":0,"comment_status":"closed","ping_status":"closed","sticky":false,"template":"","format":"standard","meta":{"_acf_changed":false,"footnotes":""},"categories":[8],"tags":[],"class_list":["post-10688","post","type-post","status-publish","format-standard","hentry","category-archivo"],"acf":[],"yoast_head":"<!-- This site is optimized with the Yoast SEO plugin v27.3 - https:\/\/yoast.com\/product\/yoast-seo-wordpress\/ -->\n<title>Bahamas: Cientos Lamentan la Muerte de L\u00edder Adventista - Iglesia Adventista del S\u00e9ptimo D\u00eda - Divisi\u00f3n Interamericana<\/title>\n<meta name=\"robots\" content=\"index, follow, max-snippet:-1, max-image-preview:large, max-video-preview:-1\" \/>\n<link rel=\"canonical\" href=\"https:\/\/interamerica.org\/es\/2006\/02\/bahamas-cientos-lamentan-la-muerte-de-lider-adventista\/\" \/>\n<meta property=\"og:locale\" content=\"es_ES\" \/>\n<meta property=\"og:type\" content=\"article\" \/>\n<meta property=\"og:title\" content=\"Bahamas: Cientos Lamentan la Muerte de L\u00edder Adventista - Iglesia Adventista del S\u00e9ptimo D\u00eda - Divisi\u00f3n Interamericana\" \/>\n<meta property=\"og:description\" content=\"Cientos de adventistas del s\u00e9ptimo d\u00eda y oficiales del gobierno rindieron homenaje al fallecido pastor Keith Densel Albury\" \/>\n<meta property=\"og:url\" content=\"https:\/\/interamerica.org\/es\/2006\/02\/bahamas-cientos-lamentan-la-muerte-de-lider-adventista\/\" \/>\n<meta property=\"og:site_name\" content=\"Iglesia Adventista del S\u00e9ptimo D\u00eda - Divisi\u00f3n Interamericana\" \/>\n<meta property=\"article:published_time\" content=\"2006-02-24T04:00:00+00:00\" \/>\n<meta property=\"article:modified_time\" content=\"2017-06-02T13:15:05+00:00\" \/>\n<meta name=\"author\" content=\"Lorenzo Verduzco\" \/>\n<meta name=\"twitter:card\" content=\"summary_large_image\" \/>\n<meta name=\"twitter:label1\" content=\"Escrito por\" \/>\n\t<meta name=\"twitter:data1\" content=\"Lorenzo Verduzco\" \/>\n\t<meta name=\"twitter:label2\" content=\"Tiempo de lectura\" \/>\n\t<meta name=\"twitter:data2\" content=\"4 minutos\" \/>\n<script type=\"application\/ld+json\" class=\"yoast-schema-graph\">{\"@context\":\"https:\\\/\\\/schema.org\",\"@graph\":[{\"@type\":\"Article\",\"@id\":\"https:\\\/\\\/interamerica.org\\\/es\\\/2006\\\/02\\\/bahamas-cientos-lamentan-la-muerte-de-lider-adventista\\\/#article\",\"isPartOf\":{\"@id\":\"https:\\\/\\\/interamerica.org\\\/es\\\/2006\\\/02\\\/bahamas-cientos-lamentan-la-muerte-de-lider-adventista\\\/\"},\"author\":{\"name\":\"Lorenzo Verduzco\",\"@id\":\"https:\\\/\\\/interamerica.org\\\/es\\\/#\\\/schema\\\/person\\\/68ede8bdc292885bb76c1e3810e73c39\"},\"headline\":\"Bahamas: Cientos Lamentan la Muerte de L\u00edder Adventista\",\"datePublished\":\"2006-02-24T04:00:00+00:00\",\"dateModified\":\"2017-06-02T13:15:05+00:00\",\"mainEntityOfPage\":{\"@id\":\"https:\\\/\\\/interamerica.org\\\/es\\\/2006\\\/02\\\/bahamas-cientos-lamentan-la-muerte-de-lider-adventista\\\/\"},\"wordCount\":734,\"articleSection\":[\"Archivo\"],\"inLanguage\":\"es\"},{\"@type\":\"WebPage\",\"@id\":\"https:\\\/\\\/interamerica.org\\\/es\\\/2006\\\/02\\\/bahamas-cientos-lamentan-la-muerte-de-lider-adventista\\\/\",\"url\":\"https:\\\/\\\/interamerica.org\\\/es\\\/2006\\\/02\\\/bahamas-cientos-lamentan-la-muerte-de-lider-adventista\\\/\",\"name\":\"Bahamas: Cientos Lamentan la Muerte de L\u00edder Adventista - Iglesia Adventista del S\u00e9ptimo D\u00eda - Divisi\u00f3n Interamericana\",\"isPartOf\":{\"@id\":\"https:\\\/\\\/interamerica.org\\\/es\\\/#website\"},\"datePublished\":\"2006-02-24T04:00:00+00:00\",\"dateModified\":\"2017-06-02T13:15:05+00:00\",\"author\":{\"@id\":\"https:\\\/\\\/interamerica.org\\\/es\\\/#\\\/schema\\\/person\\\/68ede8bdc292885bb76c1e3810e73c39\"},\"breadcrumb\":{\"@id\":\"https:\\\/\\\/interamerica.org\\\/es\\\/2006\\\/02\\\/bahamas-cientos-lamentan-la-muerte-de-lider-adventista\\\/#breadcrumb\"},\"inLanguage\":\"es\",\"potentialAction\":[{\"@type\":\"ReadAction\",\"target\":[\"https:\\\/\\\/interamerica.org\\\/es\\\/2006\\\/02\\\/bahamas-cientos-lamentan-la-muerte-de-lider-adventista\\\/\"]}]},{\"@type\":\"BreadcrumbList\",\"@id\":\"https:\\\/\\\/interamerica.org\\\/es\\\/2006\\\/02\\\/bahamas-cientos-lamentan-la-muerte-de-lider-adventista\\\/#breadcrumb\",\"itemListElement\":[{\"@type\":\"ListItem\",\"position\":1,\"name\":\"Home\",\"item\":\"https:\\\/\\\/interamerica.org\\\/es\\\/\"},{\"@type\":\"ListItem\",\"position\":2,\"name\":\"Bahamas: Cientos Lamentan la Muerte de L\u00edder Adventista\"}]},{\"@type\":\"WebSite\",\"@id\":\"https:\\\/\\\/interamerica.org\\\/es\\\/#website\",\"url\":\"https:\\\/\\\/interamerica.org\\\/es\\\/\",\"name\":\"Iglesia Adventista del S\u00e9ptimo D\u00eda - Divisi\u00f3n Interamericana\",\"description\":\"\",\"potentialAction\":[{\"@type\":\"SearchAction\",\"target\":{\"@type\":\"EntryPoint\",\"urlTemplate\":\"https:\\\/\\\/interamerica.org\\\/es\\\/?s={search_term_string}\"},\"query-input\":{\"@type\":\"PropertyValueSpecification\",\"valueRequired\":true,\"valueName\":\"search_term_string\"}}],\"inLanguage\":\"es\"},{\"@type\":\"Person\",\"@id\":\"https:\\\/\\\/interamerica.org\\\/es\\\/#\\\/schema\\\/person\\\/68ede8bdc292885bb76c1e3810e73c39\",\"name\":\"Lorenzo Verduzco\",\"image\":{\"@type\":\"ImageObject\",\"inLanguage\":\"es\",\"@id\":\"https:\\\/\\\/secure.gravatar.com\\\/avatar\\\/fb81a55b6218459490a9c1dc841a34909185b81904c5337b4b27f7a6fd60c49e?s=96&d=mm&r=g\",\"url\":\"https:\\\/\\\/secure.gravatar.com\\\/avatar\\\/fb81a55b6218459490a9c1dc841a34909185b81904c5337b4b27f7a6fd60c49e?s=96&d=mm&r=g\",\"contentUrl\":\"https:\\\/\\\/secure.gravatar.com\\\/avatar\\\/fb81a55b6218459490a9c1dc841a34909185b81904c5337b4b27f7a6fd60c49e?s=96&d=mm&r=g\",\"caption\":\"Lorenzo Verduzco\"}}]}<\/script>\n<!-- \/ Yoast SEO plugin. -->","yoast_head_json":{"title":"Bahamas: Cientos Lamentan la Muerte de L\u00edder Adventista - Iglesia Adventista del S\u00e9ptimo D\u00eda - Divisi\u00f3n Interamericana","robots":{"index":"index","follow":"follow","max-snippet":"max-snippet:-1","max-image-preview":"max-image-preview:large","max-video-preview":"max-video-preview:-1"},"canonical":"https:\/\/interamerica.org\/es\/2006\/02\/bahamas-cientos-lamentan-la-muerte-de-lider-adventista\/","og_locale":"es_ES","og_type":"article","og_title":"Bahamas: Cientos Lamentan la Muerte de L\u00edder Adventista - Iglesia Adventista del S\u00e9ptimo D\u00eda - Divisi\u00f3n Interamericana","og_description":"Cientos de adventistas del s\u00e9ptimo d\u00eda y oficiales del gobierno rindieron homenaje al fallecido pastor Keith Densel Albury","og_url":"https:\/\/interamerica.org\/es\/2006\/02\/bahamas-cientos-lamentan-la-muerte-de-lider-adventista\/","og_site_name":"Iglesia Adventista del S\u00e9ptimo D\u00eda - Divisi\u00f3n Interamericana","article_published_time":"2006-02-24T04:00:00+00:00","article_modified_time":"2017-06-02T13:15:05+00:00","author":"Lorenzo Verduzco","twitter_card":"summary_large_image","twitter_misc":{"Escrito por":"Lorenzo Verduzco","Tiempo de lectura":"4 minutos"},"schema":{"@context":"https:\/\/schema.org","@graph":[{"@type":"Article","@id":"https:\/\/interamerica.org\/es\/2006\/02\/bahamas-cientos-lamentan-la-muerte-de-lider-adventista\/#article","isPartOf":{"@id":"https:\/\/interamerica.org\/es\/2006\/02\/bahamas-cientos-lamentan-la-muerte-de-lider-adventista\/"},"author":{"name":"Lorenzo Verduzco","@id":"https:\/\/interamerica.org\/es\/#\/schema\/person\/68ede8bdc292885bb76c1e3810e73c39"},"headline":"Bahamas: Cientos Lamentan la Muerte de L\u00edder Adventista","datePublished":"2006-02-24T04:00:00+00:00","dateModified":"2017-06-02T13:15:05+00:00","mainEntityOfPage":{"@id":"https:\/\/interamerica.org\/es\/2006\/02\/bahamas-cientos-lamentan-la-muerte-de-lider-adventista\/"},"wordCount":734,"articleSection":["Archivo"],"inLanguage":"es"},{"@type":"WebPage","@id":"https:\/\/interamerica.org\/es\/2006\/02\/bahamas-cientos-lamentan-la-muerte-de-lider-adventista\/","url":"https:\/\/interamerica.org\/es\/2006\/02\/bahamas-cientos-lamentan-la-muerte-de-lider-adventista\/","name":"Bahamas: Cientos Lamentan la Muerte de L\u00edder Adventista - Iglesia Adventista del S\u00e9ptimo D\u00eda - Divisi\u00f3n Interamericana","isPartOf":{"@id":"https:\/\/interamerica.org\/es\/#website"},"datePublished":"2006-02-24T04:00:00+00:00","dateModified":"2017-06-02T13:15:05+00:00","author":{"@id":"https:\/\/interamerica.org\/es\/#\/schema\/person\/68ede8bdc292885bb76c1e3810e73c39"},"breadcrumb":{"@id":"https:\/\/interamerica.org\/es\/2006\/02\/bahamas-cientos-lamentan-la-muerte-de-lider-adventista\/#breadcrumb"},"inLanguage":"es","potentialAction":[{"@type":"ReadAction","target":["https:\/\/interamerica.org\/es\/2006\/02\/bahamas-cientos-lamentan-la-muerte-de-lider-adventista\/"]}]},{"@type":"BreadcrumbList","@id":"https:\/\/interamerica.org\/es\/2006\/02\/bahamas-cientos-lamentan-la-muerte-de-lider-adventista\/#breadcrumb","itemListElement":[{"@type":"ListItem","position":1,"name":"Home","item":"https:\/\/interamerica.org\/es\/"},{"@type":"ListItem","position":2,"name":"Bahamas: Cientos Lamentan la Muerte de L\u00edder Adventista"}]},{"@type":"WebSite","@id":"https:\/\/interamerica.org\/es\/#website","url":"https:\/\/interamerica.org\/es\/","name":"Iglesia Adventista del S\u00e9ptimo D\u00eda - Divisi\u00f3n Interamericana","description":"","potentialAction":[{"@type":"SearchAction","target":{"@type":"EntryPoint","urlTemplate":"https:\/\/interamerica.org\/es\/?s={search_term_string}"},"query-input":{"@type":"PropertyValueSpecification","valueRequired":true,"valueName":"search_term_string"}}],"inLanguage":"es"},{"@type":"Person","@id":"https:\/\/interamerica.org\/es\/#\/schema\/person\/68ede8bdc292885bb76c1e3810e73c39","name":"Lorenzo Verduzco","image":{"@type":"ImageObject","inLanguage":"es","@id":"https:\/\/secure.gravatar.com\/avatar\/fb81a55b6218459490a9c1dc841a34909185b81904c5337b4b27f7a6fd60c49e?s=96&d=mm&r=g","url":"https:\/\/secure.gravatar.com\/avatar\/fb81a55b6218459490a9c1dc841a34909185b81904c5337b4b27f7a6fd60c49e?s=96&d=mm&r=g","contentUrl":"https:\/\/secure.gravatar.com\/avatar\/fb81a55b6218459490a9c1dc841a34909185b81904c5337b4b27f7a6fd60c49e?s=96&d=mm&r=g","caption":"Lorenzo Verduzco"}}]}},"_links":{"self":[{"href":"https:\/\/interamerica.org\/es\/wp-json\/wp\/v2\/posts\/10688","targetHints":{"allow":["GET"]}}],"collection":[{"href":"https:\/\/interamerica.org\/es\/wp-json\/wp\/v2\/posts"}],"about":[{"href":"https:\/\/interamerica.org\/es\/wp-json\/wp\/v2\/types\/post"}],"author":[{"embeddable":true,"href":"https:\/\/interamerica.org\/es\/wp-json\/wp\/v2\/users\/1"}],"replies":[{"embeddable":true,"href":"https:\/\/interamerica.org\/es\/wp-json\/wp\/v2\/comments?post=10688"}],"version-history":[{"count":0,"href":"https:\/\/interamerica.org\/es\/wp-json\/wp\/v2\/posts\/10688\/revisions"}],"wp:attachment":[{"href":"https:\/\/interamerica.org\/es\/wp-json\/wp\/v2\/media?parent=10688"}],"wp:term":[{"taxonomy":"category","embeddable":true,"href":"https:\/\/interamerica.org\/es\/wp-json\/wp\/v2\/categories?post=10688"},{"taxonomy":"post_tag","embeddable":true,"href":"https:\/\/interamerica.org\/es\/wp-json\/wp\/v2\/tags?post=10688"}],"curies":[{"name":"wp","href":"https:\/\/api.w.org\/{rel}","templated":true}]}}