{"id":106933,"date":"2023-11-30T17:00:15","date_gmt":"2023-11-30T22:00:15","guid":{"rendered":"https:\/\/interamerica.org\/?p=106933"},"modified":"2023-12-01T12:13:44","modified_gmt":"2023-12-01T17:13:44","slug":"el-servicio-del-santuario-y-la-justificacion-por-la-fe-3ra-parte","status":"publish","type":"post","link":"https:\/\/interamerica.org\/es\/2023\/11\/el-servicio-del-santuario-y-la-justificacion-por-la-fe-3ra-parte\/","title":{"rendered":"El servicio del Santuario y la justificaci\u00f3n por la fe, (3ra Parte)"},"content":{"rendered":"<div class=\"post-info-superior\">\n<p class=\"post-titulo\"><span style=\"font-size: 16px;\">30 de noviembre del\u00a0 2023 | Silver Spring, Maryland, Estados Unidos | Ted N.C. Wilson, President de la Asociaci\u00f3n General de los Adventistas del S\u00e9ptimo D\u00eda<\/span><\/p>\n<\/div>\n<p><span style=\"font-weight: 400;\">Saludos amigos. Hoy concluimos nuestra serie de tres partes sobre el ministerio de Cristo en el santuario celestial y la justificaci\u00f3n por la fe. Hemos visto c\u00f3mo el santuario terrenal y sus servicios nos muestran a Jes\u00fas, el Cordero de Dios. Una vez que Jes\u00fas vino a la tierra y tom\u00f3 las consecuencias del pecado por nosotros muriendo en la cruz, termin\u00f3 la necesidad de sacrificios de animales. Jes\u00fas es el \u00fanico verdadero sacrificio que puede proveer nuestra salvaci\u00f3n.<\/span><\/p>\n<p><span style=\"font-weight: 400;\">Despu\u00e9s de su resurrecci\u00f3n y ascensi\u00f3n, Cristo comenz\u00f3 su ministerio en el santuario celestial, donde sirve como nuestro defensor e intercesor. <\/span><span style=\"font-weight: 400;\">\u00abporque si viv\u00eds conforme a la carne, morir\u00e9is; mas si por el Esp\u00edritu hac\u00e9is morir las obras de la carne, vivir\u00e9is\u00bb,<\/span><span style=\"font-weight: 400;\"> leemos en <\/span><b>Romanos 8:34<\/b><span style=\"font-weight: 400;\">. \u00c9l se interpone entre nosotros y Satan\u00e1s y nos conecta directamente con el padre.<\/span><\/p>\n<p><span style=\"font-weight: 400;\">El ministerio de intercesi\u00f3n de Jes\u00fas nos da la oportunidad de experimentar la salvaci\u00f3n. Cuando pedimos perd\u00f3n, aplica su sangre para cubrir nuestros pecados. Sirve como nuestro sumo sacerdote en el santuario celestial.<\/span><\/p>\n<p><span style=\"font-weight: 400;\">Sin embargo, algunos pueden preguntarse si el sacrificio de Cristo fue suficiente, \u00bfqu\u00e9 queda por hacer en el santuario celestial?<\/span><\/p>\n<p><span style=\"font-weight: 400;\">Es \u00fatil recordar que en el tabern\u00e1culo terrenal, despu\u00e9s de que el cordero fue inmolado, su sangre fue rociada dentro del santuario, transfiriendo simb\u00f3licamente el pecado al santuario. El pecador fue perdonado, pero su pecado permaneci\u00f3 en el santuario. Y as\u00ed como el servicio terrenal ten\u00eda un d\u00eda anual de expiaci\u00f3n para limpiar el pecado del santuario, el santuario celestial tambi\u00e9n debe limpiarse.<\/span><\/p>\n<p><span style=\"font-weight: 400;\">Pero, \u00bfqu\u00e9 significa \u00ablimpiar el santuario?\u00bb En el cielo, se mantiene un registro de la vida de cada persona, que narra todo lo que hemos dicho o hecho. Estos registros son lo que se revisar\u00e1 durante el juicio. La Biblia nos dice: <\/span><span style=\"font-weight: 400;\">\u201cPorque Dios traer\u00e1 toda obra a juicio, juntamente con toda cosa encubierta, sea buena o sea mala.\u201d (<\/span><b>Eclesiast\u00e9s 12:14<\/b><span style=\"font-weight: 400;\">).<\/span><\/p>\n<p><span style=\"font-weight: 400;\">Cuando pedimos perd\u00f3n, Jes\u00fas <\/span><span style=\"font-weight: 400;\">\u201ces fiel y justo para perdonar nuestros pecados, y limpiarnos de toda maldad.\u201d (<\/span><b>1 Juan 1: 9<\/b><span style=\"font-weight: 400;\">).<\/span><span style=\"font-weight: 400;\"> Y aunque se deleita en perdonar nuestros pecados, tambi\u00e9n tiene la responsabilidad de deshacerse de ellos.<\/span><\/p>\n<p><span style=\"font-weight: 400;\">Al profeta Daniel se le mostr\u00f3 el santuario celestial y su limpieza en una visi\u00f3n de Dios. Durante esta visi\u00f3n, vio un panorama general de los futuros eventos mundiales. Luego escuch\u00f3 una discusi\u00f3n interesante.<\/span><\/p>\n<p><span style=\"font-weight: 400;\">\u00ab\u00bfHasta cu\u00e1ndo durar\u00e1 la visi\u00f3n?\u00bb<\/span><span style=\"font-weight: 400;\"> pregunta un \u00absanto\u00bb en Daniel 8:13. Otro \u00absanto\u00bb responde: <\/span><span style=\"font-weight: 400;\">\u201cHasta dos mil trescientas tardes y ma\u00f1anas; luego el santuario ser\u00e1 purificado.\u201d (<\/span><b>Dan. 8:14<\/b><span style=\"font-weight: 400;\">).<\/span><\/p>\n<p><span style=\"font-weight: 400;\">Despu\u00e9s de la explicaci\u00f3n de la Biblia en N\u00fameros 14:34 y Ezequiel 4:6 de un d\u00eda que representa un a\u00f1o en la profec\u00eda, los estudiantes de la Biblia encontraron que este per\u00edodo de tiempo representa 2300 a\u00f1os. <\/span><b>Daniel 9:25<\/b><span style=\"font-weight: 400;\"> explica que el comienzo de esta profec\u00eda ocurrir\u00eda cuando se dio <\/span><span style=\"font-weight: 400;\">\u00abla orden para restaurar y construir Jerusal\u00e9n\u00bb.<\/span><span style=\"font-weight: 400;\"> Esta orden fue dada por el rey Artajerjes en el 457 A.C. partir de esta fecha, la profec\u00eda finalizar\u00eda en el a\u00f1o 1844 D.C.<\/span><\/p>\n<p><span style=\"font-weight: 400;\">En el siglo XIX, un grupo de creyentes que leyeron estas profec\u00edas cre\u00edan que la tierra era el santuario, y que la limpieza del santuario ser\u00eda la segunda venida de Jes\u00fas. Justo cuando el santuario terrenal fue limpiado el d\u00eda de la expiaci\u00f3n, cre\u00edan que Jes\u00fas regresar\u00eda el d\u00eda de la expiaci\u00f3n en 1844, que cay\u00f3 el 22 de octubre de ese a\u00f1o. \u00a1Imaginen su gran decepci\u00f3n cuando Jes\u00fas no vino cuando esperaban!<\/span><\/p>\n<p><span style=\"font-weight: 400;\">Sin embargo, a trav\u00e9s del estudio de la Biblia y la oraci\u00f3n continua, descubrieron que la Biblia no ense\u00f1aba que la tierra era el santuario; Vieron que Dios ten\u00eda un santuario celestial. As\u00ed como los sacrificios de los animales eran un tipo de antitipo del sacrificio de Jes\u00fas, el d\u00eda de expiaci\u00f3n terrenal era el tipo, mientras que la limpieza del santuario celestial era el antitipo. En lugar de regresar a la tierra el d\u00eda de la expiaci\u00f3n, Dios el Padre y Jes\u00fas, Dios el Hijo, comenzaron el proceso de purificaci\u00f3n del santuario celestial en el lugar sant\u00edsimo.<\/span><\/p>\n<p><span style=\"font-weight: 400;\">Cuando Daniel vio el juicio en visi\u00f3n, escribi\u00f3: <\/span><span style=\"font-weight: 400;\">\u201cEstuve mirando hasta que fueron puestos tronos, y se sent\u00f3 un Anciano de d\u00edas\u2026 su trono llama de fuego, y las ruedas del mismo, fuego ardiente&#8230; millares de millares le serv\u00edan, y millones de millones asist\u00edan delante de \u00e9l; el Juez se sent\u00f3, y los libros fueron abiertos.\u201d (Daniel 7: 9, 10).<\/span><\/p>\n<p><span style=\"font-weight: 400;\">A medida que se revisan los libros, se decide el caso de cada persona.<\/span><\/p>\n<p><span style=\"font-weight: 400;\">El profeta Zacar\u00edas describe la escena de la sala del tribunal: Josu\u00e9, un sumo sacerdote, <\/span><span style=\"font-weight: 400;\">\u00abestaba delante del \u00e1ngel de Jehov\u00e1, y Satan\u00e1s estaba a su mano derecha para acusarle\u201d <\/span><b>(Zacar\u00edas 3:1).<\/b><\/p>\n<p><span style=\"font-weight: 400;\">Josu\u00e9 se da cuenta de que <\/span><span style=\"font-weight: 400;\">\u00abestaba vestido de vestiduras viles\u00bb (Zacar\u00edas 3:3)<\/span><span style=\"font-weight: 400;\"> y est\u00e1 all\u00ed, avergonzado, mientras Satan\u00e1s lo acusa. Sus pecados pasados surgen como una raz\u00f3n por la que no deber\u00eda ser aceptado por Dios.<\/span><\/p>\n<p><span style=\"font-weight: 400;\">Entonces suena una voz: <\/span><span style=\"font-weight: 400;\">\u201cJehov\u00e1 te reprenda, oh Satan\u00e1s;\u00bb (<\/span><b>Zacar\u00edas 3:2<\/b><span style=\"font-weight: 400;\">).<\/span><span style=\"font-weight: 400;\"> El Se\u00f1or, el juez justo, mira a Josu\u00e9 y ordena, <\/span><span style=\"font-weight: 400;\">\u00abQuitadle las vestiduras viles\u00bb (<\/span><b>Zacar\u00edas 3:4<\/b><span style=\"font-weight: 400;\">)<\/span><span style=\"font-weight: 400;\">, Entonces el Se\u00f1or le dice a Josu\u00e9: <\/span><span style=\"font-weight: 400;\">\u201cMira que he quitado de ti tu pecado, y te he hecho vestir de ropas de gala.\u201d (<\/span><b>Zacar\u00edas 3:4<\/b><span style=\"font-weight: 400;\">)<\/span><span style=\"font-weight: 400;\"> (<\/span><\/p>\n<p><span style=\"font-weight: 400;\">Amigos, al igual que Josu\u00e9, nosotros tambi\u00e9n llegamos al juicio con ropas viles. El profeta Isa\u00edas escribe, <\/span><span style=\"font-weight: 400;\">\u201ctodas nuestras justicias son como trapo de inmundicia\u201d (<\/span><b>Isa\u00edas 64:6<\/b><span style=\"font-weight: 400;\">)<\/span><span style=\"font-weight: 400;\">. Pero<\/span> <span style=\"font-weight: 400;\">\u201dsi confesamos nuestros pecados, \u00e9l es fiel y justo para perdonar nuestros pecados, y limpiarnos de toda maldad\u201d (<\/span><b>1 Juan 1:9<\/b><span style=\"font-weight: 400;\">)<\/span><span style=\"font-weight: 400;\">. Jes\u00fas nos limpia y nos da su manto de justicia. \u00c9l promete,<\/span> <span style=\"font-weight: 400;\">\u201dEl que venciere ser\u00e1 vestido de vestiduras blancas; y no borrar\u00e9 su nombre del libro de la vida, y confesar\u00e9 su nombre delante de mi Padre, y delante de sus \u00e1ngeles.\u201d (<\/span><b>Apocalipsis 3:5<\/b><span style=\"font-weight: 400;\">)<\/span><\/p>\n<p><span style=\"font-weight: 400;\">Nuestra parte es confesar nuestros pecados, aceptar Su regalo de perd\u00f3n y comprometer nuestra vida a Su direcci\u00f3n. \u00a1\u00c9l se regocija en salvarnos! No necesitamos temer el juicio con Jes\u00fas a nuestro lado.<\/span><\/p>\n<p><span style=\"font-weight: 400;\">Pronto las palabras ser\u00e1n dichas <\/span><span style=\"font-weight: 400;\">\u201cEl que es injusto, sea injusto todav\u00eda; y el que es inmundo, sea inmundo todav\u00eda; y el que es justo, practique la justicia todav\u00eda; y el que es santo, santif\u00edquese todav\u00eda\u201d (Apocalipsis 22:11)<\/span><span style=\"font-weight: 400;\">. Una vez que se hablen estas palabras, se habr\u00e1 decidido el caso de cada persona, aquellas que est\u00e1n a favor y aquellas que est\u00e1n en contra de Dios.<\/span><\/p>\n<p><span style=\"font-weight: 400;\">Por mucho que el coraz\u00f3n del amor de Dios quiera salvar a cada persona, respeta la elecci\u00f3n que cada persona haya tomado. Jes\u00fas habr\u00e1 terminado su trabajo de intercesi\u00f3n. El \u00faltimo pecado habr\u00e1 sido borrado. El santuario celestial ser\u00e1 limpiado del pecado.<\/span><\/p>\n<p><span style=\"font-weight: 400;\">Despu\u00e9s de la purificaci\u00f3n del santuario celestial, Jes\u00fas regresar\u00e1 a la tierra y todos los que hayan elegido aceptar su don de salvaci\u00f3n se unir\u00e1n a \u00c9l y a sus \u00e1ngeles en el aire, listos para ir al cielo.<\/span><\/p>\n<p><span style=\"font-weight: 400;\">Los Adventistas del S\u00e9ptimo D\u00eda debemos llevar la delantera en levantar a Jes\u00fas y su justicia. Nunca dejes que nadie diga que somos legalistas. Estamos llenos de la justicia de Cristo, es el n\u00facleo mismo de los mensajes de los tres \u00e1ngeles.<\/span><\/p>\n<p><span style=\"font-weight: 400;\">En este momento, Jes\u00fas permanece en el santuario celestial. Est\u00e1 listo para perdonar nuestros pecados tan pronto como estemos listos para confesar. Est\u00e1 listo para acreditar el precio que pag\u00f3 a nuestra cuenta.<\/span><\/p>\n<p><span style=\"font-weight: 400;\">Pronto, Jes\u00fas dejar\u00e1 el lugar sant\u00edsimo del santuario celestial. Se quitar\u00e1 las t\u00fanicas sacerdotales y se pondr\u00e1 t\u00fanicas reales. \u00a1Vendr\u00e1 a llevarnos a casa!<\/span><\/p>\n<p><span style=\"font-weight: 400;\">Qu\u00e9 alegr\u00eda proclamar a Cristo como nuestro Salvador y Se\u00f1or, quien no solo nos salva, sino que nos ayuda a crecer cada vez m\u00e1s como \u00c9l a trav\u00e9s de Su poder.<\/span><\/p>\n<p><span style=\"font-weight: 400;\">\u00bfHas aceptado Su don de perd\u00f3n y limpieza? Si no, te invito a hacerlo justo ahora mientras oramos juntos.<\/span><\/p>\n<p><span style=\"font-weight: 400;\">Padre en el cielo, gracias por el incre\u00edble plan de salvaci\u00f3n. Cristo que vino a esta tierra como un beb\u00e9, viviendo una vida pura y sin pecado, llev\u00f3 a cabo su ministerio para los dem\u00e1s como un ejemplo para nosotros, y luego muri\u00f3 en la cruz por nuestros pecados en nuestro lugar, levant\u00e1ndose de la tumba y ascendiendo al cielo y ahora intercediendo por nosotros como nuestro sumo sacerdote. Qu\u00e9 plan de salvaci\u00f3n. Qu\u00e9 comprensi\u00f3n maravillosa obtenemos del servicio de santuario. Jes\u00fas es nuestro todo en todo. Gracias. Que de una vez por todas que en un futuro muy cercano el pecado se eliminar\u00e1 por completo, para nunca asomarse m\u00e1s. Pero pronto todo el universo vencer\u00e1 en armon\u00eda con Dios, y todos los seres proclamar\u00e1n que Dios es amor. Gracias por escucharnos en esta oraci\u00f3n y gracias por la promesa del pronto regreso de Jes\u00fas. Gu\u00edanos mientras estudiamos tu palabra en anticipaci\u00f3n de esa segunda venida de Cristo. En el nombre de Jes\u00fas, lo pedimos.<\/span><\/p>\n","protected":false},"excerpt":{"rendered":"<p>30 de noviembre del\u00a0 2023 | Silver Spring, Maryland, Estados Unidos | Ted N.C. Wilson, President de la Asociaci\u00f3n General de los Adventistas del S\u00e9ptimo D\u00eda Saludos amigos. Hoy concluimos&#8230;<\/p>\n","protected":false},"author":3,"featured_media":106952,"comment_status":"closed","ping_status":"closed","sticky":false,"template":"","format":"standard","meta":{"_acf_changed":false,"footnotes":""},"categories":[14,15],"tags":[],"class_list":["post-106933","post","type-post","status-publish","format-standard","has-post-thumbnail","hentry","category-de-la-iglesia-mundial","category-rss-espanol"],"acf":[],"yoast_head":"<!-- This site is optimized with the Yoast SEO plugin v27.3 - https:\/\/yoast.com\/product\/yoast-seo-wordpress\/ -->\n<title>El servicio del Santuario y la justificaci\u00f3n por la fe, (3ra Parte) - Iglesia Adventista del S\u00e9ptimo D\u00eda - Divisi\u00f3n Interamericana<\/title>\n<meta name=\"robots\" content=\"index, follow, max-snippet:-1, max-image-preview:large, max-video-preview:-1\" \/>\n<link rel=\"canonical\" href=\"https:\/\/interamerica.org\/es\/2023\/11\/el-servicio-del-santuario-y-la-justificacion-por-la-fe-3ra-parte\/\" \/>\n<meta property=\"og:locale\" content=\"es_ES\" \/>\n<meta property=\"og:type\" content=\"article\" \/>\n<meta property=\"og:title\" content=\"El servicio del Santuario y la justificaci\u00f3n por la fe, (3ra Parte) - Iglesia Adventista del S\u00e9ptimo D\u00eda - Divisi\u00f3n Interamericana\" \/>\n<meta property=\"og:description\" content=\"30 de noviembre del\u00a0 2023 | Silver Spring, Maryland, Estados Unidos | Ted N.C. Wilson, President de la Asociaci\u00f3n General de los Adventistas del S\u00e9ptimo D\u00eda Saludos amigos. Hoy concluimos...\" \/>\n<meta property=\"og:url\" content=\"https:\/\/interamerica.org\/es\/2023\/11\/el-servicio-del-santuario-y-la-justificacion-por-la-fe-3ra-parte\/\" \/>\n<meta property=\"og:site_name\" content=\"Iglesia Adventista del S\u00e9ptimo D\u00eda - Divisi\u00f3n Interamericana\" \/>\n<meta property=\"article:published_time\" content=\"2023-11-30T22:00:15+00:00\" \/>\n<meta property=\"article:modified_time\" content=\"2023-12-01T17:13:44+00:00\" \/>\n<meta property=\"og:image\" content=\"https:\/\/interamerica.org\/wp-content\/uploads\/2023\/11\/the-sanctuary-service-and-righteousness-by-faith-part-3-es.jpg\" \/>\n\t<meta property=\"og:image:width\" content=\"1920\" \/>\n\t<meta property=\"og:image:height\" content=\"1080\" \/>\n\t<meta property=\"og:image:type\" content=\"image\/jpeg\" \/>\n<meta name=\"author\" content=\"libna\" \/>\n<meta name=\"twitter:card\" content=\"summary_large_image\" \/>\n<meta name=\"twitter:label1\" content=\"Escrito por\" \/>\n\t<meta name=\"twitter:data1\" content=\"libna\" \/>\n\t<meta name=\"twitter:label2\" content=\"Tiempo de lectura\" \/>\n\t<meta name=\"twitter:data2\" content=\"7 minutos\" \/>\n<script type=\"application\/ld+json\" class=\"yoast-schema-graph\">{\"@context\":\"https:\\\/\\\/schema.org\",\"@graph\":[{\"@type\":\"Article\",\"@id\":\"https:\\\/\\\/interamerica.org\\\/es\\\/2023\\\/11\\\/el-servicio-del-santuario-y-la-justificacion-por-la-fe-3ra-parte\\\/#article\",\"isPartOf\":{\"@id\":\"https:\\\/\\\/interamerica.org\\\/es\\\/2023\\\/11\\\/el-servicio-del-santuario-y-la-justificacion-por-la-fe-3ra-parte\\\/\"},\"author\":{\"name\":\"libna\",\"@id\":\"https:\\\/\\\/interamerica.org\\\/es\\\/#\\\/schema\\\/person\\\/29998f2bc2d8bd0d38662909289b54f1\"},\"headline\":\"El servicio del Santuario y la justificaci\u00f3n por la fe, (3ra Parte)\",\"datePublished\":\"2023-11-30T22:00:15+00:00\",\"dateModified\":\"2023-12-01T17:13:44+00:00\",\"mainEntityOfPage\":{\"@id\":\"https:\\\/\\\/interamerica.org\\\/es\\\/2023\\\/11\\\/el-servicio-del-santuario-y-la-justificacion-por-la-fe-3ra-parte\\\/\"},\"wordCount\":1610,\"image\":{\"@id\":\"https:\\\/\\\/interamerica.org\\\/es\\\/2023\\\/11\\\/el-servicio-del-santuario-y-la-justificacion-por-la-fe-3ra-parte\\\/#primaryimage\"},\"thumbnailUrl\":\"https:\\\/\\\/interamerica.org\\\/wp-content\\\/uploads\\\/2023\\\/11\\\/the-sanctuary-service-and-righteousness-by-faith-part-3-es.jpg\",\"articleSection\":[\"Desde la iglesia mundial\",\"RSS Espa\u00f1ol\"],\"inLanguage\":\"es\"},{\"@type\":\"WebPage\",\"@id\":\"https:\\\/\\\/interamerica.org\\\/es\\\/2023\\\/11\\\/el-servicio-del-santuario-y-la-justificacion-por-la-fe-3ra-parte\\\/\",\"url\":\"https:\\\/\\\/interamerica.org\\\/es\\\/2023\\\/11\\\/el-servicio-del-santuario-y-la-justificacion-por-la-fe-3ra-parte\\\/\",\"name\":\"El servicio del Santuario y la justificaci\u00f3n por la fe, (3ra Parte) - Iglesia Adventista del S\u00e9ptimo D\u00eda - Divisi\u00f3n Interamericana\",\"isPartOf\":{\"@id\":\"https:\\\/\\\/interamerica.org\\\/es\\\/#website\"},\"primaryImageOfPage\":{\"@id\":\"https:\\\/\\\/interamerica.org\\\/es\\\/2023\\\/11\\\/el-servicio-del-santuario-y-la-justificacion-por-la-fe-3ra-parte\\\/#primaryimage\"},\"image\":{\"@id\":\"https:\\\/\\\/interamerica.org\\\/es\\\/2023\\\/11\\\/el-servicio-del-santuario-y-la-justificacion-por-la-fe-3ra-parte\\\/#primaryimage\"},\"thumbnailUrl\":\"https:\\\/\\\/interamerica.org\\\/wp-content\\\/uploads\\\/2023\\\/11\\\/the-sanctuary-service-and-righteousness-by-faith-part-3-es.jpg\",\"datePublished\":\"2023-11-30T22:00:15+00:00\",\"dateModified\":\"2023-12-01T17:13:44+00:00\",\"author\":{\"@id\":\"https:\\\/\\\/interamerica.org\\\/es\\\/#\\\/schema\\\/person\\\/29998f2bc2d8bd0d38662909289b54f1\"},\"breadcrumb\":{\"@id\":\"https:\\\/\\\/interamerica.org\\\/es\\\/2023\\\/11\\\/el-servicio-del-santuario-y-la-justificacion-por-la-fe-3ra-parte\\\/#breadcrumb\"},\"inLanguage\":\"es\",\"potentialAction\":[{\"@type\":\"ReadAction\",\"target\":[\"https:\\\/\\\/interamerica.org\\\/es\\\/2023\\\/11\\\/el-servicio-del-santuario-y-la-justificacion-por-la-fe-3ra-parte\\\/\"]}]},{\"@type\":\"ImageObject\",\"inLanguage\":\"es\",\"@id\":\"https:\\\/\\\/interamerica.org\\\/es\\\/2023\\\/11\\\/el-servicio-del-santuario-y-la-justificacion-por-la-fe-3ra-parte\\\/#primaryimage\",\"url\":\"https:\\\/\\\/interamerica.org\\\/wp-content\\\/uploads\\\/2023\\\/11\\\/the-sanctuary-service-and-righteousness-by-faith-part-3-es.jpg\",\"contentUrl\":\"https:\\\/\\\/interamerica.org\\\/wp-content\\\/uploads\\\/2023\\\/11\\\/the-sanctuary-service-and-righteousness-by-faith-part-3-es.jpg\",\"width\":1920,\"height\":1080},{\"@type\":\"BreadcrumbList\",\"@id\":\"https:\\\/\\\/interamerica.org\\\/es\\\/2023\\\/11\\\/el-servicio-del-santuario-y-la-justificacion-por-la-fe-3ra-parte\\\/#breadcrumb\",\"itemListElement\":[{\"@type\":\"ListItem\",\"position\":1,\"name\":\"Home\",\"item\":\"https:\\\/\\\/interamerica.org\\\/es\\\/\"},{\"@type\":\"ListItem\",\"position\":2,\"name\":\"El servicio del Santuario y la justificaci\u00f3n por la fe, (3ra Parte)\"}]},{\"@type\":\"WebSite\",\"@id\":\"https:\\\/\\\/interamerica.org\\\/es\\\/#website\",\"url\":\"https:\\\/\\\/interamerica.org\\\/es\\\/\",\"name\":\"Iglesia Adventista del S\u00e9ptimo D\u00eda - Divisi\u00f3n Interamericana\",\"description\":\"\",\"potentialAction\":[{\"@type\":\"SearchAction\",\"target\":{\"@type\":\"EntryPoint\",\"urlTemplate\":\"https:\\\/\\\/interamerica.org\\\/es\\\/?s={search_term_string}\"},\"query-input\":{\"@type\":\"PropertyValueSpecification\",\"valueRequired\":true,\"valueName\":\"search_term_string\"}}],\"inLanguage\":\"es\"},{\"@type\":\"Person\",\"@id\":\"https:\\\/\\\/interamerica.org\\\/es\\\/#\\\/schema\\\/person\\\/29998f2bc2d8bd0d38662909289b54f1\",\"name\":\"libna\",\"image\":{\"@type\":\"ImageObject\",\"inLanguage\":\"es\",\"@id\":\"https:\\\/\\\/secure.gravatar.com\\\/avatar\\\/7c5bd30ae4b47a9ba3c856590957fd1d96dc588bf3ac05719d247e126840331f?s=96&d=mm&r=g\",\"url\":\"https:\\\/\\\/secure.gravatar.com\\\/avatar\\\/7c5bd30ae4b47a9ba3c856590957fd1d96dc588bf3ac05719d247e126840331f?s=96&d=mm&r=g\",\"contentUrl\":\"https:\\\/\\\/secure.gravatar.com\\\/avatar\\\/7c5bd30ae4b47a9ba3c856590957fd1d96dc588bf3ac05719d247e126840331f?s=96&d=mm&r=g\",\"caption\":\"libna\"}}]}<\/script>\n<!-- \/ Yoast SEO plugin. -->","yoast_head_json":{"title":"El servicio del Santuario y la justificaci\u00f3n por la fe, (3ra Parte) - Iglesia Adventista del S\u00e9ptimo D\u00eda - Divisi\u00f3n Interamericana","robots":{"index":"index","follow":"follow","max-snippet":"max-snippet:-1","max-image-preview":"max-image-preview:large","max-video-preview":"max-video-preview:-1"},"canonical":"https:\/\/interamerica.org\/es\/2023\/11\/el-servicio-del-santuario-y-la-justificacion-por-la-fe-3ra-parte\/","og_locale":"es_ES","og_type":"article","og_title":"El servicio del Santuario y la justificaci\u00f3n por la fe, (3ra Parte) - Iglesia Adventista del S\u00e9ptimo D\u00eda - Divisi\u00f3n Interamericana","og_description":"30 de noviembre del\u00a0 2023 | Silver Spring, Maryland, Estados Unidos | Ted N.C. Wilson, President de la Asociaci\u00f3n General de los Adventistas del S\u00e9ptimo D\u00eda Saludos amigos. Hoy concluimos...","og_url":"https:\/\/interamerica.org\/es\/2023\/11\/el-servicio-del-santuario-y-la-justificacion-por-la-fe-3ra-parte\/","og_site_name":"Iglesia Adventista del S\u00e9ptimo D\u00eda - Divisi\u00f3n Interamericana","article_published_time":"2023-11-30T22:00:15+00:00","article_modified_time":"2023-12-01T17:13:44+00:00","og_image":[{"width":1920,"height":1080,"url":"https:\/\/interamerica.org\/wp-content\/uploads\/2023\/11\/the-sanctuary-service-and-righteousness-by-faith-part-3-es.jpg","type":"image\/jpeg"}],"author":"libna","twitter_card":"summary_large_image","twitter_misc":{"Escrito por":"libna","Tiempo de lectura":"7 minutos"},"schema":{"@context":"https:\/\/schema.org","@graph":[{"@type":"Article","@id":"https:\/\/interamerica.org\/es\/2023\/11\/el-servicio-del-santuario-y-la-justificacion-por-la-fe-3ra-parte\/#article","isPartOf":{"@id":"https:\/\/interamerica.org\/es\/2023\/11\/el-servicio-del-santuario-y-la-justificacion-por-la-fe-3ra-parte\/"},"author":{"name":"libna","@id":"https:\/\/interamerica.org\/es\/#\/schema\/person\/29998f2bc2d8bd0d38662909289b54f1"},"headline":"El servicio del Santuario y la justificaci\u00f3n por la fe, (3ra Parte)","datePublished":"2023-11-30T22:00:15+00:00","dateModified":"2023-12-01T17:13:44+00:00","mainEntityOfPage":{"@id":"https:\/\/interamerica.org\/es\/2023\/11\/el-servicio-del-santuario-y-la-justificacion-por-la-fe-3ra-parte\/"},"wordCount":1610,"image":{"@id":"https:\/\/interamerica.org\/es\/2023\/11\/el-servicio-del-santuario-y-la-justificacion-por-la-fe-3ra-parte\/#primaryimage"},"thumbnailUrl":"https:\/\/interamerica.org\/wp-content\/uploads\/2023\/11\/the-sanctuary-service-and-righteousness-by-faith-part-3-es.jpg","articleSection":["Desde la iglesia mundial","RSS Espa\u00f1ol"],"inLanguage":"es"},{"@type":"WebPage","@id":"https:\/\/interamerica.org\/es\/2023\/11\/el-servicio-del-santuario-y-la-justificacion-por-la-fe-3ra-parte\/","url":"https:\/\/interamerica.org\/es\/2023\/11\/el-servicio-del-santuario-y-la-justificacion-por-la-fe-3ra-parte\/","name":"El servicio del Santuario y la justificaci\u00f3n por la fe, (3ra Parte) - Iglesia Adventista del S\u00e9ptimo D\u00eda - Divisi\u00f3n Interamericana","isPartOf":{"@id":"https:\/\/interamerica.org\/es\/#website"},"primaryImageOfPage":{"@id":"https:\/\/interamerica.org\/es\/2023\/11\/el-servicio-del-santuario-y-la-justificacion-por-la-fe-3ra-parte\/#primaryimage"},"image":{"@id":"https:\/\/interamerica.org\/es\/2023\/11\/el-servicio-del-santuario-y-la-justificacion-por-la-fe-3ra-parte\/#primaryimage"},"thumbnailUrl":"https:\/\/interamerica.org\/wp-content\/uploads\/2023\/11\/the-sanctuary-service-and-righteousness-by-faith-part-3-es.jpg","datePublished":"2023-11-30T22:00:15+00:00","dateModified":"2023-12-01T17:13:44+00:00","author":{"@id":"https:\/\/interamerica.org\/es\/#\/schema\/person\/29998f2bc2d8bd0d38662909289b54f1"},"breadcrumb":{"@id":"https:\/\/interamerica.org\/es\/2023\/11\/el-servicio-del-santuario-y-la-justificacion-por-la-fe-3ra-parte\/#breadcrumb"},"inLanguage":"es","potentialAction":[{"@type":"ReadAction","target":["https:\/\/interamerica.org\/es\/2023\/11\/el-servicio-del-santuario-y-la-justificacion-por-la-fe-3ra-parte\/"]}]},{"@type":"ImageObject","inLanguage":"es","@id":"https:\/\/interamerica.org\/es\/2023\/11\/el-servicio-del-santuario-y-la-justificacion-por-la-fe-3ra-parte\/#primaryimage","url":"https:\/\/interamerica.org\/wp-content\/uploads\/2023\/11\/the-sanctuary-service-and-righteousness-by-faith-part-3-es.jpg","contentUrl":"https:\/\/interamerica.org\/wp-content\/uploads\/2023\/11\/the-sanctuary-service-and-righteousness-by-faith-part-3-es.jpg","width":1920,"height":1080},{"@type":"BreadcrumbList","@id":"https:\/\/interamerica.org\/es\/2023\/11\/el-servicio-del-santuario-y-la-justificacion-por-la-fe-3ra-parte\/#breadcrumb","itemListElement":[{"@type":"ListItem","position":1,"name":"Home","item":"https:\/\/interamerica.org\/es\/"},{"@type":"ListItem","position":2,"name":"El servicio del Santuario y la justificaci\u00f3n por la fe, (3ra Parte)"}]},{"@type":"WebSite","@id":"https:\/\/interamerica.org\/es\/#website","url":"https:\/\/interamerica.org\/es\/","name":"Iglesia Adventista del S\u00e9ptimo D\u00eda - Divisi\u00f3n Interamericana","description":"","potentialAction":[{"@type":"SearchAction","target":{"@type":"EntryPoint","urlTemplate":"https:\/\/interamerica.org\/es\/?s={search_term_string}"},"query-input":{"@type":"PropertyValueSpecification","valueRequired":true,"valueName":"search_term_string"}}],"inLanguage":"es"},{"@type":"Person","@id":"https:\/\/interamerica.org\/es\/#\/schema\/person\/29998f2bc2d8bd0d38662909289b54f1","name":"libna","image":{"@type":"ImageObject","inLanguage":"es","@id":"https:\/\/secure.gravatar.com\/avatar\/7c5bd30ae4b47a9ba3c856590957fd1d96dc588bf3ac05719d247e126840331f?s=96&d=mm&r=g","url":"https:\/\/secure.gravatar.com\/avatar\/7c5bd30ae4b47a9ba3c856590957fd1d96dc588bf3ac05719d247e126840331f?s=96&d=mm&r=g","contentUrl":"https:\/\/secure.gravatar.com\/avatar\/7c5bd30ae4b47a9ba3c856590957fd1d96dc588bf3ac05719d247e126840331f?s=96&d=mm&r=g","caption":"libna"}}]}},"_links":{"self":[{"href":"https:\/\/interamerica.org\/es\/wp-json\/wp\/v2\/posts\/106933","targetHints":{"allow":["GET"]}}],"collection":[{"href":"https:\/\/interamerica.org\/es\/wp-json\/wp\/v2\/posts"}],"about":[{"href":"https:\/\/interamerica.org\/es\/wp-json\/wp\/v2\/types\/post"}],"author":[{"embeddable":true,"href":"https:\/\/interamerica.org\/es\/wp-json\/wp\/v2\/users\/3"}],"replies":[{"embeddable":true,"href":"https:\/\/interamerica.org\/es\/wp-json\/wp\/v2\/comments?post=106933"}],"version-history":[{"count":0,"href":"https:\/\/interamerica.org\/es\/wp-json\/wp\/v2\/posts\/106933\/revisions"}],"wp:featuredmedia":[{"embeddable":true,"href":"https:\/\/interamerica.org\/es\/wp-json\/wp\/v2\/media\/106952"}],"wp:attachment":[{"href":"https:\/\/interamerica.org\/es\/wp-json\/wp\/v2\/media?parent=106933"}],"wp:term":[{"taxonomy":"category","embeddable":true,"href":"https:\/\/interamerica.org\/es\/wp-json\/wp\/v2\/categories?post=106933"},{"taxonomy":"post_tag","embeddable":true,"href":"https:\/\/interamerica.org\/es\/wp-json\/wp\/v2\/tags?post=106933"}],"curies":[{"name":"wp","href":"https:\/\/api.w.org\/{rel}","templated":true}]}}