{"id":10701,"date":"2006-03-17T00:00:00","date_gmt":"2006-03-17T04:00:00","guid":{"rendered":"http:\/\/192.81.217.108\/interamerica\/2006\/03\/inter-america-la-direccion-de-la-iglesia-adventista-del-septimo-dia-repasa-practicas-de-la-iglesia\/"},"modified":"2017-06-02T09:14:58","modified_gmt":"2017-06-02T13:14:58","slug":"inter-america-la-direccion-de-la-iglesia-adventista-del-septimo-dia-repasa-practicas-de-la-iglesia","status":"publish","type":"post","link":"https:\/\/interamerica.org\/es\/2006\/03\/inter-america-la-direccion-de-la-iglesia-adventista-del-septimo-dia-repasa-practicas-de-la-iglesia\/","title":{"rendered":"\u00cdnter Am\u00e9rica: La Direcci\u00f3n de la Iglesia Adventista del S\u00e9ptimo Dia Repasa Pr\u00e1cticas de la Iglesia"},"content":{"rendered":"<p>Miami, Florida, Estados Unidos &#8230;[Libna Stevens\/DIA]<\/p>\n<p>Armados con el \u00e9xito que ha obtenido la iglesia en \u00cdnter Am\u00e9rica en su constante influjo de nuevos miembros cada quinquenio, l\u00edderes y administradores de la iglesia de todo el territorio de la Divisi\u00f3n Interamericana se reunieron en Miami, Florida  para un nuevo paradigma de capacitaci\u00f3n en liderazgo durante los d\u00edas 12 y 13 de marzo.<\/p>\n<p>La Conferencia de Liderazgo congreg\u00f3 a los tres oficiales ejecutivos de cada sede, m\u00e1s de 300 personas que representaban 114 lugares que inclu\u00edan uniones, asociaciones y misiones para revisar las pr\u00e1cticas de liderazgo y el efecto que \u00e9stas tienen sobre la iglesia.<\/p>\n<p>Centrados m\u00e1s  en un estilo de Liderazgo al Servicio semejante al que Jes\u00fas ejerci\u00f3 cuando estuvo en la tierra, oficiales de iglesia que han estado sirviendo a la iglesia por a\u00f1os, as\u00ed como los reci\u00e9n elegidos, se volvieron a poner al tanto con las doctrinas fundamentales de la iglesia adventista, lo que se espera de cada l\u00edder de la iglesia, formaci\u00f3n de equipo y direcci\u00f3n, planeaci\u00f3n estrat\u00e9gica, gobierno de la iglesia, pol\u00edticas financieras, resoluci\u00f3n de conflictos, misi\u00f3n global, financiando la misi\u00f3n y m\u00e1s.<\/p>\n<p>Los l\u00edderes de la iglesia tambi\u00e9n se reunieron para discusi\u00f3n en grupos en diferentes ocasiones durante los dos d\u00edas de sesi\u00f3n para revisar lo presentado e intercambiar ideas sobre c\u00f3mo dirigir la iglesia en sus respectivos territorios.<\/p>\n<p>Reunir la direcci\u00f3n completa del territorio de la DIA, como primer acto, fue una decisi\u00f3n que la administraci\u00f3n de la divisi\u00f3n quiso estar segura que se cumpliera, dice el pastor Israel Leito, presidente de la iglesia en \u00cdnter Am\u00e9rica.<\/p>\n<p>Aunque la capacitaci\u00f3n a nivel de uni\u00f3n ha estado ocurriendo durante los \u00faltimos 10 a\u00f1os, seg\u00fan el pastor Leito, la decisi\u00f3n de realizar una juntos parec\u00eda una forma m\u00e1s eficiente de lograr todo al mismo tiempo, en vez de repetir lo mismo 15 veces a trav\u00e9s de todo el territorio de las uniones.<\/p>\n<p>\u00abEs bueno que los diversos liderazgos de la iglesia de la DIA se re\u00fanan a fin de poder escucharse mutuamente, aprender a conocernos personalmente, y en vez de permanecer en el territorio de cada uni\u00f3n, obtener una opini\u00f3n a nivel de divisi\u00f3n, no s\u00f3lo la de la uni\u00f3n a fin de avanzar juntos como un todo\u00bb, dice el pastor Leito.<\/p>\n<p>Esta conferencia de liderazgo era parte del seguimiento a una decisi\u00f3n tomada por la Asociaci\u00f3n General para enfatizar el liderazgo cristiano como un resultado de una encuesta realizada por la Universidad Andrews. La encuesta revel\u00f3 que habr\u00e1 grandes retos para la iglesia en los pr\u00f3ximos 14 a\u00f1os. Para el a\u00f1o 2020, se espera que la mayor\u00eda de los dirigentes de iglesia tendr\u00e1n 10 o menos a\u00f1os como adventistas del s\u00e9ptimo d\u00eda en los niveles bajos de la organizaci\u00f3n de la iglesia, dice el pastor Leito.<\/p>\n<p>\u00abEsto da temor y, por lo tanto, la iglesia est\u00e1 enfatiz\u00e1ndolo grandemente para capacitar y que dicha capacitaci\u00f3n est\u00e9 en el sitio de desempe\u00f1o en forma constante para los l\u00edderes, a fin de asegurar que la cultura adventista se mantiene al avanzar con la iglesia\u00bb, dice \u00e9l. \u00abEsta fue la raz\u00f3n y la gran necesidad para ayudar a la gente a entender de qu\u00e9 trata el liderazgo de los adventistas del s\u00e9ptimo d\u00eda\u00bb.<\/p>\n<p>Para darle seguimiento a esto, dice el pastor Leito, educaci\u00f3n continuada en forma de capacitaci\u00f3n para dirigir ser\u00e1 provista por sat\u00e9lite y por la Internet.<\/p>\n<p>En cuanto al impacto que se espera de esta conferencia de liderazgo, el pastor Leito est\u00e1 esperanzado que tenga un pronto efecto a medida que los que asistieron regresen a sus territorios y compartan con los l\u00edderes de las iglesias locales lo que aprendieron. <\/p>\n<p>\u00abTenemos buen liderazgo en el territorio, hay dirigentes cristianos muy concientes all\u00e1, pero hay muchos que no tienen una capacitaci\u00f3n formal en liderazgo y administraci\u00f3n. Por lo tanto, estamos predispuestos a cometer errores catastr\u00f3ficos, y a tratar a la iglesia como si trat\u00e1ramos a los trabajadores de una f\u00e1brica, o a un labrigo; a la iglesia debe trat\u00e1rsele diferente. Es por eso que estamos enfatizando este concepto del liderazgo al servicio en vez de rey y capataz\u00bb.<\/p>\n<p>El pastor Leito y sus colegas unen esfuerzos para llevar la iglesia en la direcci\u00f3n correcta a fin de que esta pueda adaptarse a los cambios ambientales en los que vive. Sin embargo, a\u00fan hay retos que enfrentan a la iglesia. Uno de los principales es que el liderazgo en el pasado  estaba basado mayormente en el control de la informaci\u00f3n.<\/p>\n<p>\u00abAquel que ten\u00eda la mayor informaci\u00f3n era el que, generalmente, sub\u00eda al tope\u00bb, dice el pastor Leito. \u00abEscog\u00edamos nuestros dirigentes con base en su experiencia y pericia, pero eso ha cambiado dram\u00e1ticamente. La dirigencia hoy se elige no tanto con base en el control de la informaci\u00f3n porque mucha de \u00e9sta puede encontrarse ya lista en la Internet\u00bb.<\/p>\n<p>Otro reto que se\u00f1ala el pastor Leito es crear un ambiente eclesi\u00e1stico que motive a los laicos &#8211; hombre o mujer &#8211; que trabaja en el gobierno, la industria y el comercio, a aplicar sus habilidades cotidianas al progreso de la iglesia.<\/p>\n<p>Para el pastor Norbert Kancel, que ha servido como presidente de la iglesia en Guiana francesa desde 2005, recibir capacitaci\u00f3n en la conferencia le trajo m\u00e1s de un sentido de responsabilidad.<\/p>\n<p>\u00abHe aprendido a tener una visi\u00f3n m\u00e1s amplia en la obra de Dios\u00bb, dice el pastor Kancel. \u00abCreo que mi labor tendr\u00e1 una nueva direcci\u00f3n al servile a la iglesia en forma diferente, al servile con inversi\u00f3n\u00bb.<\/p>\n<p>Esa nueva direcci\u00f3n es justo lo que los l\u00edderes de la iglesia en la sede de la Divisi\u00f3n esperan ver pronto, seg\u00fan el pastor Leito.<\/p>\n<p>Se hacen planes para una segunda conferencia sobre liderazgo antes del a\u00f1o 2010.<\/p>\n<p>Para informaci\u00f3n adicional sobre la Conferencia sobre Liderazgo, sus oradores en los seminarios y presentaciones, entre a  <a   href=\"https:\/\/recursing-golick.147-182-135-0.plesk.page\/\"><U  >www.interamerica.org<\/u><\/a>.<\/p>\n","protected":false},"excerpt":{"rendered":"<p>Con el \u00e9xito de la iglesia en su constante influjo de nuevos miembros cada quinquenio, los dirigentes de \u00cdnter Am\u00e9rica se reunieron para un nuevo paradigma de capacitaci\u00f3n en liderazgo en Miami, Florida el 12 y 13 de marzo.<\/p>\n","protected":false},"author":1,"featured_media":0,"comment_status":"closed","ping_status":"closed","sticky":false,"template":"","format":"standard","meta":{"_acf_changed":false,"footnotes":""},"categories":[8],"tags":[],"class_list":["post-10701","post","type-post","status-publish","format-standard","hentry","category-archivo"],"acf":[],"yoast_head":"<!-- This site is optimized with the Yoast SEO plugin v27.3 - https:\/\/yoast.com\/product\/yoast-seo-wordpress\/ -->\n<title>\u00cdnter Am\u00e9rica: La Direcci\u00f3n de la Iglesia Adventista del S\u00e9ptimo Dia Repasa Pr\u00e1cticas de la Iglesia - Iglesia Adventista del S\u00e9ptimo D\u00eda - Divisi\u00f3n Interamericana<\/title>\n<meta name=\"robots\" content=\"index, follow, max-snippet:-1, max-image-preview:large, max-video-preview:-1\" \/>\n<link rel=\"canonical\" href=\"https:\/\/interamerica.org\/es\/2006\/03\/inter-america-la-direccion-de-la-iglesia-adventista-del-septimo-dia-repasa-practicas-de-la-iglesia\/\" \/>\n<meta property=\"og:locale\" content=\"es_ES\" \/>\n<meta property=\"og:type\" content=\"article\" \/>\n<meta property=\"og:title\" content=\"\u00cdnter Am\u00e9rica: La Direcci\u00f3n de la Iglesia Adventista del S\u00e9ptimo Dia Repasa Pr\u00e1cticas de la Iglesia - Iglesia Adventista del S\u00e9ptimo D\u00eda - Divisi\u00f3n Interamericana\" \/>\n<meta property=\"og:description\" content=\"Con el \u00e9xito de la iglesia en su constante influjo de nuevos miembros cada quinquenio, los dirigentes de \u00cdnter Am\u00e9rica se reunieron para un nuevo paradigma de capacitaci\u00f3n en liderazgo en Miami, Florida el 12 y 13 de marzo.\" \/>\n<meta property=\"og:url\" content=\"https:\/\/interamerica.org\/es\/2006\/03\/inter-america-la-direccion-de-la-iglesia-adventista-del-septimo-dia-repasa-practicas-de-la-iglesia\/\" \/>\n<meta property=\"og:site_name\" content=\"Iglesia Adventista del S\u00e9ptimo D\u00eda - Divisi\u00f3n Interamericana\" \/>\n<meta property=\"article:published_time\" content=\"2006-03-17T04:00:00+00:00\" \/>\n<meta property=\"article:modified_time\" content=\"2017-06-02T13:14:58+00:00\" \/>\n<meta name=\"author\" content=\"Lorenzo Verduzco\" \/>\n<meta name=\"twitter:card\" content=\"summary_large_image\" \/>\n<meta name=\"twitter:label1\" content=\"Escrito por\" \/>\n\t<meta name=\"twitter:data1\" content=\"Lorenzo Verduzco\" \/>\n\t<meta name=\"twitter:label2\" content=\"Tiempo de lectura\" \/>\n\t<meta name=\"twitter:data2\" content=\"5 minutos\" \/>\n<script type=\"application\/ld+json\" class=\"yoast-schema-graph\">{\"@context\":\"https:\\\/\\\/schema.org\",\"@graph\":[{\"@type\":\"Article\",\"@id\":\"https:\\\/\\\/interamerica.org\\\/es\\\/2006\\\/03\\\/inter-america-la-direccion-de-la-iglesia-adventista-del-septimo-dia-repasa-practicas-de-la-iglesia\\\/#article\",\"isPartOf\":{\"@id\":\"https:\\\/\\\/interamerica.org\\\/es\\\/2006\\\/03\\\/inter-america-la-direccion-de-la-iglesia-adventista-del-septimo-dia-repasa-practicas-de-la-iglesia\\\/\"},\"author\":{\"name\":\"Lorenzo Verduzco\",\"@id\":\"https:\\\/\\\/interamerica.org\\\/es\\\/#\\\/schema\\\/person\\\/68ede8bdc292885bb76c1e3810e73c39\"},\"headline\":\"\u00cdnter Am\u00e9rica: La Direcci\u00f3n de la Iglesia Adventista del S\u00e9ptimo Dia Repasa Pr\u00e1cticas de la Iglesia\",\"datePublished\":\"2006-03-17T04:00:00+00:00\",\"dateModified\":\"2017-06-02T13:14:58+00:00\",\"mainEntityOfPage\":{\"@id\":\"https:\\\/\\\/interamerica.org\\\/es\\\/2006\\\/03\\\/inter-america-la-direccion-de-la-iglesia-adventista-del-septimo-dia-repasa-practicas-de-la-iglesia\\\/\"},\"wordCount\":1075,\"articleSection\":[\"Archivo\"],\"inLanguage\":\"es\"},{\"@type\":\"WebPage\",\"@id\":\"https:\\\/\\\/interamerica.org\\\/es\\\/2006\\\/03\\\/inter-america-la-direccion-de-la-iglesia-adventista-del-septimo-dia-repasa-practicas-de-la-iglesia\\\/\",\"url\":\"https:\\\/\\\/interamerica.org\\\/es\\\/2006\\\/03\\\/inter-america-la-direccion-de-la-iglesia-adventista-del-septimo-dia-repasa-practicas-de-la-iglesia\\\/\",\"name\":\"\u00cdnter Am\u00e9rica: La Direcci\u00f3n de la Iglesia Adventista del S\u00e9ptimo Dia Repasa Pr\u00e1cticas de la Iglesia - Iglesia Adventista del S\u00e9ptimo D\u00eda - Divisi\u00f3n Interamericana\",\"isPartOf\":{\"@id\":\"https:\\\/\\\/interamerica.org\\\/es\\\/#website\"},\"datePublished\":\"2006-03-17T04:00:00+00:00\",\"dateModified\":\"2017-06-02T13:14:58+00:00\",\"author\":{\"@id\":\"https:\\\/\\\/interamerica.org\\\/es\\\/#\\\/schema\\\/person\\\/68ede8bdc292885bb76c1e3810e73c39\"},\"breadcrumb\":{\"@id\":\"https:\\\/\\\/interamerica.org\\\/es\\\/2006\\\/03\\\/inter-america-la-direccion-de-la-iglesia-adventista-del-septimo-dia-repasa-practicas-de-la-iglesia\\\/#breadcrumb\"},\"inLanguage\":\"es\",\"potentialAction\":[{\"@type\":\"ReadAction\",\"target\":[\"https:\\\/\\\/interamerica.org\\\/es\\\/2006\\\/03\\\/inter-america-la-direccion-de-la-iglesia-adventista-del-septimo-dia-repasa-practicas-de-la-iglesia\\\/\"]}]},{\"@type\":\"BreadcrumbList\",\"@id\":\"https:\\\/\\\/interamerica.org\\\/es\\\/2006\\\/03\\\/inter-america-la-direccion-de-la-iglesia-adventista-del-septimo-dia-repasa-practicas-de-la-iglesia\\\/#breadcrumb\",\"itemListElement\":[{\"@type\":\"ListItem\",\"position\":1,\"name\":\"Home\",\"item\":\"https:\\\/\\\/interamerica.org\\\/es\\\/\"},{\"@type\":\"ListItem\",\"position\":2,\"name\":\"\u00cdnter Am\u00e9rica: La Direcci\u00f3n de la Iglesia Adventista del S\u00e9ptimo Dia Repasa Pr\u00e1cticas de la Iglesia\"}]},{\"@type\":\"WebSite\",\"@id\":\"https:\\\/\\\/interamerica.org\\\/es\\\/#website\",\"url\":\"https:\\\/\\\/interamerica.org\\\/es\\\/\",\"name\":\"Iglesia Adventista del S\u00e9ptimo D\u00eda - Divisi\u00f3n Interamericana\",\"description\":\"\",\"potentialAction\":[{\"@type\":\"SearchAction\",\"target\":{\"@type\":\"EntryPoint\",\"urlTemplate\":\"https:\\\/\\\/interamerica.org\\\/es\\\/?s={search_term_string}\"},\"query-input\":{\"@type\":\"PropertyValueSpecification\",\"valueRequired\":true,\"valueName\":\"search_term_string\"}}],\"inLanguage\":\"es\"},{\"@type\":\"Person\",\"@id\":\"https:\\\/\\\/interamerica.org\\\/es\\\/#\\\/schema\\\/person\\\/68ede8bdc292885bb76c1e3810e73c39\",\"name\":\"Lorenzo Verduzco\",\"image\":{\"@type\":\"ImageObject\",\"inLanguage\":\"es\",\"@id\":\"https:\\\/\\\/secure.gravatar.com\\\/avatar\\\/fb81a55b6218459490a9c1dc841a34909185b81904c5337b4b27f7a6fd60c49e?s=96&d=mm&r=g\",\"url\":\"https:\\\/\\\/secure.gravatar.com\\\/avatar\\\/fb81a55b6218459490a9c1dc841a34909185b81904c5337b4b27f7a6fd60c49e?s=96&d=mm&r=g\",\"contentUrl\":\"https:\\\/\\\/secure.gravatar.com\\\/avatar\\\/fb81a55b6218459490a9c1dc841a34909185b81904c5337b4b27f7a6fd60c49e?s=96&d=mm&r=g\",\"caption\":\"Lorenzo Verduzco\"}}]}<\/script>\n<!-- \/ Yoast SEO plugin. -->","yoast_head_json":{"title":"\u00cdnter Am\u00e9rica: La Direcci\u00f3n de la Iglesia Adventista del S\u00e9ptimo Dia Repasa Pr\u00e1cticas de la Iglesia - Iglesia Adventista del S\u00e9ptimo D\u00eda - Divisi\u00f3n Interamericana","robots":{"index":"index","follow":"follow","max-snippet":"max-snippet:-1","max-image-preview":"max-image-preview:large","max-video-preview":"max-video-preview:-1"},"canonical":"https:\/\/interamerica.org\/es\/2006\/03\/inter-america-la-direccion-de-la-iglesia-adventista-del-septimo-dia-repasa-practicas-de-la-iglesia\/","og_locale":"es_ES","og_type":"article","og_title":"\u00cdnter Am\u00e9rica: La Direcci\u00f3n de la Iglesia Adventista del S\u00e9ptimo Dia Repasa Pr\u00e1cticas de la Iglesia - Iglesia Adventista del S\u00e9ptimo D\u00eda - Divisi\u00f3n Interamericana","og_description":"Con el \u00e9xito de la iglesia en su constante influjo de nuevos miembros cada quinquenio, los dirigentes de \u00cdnter Am\u00e9rica se reunieron para un nuevo paradigma de capacitaci\u00f3n en liderazgo en Miami, Florida el 12 y 13 de marzo.","og_url":"https:\/\/interamerica.org\/es\/2006\/03\/inter-america-la-direccion-de-la-iglesia-adventista-del-septimo-dia-repasa-practicas-de-la-iglesia\/","og_site_name":"Iglesia Adventista del S\u00e9ptimo D\u00eda - Divisi\u00f3n Interamericana","article_published_time":"2006-03-17T04:00:00+00:00","article_modified_time":"2017-06-02T13:14:58+00:00","author":"Lorenzo Verduzco","twitter_card":"summary_large_image","twitter_misc":{"Escrito por":"Lorenzo Verduzco","Tiempo de lectura":"5 minutos"},"schema":{"@context":"https:\/\/schema.org","@graph":[{"@type":"Article","@id":"https:\/\/interamerica.org\/es\/2006\/03\/inter-america-la-direccion-de-la-iglesia-adventista-del-septimo-dia-repasa-practicas-de-la-iglesia\/#article","isPartOf":{"@id":"https:\/\/interamerica.org\/es\/2006\/03\/inter-america-la-direccion-de-la-iglesia-adventista-del-septimo-dia-repasa-practicas-de-la-iglesia\/"},"author":{"name":"Lorenzo Verduzco","@id":"https:\/\/interamerica.org\/es\/#\/schema\/person\/68ede8bdc292885bb76c1e3810e73c39"},"headline":"\u00cdnter Am\u00e9rica: La Direcci\u00f3n de la Iglesia Adventista del S\u00e9ptimo Dia Repasa Pr\u00e1cticas de la Iglesia","datePublished":"2006-03-17T04:00:00+00:00","dateModified":"2017-06-02T13:14:58+00:00","mainEntityOfPage":{"@id":"https:\/\/interamerica.org\/es\/2006\/03\/inter-america-la-direccion-de-la-iglesia-adventista-del-septimo-dia-repasa-practicas-de-la-iglesia\/"},"wordCount":1075,"articleSection":["Archivo"],"inLanguage":"es"},{"@type":"WebPage","@id":"https:\/\/interamerica.org\/es\/2006\/03\/inter-america-la-direccion-de-la-iglesia-adventista-del-septimo-dia-repasa-practicas-de-la-iglesia\/","url":"https:\/\/interamerica.org\/es\/2006\/03\/inter-america-la-direccion-de-la-iglesia-adventista-del-septimo-dia-repasa-practicas-de-la-iglesia\/","name":"\u00cdnter Am\u00e9rica: La Direcci\u00f3n de la Iglesia Adventista del S\u00e9ptimo Dia Repasa Pr\u00e1cticas de la Iglesia - Iglesia Adventista del S\u00e9ptimo D\u00eda - Divisi\u00f3n Interamericana","isPartOf":{"@id":"https:\/\/interamerica.org\/es\/#website"},"datePublished":"2006-03-17T04:00:00+00:00","dateModified":"2017-06-02T13:14:58+00:00","author":{"@id":"https:\/\/interamerica.org\/es\/#\/schema\/person\/68ede8bdc292885bb76c1e3810e73c39"},"breadcrumb":{"@id":"https:\/\/interamerica.org\/es\/2006\/03\/inter-america-la-direccion-de-la-iglesia-adventista-del-septimo-dia-repasa-practicas-de-la-iglesia\/#breadcrumb"},"inLanguage":"es","potentialAction":[{"@type":"ReadAction","target":["https:\/\/interamerica.org\/es\/2006\/03\/inter-america-la-direccion-de-la-iglesia-adventista-del-septimo-dia-repasa-practicas-de-la-iglesia\/"]}]},{"@type":"BreadcrumbList","@id":"https:\/\/interamerica.org\/es\/2006\/03\/inter-america-la-direccion-de-la-iglesia-adventista-del-septimo-dia-repasa-practicas-de-la-iglesia\/#breadcrumb","itemListElement":[{"@type":"ListItem","position":1,"name":"Home","item":"https:\/\/interamerica.org\/es\/"},{"@type":"ListItem","position":2,"name":"\u00cdnter Am\u00e9rica: La Direcci\u00f3n de la Iglesia Adventista del S\u00e9ptimo Dia Repasa Pr\u00e1cticas de la Iglesia"}]},{"@type":"WebSite","@id":"https:\/\/interamerica.org\/es\/#website","url":"https:\/\/interamerica.org\/es\/","name":"Iglesia Adventista del S\u00e9ptimo D\u00eda - Divisi\u00f3n Interamericana","description":"","potentialAction":[{"@type":"SearchAction","target":{"@type":"EntryPoint","urlTemplate":"https:\/\/interamerica.org\/es\/?s={search_term_string}"},"query-input":{"@type":"PropertyValueSpecification","valueRequired":true,"valueName":"search_term_string"}}],"inLanguage":"es"},{"@type":"Person","@id":"https:\/\/interamerica.org\/es\/#\/schema\/person\/68ede8bdc292885bb76c1e3810e73c39","name":"Lorenzo Verduzco","image":{"@type":"ImageObject","inLanguage":"es","@id":"https:\/\/secure.gravatar.com\/avatar\/fb81a55b6218459490a9c1dc841a34909185b81904c5337b4b27f7a6fd60c49e?s=96&d=mm&r=g","url":"https:\/\/secure.gravatar.com\/avatar\/fb81a55b6218459490a9c1dc841a34909185b81904c5337b4b27f7a6fd60c49e?s=96&d=mm&r=g","contentUrl":"https:\/\/secure.gravatar.com\/avatar\/fb81a55b6218459490a9c1dc841a34909185b81904c5337b4b27f7a6fd60c49e?s=96&d=mm&r=g","caption":"Lorenzo Verduzco"}}]}},"_links":{"self":[{"href":"https:\/\/interamerica.org\/es\/wp-json\/wp\/v2\/posts\/10701","targetHints":{"allow":["GET"]}}],"collection":[{"href":"https:\/\/interamerica.org\/es\/wp-json\/wp\/v2\/posts"}],"about":[{"href":"https:\/\/interamerica.org\/es\/wp-json\/wp\/v2\/types\/post"}],"author":[{"embeddable":true,"href":"https:\/\/interamerica.org\/es\/wp-json\/wp\/v2\/users\/1"}],"replies":[{"embeddable":true,"href":"https:\/\/interamerica.org\/es\/wp-json\/wp\/v2\/comments?post=10701"}],"version-history":[{"count":0,"href":"https:\/\/interamerica.org\/es\/wp-json\/wp\/v2\/posts\/10701\/revisions"}],"wp:attachment":[{"href":"https:\/\/interamerica.org\/es\/wp-json\/wp\/v2\/media?parent=10701"}],"wp:term":[{"taxonomy":"category","embeddable":true,"href":"https:\/\/interamerica.org\/es\/wp-json\/wp\/v2\/categories?post=10701"},{"taxonomy":"post_tag","embeddable":true,"href":"https:\/\/interamerica.org\/es\/wp-json\/wp\/v2\/tags?post=10701"}],"curies":[{"name":"wp","href":"https:\/\/api.w.org\/{rel}","templated":true}]}}