{"id":10702,"date":"2006-03-17T00:00:00","date_gmt":"2006-03-17T04:00:00","guid":{"rendered":"http:\/\/192.81.217.108\/interamerica\/2006\/03\/inter-america-reconoce-200-anos-de-dedicado-servicio\/"},"modified":"2017-06-02T09:14:58","modified_gmt":"2017-06-02T13:14:58","slug":"inter-america-reconoce-200-anos-de-dedicado-servicio","status":"publish","type":"post","link":"https:\/\/interamerica.org\/es\/2006\/03\/inter-america-reconoce-200-anos-de-dedicado-servicio\/","title":{"rendered":"\u00cdnter Am\u00e9rica Reconoce 200 A\u00f1os de Dedicado Servicio"},"content":{"rendered":"<p>Miami, Florida, Estados Unidos&#8230;[Libna Stevens\/IAD]<\/p>\n<p>En un acto especial el 11 de marzo, dirigentes de iglesia de la Divisi\u00f3n Interamericana dieron reconocimiento a cuatro personas que han dedicado cerca de 200 a\u00f1os de servicio combinado a la Iglesia Adventista del S\u00e9ptimo D\u00eda.Cientos de l\u00edderes,\u00a0pastores y laicos se pusieron de pie para aplaudir a los\u00a0pastores\u00a0Sergio Moctezuma, Ram\u00f3n H. Maury, y a\u00a0las damas Beulah\u00a0A. Peterson y Martha Grassel\u00a0en\u00a0reconocimiento por su dedicaci\u00f3n a la iglesia en \u00cdnter Am\u00e9rica.<\/p>\n<p>El acto\u00a0fue organizado para celebrarse durante la Conferencia sobre Oraci\u00f3n y Liderazgo, dijo el pastor Israel Leito, presidente de la iglesia en \u00cdnter Am\u00e9rica, a fin de que \u00e9ste fuese\u00a0en presencia de los l\u00edderes de la Divisi\u00f3n\u00a0Interamericana. <\/p>\n<p>Con 53 a\u00f1os de servicio en el trabajo pionero de los departamentos de\u00a0Actividades Laicas y Escuela Sab\u00e1tica, en el territorio de la divisi\u00f3n,\u00a0se retir\u00f3 el pastor Moctezuma,\u00a0acompa\u00f1ado de su esposa, Raquel.<\/p>\n<p>Tambi\u00e9n acompa\u00f1ado por su esposa, Mar\u00eda Eugenia, al pastor Maury se lo reconoci\u00f3 por sus m\u00e1s de 40 a\u00f1os de servicio como maestro, presidente de uni\u00f3n y por haber servido 20 de esos\u00a0a\u00f1os como tesorero de la Divisi\u00f3n\u00a0Interamericana.<\/p>\n<p>Beulah A. Peterson tambi\u00e9n\u00a0recibi\u00f3 reconocimiento por m\u00e1s de 41 a\u00f1os en el departamento de tesorer\u00eda como tesorera asociada y tesorera adjunta de la DIA.\u00a0En sus planes est\u00e1\u00a0retirarse\u00a0el pr\u00f3ximo verano.<\/p>\n<p>Martha Grassel, quien registra el mayor n\u00famero de a\u00f1os de servicio en las oficinas de la\u00a0DIA, fue reconocida por sus 57 a\u00f1os de dedicado trabajo como asistente administrativa del tesorero,\u00a0a cargo de los Empleados \u00cdnter-Uni\u00f3n. Sus planes son, tambi\u00e9n,\u00a0retirarse en el\u00a0verano del corriente a\u00f1o.<\/p>\n<p>Los 15 presidentes de las 15 regiones representativas del territorio de la Divisi\u00f3n Interamericana, uno a uno expresaron su aprecio por el servicio dedicado de estos empleados y les ofrecieron presentes, incluyendo placas, viajes en cruceros, paquetes vacacionales y regalos en dinero.\u00a0\u00a0\u00a0\u00a0\u00a0\u00a0\u00a0\u00a0<\/p>\n","protected":false},"excerpt":{"rendered":"<p>L\u00edderes de la iglesia adventista del s\u00e9ptimo d\u00eda de la Divisi\u00f3n Interamericana otorgaron reconocimiento a cuatro personas por cerca de 200 a\u00f1os de servicio combinado a la iglesia.<\/p>\n","protected":false},"author":1,"featured_media":0,"comment_status":"closed","ping_status":"closed","sticky":false,"template":"","format":"standard","meta":{"_acf_changed":false,"footnotes":""},"categories":[8],"tags":[],"class_list":["post-10702","post","type-post","status-publish","format-standard","hentry","category-archivo"],"acf":[],"yoast_head":"<!-- This site is optimized with the Yoast SEO plugin v27.3 - https:\/\/yoast.com\/product\/yoast-seo-wordpress\/ -->\n<title>\u00cdnter Am\u00e9rica Reconoce 200 A\u00f1os de Dedicado Servicio - Iglesia Adventista del S\u00e9ptimo D\u00eda - Divisi\u00f3n Interamericana<\/title>\n<meta name=\"robots\" content=\"index, follow, max-snippet:-1, max-image-preview:large, max-video-preview:-1\" \/>\n<link rel=\"canonical\" href=\"https:\/\/interamerica.org\/es\/2006\/03\/inter-america-reconoce-200-anos-de-dedicado-servicio\/\" \/>\n<meta property=\"og:locale\" content=\"es_ES\" \/>\n<meta property=\"og:type\" content=\"article\" \/>\n<meta property=\"og:title\" content=\"\u00cdnter Am\u00e9rica Reconoce 200 A\u00f1os de Dedicado Servicio - Iglesia Adventista del S\u00e9ptimo D\u00eda - Divisi\u00f3n Interamericana\" \/>\n<meta property=\"og:description\" content=\"L\u00edderes de la iglesia adventista del s\u00e9ptimo d\u00eda de la Divisi\u00f3n Interamericana otorgaron reconocimiento a cuatro personas por cerca de 200 a\u00f1os de servicio combinado a la iglesia.\" \/>\n<meta property=\"og:url\" content=\"https:\/\/interamerica.org\/es\/2006\/03\/inter-america-reconoce-200-anos-de-dedicado-servicio\/\" \/>\n<meta property=\"og:site_name\" content=\"Iglesia Adventista del S\u00e9ptimo D\u00eda - Divisi\u00f3n Interamericana\" \/>\n<meta property=\"article:published_time\" content=\"2006-03-17T04:00:00+00:00\" \/>\n<meta property=\"article:modified_time\" content=\"2017-06-02T13:14:58+00:00\" \/>\n<meta name=\"author\" content=\"Lorenzo Verduzco\" \/>\n<meta name=\"twitter:card\" content=\"summary_large_image\" \/>\n<meta name=\"twitter:label1\" content=\"Escrito por\" \/>\n\t<meta name=\"twitter:data1\" content=\"Lorenzo Verduzco\" \/>\n\t<meta name=\"twitter:label2\" content=\"Tiempo de lectura\" \/>\n\t<meta name=\"twitter:data2\" content=\"2 minutos\" \/>\n<script type=\"application\/ld+json\" class=\"yoast-schema-graph\">{\"@context\":\"https:\\\/\\\/schema.org\",\"@graph\":[{\"@type\":\"Article\",\"@id\":\"https:\\\/\\\/interamerica.org\\\/es\\\/2006\\\/03\\\/inter-america-reconoce-200-anos-de-dedicado-servicio\\\/#article\",\"isPartOf\":{\"@id\":\"https:\\\/\\\/interamerica.org\\\/es\\\/2006\\\/03\\\/inter-america-reconoce-200-anos-de-dedicado-servicio\\\/\"},\"author\":{\"name\":\"Lorenzo Verduzco\",\"@id\":\"https:\\\/\\\/interamerica.org\\\/es\\\/#\\\/schema\\\/person\\\/68ede8bdc292885bb76c1e3810e73c39\"},\"headline\":\"\u00cdnter Am\u00e9rica Reconoce 200 A\u00f1os de Dedicado Servicio\",\"datePublished\":\"2006-03-17T04:00:00+00:00\",\"dateModified\":\"2017-06-02T13:14:58+00:00\",\"mainEntityOfPage\":{\"@id\":\"https:\\\/\\\/interamerica.org\\\/es\\\/2006\\\/03\\\/inter-america-reconoce-200-anos-de-dedicado-servicio\\\/\"},\"wordCount\":358,\"articleSection\":[\"Archivo\"],\"inLanguage\":\"es\"},{\"@type\":\"WebPage\",\"@id\":\"https:\\\/\\\/interamerica.org\\\/es\\\/2006\\\/03\\\/inter-america-reconoce-200-anos-de-dedicado-servicio\\\/\",\"url\":\"https:\\\/\\\/interamerica.org\\\/es\\\/2006\\\/03\\\/inter-america-reconoce-200-anos-de-dedicado-servicio\\\/\",\"name\":\"\u00cdnter Am\u00e9rica Reconoce 200 A\u00f1os de Dedicado Servicio - Iglesia Adventista del S\u00e9ptimo D\u00eda - Divisi\u00f3n Interamericana\",\"isPartOf\":{\"@id\":\"https:\\\/\\\/interamerica.org\\\/es\\\/#website\"},\"datePublished\":\"2006-03-17T04:00:00+00:00\",\"dateModified\":\"2017-06-02T13:14:58+00:00\",\"author\":{\"@id\":\"https:\\\/\\\/interamerica.org\\\/es\\\/#\\\/schema\\\/person\\\/68ede8bdc292885bb76c1e3810e73c39\"},\"breadcrumb\":{\"@id\":\"https:\\\/\\\/interamerica.org\\\/es\\\/2006\\\/03\\\/inter-america-reconoce-200-anos-de-dedicado-servicio\\\/#breadcrumb\"},\"inLanguage\":\"es\",\"potentialAction\":[{\"@type\":\"ReadAction\",\"target\":[\"https:\\\/\\\/interamerica.org\\\/es\\\/2006\\\/03\\\/inter-america-reconoce-200-anos-de-dedicado-servicio\\\/\"]}]},{\"@type\":\"BreadcrumbList\",\"@id\":\"https:\\\/\\\/interamerica.org\\\/es\\\/2006\\\/03\\\/inter-america-reconoce-200-anos-de-dedicado-servicio\\\/#breadcrumb\",\"itemListElement\":[{\"@type\":\"ListItem\",\"position\":1,\"name\":\"Home\",\"item\":\"https:\\\/\\\/interamerica.org\\\/es\\\/\"},{\"@type\":\"ListItem\",\"position\":2,\"name\":\"\u00cdnter Am\u00e9rica Reconoce 200 A\u00f1os de Dedicado Servicio\"}]},{\"@type\":\"WebSite\",\"@id\":\"https:\\\/\\\/interamerica.org\\\/es\\\/#website\",\"url\":\"https:\\\/\\\/interamerica.org\\\/es\\\/\",\"name\":\"Iglesia Adventista del S\u00e9ptimo D\u00eda - Divisi\u00f3n Interamericana\",\"description\":\"\",\"potentialAction\":[{\"@type\":\"SearchAction\",\"target\":{\"@type\":\"EntryPoint\",\"urlTemplate\":\"https:\\\/\\\/interamerica.org\\\/es\\\/?s={search_term_string}\"},\"query-input\":{\"@type\":\"PropertyValueSpecification\",\"valueRequired\":true,\"valueName\":\"search_term_string\"}}],\"inLanguage\":\"es\"},{\"@type\":\"Person\",\"@id\":\"https:\\\/\\\/interamerica.org\\\/es\\\/#\\\/schema\\\/person\\\/68ede8bdc292885bb76c1e3810e73c39\",\"name\":\"Lorenzo Verduzco\",\"image\":{\"@type\":\"ImageObject\",\"inLanguage\":\"es\",\"@id\":\"https:\\\/\\\/secure.gravatar.com\\\/avatar\\\/fb81a55b6218459490a9c1dc841a34909185b81904c5337b4b27f7a6fd60c49e?s=96&d=mm&r=g\",\"url\":\"https:\\\/\\\/secure.gravatar.com\\\/avatar\\\/fb81a55b6218459490a9c1dc841a34909185b81904c5337b4b27f7a6fd60c49e?s=96&d=mm&r=g\",\"contentUrl\":\"https:\\\/\\\/secure.gravatar.com\\\/avatar\\\/fb81a55b6218459490a9c1dc841a34909185b81904c5337b4b27f7a6fd60c49e?s=96&d=mm&r=g\",\"caption\":\"Lorenzo Verduzco\"}}]}<\/script>\n<!-- \/ Yoast SEO plugin. -->","yoast_head_json":{"title":"\u00cdnter Am\u00e9rica Reconoce 200 A\u00f1os de Dedicado Servicio - Iglesia Adventista del S\u00e9ptimo D\u00eda - Divisi\u00f3n Interamericana","robots":{"index":"index","follow":"follow","max-snippet":"max-snippet:-1","max-image-preview":"max-image-preview:large","max-video-preview":"max-video-preview:-1"},"canonical":"https:\/\/interamerica.org\/es\/2006\/03\/inter-america-reconoce-200-anos-de-dedicado-servicio\/","og_locale":"es_ES","og_type":"article","og_title":"\u00cdnter Am\u00e9rica Reconoce 200 A\u00f1os de Dedicado Servicio - Iglesia Adventista del S\u00e9ptimo D\u00eda - Divisi\u00f3n Interamericana","og_description":"L\u00edderes de la iglesia adventista del s\u00e9ptimo d\u00eda de la Divisi\u00f3n Interamericana otorgaron reconocimiento a cuatro personas por cerca de 200 a\u00f1os de servicio combinado a la iglesia.","og_url":"https:\/\/interamerica.org\/es\/2006\/03\/inter-america-reconoce-200-anos-de-dedicado-servicio\/","og_site_name":"Iglesia Adventista del S\u00e9ptimo D\u00eda - Divisi\u00f3n Interamericana","article_published_time":"2006-03-17T04:00:00+00:00","article_modified_time":"2017-06-02T13:14:58+00:00","author":"Lorenzo Verduzco","twitter_card":"summary_large_image","twitter_misc":{"Escrito por":"Lorenzo Verduzco","Tiempo de lectura":"2 minutos"},"schema":{"@context":"https:\/\/schema.org","@graph":[{"@type":"Article","@id":"https:\/\/interamerica.org\/es\/2006\/03\/inter-america-reconoce-200-anos-de-dedicado-servicio\/#article","isPartOf":{"@id":"https:\/\/interamerica.org\/es\/2006\/03\/inter-america-reconoce-200-anos-de-dedicado-servicio\/"},"author":{"name":"Lorenzo Verduzco","@id":"https:\/\/interamerica.org\/es\/#\/schema\/person\/68ede8bdc292885bb76c1e3810e73c39"},"headline":"\u00cdnter Am\u00e9rica Reconoce 200 A\u00f1os de Dedicado Servicio","datePublished":"2006-03-17T04:00:00+00:00","dateModified":"2017-06-02T13:14:58+00:00","mainEntityOfPage":{"@id":"https:\/\/interamerica.org\/es\/2006\/03\/inter-america-reconoce-200-anos-de-dedicado-servicio\/"},"wordCount":358,"articleSection":["Archivo"],"inLanguage":"es"},{"@type":"WebPage","@id":"https:\/\/interamerica.org\/es\/2006\/03\/inter-america-reconoce-200-anos-de-dedicado-servicio\/","url":"https:\/\/interamerica.org\/es\/2006\/03\/inter-america-reconoce-200-anos-de-dedicado-servicio\/","name":"\u00cdnter Am\u00e9rica Reconoce 200 A\u00f1os de Dedicado Servicio - Iglesia Adventista del S\u00e9ptimo D\u00eda - Divisi\u00f3n Interamericana","isPartOf":{"@id":"https:\/\/interamerica.org\/es\/#website"},"datePublished":"2006-03-17T04:00:00+00:00","dateModified":"2017-06-02T13:14:58+00:00","author":{"@id":"https:\/\/interamerica.org\/es\/#\/schema\/person\/68ede8bdc292885bb76c1e3810e73c39"},"breadcrumb":{"@id":"https:\/\/interamerica.org\/es\/2006\/03\/inter-america-reconoce-200-anos-de-dedicado-servicio\/#breadcrumb"},"inLanguage":"es","potentialAction":[{"@type":"ReadAction","target":["https:\/\/interamerica.org\/es\/2006\/03\/inter-america-reconoce-200-anos-de-dedicado-servicio\/"]}]},{"@type":"BreadcrumbList","@id":"https:\/\/interamerica.org\/es\/2006\/03\/inter-america-reconoce-200-anos-de-dedicado-servicio\/#breadcrumb","itemListElement":[{"@type":"ListItem","position":1,"name":"Home","item":"https:\/\/interamerica.org\/es\/"},{"@type":"ListItem","position":2,"name":"\u00cdnter Am\u00e9rica Reconoce 200 A\u00f1os de Dedicado Servicio"}]},{"@type":"WebSite","@id":"https:\/\/interamerica.org\/es\/#website","url":"https:\/\/interamerica.org\/es\/","name":"Iglesia Adventista del S\u00e9ptimo D\u00eda - Divisi\u00f3n Interamericana","description":"","potentialAction":[{"@type":"SearchAction","target":{"@type":"EntryPoint","urlTemplate":"https:\/\/interamerica.org\/es\/?s={search_term_string}"},"query-input":{"@type":"PropertyValueSpecification","valueRequired":true,"valueName":"search_term_string"}}],"inLanguage":"es"},{"@type":"Person","@id":"https:\/\/interamerica.org\/es\/#\/schema\/person\/68ede8bdc292885bb76c1e3810e73c39","name":"Lorenzo Verduzco","image":{"@type":"ImageObject","inLanguage":"es","@id":"https:\/\/secure.gravatar.com\/avatar\/fb81a55b6218459490a9c1dc841a34909185b81904c5337b4b27f7a6fd60c49e?s=96&d=mm&r=g","url":"https:\/\/secure.gravatar.com\/avatar\/fb81a55b6218459490a9c1dc841a34909185b81904c5337b4b27f7a6fd60c49e?s=96&d=mm&r=g","contentUrl":"https:\/\/secure.gravatar.com\/avatar\/fb81a55b6218459490a9c1dc841a34909185b81904c5337b4b27f7a6fd60c49e?s=96&d=mm&r=g","caption":"Lorenzo Verduzco"}}]}},"_links":{"self":[{"href":"https:\/\/interamerica.org\/es\/wp-json\/wp\/v2\/posts\/10702","targetHints":{"allow":["GET"]}}],"collection":[{"href":"https:\/\/interamerica.org\/es\/wp-json\/wp\/v2\/posts"}],"about":[{"href":"https:\/\/interamerica.org\/es\/wp-json\/wp\/v2\/types\/post"}],"author":[{"embeddable":true,"href":"https:\/\/interamerica.org\/es\/wp-json\/wp\/v2\/users\/1"}],"replies":[{"embeddable":true,"href":"https:\/\/interamerica.org\/es\/wp-json\/wp\/v2\/comments?post=10702"}],"version-history":[{"count":0,"href":"https:\/\/interamerica.org\/es\/wp-json\/wp\/v2\/posts\/10702\/revisions"}],"wp:attachment":[{"href":"https:\/\/interamerica.org\/es\/wp-json\/wp\/v2\/media?parent=10702"}],"wp:term":[{"taxonomy":"category","embeddable":true,"href":"https:\/\/interamerica.org\/es\/wp-json\/wp\/v2\/categories?post=10702"},{"taxonomy":"post_tag","embeddable":true,"href":"https:\/\/interamerica.org\/es\/wp-json\/wp\/v2\/tags?post=10702"}],"curies":[{"name":"wp","href":"https:\/\/api.w.org\/{rel}","templated":true}]}}