{"id":10703,"date":"2006-03-21T00:00:00","date_gmt":"2006-03-21T04:00:00","guid":{"rendered":"http:\/\/192.81.217.108\/interamerica\/2006\/03\/iglesia-mundial-ministerial-publicaciones-consultoria-parl-entre-reuniones-de-la-sede\/"},"modified":"2017-06-02T09:14:54","modified_gmt":"2017-06-02T13:14:54","slug":"iglesia-mundial-ministerial-publicaciones-consultoria-parl-entre-reuniones-de-la-sede","status":"publish","type":"post","link":"https:\/\/interamerica.org\/es\/2006\/03\/iglesia-mundial-ministerial-publicaciones-consultoria-parl-entre-reuniones-de-la-sede\/","title":{"rendered":"Iglesia Mundial: Ministerial, Publicaciones, Consultor\u00eca PARL Entre Reuniones de la Sede."},"content":{"rendered":"<p>Silver Spring, Maryland, Estados Unidos&#8230;[Mark A. Kellner\/Viola Hughes\/ANN]<\/p>\n<p>Representantes de los ministerios mundiales\u00a0de la Iglesia Adventista del S\u00e9ptimo D\u00eda &#8211; Ministerial, Relaciones P\u00fablicas, Libertad Religiosa y Publicaciones, tuvieron sesiones de consultor\u00eda en la sede mundial la semana del 13 de marzo, compartiendo estrategias y planes para los pr\u00f3ximos cinco a\u00f1os.<\/p>\n<p>Estas sesiones re\u00fanen a l\u00edderes departamentales de las 13\u00a0regiones mundiales de la iglesia adventista para un tiempo de investigaci\u00f3n, instrucci\u00f3n y compartir. Se consideran estrategias\u00a0y se delibera sobre ellas, se comparten visiones y se\u00a0comenta sobre los logros.<\/p>\n<p>El pastor Jan Paulsen, presidente de la iglesia adventista mundial dijo al liderazgo pastoral que los pastores locales, a veces\u00a0se sienten desconectados de las iniciativas de la iglesia\u00a0 que \u00abvienen de arriba\u00bb sin su participaci\u00f3n.\u00a0Motiv\u00f3\u00a0a esos l\u00edderes\u00a0a que hagan un esfuerzo por hacer sentir a los pastores locales m\u00e1s conectados con los esfuerzos globales de la iglesia.<\/p>\n<p>James A. Cress, secretario ministerial para la iglesia mundial dijo que estaba de acuerdo con\u00a0los comentarios de Paulsen y se\u00f1al\u00f3 que el grupo est\u00e1 buscando m\u00e1s y mejores formas de integrar las prioridades de la iglesia con el ministerio pastoral.<\/p>\n<p>Los ministerios de publicaci\u00f3nes &#8212; primeros responsables\u00a0de la distribuci\u00f3n de\u00a0literatura en muchas naciones alrededor del mundo &#8212; estuvieron bien representados durante sus reuniones consultivas separadas.\u00a0Aproximadamente unos 40,000\u00a0evangelistas de la literatura &#8211;conocidos anteriormente como \u00abcolportores\u00bb &#8212; est\u00e1n participando en la venta y distribuci\u00f3n de literatura alrededor del mundo; seg\u00fan el pastor Howard Faigao, secretario de publicaciones a nivel mundial, se har\u00e1 un esfuerzo para atraer otros 15,000\u00a0a las filas durante los pr\u00f3ximos\u00a0cinco a\u00f1os.<\/p>\n<p>Adem\u00e1s, dijo \u00e9l, se establecer\u00e1 en cada iglesia nacional o\u00a0\u00e1rea regional\u00a0un programa o\u00a0escuela\u00a0para la formaci\u00f3n de vendedores o, \u00abSeminario\u00a0Ministerial de Literatura\u00bb, as\u00ed como las\u00a013 regiones principales.<\/p>\n<p>Sucursales de publicadoras tambi\u00e9n producir\u00e1n libros para lectores en todos los niveles de la sociedad. Faigao dijo, adem\u00e1s, que las publicadoras locales se unir\u00e1n a los ministerios de los medios adventista para una promoci\u00f3n rec\u00edproca: los ministerios referir\u00e1n la gente a los productos de las publicadoras que apoyen sus transmisiones.<\/p>\n<p>\u00abMe siento muy animado\u00bb, dijo Faigao a Red de Noticias Adventista (ANN). \u00abCreo que la reacci\u00f3n de nuestros directores de publicaciones es animadora\u00bb.<\/p>\n<p>Los directores de los departamentos de Asuntos P\u00fablicos y Libertad Religiosa (PARL, siglas en ing\u00e9s)\u00a0a nivel mundial, tambi\u00e9n realizaron consultas en la sede de la iglesia.<\/p>\n<p>\u00abNecesitamos coordinar lo que hacemos alrededor del mundo al enfrentar los crecientes retos a la libertad religiosa y\u00a0de conciencia\u00bb, dijo el Dr. John Graz, director del departamento de Asuntos P\u00fablicos y Libertad Religiosa. \u00abEs emocionante ver lo que es posible lograr cuando reunimos a todos nuestros expertos para servir mejor las necesidades de, tanto la iglesia,\u00a0como al mundo respecto al derecho fundamental\u00bb, agreg\u00f3.<\/p>\n<p>\u00abEsta es una necesidad urgente\u00bb, expres\u00f3 Williams Costa Jr., director de\u00a0PARL para la iglesia en Am\u00e9rica del Sur. \u00abCuando unimos fuerzas, en verdad, podemos lograr\u00a0algo para Dios, el Dios de la libertad. Tenemos oportunidades incre\u00edbles, y debemos\u00a0concretarlas\u00bb.<\/p>\n<p>Entre las ocho recomendaciones que fueron aprobadas y que ser\u00e1n presentadas a los administradores regionales de la iglesia est\u00e1n, asegurar que los directores de PARL y dirigentes de iglesia est\u00e9n al tanto de la legislaci\u00f3n para determinar sus efectos posibles sobre la libertad de las personas y las operaciones de la iglesia; apoyar el Congreso Mundial de la Asociaci\u00f3n Internacional de Libertad Religiosa del 2007 en \u00c1frica del Sur; y respaldar el Festival Mundial de Libertad Religiosa en el 2009.<\/p>\n<p>\u00abLas recomendaciones le dan a los directores de PARL directrices claras y un curso de acci\u00f3n para los a\u00f1os venideros\u00bb, dijo Ray Coombe, oficial de contacto para la regi\u00f3n del Sur del Pac\u00edfico de la iglesia Adventista, quien trabaj\u00f3 en las recomendaciones.<\/p>\n<p>Otras reuniones departamentales de consultor\u00eda est\u00e1n programadas para la sede mundial en las pr\u00f3ximas semanas.<\/p>\n<p><strong>Derechos Reservados (R) por Red de Noticias Adventista &#8212; ANN.<\/strong><\/p>\n","protected":false},"excerpt":{"rendered":"<p>Representantes de los ministerios mundiales de la Iglesia Adventista del S\u00e9ptimo D\u00eda &#8211; Ministerial, Relaciones P\u00fablicas y Libertad Religiosa y Publicaciones.<\/p>\n","protected":false},"author":1,"featured_media":0,"comment_status":"closed","ping_status":"closed","sticky":false,"template":"","format":"standard","meta":{"_acf_changed":false,"footnotes":""},"categories":[8],"tags":[],"class_list":["post-10703","post","type-post","status-publish","format-standard","hentry","category-archivo"],"acf":[],"yoast_head":"<!-- This site is optimized with the Yoast SEO plugin v27.3 - https:\/\/yoast.com\/product\/yoast-seo-wordpress\/ -->\n<title>Iglesia Mundial: Ministerial, Publicaciones, Consultor\u00eca PARL Entre Reuniones de la Sede. - Iglesia Adventista del S\u00e9ptimo D\u00eda - Divisi\u00f3n Interamericana<\/title>\n<meta name=\"robots\" content=\"index, follow, max-snippet:-1, max-image-preview:large, max-video-preview:-1\" \/>\n<link rel=\"canonical\" href=\"https:\/\/interamerica.org\/es\/2006\/03\/iglesia-mundial-ministerial-publicaciones-consultoria-parl-entre-reuniones-de-la-sede\/\" \/>\n<meta property=\"og:locale\" content=\"es_ES\" \/>\n<meta property=\"og:type\" content=\"article\" \/>\n<meta property=\"og:title\" content=\"Iglesia Mundial: Ministerial, Publicaciones, Consultor\u00eca PARL Entre Reuniones de la Sede. - Iglesia Adventista del S\u00e9ptimo D\u00eda - Divisi\u00f3n Interamericana\" \/>\n<meta property=\"og:description\" content=\"Representantes de los ministerios mundiales de la Iglesia Adventista del S\u00e9ptimo D\u00eda - Ministerial, Relaciones P\u00fablicas y Libertad Religiosa y Publicaciones.\" \/>\n<meta property=\"og:url\" content=\"https:\/\/interamerica.org\/es\/2006\/03\/iglesia-mundial-ministerial-publicaciones-consultoria-parl-entre-reuniones-de-la-sede\/\" \/>\n<meta property=\"og:site_name\" content=\"Iglesia Adventista del S\u00e9ptimo D\u00eda - Divisi\u00f3n Interamericana\" \/>\n<meta property=\"article:published_time\" content=\"2006-03-21T04:00:00+00:00\" \/>\n<meta property=\"article:modified_time\" content=\"2017-06-02T13:14:54+00:00\" \/>\n<meta name=\"author\" content=\"Lorenzo Verduzco\" \/>\n<meta name=\"twitter:card\" content=\"summary_large_image\" \/>\n<meta name=\"twitter:label1\" content=\"Escrito por\" \/>\n\t<meta name=\"twitter:data1\" content=\"Lorenzo Verduzco\" \/>\n\t<meta name=\"twitter:label2\" content=\"Tiempo de lectura\" \/>\n\t<meta name=\"twitter:data2\" content=\"4 minutos\" \/>\n<script type=\"application\/ld+json\" class=\"yoast-schema-graph\">{\"@context\":\"https:\\\/\\\/schema.org\",\"@graph\":[{\"@type\":\"Article\",\"@id\":\"https:\\\/\\\/interamerica.org\\\/es\\\/2006\\\/03\\\/iglesia-mundial-ministerial-publicaciones-consultoria-parl-entre-reuniones-de-la-sede\\\/#article\",\"isPartOf\":{\"@id\":\"https:\\\/\\\/interamerica.org\\\/es\\\/2006\\\/03\\\/iglesia-mundial-ministerial-publicaciones-consultoria-parl-entre-reuniones-de-la-sede\\\/\"},\"author\":{\"name\":\"Lorenzo Verduzco\",\"@id\":\"https:\\\/\\\/interamerica.org\\\/es\\\/#\\\/schema\\\/person\\\/68ede8bdc292885bb76c1e3810e73c39\"},\"headline\":\"Iglesia Mundial: Ministerial, Publicaciones, Consultor\u00eca PARL Entre Reuniones de la Sede.\",\"datePublished\":\"2006-03-21T04:00:00+00:00\",\"dateModified\":\"2017-06-02T13:14:54+00:00\",\"mainEntityOfPage\":{\"@id\":\"https:\\\/\\\/interamerica.org\\\/es\\\/2006\\\/03\\\/iglesia-mundial-ministerial-publicaciones-consultoria-parl-entre-reuniones-de-la-sede\\\/\"},\"wordCount\":713,\"articleSection\":[\"Archivo\"],\"inLanguage\":\"es\"},{\"@type\":\"WebPage\",\"@id\":\"https:\\\/\\\/interamerica.org\\\/es\\\/2006\\\/03\\\/iglesia-mundial-ministerial-publicaciones-consultoria-parl-entre-reuniones-de-la-sede\\\/\",\"url\":\"https:\\\/\\\/interamerica.org\\\/es\\\/2006\\\/03\\\/iglesia-mundial-ministerial-publicaciones-consultoria-parl-entre-reuniones-de-la-sede\\\/\",\"name\":\"Iglesia Mundial: Ministerial, Publicaciones, Consultor\u00eca PARL Entre Reuniones de la Sede. - Iglesia Adventista del S\u00e9ptimo D\u00eda - Divisi\u00f3n Interamericana\",\"isPartOf\":{\"@id\":\"https:\\\/\\\/interamerica.org\\\/es\\\/#website\"},\"datePublished\":\"2006-03-21T04:00:00+00:00\",\"dateModified\":\"2017-06-02T13:14:54+00:00\",\"author\":{\"@id\":\"https:\\\/\\\/interamerica.org\\\/es\\\/#\\\/schema\\\/person\\\/68ede8bdc292885bb76c1e3810e73c39\"},\"breadcrumb\":{\"@id\":\"https:\\\/\\\/interamerica.org\\\/es\\\/2006\\\/03\\\/iglesia-mundial-ministerial-publicaciones-consultoria-parl-entre-reuniones-de-la-sede\\\/#breadcrumb\"},\"inLanguage\":\"es\",\"potentialAction\":[{\"@type\":\"ReadAction\",\"target\":[\"https:\\\/\\\/interamerica.org\\\/es\\\/2006\\\/03\\\/iglesia-mundial-ministerial-publicaciones-consultoria-parl-entre-reuniones-de-la-sede\\\/\"]}]},{\"@type\":\"BreadcrumbList\",\"@id\":\"https:\\\/\\\/interamerica.org\\\/es\\\/2006\\\/03\\\/iglesia-mundial-ministerial-publicaciones-consultoria-parl-entre-reuniones-de-la-sede\\\/#breadcrumb\",\"itemListElement\":[{\"@type\":\"ListItem\",\"position\":1,\"name\":\"Home\",\"item\":\"https:\\\/\\\/interamerica.org\\\/es\\\/\"},{\"@type\":\"ListItem\",\"position\":2,\"name\":\"Iglesia Mundial: Ministerial, Publicaciones, Consultor\u00eca PARL Entre Reuniones de la Sede.\"}]},{\"@type\":\"WebSite\",\"@id\":\"https:\\\/\\\/interamerica.org\\\/es\\\/#website\",\"url\":\"https:\\\/\\\/interamerica.org\\\/es\\\/\",\"name\":\"Iglesia Adventista del S\u00e9ptimo D\u00eda - Divisi\u00f3n Interamericana\",\"description\":\"\",\"potentialAction\":[{\"@type\":\"SearchAction\",\"target\":{\"@type\":\"EntryPoint\",\"urlTemplate\":\"https:\\\/\\\/interamerica.org\\\/es\\\/?s={search_term_string}\"},\"query-input\":{\"@type\":\"PropertyValueSpecification\",\"valueRequired\":true,\"valueName\":\"search_term_string\"}}],\"inLanguage\":\"es\"},{\"@type\":\"Person\",\"@id\":\"https:\\\/\\\/interamerica.org\\\/es\\\/#\\\/schema\\\/person\\\/68ede8bdc292885bb76c1e3810e73c39\",\"name\":\"Lorenzo Verduzco\",\"image\":{\"@type\":\"ImageObject\",\"inLanguage\":\"es\",\"@id\":\"https:\\\/\\\/secure.gravatar.com\\\/avatar\\\/fb81a55b6218459490a9c1dc841a34909185b81904c5337b4b27f7a6fd60c49e?s=96&d=mm&r=g\",\"url\":\"https:\\\/\\\/secure.gravatar.com\\\/avatar\\\/fb81a55b6218459490a9c1dc841a34909185b81904c5337b4b27f7a6fd60c49e?s=96&d=mm&r=g\",\"contentUrl\":\"https:\\\/\\\/secure.gravatar.com\\\/avatar\\\/fb81a55b6218459490a9c1dc841a34909185b81904c5337b4b27f7a6fd60c49e?s=96&d=mm&r=g\",\"caption\":\"Lorenzo Verduzco\"}}]}<\/script>\n<!-- \/ Yoast SEO plugin. -->","yoast_head_json":{"title":"Iglesia Mundial: Ministerial, Publicaciones, Consultor\u00eca PARL Entre Reuniones de la Sede. - Iglesia Adventista del S\u00e9ptimo D\u00eda - Divisi\u00f3n Interamericana","robots":{"index":"index","follow":"follow","max-snippet":"max-snippet:-1","max-image-preview":"max-image-preview:large","max-video-preview":"max-video-preview:-1"},"canonical":"https:\/\/interamerica.org\/es\/2006\/03\/iglesia-mundial-ministerial-publicaciones-consultoria-parl-entre-reuniones-de-la-sede\/","og_locale":"es_ES","og_type":"article","og_title":"Iglesia Mundial: Ministerial, Publicaciones, Consultor\u00eca PARL Entre Reuniones de la Sede. - Iglesia Adventista del S\u00e9ptimo D\u00eda - Divisi\u00f3n Interamericana","og_description":"Representantes de los ministerios mundiales de la Iglesia Adventista del S\u00e9ptimo D\u00eda - Ministerial, Relaciones P\u00fablicas y Libertad Religiosa y Publicaciones.","og_url":"https:\/\/interamerica.org\/es\/2006\/03\/iglesia-mundial-ministerial-publicaciones-consultoria-parl-entre-reuniones-de-la-sede\/","og_site_name":"Iglesia Adventista del S\u00e9ptimo D\u00eda - Divisi\u00f3n Interamericana","article_published_time":"2006-03-21T04:00:00+00:00","article_modified_time":"2017-06-02T13:14:54+00:00","author":"Lorenzo Verduzco","twitter_card":"summary_large_image","twitter_misc":{"Escrito por":"Lorenzo Verduzco","Tiempo de lectura":"4 minutos"},"schema":{"@context":"https:\/\/schema.org","@graph":[{"@type":"Article","@id":"https:\/\/interamerica.org\/es\/2006\/03\/iglesia-mundial-ministerial-publicaciones-consultoria-parl-entre-reuniones-de-la-sede\/#article","isPartOf":{"@id":"https:\/\/interamerica.org\/es\/2006\/03\/iglesia-mundial-ministerial-publicaciones-consultoria-parl-entre-reuniones-de-la-sede\/"},"author":{"name":"Lorenzo Verduzco","@id":"https:\/\/interamerica.org\/es\/#\/schema\/person\/68ede8bdc292885bb76c1e3810e73c39"},"headline":"Iglesia Mundial: Ministerial, Publicaciones, Consultor\u00eca PARL Entre Reuniones de la Sede.","datePublished":"2006-03-21T04:00:00+00:00","dateModified":"2017-06-02T13:14:54+00:00","mainEntityOfPage":{"@id":"https:\/\/interamerica.org\/es\/2006\/03\/iglesia-mundial-ministerial-publicaciones-consultoria-parl-entre-reuniones-de-la-sede\/"},"wordCount":713,"articleSection":["Archivo"],"inLanguage":"es"},{"@type":"WebPage","@id":"https:\/\/interamerica.org\/es\/2006\/03\/iglesia-mundial-ministerial-publicaciones-consultoria-parl-entre-reuniones-de-la-sede\/","url":"https:\/\/interamerica.org\/es\/2006\/03\/iglesia-mundial-ministerial-publicaciones-consultoria-parl-entre-reuniones-de-la-sede\/","name":"Iglesia Mundial: Ministerial, Publicaciones, Consultor\u00eca PARL Entre Reuniones de la Sede. - Iglesia Adventista del S\u00e9ptimo D\u00eda - Divisi\u00f3n Interamericana","isPartOf":{"@id":"https:\/\/interamerica.org\/es\/#website"},"datePublished":"2006-03-21T04:00:00+00:00","dateModified":"2017-06-02T13:14:54+00:00","author":{"@id":"https:\/\/interamerica.org\/es\/#\/schema\/person\/68ede8bdc292885bb76c1e3810e73c39"},"breadcrumb":{"@id":"https:\/\/interamerica.org\/es\/2006\/03\/iglesia-mundial-ministerial-publicaciones-consultoria-parl-entre-reuniones-de-la-sede\/#breadcrumb"},"inLanguage":"es","potentialAction":[{"@type":"ReadAction","target":["https:\/\/interamerica.org\/es\/2006\/03\/iglesia-mundial-ministerial-publicaciones-consultoria-parl-entre-reuniones-de-la-sede\/"]}]},{"@type":"BreadcrumbList","@id":"https:\/\/interamerica.org\/es\/2006\/03\/iglesia-mundial-ministerial-publicaciones-consultoria-parl-entre-reuniones-de-la-sede\/#breadcrumb","itemListElement":[{"@type":"ListItem","position":1,"name":"Home","item":"https:\/\/interamerica.org\/es\/"},{"@type":"ListItem","position":2,"name":"Iglesia Mundial: Ministerial, Publicaciones, Consultor\u00eca PARL Entre Reuniones de la Sede."}]},{"@type":"WebSite","@id":"https:\/\/interamerica.org\/es\/#website","url":"https:\/\/interamerica.org\/es\/","name":"Iglesia Adventista del S\u00e9ptimo D\u00eda - Divisi\u00f3n Interamericana","description":"","potentialAction":[{"@type":"SearchAction","target":{"@type":"EntryPoint","urlTemplate":"https:\/\/interamerica.org\/es\/?s={search_term_string}"},"query-input":{"@type":"PropertyValueSpecification","valueRequired":true,"valueName":"search_term_string"}}],"inLanguage":"es"},{"@type":"Person","@id":"https:\/\/interamerica.org\/es\/#\/schema\/person\/68ede8bdc292885bb76c1e3810e73c39","name":"Lorenzo Verduzco","image":{"@type":"ImageObject","inLanguage":"es","@id":"https:\/\/secure.gravatar.com\/avatar\/fb81a55b6218459490a9c1dc841a34909185b81904c5337b4b27f7a6fd60c49e?s=96&d=mm&r=g","url":"https:\/\/secure.gravatar.com\/avatar\/fb81a55b6218459490a9c1dc841a34909185b81904c5337b4b27f7a6fd60c49e?s=96&d=mm&r=g","contentUrl":"https:\/\/secure.gravatar.com\/avatar\/fb81a55b6218459490a9c1dc841a34909185b81904c5337b4b27f7a6fd60c49e?s=96&d=mm&r=g","caption":"Lorenzo Verduzco"}}]}},"_links":{"self":[{"href":"https:\/\/interamerica.org\/es\/wp-json\/wp\/v2\/posts\/10703","targetHints":{"allow":["GET"]}}],"collection":[{"href":"https:\/\/interamerica.org\/es\/wp-json\/wp\/v2\/posts"}],"about":[{"href":"https:\/\/interamerica.org\/es\/wp-json\/wp\/v2\/types\/post"}],"author":[{"embeddable":true,"href":"https:\/\/interamerica.org\/es\/wp-json\/wp\/v2\/users\/1"}],"replies":[{"embeddable":true,"href":"https:\/\/interamerica.org\/es\/wp-json\/wp\/v2\/comments?post=10703"}],"version-history":[{"count":0,"href":"https:\/\/interamerica.org\/es\/wp-json\/wp\/v2\/posts\/10703\/revisions"}],"wp:attachment":[{"href":"https:\/\/interamerica.org\/es\/wp-json\/wp\/v2\/media?parent=10703"}],"wp:term":[{"taxonomy":"category","embeddable":true,"href":"https:\/\/interamerica.org\/es\/wp-json\/wp\/v2\/categories?post=10703"},{"taxonomy":"post_tag","embeddable":true,"href":"https:\/\/interamerica.org\/es\/wp-json\/wp\/v2\/tags?post=10703"}],"curies":[{"name":"wp","href":"https:\/\/api.w.org\/{rel}","templated":true}]}}