{"id":10705,"date":"2006-03-21T00:00:00","date_gmt":"2006-03-21T04:00:00","guid":{"rendered":"http:\/\/192.81.217.108\/interamerica\/2006\/03\/trinidad-institucion-educativa-adventista-es-promovida-al-estatus-de-universidad\/"},"modified":"2017-06-02T09:14:55","modified_gmt":"2017-06-02T13:14:55","slug":"trinidad-institucion-educativa-adventista-es-promovida-al-estatus-de-universidad","status":"publish","type":"post","link":"https:\/\/interamerica.org\/es\/2006\/03\/trinidad-institucion-educativa-adventista-es-promovida-al-estatus-de-universidad\/","title":{"rendered":"Trinidad: Instituci\u00f3n Educativa Adventista es Promovida al estatus de Universidad"},"content":{"rendered":"<p>Puerto Espa\u00f1a, Trinidad\u2026 [Personal de Relaciones P\u00fablicas de la UCS\/DIA]<\/p>\n<\/p>\n<p>Fuegos artificiales se encendieron por encima del horizonte del Valle de Maracas la noche del jueves 16 de marzo de 2006, para anunciar la proclamaci\u00f3n de la universidad m\u00e1s reciente en la regi\u00f3n, la Universidad Caribe\u00f1a del Sur. La exhibici\u00f3n a\u00e9rea marc\u00f3 un final apropiado para una ceremonia llena de pompa y ceremonia, en la cual el antiguo Caribbean Union College (Instituci\u00f3n Educativa de la Uni\u00f3n Caribe), la cual ha ofrecido educaci\u00f3n de nivel terciario a la poblaci\u00f3n de Trinidad y Tobago (y m\u00e1s all\u00e1) durante los pasados 78 a\u00f1os, ha logrado que se proclame oficialmente su nuevo estatus.<\/p>\n<\/p>\n<p>Su excelencia el profesor George Maxwell Richards, presidente de la Rep\u00fablica de Trinidad y Tobago, present\u00f3 el discurso principal en la ceremonia. El presidente Richards habl\u00f3 de la necesidad de la universidad por verse a s\u00ed misma como un instrumento clave en el desarrollo nacional, que buscar\u00e1 ayudar a resolver los problemas de la naci\u00f3n, especialmente aquellos de los desvalidos de la sociedad.<\/p>\n<\/p>\n<p>\u201cDebe ponerse \u00e9nfasis en el desarrollo de contactos m\u00e1s cercanos con la comunidad exterior\u201d, dijo \u00e9l. El presidente enfatiz\u00f3 adem\u00e1s la necesidad del personal de la instituci\u00f3n por hacer un significativo \u00e9nfasis en la investigaci\u00f3n aplicada.<\/p>\n<\/p>\n<p>La Dra. Ruby Alleyne, directora ejecutiva del Concilio de Acreditaci\u00f3n de Trinidad y Tobago, entreg\u00f3 la Licencia de T\u00edtulo Institucional al Dr. Eugene Daniel, director de la junta, y al Dr. Trevor G. Gardner, rector de la universidad.<\/p>\n<\/p>\n<p>La ceremonia, que fue el cl\u00edmax de una celebraci\u00f3n de una semana, atrajo dignatarios como el honorable Justice Rolston Nelson, juez de la Corte de Justicia del Caribe, el embajador de los Estados Unidos en Trinidad y Tobago, Dr. Roy L. Austin, representantes de diversas comisiones importantes y embajadas diplom\u00e1ticas en Trinidad y Tobago, representantes de diversos ministerios gubernamentales, y oficiales del Concilio de Acreditaci\u00f3n de la isla, para el evento.<\/p>\n<\/p>\n<p>En un contexto de m\u00fasica provista por la famosa Banda de Polic\u00eda de Trinidad y Tobago, la noche estuvo marcada de tributos y celebraci\u00f3n.<\/p>\n<\/p>\n<p>El levantamiento del velo del nuevo nombre y el nuevo logotipo de la universidad provocaron el entusiasmo de la audiencia. Un ba\u00f1o de confetis fue rociado en el aire, mientras los estudiantes hac\u00edan v\u00edtores y ondeaban sus \u201clags\u201d, y los tambores y fanfarrias anunciaban la llegada de la tercera instituci\u00f3n de esa naturaleza en el pa\u00eds.<\/p>\n<\/p>\n<p>La universidad, que ha estado ofreciendo un programa de postgrado con el apoyo de la Universidad de Andrews en las \u00e1reas de negocios, teolog\u00eda y educaci\u00f3n, tambi\u00e9n logr\u00f3 la acreditaci\u00f3n de la Universidad de Andrews y de la Asociaci\u00f3n Adventista de Acreditaci\u00f3n, s\u00f3lo unos d\u00edas antes de obtener la acreditaci\u00f3n del gobierno, de acuerdo con Del Charles, director de Relaciones P\u00fablicas de la Universidad Caribe\u00f1a del Sur (UCS).<\/p>\n<\/p>\n<p>La Universidad Caribe\u00f1a del Sur ofrece programas de pregrado y postgrado a m\u00e1s de 1200 estudiantes en la isla y sus dos campus de extensi\u00f3n en Guyana y Tobago.<\/p>\n<\/p>\n<p>Para mayor informaci\u00f3n acerca de la ceremonia de acreditaci\u00f3n de la UCS y sus programas, visite <a  href=\"http:\/\/www.cuc.edu.tt\/\">www.cuc.edu.tt<\/a> <\/p>\n","protected":false},"excerpt":{"rendered":"<p>Fuegos artificiales se encendieron por encima del horizonte del Valle de Maracas la noche del jueves 16 de marzo de 2006, para anunciar la proclamaci\u00f3n de la universidad m\u00e1s reciente en la regi\u00f3n&#8230;<\/p>\n","protected":false},"author":1,"featured_media":0,"comment_status":"closed","ping_status":"closed","sticky":false,"template":"","format":"standard","meta":{"_acf_changed":false,"footnotes":""},"categories":[8],"tags":[],"class_list":["post-10705","post","type-post","status-publish","format-standard","hentry","category-archivo"],"acf":[],"yoast_head":"<!-- This site is optimized with the Yoast SEO plugin v27.3 - https:\/\/yoast.com\/product\/yoast-seo-wordpress\/ -->\n<title>Trinidad: Instituci\u00f3n Educativa Adventista es Promovida al estatus de Universidad - Iglesia Adventista del S\u00e9ptimo D\u00eda - Divisi\u00f3n Interamericana<\/title>\n<meta name=\"robots\" content=\"index, follow, max-snippet:-1, max-image-preview:large, max-video-preview:-1\" \/>\n<link rel=\"canonical\" href=\"https:\/\/interamerica.org\/es\/2006\/03\/trinidad-institucion-educativa-adventista-es-promovida-al-estatus-de-universidad\/\" \/>\n<meta property=\"og:locale\" content=\"es_ES\" \/>\n<meta property=\"og:type\" content=\"article\" \/>\n<meta property=\"og:title\" content=\"Trinidad: Instituci\u00f3n Educativa Adventista es Promovida al estatus de Universidad - Iglesia Adventista del S\u00e9ptimo D\u00eda - Divisi\u00f3n Interamericana\" \/>\n<meta property=\"og:description\" content=\"Fuegos artificiales se encendieron por encima del horizonte del Valle de Maracas la noche del jueves 16 de marzo de 2006, para anunciar la proclamaci\u00f3n de la universidad m\u00e1s reciente en la regi\u00f3n...\" \/>\n<meta property=\"og:url\" content=\"https:\/\/interamerica.org\/es\/2006\/03\/trinidad-institucion-educativa-adventista-es-promovida-al-estatus-de-universidad\/\" \/>\n<meta property=\"og:site_name\" content=\"Iglesia Adventista del S\u00e9ptimo D\u00eda - Divisi\u00f3n Interamericana\" \/>\n<meta property=\"article:published_time\" content=\"2006-03-21T04:00:00+00:00\" \/>\n<meta property=\"article:modified_time\" content=\"2017-06-02T13:14:55+00:00\" \/>\n<meta name=\"author\" content=\"Lorenzo Verduzco\" \/>\n<meta name=\"twitter:card\" content=\"summary_large_image\" \/>\n<meta name=\"twitter:label1\" content=\"Escrito por\" \/>\n\t<meta name=\"twitter:data1\" content=\"Lorenzo Verduzco\" \/>\n\t<meta name=\"twitter:label2\" content=\"Tiempo de lectura\" \/>\n\t<meta name=\"twitter:data2\" content=\"3 minutos\" \/>\n<script type=\"application\/ld+json\" class=\"yoast-schema-graph\">{\"@context\":\"https:\\\/\\\/schema.org\",\"@graph\":[{\"@type\":\"Article\",\"@id\":\"https:\\\/\\\/interamerica.org\\\/es\\\/2006\\\/03\\\/trinidad-institucion-educativa-adventista-es-promovida-al-estatus-de-universidad\\\/#article\",\"isPartOf\":{\"@id\":\"https:\\\/\\\/interamerica.org\\\/es\\\/2006\\\/03\\\/trinidad-institucion-educativa-adventista-es-promovida-al-estatus-de-universidad\\\/\"},\"author\":{\"name\":\"Lorenzo Verduzco\",\"@id\":\"https:\\\/\\\/interamerica.org\\\/es\\\/#\\\/schema\\\/person\\\/68ede8bdc292885bb76c1e3810e73c39\"},\"headline\":\"Trinidad: Instituci\u00f3n Educativa Adventista es Promovida al estatus de Universidad\",\"datePublished\":\"2006-03-21T04:00:00+00:00\",\"dateModified\":\"2017-06-02T13:14:55+00:00\",\"mainEntityOfPage\":{\"@id\":\"https:\\\/\\\/interamerica.org\\\/es\\\/2006\\\/03\\\/trinidad-institucion-educativa-adventista-es-promovida-al-estatus-de-universidad\\\/\"},\"wordCount\":572,\"articleSection\":[\"Archivo\"],\"inLanguage\":\"es\"},{\"@type\":\"WebPage\",\"@id\":\"https:\\\/\\\/interamerica.org\\\/es\\\/2006\\\/03\\\/trinidad-institucion-educativa-adventista-es-promovida-al-estatus-de-universidad\\\/\",\"url\":\"https:\\\/\\\/interamerica.org\\\/es\\\/2006\\\/03\\\/trinidad-institucion-educativa-adventista-es-promovida-al-estatus-de-universidad\\\/\",\"name\":\"Trinidad: Instituci\u00f3n Educativa Adventista es Promovida al estatus de Universidad - Iglesia Adventista del S\u00e9ptimo D\u00eda - Divisi\u00f3n Interamericana\",\"isPartOf\":{\"@id\":\"https:\\\/\\\/interamerica.org\\\/es\\\/#website\"},\"datePublished\":\"2006-03-21T04:00:00+00:00\",\"dateModified\":\"2017-06-02T13:14:55+00:00\",\"author\":{\"@id\":\"https:\\\/\\\/interamerica.org\\\/es\\\/#\\\/schema\\\/person\\\/68ede8bdc292885bb76c1e3810e73c39\"},\"breadcrumb\":{\"@id\":\"https:\\\/\\\/interamerica.org\\\/es\\\/2006\\\/03\\\/trinidad-institucion-educativa-adventista-es-promovida-al-estatus-de-universidad\\\/#breadcrumb\"},\"inLanguage\":\"es\",\"potentialAction\":[{\"@type\":\"ReadAction\",\"target\":[\"https:\\\/\\\/interamerica.org\\\/es\\\/2006\\\/03\\\/trinidad-institucion-educativa-adventista-es-promovida-al-estatus-de-universidad\\\/\"]}]},{\"@type\":\"BreadcrumbList\",\"@id\":\"https:\\\/\\\/interamerica.org\\\/es\\\/2006\\\/03\\\/trinidad-institucion-educativa-adventista-es-promovida-al-estatus-de-universidad\\\/#breadcrumb\",\"itemListElement\":[{\"@type\":\"ListItem\",\"position\":1,\"name\":\"Home\",\"item\":\"https:\\\/\\\/interamerica.org\\\/es\\\/\"},{\"@type\":\"ListItem\",\"position\":2,\"name\":\"Trinidad: Instituci\u00f3n Educativa Adventista es Promovida al estatus de Universidad\"}]},{\"@type\":\"WebSite\",\"@id\":\"https:\\\/\\\/interamerica.org\\\/es\\\/#website\",\"url\":\"https:\\\/\\\/interamerica.org\\\/es\\\/\",\"name\":\"Iglesia Adventista del S\u00e9ptimo D\u00eda - Divisi\u00f3n Interamericana\",\"description\":\"\",\"potentialAction\":[{\"@type\":\"SearchAction\",\"target\":{\"@type\":\"EntryPoint\",\"urlTemplate\":\"https:\\\/\\\/interamerica.org\\\/es\\\/?s={search_term_string}\"},\"query-input\":{\"@type\":\"PropertyValueSpecification\",\"valueRequired\":true,\"valueName\":\"search_term_string\"}}],\"inLanguage\":\"es\"},{\"@type\":\"Person\",\"@id\":\"https:\\\/\\\/interamerica.org\\\/es\\\/#\\\/schema\\\/person\\\/68ede8bdc292885bb76c1e3810e73c39\",\"name\":\"Lorenzo Verduzco\",\"image\":{\"@type\":\"ImageObject\",\"inLanguage\":\"es\",\"@id\":\"https:\\\/\\\/secure.gravatar.com\\\/avatar\\\/fb81a55b6218459490a9c1dc841a34909185b81904c5337b4b27f7a6fd60c49e?s=96&d=mm&r=g\",\"url\":\"https:\\\/\\\/secure.gravatar.com\\\/avatar\\\/fb81a55b6218459490a9c1dc841a34909185b81904c5337b4b27f7a6fd60c49e?s=96&d=mm&r=g\",\"contentUrl\":\"https:\\\/\\\/secure.gravatar.com\\\/avatar\\\/fb81a55b6218459490a9c1dc841a34909185b81904c5337b4b27f7a6fd60c49e?s=96&d=mm&r=g\",\"caption\":\"Lorenzo Verduzco\"}}]}<\/script>\n<!-- \/ Yoast SEO plugin. -->","yoast_head_json":{"title":"Trinidad: Instituci\u00f3n Educativa Adventista es Promovida al estatus de Universidad - Iglesia Adventista del S\u00e9ptimo D\u00eda - Divisi\u00f3n Interamericana","robots":{"index":"index","follow":"follow","max-snippet":"max-snippet:-1","max-image-preview":"max-image-preview:large","max-video-preview":"max-video-preview:-1"},"canonical":"https:\/\/interamerica.org\/es\/2006\/03\/trinidad-institucion-educativa-adventista-es-promovida-al-estatus-de-universidad\/","og_locale":"es_ES","og_type":"article","og_title":"Trinidad: Instituci\u00f3n Educativa Adventista es Promovida al estatus de Universidad - Iglesia Adventista del S\u00e9ptimo D\u00eda - Divisi\u00f3n Interamericana","og_description":"Fuegos artificiales se encendieron por encima del horizonte del Valle de Maracas la noche del jueves 16 de marzo de 2006, para anunciar la proclamaci\u00f3n de la universidad m\u00e1s reciente en la regi\u00f3n...","og_url":"https:\/\/interamerica.org\/es\/2006\/03\/trinidad-institucion-educativa-adventista-es-promovida-al-estatus-de-universidad\/","og_site_name":"Iglesia Adventista del S\u00e9ptimo D\u00eda - Divisi\u00f3n Interamericana","article_published_time":"2006-03-21T04:00:00+00:00","article_modified_time":"2017-06-02T13:14:55+00:00","author":"Lorenzo Verduzco","twitter_card":"summary_large_image","twitter_misc":{"Escrito por":"Lorenzo Verduzco","Tiempo de lectura":"3 minutos"},"schema":{"@context":"https:\/\/schema.org","@graph":[{"@type":"Article","@id":"https:\/\/interamerica.org\/es\/2006\/03\/trinidad-institucion-educativa-adventista-es-promovida-al-estatus-de-universidad\/#article","isPartOf":{"@id":"https:\/\/interamerica.org\/es\/2006\/03\/trinidad-institucion-educativa-adventista-es-promovida-al-estatus-de-universidad\/"},"author":{"name":"Lorenzo Verduzco","@id":"https:\/\/interamerica.org\/es\/#\/schema\/person\/68ede8bdc292885bb76c1e3810e73c39"},"headline":"Trinidad: Instituci\u00f3n Educativa Adventista es Promovida al estatus de Universidad","datePublished":"2006-03-21T04:00:00+00:00","dateModified":"2017-06-02T13:14:55+00:00","mainEntityOfPage":{"@id":"https:\/\/interamerica.org\/es\/2006\/03\/trinidad-institucion-educativa-adventista-es-promovida-al-estatus-de-universidad\/"},"wordCount":572,"articleSection":["Archivo"],"inLanguage":"es"},{"@type":"WebPage","@id":"https:\/\/interamerica.org\/es\/2006\/03\/trinidad-institucion-educativa-adventista-es-promovida-al-estatus-de-universidad\/","url":"https:\/\/interamerica.org\/es\/2006\/03\/trinidad-institucion-educativa-adventista-es-promovida-al-estatus-de-universidad\/","name":"Trinidad: Instituci\u00f3n Educativa Adventista es Promovida al estatus de Universidad - Iglesia Adventista del S\u00e9ptimo D\u00eda - Divisi\u00f3n Interamericana","isPartOf":{"@id":"https:\/\/interamerica.org\/es\/#website"},"datePublished":"2006-03-21T04:00:00+00:00","dateModified":"2017-06-02T13:14:55+00:00","author":{"@id":"https:\/\/interamerica.org\/es\/#\/schema\/person\/68ede8bdc292885bb76c1e3810e73c39"},"breadcrumb":{"@id":"https:\/\/interamerica.org\/es\/2006\/03\/trinidad-institucion-educativa-adventista-es-promovida-al-estatus-de-universidad\/#breadcrumb"},"inLanguage":"es","potentialAction":[{"@type":"ReadAction","target":["https:\/\/interamerica.org\/es\/2006\/03\/trinidad-institucion-educativa-adventista-es-promovida-al-estatus-de-universidad\/"]}]},{"@type":"BreadcrumbList","@id":"https:\/\/interamerica.org\/es\/2006\/03\/trinidad-institucion-educativa-adventista-es-promovida-al-estatus-de-universidad\/#breadcrumb","itemListElement":[{"@type":"ListItem","position":1,"name":"Home","item":"https:\/\/interamerica.org\/es\/"},{"@type":"ListItem","position":2,"name":"Trinidad: Instituci\u00f3n Educativa Adventista es Promovida al estatus de Universidad"}]},{"@type":"WebSite","@id":"https:\/\/interamerica.org\/es\/#website","url":"https:\/\/interamerica.org\/es\/","name":"Iglesia Adventista del S\u00e9ptimo D\u00eda - Divisi\u00f3n Interamericana","description":"","potentialAction":[{"@type":"SearchAction","target":{"@type":"EntryPoint","urlTemplate":"https:\/\/interamerica.org\/es\/?s={search_term_string}"},"query-input":{"@type":"PropertyValueSpecification","valueRequired":true,"valueName":"search_term_string"}}],"inLanguage":"es"},{"@type":"Person","@id":"https:\/\/interamerica.org\/es\/#\/schema\/person\/68ede8bdc292885bb76c1e3810e73c39","name":"Lorenzo Verduzco","image":{"@type":"ImageObject","inLanguage":"es","@id":"https:\/\/secure.gravatar.com\/avatar\/fb81a55b6218459490a9c1dc841a34909185b81904c5337b4b27f7a6fd60c49e?s=96&d=mm&r=g","url":"https:\/\/secure.gravatar.com\/avatar\/fb81a55b6218459490a9c1dc841a34909185b81904c5337b4b27f7a6fd60c49e?s=96&d=mm&r=g","contentUrl":"https:\/\/secure.gravatar.com\/avatar\/fb81a55b6218459490a9c1dc841a34909185b81904c5337b4b27f7a6fd60c49e?s=96&d=mm&r=g","caption":"Lorenzo Verduzco"}}]}},"_links":{"self":[{"href":"https:\/\/interamerica.org\/es\/wp-json\/wp\/v2\/posts\/10705","targetHints":{"allow":["GET"]}}],"collection":[{"href":"https:\/\/interamerica.org\/es\/wp-json\/wp\/v2\/posts"}],"about":[{"href":"https:\/\/interamerica.org\/es\/wp-json\/wp\/v2\/types\/post"}],"author":[{"embeddable":true,"href":"https:\/\/interamerica.org\/es\/wp-json\/wp\/v2\/users\/1"}],"replies":[{"embeddable":true,"href":"https:\/\/interamerica.org\/es\/wp-json\/wp\/v2\/comments?post=10705"}],"version-history":[{"count":0,"href":"https:\/\/interamerica.org\/es\/wp-json\/wp\/v2\/posts\/10705\/revisions"}],"wp:attachment":[{"href":"https:\/\/interamerica.org\/es\/wp-json\/wp\/v2\/media?parent=10705"}],"wp:term":[{"taxonomy":"category","embeddable":true,"href":"https:\/\/interamerica.org\/es\/wp-json\/wp\/v2\/categories?post=10705"},{"taxonomy":"post_tag","embeddable":true,"href":"https:\/\/interamerica.org\/es\/wp-json\/wp\/v2\/tags?post=10705"}],"curies":[{"name":"wp","href":"https:\/\/api.w.org\/{rel}","templated":true}]}}