{"id":10706,"date":"2006-03-21T00:00:00","date_gmt":"2006-03-21T04:00:00","guid":{"rendered":"http:\/\/192.81.217.108\/interamerica\/2006\/03\/honduras-adra-abre-nuevo-almacen-y-centro-de-capacitacion-en-preparacion-para-responder-en-casos-desastres\/"},"modified":"2017-06-02T09:14:55","modified_gmt":"2017-06-02T13:14:55","slug":"honduras-adra-abre-nuevo-almacen-y-centro-de-capacitacion-en-preparacion-para-responder-en-casos-desastres","status":"publish","type":"post","link":"https:\/\/interamerica.org\/es\/2006\/03\/honduras-adra-abre-nuevo-almacen-y-centro-de-capacitacion-en-preparacion-para-responder-en-casos-desastres\/","title":{"rendered":"Honduras: ADRA Abre Nuevo Almac\u00e9n y Centro de Capacitaci\u00f3n en Preparaci\u00f3n Para Responder en Casos Desastres"},"content":{"rendered":"<p>Tegucigalpa, Honduras&#8230;. [Libna Stevens\/DIA]<\/p>\n<\/p>\n<p>En respuesta a la devastadora destrucci\u00f3n que el hurac\u00e1n Match trajo sobre Honduras y sus pa\u00edses vecinos en 1998, la Agencia de Desarrollo y Recursos Asistenciales Adventista de Honduras inaugur\u00f3 un nuevo almac\u00e9n y facilidad de capacitaci\u00f3n en la ciudad capital, Tegucigalpa el 8 de marzo. La facilidad proveer\u00e1 almacenamiento de materiales de socorro y tambi\u00e9n ser\u00e1 un centro de capacitaci\u00f3n para responder en caso de desastre para agencias del gobierno y no gubernamentales, as\u00ed como agencias civiles.<\/p>\n<\/p>\n<p>\u201cEsta es la primera iniciativa de ese tipo entre las organizaciones no gubernamentales (ONG) en la comunidad\u201d, dice Wally Amundson, director de ADRA para \u00cdnter Am\u00e9rica, quien asisti\u00f3 a la inauguraci\u00f3n.<\/p>\n<\/p>\n<p>Aunque se produjo una reacci\u00f3n inmediata respecto a alimentos, ropa y agua al percatarse del hurac\u00e1n, reconstruir las viviendas de la comunidad, escuelas y caminos llev\u00f3 buen tiempo, explica Amundson.<\/p>\n<\/p>\n<p>\u00abDurante el per\u00edodo de reconstrucci\u00f3n, despu\u00e9s del hurac\u00e1n, se hizo evidente para ADRA de Honduras que deber\u00edan ver seriamente el aumentar su capacidad para mitigar  el efecto de los desastres y la capacitaci\u00f3n\u201d, dijo \u00e9l. \u201cEl enfoque de ADRA, por lo tanto, no fue solamente dise\u00f1ar un edificio para almacenar y estacionar materiales en caso de otro desastre, pero dedicar un centro para responder a los desastres. El centro tambi\u00e9n dar\u00e1 ayuda a Nicaragua y El Salvador\u00bb.<\/p>\n<\/p>\n<p>Walter Britton, director de ADRA-Honduras, fue el encargado del proyecto&#8230;<\/p>\n<\/p>\n<p>\u00abEl hurac\u00e1n Mitch y otros dos m\u00e1s que golpearon el norte y el sur del pa\u00eds el a\u00f1o pasado nos ense\u00f1\u00f3 que la poblaci\u00f3n no est\u00e1 preparada para estos eventos\u201d, expres\u00f3 Britton.<\/p>\n<\/p>\n<p>Gracias a las generosas donaciones de la iglesia en la Uni\u00f3n Central Centroamericana, ADRA-\u00cdnter Am\u00e9rica, ADRA Internacional y sus oficinas asociadas en Italia, Espa\u00f1a, Canad\u00e1, Australia, Noruega, Dinamarca, Ayuda Internacional y Esperanza Para la Humanidad, el centro y el almac\u00e9n beneficiar\u00e1n grandemente la regi\u00f3n, agreg\u00f3.<\/p>\n<\/p>\n<p>Previo a la inauguraci\u00f3n oficial, una sesi\u00f3n de dos d\u00edas de capacitaci\u00f3n fue dada a Organizaciones No Gubernamentales y a voluntarios tales como m\u00e9dicos, enfermeras, bomberos, param\u00e9dicos, obreros de rescate, administradores de iglesias y miembros. Ellos recibieron capacitaci\u00f3n del Equipo de Capacitaci\u00f3n en Trauma de la Universidad de Loma Linda que fue dirigido por la doctora Beverly Buckles, director del equipo de trauma de la Universidad antes mencionada, la doctora Kim Freeman, Ph D. en psicolog\u00eda y Dr. Kimball Chan, doctor en medicina.<\/p>\n<\/p>\n<p>Dorothy Guti\u00e9rrez, diputada para el congreso nacional de Honduras y presidenta para la Comisi\u00f3n Nacional para la Prevenci\u00f3n de Desastres hizo acto de presencia en la inauguraci\u00f3n, la cual fue cubierta por la televisi\u00f3n de Honduras y medios period\u00edsticos. Ella agradeci\u00f3 a ADRA de Honduras por su dedicada participaci\u00f3n y a la Universidad de Loma Linda por su iniciativa en la capacitaci\u00f3n.<\/p>\n<\/p>\n<p>\u00abSon nuestros planes el ofrecer capacitaci\u00f3n mensual para Gu\u00edas Mayores, Conquistadores, miembros de iglesia y al p\u00fablico en general que est\u00e1 interesado en prepararse mejor para enfrentar desastres\u201d, dice Britton.<\/p>\n<\/p>\n<p>\u201cUno de los retos\u201d, dice Britton, \u201ces obtener equipo y materiales de ayuda para la pr\u00f3xima temporada de huracanes. Pero estamos trabajando junto con COPECO, agencia oficial de reacci\u00f3n a las emergencias por desastres en Honduras\u00bb.  Britton agrega que la embajada de Jap\u00f3n en Honduras ha ofrecido a ADRA de Honduras apoyo financiero en la capacitaci\u00f3n de personal para responder a los desastres.<\/p>\n<\/p>\n<p>Amundson encomia los esfuerzos de este proyecto, diciendo que ADRA de Honduras continuar\u00e1 comprometida en su servicio a la comunidad. Tambi\u00e9n dice que ADRA de Honduras continuar\u00e1 coordinando con ADRA de Nicaragua y ADRA de El Salvador para proveer la mejor reacci\u00f3n a los desastres en esa regi\u00f3n.<\/p>\n<\/p>\n<p>Para mayor informaci\u00f3n sobre ADRA y sus proyectos haga clic aqu\u00ed <a  href=\"http:\/\/www.adra.org\/\">www.adra.org<\/a><\/p>\n","protected":false},"excerpt":{"rendered":"<p>En respuesta a la devastadora destrucci\u00f3n que el hurac\u00e1n Match trajo sobre Honduras y sus pa\u00edses vecinos en 1998, la Agencia de Desarrollo y Recursos Asistenciales Adventista de Honduras inaugur\u00f3 un nuevo almac\u00e9n y facilidad de capacitaci\u00f3n.<\/p>\n","protected":false},"author":1,"featured_media":0,"comment_status":"closed","ping_status":"closed","sticky":false,"template":"","format":"standard","meta":{"_acf_changed":false,"footnotes":""},"categories":[8],"tags":[],"class_list":["post-10706","post","type-post","status-publish","format-standard","hentry","category-archivo"],"acf":[],"yoast_head":"<!-- This site is optimized with the Yoast SEO plugin v27.3 - https:\/\/yoast.com\/product\/yoast-seo-wordpress\/ -->\n<title>Honduras: ADRA Abre Nuevo Almac\u00e9n y Centro de Capacitaci\u00f3n en Preparaci\u00f3n Para Responder en Casos Desastres - Iglesia Adventista del S\u00e9ptimo D\u00eda - Divisi\u00f3n Interamericana<\/title>\n<meta name=\"robots\" content=\"index, follow, max-snippet:-1, max-image-preview:large, max-video-preview:-1\" \/>\n<link rel=\"canonical\" href=\"https:\/\/interamerica.org\/es\/2006\/03\/honduras-adra-abre-nuevo-almacen-y-centro-de-capacitacion-en-preparacion-para-responder-en-casos-desastres\/\" \/>\n<meta property=\"og:locale\" content=\"es_ES\" \/>\n<meta property=\"og:type\" content=\"article\" \/>\n<meta property=\"og:title\" content=\"Honduras: ADRA Abre Nuevo Almac\u00e9n y Centro de Capacitaci\u00f3n en Preparaci\u00f3n Para Responder en Casos Desastres - Iglesia Adventista del S\u00e9ptimo D\u00eda - Divisi\u00f3n Interamericana\" \/>\n<meta property=\"og:description\" content=\"En respuesta a la devastadora destrucci\u00f3n que el hurac\u00e1n Match trajo sobre Honduras y sus pa\u00edses vecinos en 1998, la Agencia de Desarrollo y Recursos Asistenciales Adventista de Honduras inaugur\u00f3 un nuevo almac\u00e9n y facilidad de capacitaci\u00f3n.\" \/>\n<meta property=\"og:url\" content=\"https:\/\/interamerica.org\/es\/2006\/03\/honduras-adra-abre-nuevo-almacen-y-centro-de-capacitacion-en-preparacion-para-responder-en-casos-desastres\/\" \/>\n<meta property=\"og:site_name\" content=\"Iglesia Adventista del S\u00e9ptimo D\u00eda - Divisi\u00f3n Interamericana\" \/>\n<meta property=\"article:published_time\" content=\"2006-03-21T04:00:00+00:00\" \/>\n<meta property=\"article:modified_time\" content=\"2017-06-02T13:14:55+00:00\" \/>\n<meta name=\"author\" content=\"Lorenzo Verduzco\" \/>\n<meta name=\"twitter:card\" content=\"summary_large_image\" \/>\n<meta name=\"twitter:label1\" content=\"Escrito por\" \/>\n\t<meta name=\"twitter:data1\" content=\"Lorenzo Verduzco\" \/>\n\t<meta name=\"twitter:label2\" content=\"Tiempo de lectura\" \/>\n\t<meta name=\"twitter:data2\" content=\"3 minutos\" \/>\n<script type=\"application\/ld+json\" class=\"yoast-schema-graph\">{\"@context\":\"https:\\\/\\\/schema.org\",\"@graph\":[{\"@type\":\"Article\",\"@id\":\"https:\\\/\\\/interamerica.org\\\/es\\\/2006\\\/03\\\/honduras-adra-abre-nuevo-almacen-y-centro-de-capacitacion-en-preparacion-para-responder-en-casos-desastres\\\/#article\",\"isPartOf\":{\"@id\":\"https:\\\/\\\/interamerica.org\\\/es\\\/2006\\\/03\\\/honduras-adra-abre-nuevo-almacen-y-centro-de-capacitacion-en-preparacion-para-responder-en-casos-desastres\\\/\"},\"author\":{\"name\":\"Lorenzo Verduzco\",\"@id\":\"https:\\\/\\\/interamerica.org\\\/es\\\/#\\\/schema\\\/person\\\/68ede8bdc292885bb76c1e3810e73c39\"},\"headline\":\"Honduras: ADRA Abre Nuevo Almac\u00e9n y Centro de Capacitaci\u00f3n en Preparaci\u00f3n Para Responder en Casos Desastres\",\"datePublished\":\"2006-03-21T04:00:00+00:00\",\"dateModified\":\"2017-06-02T13:14:55+00:00\",\"mainEntityOfPage\":{\"@id\":\"https:\\\/\\\/interamerica.org\\\/es\\\/2006\\\/03\\\/honduras-adra-abre-nuevo-almacen-y-centro-de-capacitacion-en-preparacion-para-responder-en-casos-desastres\\\/\"},\"wordCount\":684,\"articleSection\":[\"Archivo\"],\"inLanguage\":\"es\"},{\"@type\":\"WebPage\",\"@id\":\"https:\\\/\\\/interamerica.org\\\/es\\\/2006\\\/03\\\/honduras-adra-abre-nuevo-almacen-y-centro-de-capacitacion-en-preparacion-para-responder-en-casos-desastres\\\/\",\"url\":\"https:\\\/\\\/interamerica.org\\\/es\\\/2006\\\/03\\\/honduras-adra-abre-nuevo-almacen-y-centro-de-capacitacion-en-preparacion-para-responder-en-casos-desastres\\\/\",\"name\":\"Honduras: ADRA Abre Nuevo Almac\u00e9n y Centro de Capacitaci\u00f3n en Preparaci\u00f3n Para Responder en Casos Desastres - Iglesia Adventista del S\u00e9ptimo D\u00eda - Divisi\u00f3n Interamericana\",\"isPartOf\":{\"@id\":\"https:\\\/\\\/interamerica.org\\\/es\\\/#website\"},\"datePublished\":\"2006-03-21T04:00:00+00:00\",\"dateModified\":\"2017-06-02T13:14:55+00:00\",\"author\":{\"@id\":\"https:\\\/\\\/interamerica.org\\\/es\\\/#\\\/schema\\\/person\\\/68ede8bdc292885bb76c1e3810e73c39\"},\"breadcrumb\":{\"@id\":\"https:\\\/\\\/interamerica.org\\\/es\\\/2006\\\/03\\\/honduras-adra-abre-nuevo-almacen-y-centro-de-capacitacion-en-preparacion-para-responder-en-casos-desastres\\\/#breadcrumb\"},\"inLanguage\":\"es\",\"potentialAction\":[{\"@type\":\"ReadAction\",\"target\":[\"https:\\\/\\\/interamerica.org\\\/es\\\/2006\\\/03\\\/honduras-adra-abre-nuevo-almacen-y-centro-de-capacitacion-en-preparacion-para-responder-en-casos-desastres\\\/\"]}]},{\"@type\":\"BreadcrumbList\",\"@id\":\"https:\\\/\\\/interamerica.org\\\/es\\\/2006\\\/03\\\/honduras-adra-abre-nuevo-almacen-y-centro-de-capacitacion-en-preparacion-para-responder-en-casos-desastres\\\/#breadcrumb\",\"itemListElement\":[{\"@type\":\"ListItem\",\"position\":1,\"name\":\"Home\",\"item\":\"https:\\\/\\\/interamerica.org\\\/es\\\/\"},{\"@type\":\"ListItem\",\"position\":2,\"name\":\"Honduras: ADRA Abre Nuevo Almac\u00e9n y Centro de Capacitaci\u00f3n en Preparaci\u00f3n Para Responder en Casos Desastres\"}]},{\"@type\":\"WebSite\",\"@id\":\"https:\\\/\\\/interamerica.org\\\/es\\\/#website\",\"url\":\"https:\\\/\\\/interamerica.org\\\/es\\\/\",\"name\":\"Iglesia Adventista del S\u00e9ptimo D\u00eda - Divisi\u00f3n Interamericana\",\"description\":\"\",\"potentialAction\":[{\"@type\":\"SearchAction\",\"target\":{\"@type\":\"EntryPoint\",\"urlTemplate\":\"https:\\\/\\\/interamerica.org\\\/es\\\/?s={search_term_string}\"},\"query-input\":{\"@type\":\"PropertyValueSpecification\",\"valueRequired\":true,\"valueName\":\"search_term_string\"}}],\"inLanguage\":\"es\"},{\"@type\":\"Person\",\"@id\":\"https:\\\/\\\/interamerica.org\\\/es\\\/#\\\/schema\\\/person\\\/68ede8bdc292885bb76c1e3810e73c39\",\"name\":\"Lorenzo Verduzco\",\"image\":{\"@type\":\"ImageObject\",\"inLanguage\":\"es\",\"@id\":\"https:\\\/\\\/secure.gravatar.com\\\/avatar\\\/fb81a55b6218459490a9c1dc841a34909185b81904c5337b4b27f7a6fd60c49e?s=96&d=mm&r=g\",\"url\":\"https:\\\/\\\/secure.gravatar.com\\\/avatar\\\/fb81a55b6218459490a9c1dc841a34909185b81904c5337b4b27f7a6fd60c49e?s=96&d=mm&r=g\",\"contentUrl\":\"https:\\\/\\\/secure.gravatar.com\\\/avatar\\\/fb81a55b6218459490a9c1dc841a34909185b81904c5337b4b27f7a6fd60c49e?s=96&d=mm&r=g\",\"caption\":\"Lorenzo Verduzco\"}}]}<\/script>\n<!-- \/ Yoast SEO plugin. -->","yoast_head_json":{"title":"Honduras: ADRA Abre Nuevo Almac\u00e9n y Centro de Capacitaci\u00f3n en Preparaci\u00f3n Para Responder en Casos Desastres - Iglesia Adventista del S\u00e9ptimo D\u00eda - Divisi\u00f3n Interamericana","robots":{"index":"index","follow":"follow","max-snippet":"max-snippet:-1","max-image-preview":"max-image-preview:large","max-video-preview":"max-video-preview:-1"},"canonical":"https:\/\/interamerica.org\/es\/2006\/03\/honduras-adra-abre-nuevo-almacen-y-centro-de-capacitacion-en-preparacion-para-responder-en-casos-desastres\/","og_locale":"es_ES","og_type":"article","og_title":"Honduras: ADRA Abre Nuevo Almac\u00e9n y Centro de Capacitaci\u00f3n en Preparaci\u00f3n Para Responder en Casos Desastres - Iglesia Adventista del S\u00e9ptimo D\u00eda - Divisi\u00f3n Interamericana","og_description":"En respuesta a la devastadora destrucci\u00f3n que el hurac\u00e1n Match trajo sobre Honduras y sus pa\u00edses vecinos en 1998, la Agencia de Desarrollo y Recursos Asistenciales Adventista de Honduras inaugur\u00f3 un nuevo almac\u00e9n y facilidad de capacitaci\u00f3n.","og_url":"https:\/\/interamerica.org\/es\/2006\/03\/honduras-adra-abre-nuevo-almacen-y-centro-de-capacitacion-en-preparacion-para-responder-en-casos-desastres\/","og_site_name":"Iglesia Adventista del S\u00e9ptimo D\u00eda - Divisi\u00f3n Interamericana","article_published_time":"2006-03-21T04:00:00+00:00","article_modified_time":"2017-06-02T13:14:55+00:00","author":"Lorenzo Verduzco","twitter_card":"summary_large_image","twitter_misc":{"Escrito por":"Lorenzo Verduzco","Tiempo de lectura":"3 minutos"},"schema":{"@context":"https:\/\/schema.org","@graph":[{"@type":"Article","@id":"https:\/\/interamerica.org\/es\/2006\/03\/honduras-adra-abre-nuevo-almacen-y-centro-de-capacitacion-en-preparacion-para-responder-en-casos-desastres\/#article","isPartOf":{"@id":"https:\/\/interamerica.org\/es\/2006\/03\/honduras-adra-abre-nuevo-almacen-y-centro-de-capacitacion-en-preparacion-para-responder-en-casos-desastres\/"},"author":{"name":"Lorenzo Verduzco","@id":"https:\/\/interamerica.org\/es\/#\/schema\/person\/68ede8bdc292885bb76c1e3810e73c39"},"headline":"Honduras: ADRA Abre Nuevo Almac\u00e9n y Centro de Capacitaci\u00f3n en Preparaci\u00f3n Para Responder en Casos Desastres","datePublished":"2006-03-21T04:00:00+00:00","dateModified":"2017-06-02T13:14:55+00:00","mainEntityOfPage":{"@id":"https:\/\/interamerica.org\/es\/2006\/03\/honduras-adra-abre-nuevo-almacen-y-centro-de-capacitacion-en-preparacion-para-responder-en-casos-desastres\/"},"wordCount":684,"articleSection":["Archivo"],"inLanguage":"es"},{"@type":"WebPage","@id":"https:\/\/interamerica.org\/es\/2006\/03\/honduras-adra-abre-nuevo-almacen-y-centro-de-capacitacion-en-preparacion-para-responder-en-casos-desastres\/","url":"https:\/\/interamerica.org\/es\/2006\/03\/honduras-adra-abre-nuevo-almacen-y-centro-de-capacitacion-en-preparacion-para-responder-en-casos-desastres\/","name":"Honduras: ADRA Abre Nuevo Almac\u00e9n y Centro de Capacitaci\u00f3n en Preparaci\u00f3n Para Responder en Casos Desastres - Iglesia Adventista del S\u00e9ptimo D\u00eda - Divisi\u00f3n Interamericana","isPartOf":{"@id":"https:\/\/interamerica.org\/es\/#website"},"datePublished":"2006-03-21T04:00:00+00:00","dateModified":"2017-06-02T13:14:55+00:00","author":{"@id":"https:\/\/interamerica.org\/es\/#\/schema\/person\/68ede8bdc292885bb76c1e3810e73c39"},"breadcrumb":{"@id":"https:\/\/interamerica.org\/es\/2006\/03\/honduras-adra-abre-nuevo-almacen-y-centro-de-capacitacion-en-preparacion-para-responder-en-casos-desastres\/#breadcrumb"},"inLanguage":"es","potentialAction":[{"@type":"ReadAction","target":["https:\/\/interamerica.org\/es\/2006\/03\/honduras-adra-abre-nuevo-almacen-y-centro-de-capacitacion-en-preparacion-para-responder-en-casos-desastres\/"]}]},{"@type":"BreadcrumbList","@id":"https:\/\/interamerica.org\/es\/2006\/03\/honduras-adra-abre-nuevo-almacen-y-centro-de-capacitacion-en-preparacion-para-responder-en-casos-desastres\/#breadcrumb","itemListElement":[{"@type":"ListItem","position":1,"name":"Home","item":"https:\/\/interamerica.org\/es\/"},{"@type":"ListItem","position":2,"name":"Honduras: ADRA Abre Nuevo Almac\u00e9n y Centro de Capacitaci\u00f3n en Preparaci\u00f3n Para Responder en Casos Desastres"}]},{"@type":"WebSite","@id":"https:\/\/interamerica.org\/es\/#website","url":"https:\/\/interamerica.org\/es\/","name":"Iglesia Adventista del S\u00e9ptimo D\u00eda - Divisi\u00f3n Interamericana","description":"","potentialAction":[{"@type":"SearchAction","target":{"@type":"EntryPoint","urlTemplate":"https:\/\/interamerica.org\/es\/?s={search_term_string}"},"query-input":{"@type":"PropertyValueSpecification","valueRequired":true,"valueName":"search_term_string"}}],"inLanguage":"es"},{"@type":"Person","@id":"https:\/\/interamerica.org\/es\/#\/schema\/person\/68ede8bdc292885bb76c1e3810e73c39","name":"Lorenzo Verduzco","image":{"@type":"ImageObject","inLanguage":"es","@id":"https:\/\/secure.gravatar.com\/avatar\/fb81a55b6218459490a9c1dc841a34909185b81904c5337b4b27f7a6fd60c49e?s=96&d=mm&r=g","url":"https:\/\/secure.gravatar.com\/avatar\/fb81a55b6218459490a9c1dc841a34909185b81904c5337b4b27f7a6fd60c49e?s=96&d=mm&r=g","contentUrl":"https:\/\/secure.gravatar.com\/avatar\/fb81a55b6218459490a9c1dc841a34909185b81904c5337b4b27f7a6fd60c49e?s=96&d=mm&r=g","caption":"Lorenzo Verduzco"}}]}},"_links":{"self":[{"href":"https:\/\/interamerica.org\/es\/wp-json\/wp\/v2\/posts\/10706","targetHints":{"allow":["GET"]}}],"collection":[{"href":"https:\/\/interamerica.org\/es\/wp-json\/wp\/v2\/posts"}],"about":[{"href":"https:\/\/interamerica.org\/es\/wp-json\/wp\/v2\/types\/post"}],"author":[{"embeddable":true,"href":"https:\/\/interamerica.org\/es\/wp-json\/wp\/v2\/users\/1"}],"replies":[{"embeddable":true,"href":"https:\/\/interamerica.org\/es\/wp-json\/wp\/v2\/comments?post=10706"}],"version-history":[{"count":0,"href":"https:\/\/interamerica.org\/es\/wp-json\/wp\/v2\/posts\/10706\/revisions"}],"wp:attachment":[{"href":"https:\/\/interamerica.org\/es\/wp-json\/wp\/v2\/media?parent=10706"}],"wp:term":[{"taxonomy":"category","embeddable":true,"href":"https:\/\/interamerica.org\/es\/wp-json\/wp\/v2\/categories?post=10706"},{"taxonomy":"post_tag","embeddable":true,"href":"https:\/\/interamerica.org\/es\/wp-json\/wp\/v2\/tags?post=10706"}],"curies":[{"name":"wp","href":"https:\/\/api.w.org\/{rel}","templated":true}]}}