{"id":10707,"date":"2006-03-22T00:00:00","date_gmt":"2006-03-22T04:00:00","guid":{"rendered":"http:\/\/192.81.217.108\/interamerica\/2006\/03\/puerto-rico-hospital-adventista-construira-instituto-oncologico\/"},"modified":"2017-06-02T09:14:53","modified_gmt":"2017-06-02T13:14:53","slug":"puerto-rico-hospital-adventista-construira-instituto-oncologico","status":"publish","type":"post","link":"https:\/\/interamerica.org\/es\/2006\/03\/puerto-rico-hospital-adventista-construira-instituto-oncologico\/","title":{"rendered":"Puerto Rico: Hospital\u00a0Adventista\u00a0Construir\u00e1\u00a0 Instituto Oncol\u00f3gico"},"content":{"rendered":"<p>Mayag\u00fcez, Puerto Rico [Oreste Natera\/DIA]<\/p>\n<p>El Hospital Bella Vista, una facilidad de la Iglesia Adventista del S\u00e9ptimo D\u00eda en Mayag\u00fcez, Puerto Rico, anunci\u00f3 la construcci\u00f3n de su unidad para el tratamiento del c\u00e1ncer en un acto de colocaci\u00f3n de la primera piedra el 14 de marzo. El Instituto Oncol\u00f3gico Bella Vista proveer\u00e1 servicios y tratamiento ambulatorio a pacientes con c\u00e1ncer. <\/p>\n<p>Seg\u00fan Jes\u00fas Nieves, director ejecutivo del hospital, el proyecto representa una inversi\u00f3n de m\u00e1s de $5 millones de d\u00f3lares.<\/p>\n<p>La facilidad, ubicada en 8,600 pies cuadrados, ser\u00e1 equipada con salones de espera, una\u00a0\u00e1rea de simulador, cuartos\u00a0para procedimientos, dos\u00a0salas de tratamiento, oficinas m\u00e9dicas, una \u00e1rea administrativa, \u00e1rea para\u00a0inform\u00e1tica y un sal\u00f3n de conferencia. Tendr\u00e1 la capacidad para tratar aproximadamente\u00a050 pacientes diariamente. El proyecto est\u00e1 programado para concluir en febrero de 2007.<\/p>\n<p>Con el establecimiento del Instituto Ocol\u00f3gico\u00a0Bella Vista reafirmamos, una vez m\u00e1s, nuestra dedicaci\u00f3n a ofrecer d\u00eda por d\u00eda el m\u00e1s\u00a0elevado nivel de servicio en el cuidado de la salud a todos nuestros pacientes\u00bb, dice Nieves.<\/p>\n<p>El Hospital Bella Vista, establecido en 1954, es administrado por la Iglesia Adventista del S\u00e9ptimo D\u00eda. Ha dado m\u00e1s de 50 a\u00f1os de servicio a la comunidad con una misi\u00f3n\u00a0comprometida a restaurar la salud f\u00edsica as\u00ed como la mental y espiritual a sus pacientes. El hospital tiene\u00a0una ocupaci\u00f3n de 155 camas.\u00a0<\/p>\n","protected":false},"excerpt":{"rendered":"<p>Hospital Bella Vista, una facilidad de la Iglesia Adventista del S\u00e9ptimo D\u00eda en Puerto Rico, anunci\u00f3\u00a0construcci\u00f3n de\u00a0unidad para\u00a0tratar el c\u00e1ncer, en un acto de colocaci\u00f3n de\u00a0primera piedra, el 14 de marzo.\u00a0<\/p>\n","protected":false},"author":1,"featured_media":0,"comment_status":"closed","ping_status":"closed","sticky":false,"template":"","format":"standard","meta":{"_acf_changed":false,"footnotes":""},"categories":[8],"tags":[],"class_list":["post-10707","post","type-post","status-publish","format-standard","hentry","category-archivo"],"acf":[],"yoast_head":"<!-- This site is optimized with the Yoast SEO plugin v27.3 - https:\/\/yoast.com\/product\/yoast-seo-wordpress\/ -->\n<title>Puerto Rico: Hospital\u00a0Adventista\u00a0Construir\u00e1\u00a0 Instituto Oncol\u00f3gico - Iglesia Adventista del S\u00e9ptimo D\u00eda - Divisi\u00f3n Interamericana<\/title>\n<meta name=\"robots\" content=\"index, follow, max-snippet:-1, max-image-preview:large, max-video-preview:-1\" \/>\n<link rel=\"canonical\" href=\"https:\/\/interamerica.org\/es\/2006\/03\/puerto-rico-hospital-adventista-construira-instituto-oncologico\/\" \/>\n<meta property=\"og:locale\" content=\"es_ES\" \/>\n<meta property=\"og:type\" content=\"article\" \/>\n<meta property=\"og:title\" content=\"Puerto Rico: Hospital\u00a0Adventista\u00a0Construir\u00e1\u00a0 Instituto Oncol\u00f3gico - Iglesia Adventista del S\u00e9ptimo D\u00eda - Divisi\u00f3n Interamericana\" \/>\n<meta property=\"og:description\" content=\"Hospital Bella Vista, una facilidad de la Iglesia Adventista del S\u00e9ptimo D\u00eda en Puerto Rico, anunci\u00f3\u00a0construcci\u00f3n de\u00a0unidad para\u00a0tratar el c\u00e1ncer, en un acto de colocaci\u00f3n de\u00a0primera piedra, el 14 de marzo.\u00a0\" \/>\n<meta property=\"og:url\" content=\"https:\/\/interamerica.org\/es\/2006\/03\/puerto-rico-hospital-adventista-construira-instituto-oncologico\/\" \/>\n<meta property=\"og:site_name\" content=\"Iglesia Adventista del S\u00e9ptimo D\u00eda - Divisi\u00f3n Interamericana\" \/>\n<meta property=\"article:published_time\" content=\"2006-03-22T04:00:00+00:00\" \/>\n<meta property=\"article:modified_time\" content=\"2017-06-02T13:14:53+00:00\" \/>\n<meta name=\"author\" content=\"Lorenzo Verduzco\" \/>\n<meta name=\"twitter:card\" content=\"summary_large_image\" \/>\n<meta name=\"twitter:label1\" content=\"Escrito por\" \/>\n\t<meta name=\"twitter:data1\" content=\"Lorenzo Verduzco\" \/>\n\t<meta name=\"twitter:label2\" content=\"Tiempo de lectura\" \/>\n\t<meta name=\"twitter:data2\" content=\"1 minuto\" \/>\n<script type=\"application\/ld+json\" class=\"yoast-schema-graph\">{\"@context\":\"https:\\\/\\\/schema.org\",\"@graph\":[{\"@type\":\"Article\",\"@id\":\"https:\\\/\\\/interamerica.org\\\/es\\\/2006\\\/03\\\/puerto-rico-hospital-adventista-construira-instituto-oncologico\\\/#article\",\"isPartOf\":{\"@id\":\"https:\\\/\\\/interamerica.org\\\/es\\\/2006\\\/03\\\/puerto-rico-hospital-adventista-construira-instituto-oncologico\\\/\"},\"author\":{\"name\":\"Lorenzo Verduzco\",\"@id\":\"https:\\\/\\\/interamerica.org\\\/es\\\/#\\\/schema\\\/person\\\/68ede8bdc292885bb76c1e3810e73c39\"},\"headline\":\"Puerto Rico: Hospital\u00a0Adventista\u00a0Construir\u00e1\u00a0 Instituto Oncol\u00f3gico\",\"datePublished\":\"2006-03-22T04:00:00+00:00\",\"dateModified\":\"2017-06-02T13:14:53+00:00\",\"mainEntityOfPage\":{\"@id\":\"https:\\\/\\\/interamerica.org\\\/es\\\/2006\\\/03\\\/puerto-rico-hospital-adventista-construira-instituto-oncologico\\\/\"},\"wordCount\":256,\"articleSection\":[\"Archivo\"],\"inLanguage\":\"es\"},{\"@type\":\"WebPage\",\"@id\":\"https:\\\/\\\/interamerica.org\\\/es\\\/2006\\\/03\\\/puerto-rico-hospital-adventista-construira-instituto-oncologico\\\/\",\"url\":\"https:\\\/\\\/interamerica.org\\\/es\\\/2006\\\/03\\\/puerto-rico-hospital-adventista-construira-instituto-oncologico\\\/\",\"name\":\"Puerto Rico: Hospital\u00a0Adventista\u00a0Construir\u00e1\u00a0 Instituto Oncol\u00f3gico - Iglesia Adventista del S\u00e9ptimo D\u00eda - Divisi\u00f3n Interamericana\",\"isPartOf\":{\"@id\":\"https:\\\/\\\/interamerica.org\\\/es\\\/#website\"},\"datePublished\":\"2006-03-22T04:00:00+00:00\",\"dateModified\":\"2017-06-02T13:14:53+00:00\",\"author\":{\"@id\":\"https:\\\/\\\/interamerica.org\\\/es\\\/#\\\/schema\\\/person\\\/68ede8bdc292885bb76c1e3810e73c39\"},\"breadcrumb\":{\"@id\":\"https:\\\/\\\/interamerica.org\\\/es\\\/2006\\\/03\\\/puerto-rico-hospital-adventista-construira-instituto-oncologico\\\/#breadcrumb\"},\"inLanguage\":\"es\",\"potentialAction\":[{\"@type\":\"ReadAction\",\"target\":[\"https:\\\/\\\/interamerica.org\\\/es\\\/2006\\\/03\\\/puerto-rico-hospital-adventista-construira-instituto-oncologico\\\/\"]}]},{\"@type\":\"BreadcrumbList\",\"@id\":\"https:\\\/\\\/interamerica.org\\\/es\\\/2006\\\/03\\\/puerto-rico-hospital-adventista-construira-instituto-oncologico\\\/#breadcrumb\",\"itemListElement\":[{\"@type\":\"ListItem\",\"position\":1,\"name\":\"Home\",\"item\":\"https:\\\/\\\/interamerica.org\\\/es\\\/\"},{\"@type\":\"ListItem\",\"position\":2,\"name\":\"Puerto Rico: Hospital\u00a0Adventista\u00a0Construir\u00e1\u00a0 Instituto Oncol\u00f3gico\"}]},{\"@type\":\"WebSite\",\"@id\":\"https:\\\/\\\/interamerica.org\\\/es\\\/#website\",\"url\":\"https:\\\/\\\/interamerica.org\\\/es\\\/\",\"name\":\"Iglesia Adventista del S\u00e9ptimo D\u00eda - Divisi\u00f3n Interamericana\",\"description\":\"\",\"potentialAction\":[{\"@type\":\"SearchAction\",\"target\":{\"@type\":\"EntryPoint\",\"urlTemplate\":\"https:\\\/\\\/interamerica.org\\\/es\\\/?s={search_term_string}\"},\"query-input\":{\"@type\":\"PropertyValueSpecification\",\"valueRequired\":true,\"valueName\":\"search_term_string\"}}],\"inLanguage\":\"es\"},{\"@type\":\"Person\",\"@id\":\"https:\\\/\\\/interamerica.org\\\/es\\\/#\\\/schema\\\/person\\\/68ede8bdc292885bb76c1e3810e73c39\",\"name\":\"Lorenzo Verduzco\",\"image\":{\"@type\":\"ImageObject\",\"inLanguage\":\"es\",\"@id\":\"https:\\\/\\\/secure.gravatar.com\\\/avatar\\\/fb81a55b6218459490a9c1dc841a34909185b81904c5337b4b27f7a6fd60c49e?s=96&d=mm&r=g\",\"url\":\"https:\\\/\\\/secure.gravatar.com\\\/avatar\\\/fb81a55b6218459490a9c1dc841a34909185b81904c5337b4b27f7a6fd60c49e?s=96&d=mm&r=g\",\"contentUrl\":\"https:\\\/\\\/secure.gravatar.com\\\/avatar\\\/fb81a55b6218459490a9c1dc841a34909185b81904c5337b4b27f7a6fd60c49e?s=96&d=mm&r=g\",\"caption\":\"Lorenzo Verduzco\"}}]}<\/script>\n<!-- \/ Yoast SEO plugin. -->","yoast_head_json":{"title":"Puerto Rico: Hospital\u00a0Adventista\u00a0Construir\u00e1\u00a0 Instituto Oncol\u00f3gico - Iglesia Adventista del S\u00e9ptimo D\u00eda - Divisi\u00f3n Interamericana","robots":{"index":"index","follow":"follow","max-snippet":"max-snippet:-1","max-image-preview":"max-image-preview:large","max-video-preview":"max-video-preview:-1"},"canonical":"https:\/\/interamerica.org\/es\/2006\/03\/puerto-rico-hospital-adventista-construira-instituto-oncologico\/","og_locale":"es_ES","og_type":"article","og_title":"Puerto Rico: Hospital\u00a0Adventista\u00a0Construir\u00e1\u00a0 Instituto Oncol\u00f3gico - Iglesia Adventista del S\u00e9ptimo D\u00eda - Divisi\u00f3n Interamericana","og_description":"Hospital Bella Vista, una facilidad de la Iglesia Adventista del S\u00e9ptimo D\u00eda en Puerto Rico, anunci\u00f3\u00a0construcci\u00f3n de\u00a0unidad para\u00a0tratar el c\u00e1ncer, en un acto de colocaci\u00f3n de\u00a0primera piedra, el 14 de marzo.\u00a0","og_url":"https:\/\/interamerica.org\/es\/2006\/03\/puerto-rico-hospital-adventista-construira-instituto-oncologico\/","og_site_name":"Iglesia Adventista del S\u00e9ptimo D\u00eda - Divisi\u00f3n Interamericana","article_published_time":"2006-03-22T04:00:00+00:00","article_modified_time":"2017-06-02T13:14:53+00:00","author":"Lorenzo Verduzco","twitter_card":"summary_large_image","twitter_misc":{"Escrito por":"Lorenzo Verduzco","Tiempo de lectura":"1 minuto"},"schema":{"@context":"https:\/\/schema.org","@graph":[{"@type":"Article","@id":"https:\/\/interamerica.org\/es\/2006\/03\/puerto-rico-hospital-adventista-construira-instituto-oncologico\/#article","isPartOf":{"@id":"https:\/\/interamerica.org\/es\/2006\/03\/puerto-rico-hospital-adventista-construira-instituto-oncologico\/"},"author":{"name":"Lorenzo Verduzco","@id":"https:\/\/interamerica.org\/es\/#\/schema\/person\/68ede8bdc292885bb76c1e3810e73c39"},"headline":"Puerto Rico: Hospital\u00a0Adventista\u00a0Construir\u00e1\u00a0 Instituto Oncol\u00f3gico","datePublished":"2006-03-22T04:00:00+00:00","dateModified":"2017-06-02T13:14:53+00:00","mainEntityOfPage":{"@id":"https:\/\/interamerica.org\/es\/2006\/03\/puerto-rico-hospital-adventista-construira-instituto-oncologico\/"},"wordCount":256,"articleSection":["Archivo"],"inLanguage":"es"},{"@type":"WebPage","@id":"https:\/\/interamerica.org\/es\/2006\/03\/puerto-rico-hospital-adventista-construira-instituto-oncologico\/","url":"https:\/\/interamerica.org\/es\/2006\/03\/puerto-rico-hospital-adventista-construira-instituto-oncologico\/","name":"Puerto Rico: Hospital\u00a0Adventista\u00a0Construir\u00e1\u00a0 Instituto Oncol\u00f3gico - Iglesia Adventista del S\u00e9ptimo D\u00eda - Divisi\u00f3n Interamericana","isPartOf":{"@id":"https:\/\/interamerica.org\/es\/#website"},"datePublished":"2006-03-22T04:00:00+00:00","dateModified":"2017-06-02T13:14:53+00:00","author":{"@id":"https:\/\/interamerica.org\/es\/#\/schema\/person\/68ede8bdc292885bb76c1e3810e73c39"},"breadcrumb":{"@id":"https:\/\/interamerica.org\/es\/2006\/03\/puerto-rico-hospital-adventista-construira-instituto-oncologico\/#breadcrumb"},"inLanguage":"es","potentialAction":[{"@type":"ReadAction","target":["https:\/\/interamerica.org\/es\/2006\/03\/puerto-rico-hospital-adventista-construira-instituto-oncologico\/"]}]},{"@type":"BreadcrumbList","@id":"https:\/\/interamerica.org\/es\/2006\/03\/puerto-rico-hospital-adventista-construira-instituto-oncologico\/#breadcrumb","itemListElement":[{"@type":"ListItem","position":1,"name":"Home","item":"https:\/\/interamerica.org\/es\/"},{"@type":"ListItem","position":2,"name":"Puerto Rico: Hospital\u00a0Adventista\u00a0Construir\u00e1\u00a0 Instituto Oncol\u00f3gico"}]},{"@type":"WebSite","@id":"https:\/\/interamerica.org\/es\/#website","url":"https:\/\/interamerica.org\/es\/","name":"Iglesia Adventista del S\u00e9ptimo D\u00eda - Divisi\u00f3n Interamericana","description":"","potentialAction":[{"@type":"SearchAction","target":{"@type":"EntryPoint","urlTemplate":"https:\/\/interamerica.org\/es\/?s={search_term_string}"},"query-input":{"@type":"PropertyValueSpecification","valueRequired":true,"valueName":"search_term_string"}}],"inLanguage":"es"},{"@type":"Person","@id":"https:\/\/interamerica.org\/es\/#\/schema\/person\/68ede8bdc292885bb76c1e3810e73c39","name":"Lorenzo Verduzco","image":{"@type":"ImageObject","inLanguage":"es","@id":"https:\/\/secure.gravatar.com\/avatar\/fb81a55b6218459490a9c1dc841a34909185b81904c5337b4b27f7a6fd60c49e?s=96&d=mm&r=g","url":"https:\/\/secure.gravatar.com\/avatar\/fb81a55b6218459490a9c1dc841a34909185b81904c5337b4b27f7a6fd60c49e?s=96&d=mm&r=g","contentUrl":"https:\/\/secure.gravatar.com\/avatar\/fb81a55b6218459490a9c1dc841a34909185b81904c5337b4b27f7a6fd60c49e?s=96&d=mm&r=g","caption":"Lorenzo Verduzco"}}]}},"_links":{"self":[{"href":"https:\/\/interamerica.org\/es\/wp-json\/wp\/v2\/posts\/10707","targetHints":{"allow":["GET"]}}],"collection":[{"href":"https:\/\/interamerica.org\/es\/wp-json\/wp\/v2\/posts"}],"about":[{"href":"https:\/\/interamerica.org\/es\/wp-json\/wp\/v2\/types\/post"}],"author":[{"embeddable":true,"href":"https:\/\/interamerica.org\/es\/wp-json\/wp\/v2\/users\/1"}],"replies":[{"embeddable":true,"href":"https:\/\/interamerica.org\/es\/wp-json\/wp\/v2\/comments?post=10707"}],"version-history":[{"count":0,"href":"https:\/\/interamerica.org\/es\/wp-json\/wp\/v2\/posts\/10707\/revisions"}],"wp:attachment":[{"href":"https:\/\/interamerica.org\/es\/wp-json\/wp\/v2\/media?parent=10707"}],"wp:term":[{"taxonomy":"category","embeddable":true,"href":"https:\/\/interamerica.org\/es\/wp-json\/wp\/v2\/categories?post=10707"},{"taxonomy":"post_tag","embeddable":true,"href":"https:\/\/interamerica.org\/es\/wp-json\/wp\/v2\/tags?post=10707"}],"curies":[{"name":"wp","href":"https:\/\/api.w.org\/{rel}","templated":true}]}}