{"id":10708,"date":"2006-03-24T00:00:00","date_gmt":"2006-03-24T04:00:00","guid":{"rendered":"http:\/\/192.81.217.108\/interamerica\/2006\/03\/estados-unidos-doss-adventista-primer-objetor-de-conciencia-ganador-de-medalla-de-honor-muere-a-los-87-anos\/"},"modified":"2017-06-02T09:14:52","modified_gmt":"2017-06-02T13:14:52","slug":"estados-unidos-doss-adventista-primer-objetor-de-conciencia-ganador-de-medalla-de-honor-muere-a-los-87-anos","status":"publish","type":"post","link":"https:\/\/interamerica.org\/es\/2006\/03\/estados-unidos-doss-adventista-primer-objetor-de-conciencia-ganador-de-medalla-de-honor-muere-a-los-87-anos\/","title":{"rendered":"Estados Unidos: Doss, Adventista, Primer Objetor de Conciencia\u00a0Ganador de\u00a0Medalla de Honor, Muere a los 87 A\u00f1os"},"content":{"rendered":"<p><em>24 de marzo, 2006<\/em> Piedmont, Alabama, Estados Unidos &#8230; [Ken Wetmore\/Mark A. Kellner\/ANN] <\/p>\n<p>Desmond T. Doss, Sr., qui\u00e9n con valent\u00eda se enfrent\u00f3 al rid\u00edculo para servir en la Segunda Guerra Mundial como un param\u00e9dico del ej\u00e9rcito sin portar arma, y que trabaj\u00f3 en un s\u00e1bado, 5 de marzo de 1945 para rescatar 75 soldados heridos atrapados bajo el bombardeo enemigo en la isla de Okinawa, muri\u00f3 el 23 de marzo en su residencia en Piedmont, Alabama.  Doss, el \u00fanico objetor de conciencia en recibir la Medalla de Honor del Congreso durante la Segunda Guerra Mundial, ten\u00eda 87 a\u00f1os de edad. <\/p>\n<p>Se informa que Doss, un hombre de pocas palabras y sin pretenciones, no gust\u00f3 jam\u00e1s ser llamado \u00abobjetor de conciencia\u00bb, prefiriendo en vez, \u00abcooperador de conciencia\u00bb.  En vez de aceptar una suspensi\u00f3n del servicio militar, Doss se uni\u00f3 al ej\u00e9rcito como voluntario, pero nunca port\u00f3 armas. Asignado a la Divisi\u00f3n de Infanter\u00eda 307 como param\u00e9dico de una compa\u00f1\u00eda, a menudo fue acosado y ridiculizado por sus creencias. Criado como un adventista del s\u00e9ptimo d\u00eda, Doss no cre\u00eda en usar un arma o matar por causa del sexto mandamiento que dice, \u201cNo matar\u00e1s\u201d (\u00c9xodos 20:13).  Sin embargo, Doss fue un patriota y cre\u00eda en servir a su pa\u00eds.<\/p>\n<p>Seg\u00fan referencia de su Medalla de Honor, vez tras vez, los soldados compa\u00f1eros de Doss presenciaron cu\u00e1n atrevido era respecto a su propia seguridad. Siempre estaba dispuesto a ir en busca de un camarada herido, no importaba cu\u00e1n grande fuese el peligro. Durante la batalla en Okinawa el 5 de mayo de 1945, Doss rehus\u00f3 refugiarse contra el fuego enemigo al rescatar 75 soldados heridos, llev\u00e1ndolos uno a uno y baj\u00e1ndolos sobre el filo de los 400 pies de Maeda Escarpment. No se detuvo hasta haber tra\u00eddo a todos a lugar seguro cerca de 12 horas m\u00e1s tarde. Doss m\u00e1s tarde le dio el cr\u00e9dito a la habilidad de hacer nudos aprendida en un grupo en un campamento adventista, los Conquistadores, lo cual le ayud\u00f3 a lograr el rescate.<\/p>\n<\/p>\n<p>A pesar de que aquel d\u00eda era un s\u00e1bado, s\u00e9ptimo d\u00eda de la semana, Doss comprendi\u00f3  la orden de Jes\u00fas de que era l\u00edcito \u201chacer bien\u201d en el santo d\u00eda al salvar vidas. <\/p>\n<\/p>\n<p>Seg\u00fan informes de los medios, cuando el presidente de Estados Unidos, Harry Truman le entreg\u00f3 la medalla a Doss, Truman le dijo, \u201cEstoy orgulloso de ti; t\u00fa te mereces este reconocimiento, en verdad. Considero esta medalla un honor superior al de ser Presidente\u00bb.<\/p>\n<\/p>\n<p>La devoci\u00f3n ejemplar de Doss a Dios y a su pa\u00eds recibi\u00f3 aclamaci\u00f3n a lo ancho de la naci\u00f3n. El 4 de julio de 2004, una estatua de Doss fue colocada en el Museo Nacional del Patriotismo en la ciudad de Atlanta, Georgia, junto a estatuas del doctor Martin Luther King, del Presidente Jimmy Carter, y el General Gray Davis, jubilado de Marine Corps, tambi\u00e9n recipiente de una Medalla de Honor. Igualmente, en 2004, sali\u00f3 un documental intitulado \u201cEl Objetor de Conciencia\u201d, narrando la historia de fe, hero\u00edsmo y valent\u00eda de Doss. Tambi\u00e9n se est\u00e1 planeando una presentaci\u00f3n f\u00edlmica describiendo la historia de Doss.<\/p>\n<\/p>\n<p>Ir\u00f3nicamente, Ferry Benedict, quien produjo el documental y quien trabajar\u00e1 en la pel\u00edcula, estaba recibiendo un premio denominado \u201cBridge Award\u201d (premio puente) de la Iglesia Adventista del S\u00e9ptimo D\u00eda al momento en que se comunic\u00f3 la noticia del fallecimiento de Doss.<\/p>\n<\/p>\n<p>\u201cVi a Desmond hace diez d\u00edas\u201d, dijo Benedict a ANN. \u201cTuvimos una Linda pl\u00e1tica; \u00e9l estaba de buen \u00e1nimo. Su historia se grab\u00f3 en una pel\u00edcula, y lleg\u00f3 lejos, m\u00e1s lejos de lo que Desmond alguna vez se imagin\u00f3\u201d.<\/p>\n<\/p>\n<p>En y alrededor del distrito central de Washington surgieron tributos para Doss.<\/p>\n<\/p>\n<p>\u201cProbablemente haya pocos que apreciaran la vida y la libertad m\u00e1s que \u00e9l\u201d, dijo en una declaraci\u00f3n el Mayor Sheldon Smith, vocero del ej\u00e9rcito de Estados Unidos. \u201c   \u201cPrivate First Class Desmond T. Doss era un h\u00e9roe en el sentido m\u00e1s estricto \u2013 uno a quien cada uno de nosotros no deber\u00edamos bacilar en emular\u201d.<\/p>\n<\/p>\n<p>Seg\u00fan el pastor Don Schneider, presidente de la Iglesia Adventista en Estados Unidos, Doss \u201ces considerado como un modelo digno de imitar \u2013 especialmente para muchos de nuestros miembros. Su decisi\u00f3n de no portar armas en el tiempo de mayor peligro fue una decisi\u00f3n valerosa y heroica que al mismo tiempo ha afectado muchas vidas. Estamos orgullosos de haber tenido a Desmond como miembro de nuestra iglesia\u201d.<\/p>\n<p>Sobreviven a Doss, su esposa Frances, su hijo, Desmond T. Doss, Jr., y su hermano, Harold Doss. Le precedieron en su muerte Dorothy Schutte, su primera esposa y su hermana, Audrey Millner.<\/p>\n<\/p>\n<p><strong>Derechos Reservados (R) por Red de Noticias Adventista (ANN)<\/strong><\/p><\/p>\n","protected":false},"excerpt":{"rendered":"<p>HONOR \u00daNICO: Doss, derecha, recibe la Medalla de Honor del Congreso del entonces Presidente de Estados Unidos, Harry Truman, quien elogi\u00f3 al param\u00e9dico de la Armada por su heroismo.<\/p>\n","protected":false},"author":1,"featured_media":0,"comment_status":"closed","ping_status":"closed","sticky":false,"template":"","format":"standard","meta":{"_acf_changed":false,"footnotes":""},"categories":[8],"tags":[],"class_list":["post-10708","post","type-post","status-publish","format-standard","hentry","category-archivo"],"acf":[],"yoast_head":"<!-- This site is optimized with the Yoast SEO plugin v27.3 - https:\/\/yoast.com\/product\/yoast-seo-wordpress\/ -->\n<title>Estados Unidos: Doss, Adventista, Primer Objetor de Conciencia\u00a0Ganador de\u00a0Medalla de Honor, Muere a los 87 A\u00f1os - Iglesia Adventista del S\u00e9ptimo D\u00eda - Divisi\u00f3n Interamericana<\/title>\n<meta name=\"robots\" content=\"index, follow, max-snippet:-1, max-image-preview:large, max-video-preview:-1\" \/>\n<link rel=\"canonical\" href=\"https:\/\/interamerica.org\/es\/2006\/03\/estados-unidos-doss-adventista-primer-objetor-de-conciencia-ganador-de-medalla-de-honor-muere-a-los-87-anos\/\" \/>\n<meta property=\"og:locale\" content=\"es_ES\" \/>\n<meta property=\"og:type\" content=\"article\" \/>\n<meta property=\"og:title\" content=\"Estados Unidos: Doss, Adventista, Primer Objetor de Conciencia\u00a0Ganador de\u00a0Medalla de Honor, Muere a los 87 A\u00f1os - Iglesia Adventista del S\u00e9ptimo D\u00eda - Divisi\u00f3n Interamericana\" \/>\n<meta property=\"og:description\" content=\"HONOR \u00daNICO: Doss, derecha, recibe la Medalla de Honor del Congreso del entonces Presidente de Estados Unidos, Harry Truman, quien elogi\u00f3 al param\u00e9dico de la Armada por su heroismo.\" \/>\n<meta property=\"og:url\" content=\"https:\/\/interamerica.org\/es\/2006\/03\/estados-unidos-doss-adventista-primer-objetor-de-conciencia-ganador-de-medalla-de-honor-muere-a-los-87-anos\/\" \/>\n<meta property=\"og:site_name\" content=\"Iglesia Adventista del S\u00e9ptimo D\u00eda - Divisi\u00f3n Interamericana\" \/>\n<meta property=\"article:published_time\" content=\"2006-03-24T04:00:00+00:00\" \/>\n<meta property=\"article:modified_time\" content=\"2017-06-02T13:14:52+00:00\" \/>\n<meta name=\"author\" content=\"Lorenzo Verduzco\" \/>\n<meta name=\"twitter:card\" content=\"summary_large_image\" \/>\n<meta name=\"twitter:label1\" content=\"Escrito por\" \/>\n\t<meta name=\"twitter:data1\" content=\"Lorenzo Verduzco\" \/>\n\t<meta name=\"twitter:label2\" content=\"Tiempo de lectura\" \/>\n\t<meta name=\"twitter:data2\" content=\"4 minutos\" \/>\n<script type=\"application\/ld+json\" class=\"yoast-schema-graph\">{\"@context\":\"https:\\\/\\\/schema.org\",\"@graph\":[{\"@type\":\"Article\",\"@id\":\"https:\\\/\\\/interamerica.org\\\/es\\\/2006\\\/03\\\/estados-unidos-doss-adventista-primer-objetor-de-conciencia-ganador-de-medalla-de-honor-muere-a-los-87-anos\\\/#article\",\"isPartOf\":{\"@id\":\"https:\\\/\\\/interamerica.org\\\/es\\\/2006\\\/03\\\/estados-unidos-doss-adventista-primer-objetor-de-conciencia-ganador-de-medalla-de-honor-muere-a-los-87-anos\\\/\"},\"author\":{\"name\":\"Lorenzo Verduzco\",\"@id\":\"https:\\\/\\\/interamerica.org\\\/es\\\/#\\\/schema\\\/person\\\/68ede8bdc292885bb76c1e3810e73c39\"},\"headline\":\"Estados Unidos: Doss, Adventista, Primer Objetor de Conciencia\u00a0Ganador de\u00a0Medalla de Honor, Muere a los 87 A\u00f1os\",\"datePublished\":\"2006-03-24T04:00:00+00:00\",\"dateModified\":\"2017-06-02T13:14:52+00:00\",\"mainEntityOfPage\":{\"@id\":\"https:\\\/\\\/interamerica.org\\\/es\\\/2006\\\/03\\\/estados-unidos-doss-adventista-primer-objetor-de-conciencia-ganador-de-medalla-de-honor-muere-a-los-87-anos\\\/\"},\"wordCount\":836,\"articleSection\":[\"Archivo\"],\"inLanguage\":\"es\"},{\"@type\":\"WebPage\",\"@id\":\"https:\\\/\\\/interamerica.org\\\/es\\\/2006\\\/03\\\/estados-unidos-doss-adventista-primer-objetor-de-conciencia-ganador-de-medalla-de-honor-muere-a-los-87-anos\\\/\",\"url\":\"https:\\\/\\\/interamerica.org\\\/es\\\/2006\\\/03\\\/estados-unidos-doss-adventista-primer-objetor-de-conciencia-ganador-de-medalla-de-honor-muere-a-los-87-anos\\\/\",\"name\":\"Estados Unidos: Doss, Adventista, Primer Objetor de Conciencia\u00a0Ganador de\u00a0Medalla de Honor, Muere a los 87 A\u00f1os - Iglesia Adventista del S\u00e9ptimo D\u00eda - Divisi\u00f3n Interamericana\",\"isPartOf\":{\"@id\":\"https:\\\/\\\/interamerica.org\\\/es\\\/#website\"},\"datePublished\":\"2006-03-24T04:00:00+00:00\",\"dateModified\":\"2017-06-02T13:14:52+00:00\",\"author\":{\"@id\":\"https:\\\/\\\/interamerica.org\\\/es\\\/#\\\/schema\\\/person\\\/68ede8bdc292885bb76c1e3810e73c39\"},\"breadcrumb\":{\"@id\":\"https:\\\/\\\/interamerica.org\\\/es\\\/2006\\\/03\\\/estados-unidos-doss-adventista-primer-objetor-de-conciencia-ganador-de-medalla-de-honor-muere-a-los-87-anos\\\/#breadcrumb\"},\"inLanguage\":\"es\",\"potentialAction\":[{\"@type\":\"ReadAction\",\"target\":[\"https:\\\/\\\/interamerica.org\\\/es\\\/2006\\\/03\\\/estados-unidos-doss-adventista-primer-objetor-de-conciencia-ganador-de-medalla-de-honor-muere-a-los-87-anos\\\/\"]}]},{\"@type\":\"BreadcrumbList\",\"@id\":\"https:\\\/\\\/interamerica.org\\\/es\\\/2006\\\/03\\\/estados-unidos-doss-adventista-primer-objetor-de-conciencia-ganador-de-medalla-de-honor-muere-a-los-87-anos\\\/#breadcrumb\",\"itemListElement\":[{\"@type\":\"ListItem\",\"position\":1,\"name\":\"Home\",\"item\":\"https:\\\/\\\/interamerica.org\\\/es\\\/\"},{\"@type\":\"ListItem\",\"position\":2,\"name\":\"Estados Unidos: Doss, Adventista, Primer Objetor de Conciencia\u00a0Ganador de\u00a0Medalla de Honor, Muere a los 87 A\u00f1os\"}]},{\"@type\":\"WebSite\",\"@id\":\"https:\\\/\\\/interamerica.org\\\/es\\\/#website\",\"url\":\"https:\\\/\\\/interamerica.org\\\/es\\\/\",\"name\":\"Iglesia Adventista del S\u00e9ptimo D\u00eda - Divisi\u00f3n Interamericana\",\"description\":\"\",\"potentialAction\":[{\"@type\":\"SearchAction\",\"target\":{\"@type\":\"EntryPoint\",\"urlTemplate\":\"https:\\\/\\\/interamerica.org\\\/es\\\/?s={search_term_string}\"},\"query-input\":{\"@type\":\"PropertyValueSpecification\",\"valueRequired\":true,\"valueName\":\"search_term_string\"}}],\"inLanguage\":\"es\"},{\"@type\":\"Person\",\"@id\":\"https:\\\/\\\/interamerica.org\\\/es\\\/#\\\/schema\\\/person\\\/68ede8bdc292885bb76c1e3810e73c39\",\"name\":\"Lorenzo Verduzco\",\"image\":{\"@type\":\"ImageObject\",\"inLanguage\":\"es\",\"@id\":\"https:\\\/\\\/secure.gravatar.com\\\/avatar\\\/fb81a55b6218459490a9c1dc841a34909185b81904c5337b4b27f7a6fd60c49e?s=96&d=mm&r=g\",\"url\":\"https:\\\/\\\/secure.gravatar.com\\\/avatar\\\/fb81a55b6218459490a9c1dc841a34909185b81904c5337b4b27f7a6fd60c49e?s=96&d=mm&r=g\",\"contentUrl\":\"https:\\\/\\\/secure.gravatar.com\\\/avatar\\\/fb81a55b6218459490a9c1dc841a34909185b81904c5337b4b27f7a6fd60c49e?s=96&d=mm&r=g\",\"caption\":\"Lorenzo Verduzco\"}}]}<\/script>\n<!-- \/ Yoast SEO plugin. -->","yoast_head_json":{"title":"Estados Unidos: Doss, Adventista, Primer Objetor de Conciencia\u00a0Ganador de\u00a0Medalla de Honor, Muere a los 87 A\u00f1os - Iglesia Adventista del S\u00e9ptimo D\u00eda - Divisi\u00f3n Interamericana","robots":{"index":"index","follow":"follow","max-snippet":"max-snippet:-1","max-image-preview":"max-image-preview:large","max-video-preview":"max-video-preview:-1"},"canonical":"https:\/\/interamerica.org\/es\/2006\/03\/estados-unidos-doss-adventista-primer-objetor-de-conciencia-ganador-de-medalla-de-honor-muere-a-los-87-anos\/","og_locale":"es_ES","og_type":"article","og_title":"Estados Unidos: Doss, Adventista, Primer Objetor de Conciencia\u00a0Ganador de\u00a0Medalla de Honor, Muere a los 87 A\u00f1os - Iglesia Adventista del S\u00e9ptimo D\u00eda - Divisi\u00f3n Interamericana","og_description":"HONOR \u00daNICO: Doss, derecha, recibe la Medalla de Honor del Congreso del entonces Presidente de Estados Unidos, Harry Truman, quien elogi\u00f3 al param\u00e9dico de la Armada por su heroismo.","og_url":"https:\/\/interamerica.org\/es\/2006\/03\/estados-unidos-doss-adventista-primer-objetor-de-conciencia-ganador-de-medalla-de-honor-muere-a-los-87-anos\/","og_site_name":"Iglesia Adventista del S\u00e9ptimo D\u00eda - Divisi\u00f3n Interamericana","article_published_time":"2006-03-24T04:00:00+00:00","article_modified_time":"2017-06-02T13:14:52+00:00","author":"Lorenzo Verduzco","twitter_card":"summary_large_image","twitter_misc":{"Escrito por":"Lorenzo Verduzco","Tiempo de lectura":"4 minutos"},"schema":{"@context":"https:\/\/schema.org","@graph":[{"@type":"Article","@id":"https:\/\/interamerica.org\/es\/2006\/03\/estados-unidos-doss-adventista-primer-objetor-de-conciencia-ganador-de-medalla-de-honor-muere-a-los-87-anos\/#article","isPartOf":{"@id":"https:\/\/interamerica.org\/es\/2006\/03\/estados-unidos-doss-adventista-primer-objetor-de-conciencia-ganador-de-medalla-de-honor-muere-a-los-87-anos\/"},"author":{"name":"Lorenzo Verduzco","@id":"https:\/\/interamerica.org\/es\/#\/schema\/person\/68ede8bdc292885bb76c1e3810e73c39"},"headline":"Estados Unidos: Doss, Adventista, Primer Objetor de Conciencia\u00a0Ganador de\u00a0Medalla de Honor, Muere a los 87 A\u00f1os","datePublished":"2006-03-24T04:00:00+00:00","dateModified":"2017-06-02T13:14:52+00:00","mainEntityOfPage":{"@id":"https:\/\/interamerica.org\/es\/2006\/03\/estados-unidos-doss-adventista-primer-objetor-de-conciencia-ganador-de-medalla-de-honor-muere-a-los-87-anos\/"},"wordCount":836,"articleSection":["Archivo"],"inLanguage":"es"},{"@type":"WebPage","@id":"https:\/\/interamerica.org\/es\/2006\/03\/estados-unidos-doss-adventista-primer-objetor-de-conciencia-ganador-de-medalla-de-honor-muere-a-los-87-anos\/","url":"https:\/\/interamerica.org\/es\/2006\/03\/estados-unidos-doss-adventista-primer-objetor-de-conciencia-ganador-de-medalla-de-honor-muere-a-los-87-anos\/","name":"Estados Unidos: Doss, Adventista, Primer Objetor de Conciencia\u00a0Ganador de\u00a0Medalla de Honor, Muere a los 87 A\u00f1os - Iglesia Adventista del S\u00e9ptimo D\u00eda - Divisi\u00f3n Interamericana","isPartOf":{"@id":"https:\/\/interamerica.org\/es\/#website"},"datePublished":"2006-03-24T04:00:00+00:00","dateModified":"2017-06-02T13:14:52+00:00","author":{"@id":"https:\/\/interamerica.org\/es\/#\/schema\/person\/68ede8bdc292885bb76c1e3810e73c39"},"breadcrumb":{"@id":"https:\/\/interamerica.org\/es\/2006\/03\/estados-unidos-doss-adventista-primer-objetor-de-conciencia-ganador-de-medalla-de-honor-muere-a-los-87-anos\/#breadcrumb"},"inLanguage":"es","potentialAction":[{"@type":"ReadAction","target":["https:\/\/interamerica.org\/es\/2006\/03\/estados-unidos-doss-adventista-primer-objetor-de-conciencia-ganador-de-medalla-de-honor-muere-a-los-87-anos\/"]}]},{"@type":"BreadcrumbList","@id":"https:\/\/interamerica.org\/es\/2006\/03\/estados-unidos-doss-adventista-primer-objetor-de-conciencia-ganador-de-medalla-de-honor-muere-a-los-87-anos\/#breadcrumb","itemListElement":[{"@type":"ListItem","position":1,"name":"Home","item":"https:\/\/interamerica.org\/es\/"},{"@type":"ListItem","position":2,"name":"Estados Unidos: Doss, Adventista, Primer Objetor de Conciencia\u00a0Ganador de\u00a0Medalla de Honor, Muere a los 87 A\u00f1os"}]},{"@type":"WebSite","@id":"https:\/\/interamerica.org\/es\/#website","url":"https:\/\/interamerica.org\/es\/","name":"Iglesia Adventista del S\u00e9ptimo D\u00eda - Divisi\u00f3n Interamericana","description":"","potentialAction":[{"@type":"SearchAction","target":{"@type":"EntryPoint","urlTemplate":"https:\/\/interamerica.org\/es\/?s={search_term_string}"},"query-input":{"@type":"PropertyValueSpecification","valueRequired":true,"valueName":"search_term_string"}}],"inLanguage":"es"},{"@type":"Person","@id":"https:\/\/interamerica.org\/es\/#\/schema\/person\/68ede8bdc292885bb76c1e3810e73c39","name":"Lorenzo Verduzco","image":{"@type":"ImageObject","inLanguage":"es","@id":"https:\/\/secure.gravatar.com\/avatar\/fb81a55b6218459490a9c1dc841a34909185b81904c5337b4b27f7a6fd60c49e?s=96&d=mm&r=g","url":"https:\/\/secure.gravatar.com\/avatar\/fb81a55b6218459490a9c1dc841a34909185b81904c5337b4b27f7a6fd60c49e?s=96&d=mm&r=g","contentUrl":"https:\/\/secure.gravatar.com\/avatar\/fb81a55b6218459490a9c1dc841a34909185b81904c5337b4b27f7a6fd60c49e?s=96&d=mm&r=g","caption":"Lorenzo Verduzco"}}]}},"_links":{"self":[{"href":"https:\/\/interamerica.org\/es\/wp-json\/wp\/v2\/posts\/10708","targetHints":{"allow":["GET"]}}],"collection":[{"href":"https:\/\/interamerica.org\/es\/wp-json\/wp\/v2\/posts"}],"about":[{"href":"https:\/\/interamerica.org\/es\/wp-json\/wp\/v2\/types\/post"}],"author":[{"embeddable":true,"href":"https:\/\/interamerica.org\/es\/wp-json\/wp\/v2\/users\/1"}],"replies":[{"embeddable":true,"href":"https:\/\/interamerica.org\/es\/wp-json\/wp\/v2\/comments?post=10708"}],"version-history":[{"count":0,"href":"https:\/\/interamerica.org\/es\/wp-json\/wp\/v2\/posts\/10708\/revisions"}],"wp:attachment":[{"href":"https:\/\/interamerica.org\/es\/wp-json\/wp\/v2\/media?parent=10708"}],"wp:term":[{"taxonomy":"category","embeddable":true,"href":"https:\/\/interamerica.org\/es\/wp-json\/wp\/v2\/categories?post=10708"},{"taxonomy":"post_tag","embeddable":true,"href":"https:\/\/interamerica.org\/es\/wp-json\/wp\/v2\/tags?post=10708"}],"curies":[{"name":"wp","href":"https:\/\/api.w.org\/{rel}","templated":true}]}}