{"id":10710,"date":"2006-03-21T00:00:00","date_gmt":"2006-03-21T04:00:00","guid":{"rendered":"http:\/\/192.81.217.108\/interamerica\/2006\/03\/sur-de-mexico-se-celebra-labor-de-evangelistas-de-la-pagina-impresa\/"},"modified":"2017-06-02T09:14:56","modified_gmt":"2017-06-02T13:14:56","slug":"sur-de-mexico-se-celebra-labor-de-evangelistas-de-la-pagina-impresa","status":"publish","type":"post","link":"https:\/\/interamerica.org\/es\/2006\/03\/sur-de-mexico-se-celebra-labor-de-evangelistas-de-la-pagina-impresa\/","title":{"rendered":"Sur de M\u00e9xico: Se\u00a0Celebra\u00a0Labor de\u00a0Evangelistas de la P\u00e1gina Impresa"},"content":{"rendered":"<p>Oaxtepec, Morelos, M\u00e9xico\u2026 [Edersein \u00c1lvarez\/DIA]<\/p>\n<p>La Iglesia Adventista del S\u00e9ptimo D\u00eda en el sur de M\u00e9xico reconoci\u00f3 recientemente la obra de sus m\u00e1s destacados evangelistas de la p\u00e1gina impresa. La celebraci\u00f3n reuni\u00f3 200 de los colportores sobresalientes de la regi\u00f3n en el congreso anual en Morelos, M\u00e9xico, del 27 de febrero al 2 de marzo.<\/p>\n<p>El pastor David Javier, presidente de la iglesia en el sur de M\u00e9xico, volvi\u00f3 a asegurar a los asistentes que ellos son esenciales como l\u00edderes en la obra de Dios.<\/p>\n<p>\u201cUstedes son instrumentos que Dios ha escogido para manifestarse al mundo y hacer grandes cosas en el nombre de Jes\u00fas\u201d, dijo el pastor Javier. M\u00e1s adelante comparti\u00f3 con los presentes c\u00f3mo los colportores toman parte activa en el cumplimiento de la misi\u00f3n de la iglesia. \u201cEllos [los colportores] son muy importantes\u2026 Ayudan en campa\u00f1as evangel\u00edsticas, ense\u00f1an cursos b\u00edblicos, toman parte activa en el liderazgo de sus iglesias locales, y ganan almas para Cristo\u201d.<\/p>\n<p>Los colportores presentes en el evento pudieron asistir a varios seminarios acerca de c\u00f3mo vender mejor sus libros, conocer acerca de la nueva literatura disponible, y ser mejores vasijas para compartir el mensaje de esperanza con cada persona que encuentren.<\/p>\n<p>Los 200 colportores destacados que asistieron, quienes representan una cuarta parte\u00a0de los evangelistas de la p\u00e1gina impresa del territorio, fueron reconocidos con una variedad de premios que inclu\u00edan\u00a0efectivo, equipos, colecciones de libros, entre otros. El primer premio fue entregado a cuatro de los m\u00e1s destacados colportores, quienes vendieron la mayor cantidad\u00a0de libros y revistas\u00a0el a\u00f1o pasado. Los cuatro recibir\u00e1n un viaje con todos los gastos pagos y se unir\u00e1n a otros colportores de todo el territorio de la Divisi\u00f3n Interamericana en un viaje especial al Valle de los Valdenses, en Italia, el pr\u00f3ximo mes de mayo.<\/p>\n<p>El pastor Howard Faigao, secretario de publicaciones para la iglesia mundial, invit\u00f3 a los colportores presentes a unirse a los m\u00e1s de 40.000 evangelistas de la p\u00e1gina impresa de alrededor del mundo para ser instrumentos de grandes cosas, y compartir la literatura cristiana para salvar a las almas que perecen en el pecado.<\/p>\n","protected":false},"excerpt":{"rendered":"<p>La Iglesia Adventista del S\u00e9ptimo D\u00eda en el sur de M\u00e9xico reconoci\u00f3 recientemente la obra de sus m\u00e1s destacados evangelistas de la p\u00e1gina impresa.<\/p>\n","protected":false},"author":1,"featured_media":0,"comment_status":"closed","ping_status":"closed","sticky":false,"template":"","format":"standard","meta":{"_acf_changed":false,"footnotes":""},"categories":[8],"tags":[],"class_list":["post-10710","post","type-post","status-publish","format-standard","hentry","category-archivo"],"acf":[],"yoast_head":"<!-- This site is optimized with the Yoast SEO plugin v27.3 - https:\/\/yoast.com\/product\/yoast-seo-wordpress\/ -->\n<title>Sur de M\u00e9xico: Se\u00a0Celebra\u00a0Labor de\u00a0Evangelistas de la P\u00e1gina Impresa - Iglesia Adventista del S\u00e9ptimo D\u00eda - Divisi\u00f3n Interamericana<\/title>\n<meta name=\"robots\" content=\"index, follow, max-snippet:-1, max-image-preview:large, max-video-preview:-1\" \/>\n<link rel=\"canonical\" href=\"https:\/\/interamerica.org\/es\/2006\/03\/sur-de-mexico-se-celebra-labor-de-evangelistas-de-la-pagina-impresa\/\" \/>\n<meta property=\"og:locale\" content=\"es_ES\" \/>\n<meta property=\"og:type\" content=\"article\" \/>\n<meta property=\"og:title\" content=\"Sur de M\u00e9xico: Se\u00a0Celebra\u00a0Labor de\u00a0Evangelistas de la P\u00e1gina Impresa - Iglesia Adventista del S\u00e9ptimo D\u00eda - Divisi\u00f3n Interamericana\" \/>\n<meta property=\"og:description\" content=\"La Iglesia Adventista del S\u00e9ptimo D\u00eda en el sur de M\u00e9xico reconoci\u00f3 recientemente la obra de sus m\u00e1s destacados evangelistas de la p\u00e1gina impresa.\" \/>\n<meta property=\"og:url\" content=\"https:\/\/interamerica.org\/es\/2006\/03\/sur-de-mexico-se-celebra-labor-de-evangelistas-de-la-pagina-impresa\/\" \/>\n<meta property=\"og:site_name\" content=\"Iglesia Adventista del S\u00e9ptimo D\u00eda - Divisi\u00f3n Interamericana\" \/>\n<meta property=\"article:published_time\" content=\"2006-03-21T04:00:00+00:00\" \/>\n<meta property=\"article:modified_time\" content=\"2017-06-02T13:14:56+00:00\" \/>\n<meta name=\"author\" content=\"Lorenzo Verduzco\" \/>\n<meta name=\"twitter:card\" content=\"summary_large_image\" \/>\n<meta name=\"twitter:label1\" content=\"Escrito por\" \/>\n\t<meta name=\"twitter:data1\" content=\"Lorenzo Verduzco\" \/>\n\t<meta name=\"twitter:label2\" content=\"Tiempo de lectura\" \/>\n\t<meta name=\"twitter:data2\" content=\"2 minutos\" \/>\n<script type=\"application\/ld+json\" class=\"yoast-schema-graph\">{\"@context\":\"https:\\\/\\\/schema.org\",\"@graph\":[{\"@type\":\"Article\",\"@id\":\"https:\\\/\\\/interamerica.org\\\/es\\\/2006\\\/03\\\/sur-de-mexico-se-celebra-labor-de-evangelistas-de-la-pagina-impresa\\\/#article\",\"isPartOf\":{\"@id\":\"https:\\\/\\\/interamerica.org\\\/es\\\/2006\\\/03\\\/sur-de-mexico-se-celebra-labor-de-evangelistas-de-la-pagina-impresa\\\/\"},\"author\":{\"name\":\"Lorenzo Verduzco\",\"@id\":\"https:\\\/\\\/interamerica.org\\\/es\\\/#\\\/schema\\\/person\\\/68ede8bdc292885bb76c1e3810e73c39\"},\"headline\":\"Sur de M\u00e9xico: Se\u00a0Celebra\u00a0Labor de\u00a0Evangelistas de la P\u00e1gina Impresa\",\"datePublished\":\"2006-03-21T04:00:00+00:00\",\"dateModified\":\"2017-06-02T13:14:56+00:00\",\"mainEntityOfPage\":{\"@id\":\"https:\\\/\\\/interamerica.org\\\/es\\\/2006\\\/03\\\/sur-de-mexico-se-celebra-labor-de-evangelistas-de-la-pagina-impresa\\\/\"},\"wordCount\":391,\"articleSection\":[\"Archivo\"],\"inLanguage\":\"es\"},{\"@type\":\"WebPage\",\"@id\":\"https:\\\/\\\/interamerica.org\\\/es\\\/2006\\\/03\\\/sur-de-mexico-se-celebra-labor-de-evangelistas-de-la-pagina-impresa\\\/\",\"url\":\"https:\\\/\\\/interamerica.org\\\/es\\\/2006\\\/03\\\/sur-de-mexico-se-celebra-labor-de-evangelistas-de-la-pagina-impresa\\\/\",\"name\":\"Sur de M\u00e9xico: Se\u00a0Celebra\u00a0Labor de\u00a0Evangelistas de la P\u00e1gina Impresa - Iglesia Adventista del S\u00e9ptimo D\u00eda - Divisi\u00f3n Interamericana\",\"isPartOf\":{\"@id\":\"https:\\\/\\\/interamerica.org\\\/es\\\/#website\"},\"datePublished\":\"2006-03-21T04:00:00+00:00\",\"dateModified\":\"2017-06-02T13:14:56+00:00\",\"author\":{\"@id\":\"https:\\\/\\\/interamerica.org\\\/es\\\/#\\\/schema\\\/person\\\/68ede8bdc292885bb76c1e3810e73c39\"},\"breadcrumb\":{\"@id\":\"https:\\\/\\\/interamerica.org\\\/es\\\/2006\\\/03\\\/sur-de-mexico-se-celebra-labor-de-evangelistas-de-la-pagina-impresa\\\/#breadcrumb\"},\"inLanguage\":\"es\",\"potentialAction\":[{\"@type\":\"ReadAction\",\"target\":[\"https:\\\/\\\/interamerica.org\\\/es\\\/2006\\\/03\\\/sur-de-mexico-se-celebra-labor-de-evangelistas-de-la-pagina-impresa\\\/\"]}]},{\"@type\":\"BreadcrumbList\",\"@id\":\"https:\\\/\\\/interamerica.org\\\/es\\\/2006\\\/03\\\/sur-de-mexico-se-celebra-labor-de-evangelistas-de-la-pagina-impresa\\\/#breadcrumb\",\"itemListElement\":[{\"@type\":\"ListItem\",\"position\":1,\"name\":\"Home\",\"item\":\"https:\\\/\\\/interamerica.org\\\/es\\\/\"},{\"@type\":\"ListItem\",\"position\":2,\"name\":\"Sur de M\u00e9xico: Se\u00a0Celebra\u00a0Labor de\u00a0Evangelistas de la P\u00e1gina Impresa\"}]},{\"@type\":\"WebSite\",\"@id\":\"https:\\\/\\\/interamerica.org\\\/es\\\/#website\",\"url\":\"https:\\\/\\\/interamerica.org\\\/es\\\/\",\"name\":\"Iglesia Adventista del S\u00e9ptimo D\u00eda - Divisi\u00f3n Interamericana\",\"description\":\"\",\"potentialAction\":[{\"@type\":\"SearchAction\",\"target\":{\"@type\":\"EntryPoint\",\"urlTemplate\":\"https:\\\/\\\/interamerica.org\\\/es\\\/?s={search_term_string}\"},\"query-input\":{\"@type\":\"PropertyValueSpecification\",\"valueRequired\":true,\"valueName\":\"search_term_string\"}}],\"inLanguage\":\"es\"},{\"@type\":\"Person\",\"@id\":\"https:\\\/\\\/interamerica.org\\\/es\\\/#\\\/schema\\\/person\\\/68ede8bdc292885bb76c1e3810e73c39\",\"name\":\"Lorenzo Verduzco\",\"image\":{\"@type\":\"ImageObject\",\"inLanguage\":\"es\",\"@id\":\"https:\\\/\\\/secure.gravatar.com\\\/avatar\\\/fb81a55b6218459490a9c1dc841a34909185b81904c5337b4b27f7a6fd60c49e?s=96&d=mm&r=g\",\"url\":\"https:\\\/\\\/secure.gravatar.com\\\/avatar\\\/fb81a55b6218459490a9c1dc841a34909185b81904c5337b4b27f7a6fd60c49e?s=96&d=mm&r=g\",\"contentUrl\":\"https:\\\/\\\/secure.gravatar.com\\\/avatar\\\/fb81a55b6218459490a9c1dc841a34909185b81904c5337b4b27f7a6fd60c49e?s=96&d=mm&r=g\",\"caption\":\"Lorenzo Verduzco\"}}]}<\/script>\n<!-- \/ Yoast SEO plugin. -->","yoast_head_json":{"title":"Sur de M\u00e9xico: Se\u00a0Celebra\u00a0Labor de\u00a0Evangelistas de la P\u00e1gina Impresa - Iglesia Adventista del S\u00e9ptimo D\u00eda - Divisi\u00f3n Interamericana","robots":{"index":"index","follow":"follow","max-snippet":"max-snippet:-1","max-image-preview":"max-image-preview:large","max-video-preview":"max-video-preview:-1"},"canonical":"https:\/\/interamerica.org\/es\/2006\/03\/sur-de-mexico-se-celebra-labor-de-evangelistas-de-la-pagina-impresa\/","og_locale":"es_ES","og_type":"article","og_title":"Sur de M\u00e9xico: Se\u00a0Celebra\u00a0Labor de\u00a0Evangelistas de la P\u00e1gina Impresa - Iglesia Adventista del S\u00e9ptimo D\u00eda - Divisi\u00f3n Interamericana","og_description":"La Iglesia Adventista del S\u00e9ptimo D\u00eda en el sur de M\u00e9xico reconoci\u00f3 recientemente la obra de sus m\u00e1s destacados evangelistas de la p\u00e1gina impresa.","og_url":"https:\/\/interamerica.org\/es\/2006\/03\/sur-de-mexico-se-celebra-labor-de-evangelistas-de-la-pagina-impresa\/","og_site_name":"Iglesia Adventista del S\u00e9ptimo D\u00eda - Divisi\u00f3n Interamericana","article_published_time":"2006-03-21T04:00:00+00:00","article_modified_time":"2017-06-02T13:14:56+00:00","author":"Lorenzo Verduzco","twitter_card":"summary_large_image","twitter_misc":{"Escrito por":"Lorenzo Verduzco","Tiempo de lectura":"2 minutos"},"schema":{"@context":"https:\/\/schema.org","@graph":[{"@type":"Article","@id":"https:\/\/interamerica.org\/es\/2006\/03\/sur-de-mexico-se-celebra-labor-de-evangelistas-de-la-pagina-impresa\/#article","isPartOf":{"@id":"https:\/\/interamerica.org\/es\/2006\/03\/sur-de-mexico-se-celebra-labor-de-evangelistas-de-la-pagina-impresa\/"},"author":{"name":"Lorenzo Verduzco","@id":"https:\/\/interamerica.org\/es\/#\/schema\/person\/68ede8bdc292885bb76c1e3810e73c39"},"headline":"Sur de M\u00e9xico: Se\u00a0Celebra\u00a0Labor de\u00a0Evangelistas de la P\u00e1gina Impresa","datePublished":"2006-03-21T04:00:00+00:00","dateModified":"2017-06-02T13:14:56+00:00","mainEntityOfPage":{"@id":"https:\/\/interamerica.org\/es\/2006\/03\/sur-de-mexico-se-celebra-labor-de-evangelistas-de-la-pagina-impresa\/"},"wordCount":391,"articleSection":["Archivo"],"inLanguage":"es"},{"@type":"WebPage","@id":"https:\/\/interamerica.org\/es\/2006\/03\/sur-de-mexico-se-celebra-labor-de-evangelistas-de-la-pagina-impresa\/","url":"https:\/\/interamerica.org\/es\/2006\/03\/sur-de-mexico-se-celebra-labor-de-evangelistas-de-la-pagina-impresa\/","name":"Sur de M\u00e9xico: Se\u00a0Celebra\u00a0Labor de\u00a0Evangelistas de la P\u00e1gina Impresa - Iglesia Adventista del S\u00e9ptimo D\u00eda - Divisi\u00f3n Interamericana","isPartOf":{"@id":"https:\/\/interamerica.org\/es\/#website"},"datePublished":"2006-03-21T04:00:00+00:00","dateModified":"2017-06-02T13:14:56+00:00","author":{"@id":"https:\/\/interamerica.org\/es\/#\/schema\/person\/68ede8bdc292885bb76c1e3810e73c39"},"breadcrumb":{"@id":"https:\/\/interamerica.org\/es\/2006\/03\/sur-de-mexico-se-celebra-labor-de-evangelistas-de-la-pagina-impresa\/#breadcrumb"},"inLanguage":"es","potentialAction":[{"@type":"ReadAction","target":["https:\/\/interamerica.org\/es\/2006\/03\/sur-de-mexico-se-celebra-labor-de-evangelistas-de-la-pagina-impresa\/"]}]},{"@type":"BreadcrumbList","@id":"https:\/\/interamerica.org\/es\/2006\/03\/sur-de-mexico-se-celebra-labor-de-evangelistas-de-la-pagina-impresa\/#breadcrumb","itemListElement":[{"@type":"ListItem","position":1,"name":"Home","item":"https:\/\/interamerica.org\/es\/"},{"@type":"ListItem","position":2,"name":"Sur de M\u00e9xico: Se\u00a0Celebra\u00a0Labor de\u00a0Evangelistas de la P\u00e1gina Impresa"}]},{"@type":"WebSite","@id":"https:\/\/interamerica.org\/es\/#website","url":"https:\/\/interamerica.org\/es\/","name":"Iglesia Adventista del S\u00e9ptimo D\u00eda - Divisi\u00f3n Interamericana","description":"","potentialAction":[{"@type":"SearchAction","target":{"@type":"EntryPoint","urlTemplate":"https:\/\/interamerica.org\/es\/?s={search_term_string}"},"query-input":{"@type":"PropertyValueSpecification","valueRequired":true,"valueName":"search_term_string"}}],"inLanguage":"es"},{"@type":"Person","@id":"https:\/\/interamerica.org\/es\/#\/schema\/person\/68ede8bdc292885bb76c1e3810e73c39","name":"Lorenzo Verduzco","image":{"@type":"ImageObject","inLanguage":"es","@id":"https:\/\/secure.gravatar.com\/avatar\/fb81a55b6218459490a9c1dc841a34909185b81904c5337b4b27f7a6fd60c49e?s=96&d=mm&r=g","url":"https:\/\/secure.gravatar.com\/avatar\/fb81a55b6218459490a9c1dc841a34909185b81904c5337b4b27f7a6fd60c49e?s=96&d=mm&r=g","contentUrl":"https:\/\/secure.gravatar.com\/avatar\/fb81a55b6218459490a9c1dc841a34909185b81904c5337b4b27f7a6fd60c49e?s=96&d=mm&r=g","caption":"Lorenzo Verduzco"}}]}},"_links":{"self":[{"href":"https:\/\/interamerica.org\/es\/wp-json\/wp\/v2\/posts\/10710","targetHints":{"allow":["GET"]}}],"collection":[{"href":"https:\/\/interamerica.org\/es\/wp-json\/wp\/v2\/posts"}],"about":[{"href":"https:\/\/interamerica.org\/es\/wp-json\/wp\/v2\/types\/post"}],"author":[{"embeddable":true,"href":"https:\/\/interamerica.org\/es\/wp-json\/wp\/v2\/users\/1"}],"replies":[{"embeddable":true,"href":"https:\/\/interamerica.org\/es\/wp-json\/wp\/v2\/comments?post=10710"}],"version-history":[{"count":0,"href":"https:\/\/interamerica.org\/es\/wp-json\/wp\/v2\/posts\/10710\/revisions"}],"wp:attachment":[{"href":"https:\/\/interamerica.org\/es\/wp-json\/wp\/v2\/media?parent=10710"}],"wp:term":[{"taxonomy":"category","embeddable":true,"href":"https:\/\/interamerica.org\/es\/wp-json\/wp\/v2\/categories?post=10710"},{"taxonomy":"post_tag","embeddable":true,"href":"https:\/\/interamerica.org\/es\/wp-json\/wp\/v2\/tags?post=10710"}],"curies":[{"name":"wp","href":"https:\/\/api.w.org\/{rel}","templated":true}]}}