{"id":10713,"date":"2006-04-06T00:00:00","date_gmt":"2006-04-06T04:00:00","guid":{"rendered":"http:\/\/192.81.217.108\/interamerica\/2006\/04\/mexico-compania-de-alimentos-abre-un-centro-de-investigacion\/"},"modified":"2017-06-02T09:14:50","modified_gmt":"2017-06-02T13:14:50","slug":"mexico-compania-de-alimentos-abre-un-centro-de-investigacion","status":"publish","type":"post","link":"https:\/\/interamerica.org\/es\/2006\/04\/mexico-compania-de-alimentos-abre-un-centro-de-investigacion\/","title":{"rendered":"Mexico: Compania de Alimentos Abre un Centro de Investigacion"},"content":{"rendered":"<p>Montemorelos, M\u00e9xico&#8230; [Comunican\/IAHFCO\/IAD]Cerca de un mes despu\u00e9s que un laboratorio de investigaci\u00f3n sobre alimentos saludables, fue inaugurado en el recinto de la Universidad de Montemorelos, M\u00e9xico; estudiantes de nutrici\u00f3n estuvieron ensayando con nuevos productos para entrar a una conferencia nacional en M\u00e9xico.  Algunos estudiantes trabajaron en un pastel especial que contiene ingredientes naturales para ayudar a las personas que sufren de constipaci\u00f3n. Otros trabajaron en un queso alternativo de sustituci\u00f3n que provee los nutrientes necesarios y que beneficiar\u00e1n a pacientes que sufren de diabetes y de enfermedades del coraz\u00f3n el cual pueden comer sin problemas. Otros estudiantes prepararon presentaciones sobre formas de c\u00f3mo ense\u00f1ar mejor sobre la mejor nutrici\u00f3n a la poblaci\u00f3n. Esta actividad cumple con uno de los objetivos acad\u00e9micos de este semestre, siendo que los j\u00f3venes tienen que desarrollar proyectos, proveer presentaciones, inventar recetas y dise\u00f1ar una estrategia de ense\u00f1anza para el p\u00fablico en general en el transcurso del semestre, dijo Estela Nanguse, profesor de ciencias de la salud en la universidad. \u00abEsto constituye una excelente oportunidad para nuestros estudiantes, porque tienen todas las herramientas para su desarrollo\u201d, a\u00f1adi\u00f3 Nanguse. El centro de investigaci\u00f3n que fue inaugurado el 8 de febrero fue construido con los esfuerzos coordinados de la Compa\u00f1\u00eda de Alimentos Saludables de la Divisi\u00f3n Interamericana y la Universidad de Montemorelos para proveer nueva investigaci\u00f3n sobre alimentos saludables para beneficiar su conjunto de compa\u00f1\u00edas de alimentos, estudiantes y al cuerpo de la universidad, dice Joel Zukovski, gerente general de IAGFCO. Dice Zukovski que el nuevo centro de investigaci\u00f3n tiene mayor amplitud que las otras f\u00e1bricas que se ocupan exclusivamente del trabajo de la industria. \u201cEste centro est\u00e1 orientado a la educaci\u00f3n\u201d. \u201cLa Universidad de Montemorelos juega un papel importante debido a que ofrece diversas carreras en el campo de las ciencias de la salud, tiene el personal para el desarrollo de las industrias. Respecto a la Compa\u00f1\u00eda de Alimentos Saludables de la Divisi\u00f3n Interamericana, tenemos compa\u00f1\u00edas de alimentos en varios pa\u00edses y escogimos M\u00e9xico para que llegue a ser parte de este grupo\u201d, agreg\u00f3 Zukovski. El centro tiene dos oficinas y cuatro cuartos para el laboratorio de investigaci\u00f3n, un laboratorio para tecnolog\u00eda de los alimentos, uno para cocinar comida vegetariana, uno para microbiolog\u00eda de alimentos y uno para an\u00e1lisis de alimentos. El centro lleva el nombre del misionero Paul Allred, un visionario en la producci\u00f3n de alimentos saludables y pionero en la fabricaci\u00f3n de productos a base de fr\u00edjol soya en el norte de M\u00e9xico y en el territorio de la Divisi\u00f3n. La Compa\u00f1\u00eda de Alimentos Saludables de \u00cdnter Am\u00e9rica produce, vende y distribuye alimentos saludables a trav\u00e9s de sus 18 sucursales y almacenes ubicados en el Caribe, Am\u00e9rica Central, M\u00e9xico y Am\u00e9rica del Sur, dentro del territorio de la Divisi\u00f3n Interamericana. Su principal producto es prote\u00edna de fr\u00edjol soya texturizada la cual se vende al p\u00fablico y a negocios. Los productos de IAHFC son preparados por estudiantes dedicados y genera recursos financieros para apoyar actividades de diversos programas de la iglesia adventista del s\u00e9ptimo d\u00eda.<\/p>\n","protected":false},"excerpt":{"rendered":"<p>Cerca de un mes despu\u00e9s que un laboratorio de investigacion sobre alimentos saludables fue inaugurado en el recinto de la Universidad de Montemorelos, M\u00e9xico; estudiantes de nutrici\u00f3n estuvieron ensayando con nuevos productos para entrar a una conferencia<\/p>\n","protected":false},"author":1,"featured_media":0,"comment_status":"closed","ping_status":"closed","sticky":false,"template":"","format":"standard","meta":{"_acf_changed":false,"footnotes":""},"categories":[8],"tags":[],"class_list":["post-10713","post","type-post","status-publish","format-standard","hentry","category-archivo"],"acf":[],"yoast_head":"<!-- This site is optimized with the Yoast SEO plugin v27.3 - https:\/\/yoast.com\/product\/yoast-seo-wordpress\/ -->\n<title>Mexico: Compania de Alimentos Abre un Centro de Investigacion - Iglesia Adventista del S\u00e9ptimo D\u00eda - Divisi\u00f3n Interamericana<\/title>\n<meta name=\"robots\" content=\"index, follow, max-snippet:-1, max-image-preview:large, max-video-preview:-1\" \/>\n<link rel=\"canonical\" href=\"https:\/\/interamerica.org\/es\/2006\/04\/mexico-compania-de-alimentos-abre-un-centro-de-investigacion\/\" \/>\n<meta property=\"og:locale\" content=\"es_ES\" \/>\n<meta property=\"og:type\" content=\"article\" \/>\n<meta property=\"og:title\" content=\"Mexico: Compania de Alimentos Abre un Centro de Investigacion - Iglesia Adventista del S\u00e9ptimo D\u00eda - Divisi\u00f3n Interamericana\" \/>\n<meta property=\"og:description\" content=\"Cerca de un mes despu\u00e9s que un laboratorio de investigacion sobre alimentos saludables fue inaugurado en el recinto de la Universidad de Montemorelos, M\u00e9xico; estudiantes de nutrici\u00f3n estuvieron ensayando con nuevos productos para entrar a una conferencia\" \/>\n<meta property=\"og:url\" content=\"https:\/\/interamerica.org\/es\/2006\/04\/mexico-compania-de-alimentos-abre-un-centro-de-investigacion\/\" \/>\n<meta property=\"og:site_name\" content=\"Iglesia Adventista del S\u00e9ptimo D\u00eda - Divisi\u00f3n Interamericana\" \/>\n<meta property=\"article:published_time\" content=\"2006-04-06T04:00:00+00:00\" \/>\n<meta property=\"article:modified_time\" content=\"2017-06-02T13:14:50+00:00\" \/>\n<meta name=\"author\" content=\"Lorenzo Verduzco\" \/>\n<meta name=\"twitter:card\" content=\"summary_large_image\" \/>\n<meta name=\"twitter:label1\" content=\"Escrito por\" \/>\n\t<meta name=\"twitter:data1\" content=\"Lorenzo Verduzco\" \/>\n\t<meta name=\"twitter:label2\" content=\"Tiempo de lectura\" \/>\n\t<meta name=\"twitter:data2\" content=\"3 minutos\" \/>\n<script type=\"application\/ld+json\" class=\"yoast-schema-graph\">{\"@context\":\"https:\\\/\\\/schema.org\",\"@graph\":[{\"@type\":\"Article\",\"@id\":\"https:\\\/\\\/interamerica.org\\\/es\\\/2006\\\/04\\\/mexico-compania-de-alimentos-abre-un-centro-de-investigacion\\\/#article\",\"isPartOf\":{\"@id\":\"https:\\\/\\\/interamerica.org\\\/es\\\/2006\\\/04\\\/mexico-compania-de-alimentos-abre-un-centro-de-investigacion\\\/\"},\"author\":{\"name\":\"Lorenzo Verduzco\",\"@id\":\"https:\\\/\\\/interamerica.org\\\/es\\\/#\\\/schema\\\/person\\\/68ede8bdc292885bb76c1e3810e73c39\"},\"headline\":\"Mexico: Compania de Alimentos Abre un Centro de Investigacion\",\"datePublished\":\"2006-04-06T04:00:00+00:00\",\"dateModified\":\"2017-06-02T13:14:50+00:00\",\"mainEntityOfPage\":{\"@id\":\"https:\\\/\\\/interamerica.org\\\/es\\\/2006\\\/04\\\/mexico-compania-de-alimentos-abre-un-centro-de-investigacion\\\/\"},\"wordCount\":563,\"articleSection\":[\"Archivo\"],\"inLanguage\":\"es\"},{\"@type\":\"WebPage\",\"@id\":\"https:\\\/\\\/interamerica.org\\\/es\\\/2006\\\/04\\\/mexico-compania-de-alimentos-abre-un-centro-de-investigacion\\\/\",\"url\":\"https:\\\/\\\/interamerica.org\\\/es\\\/2006\\\/04\\\/mexico-compania-de-alimentos-abre-un-centro-de-investigacion\\\/\",\"name\":\"Mexico: Compania de Alimentos Abre un Centro de Investigacion - Iglesia Adventista del S\u00e9ptimo D\u00eda - Divisi\u00f3n Interamericana\",\"isPartOf\":{\"@id\":\"https:\\\/\\\/interamerica.org\\\/es\\\/#website\"},\"datePublished\":\"2006-04-06T04:00:00+00:00\",\"dateModified\":\"2017-06-02T13:14:50+00:00\",\"author\":{\"@id\":\"https:\\\/\\\/interamerica.org\\\/es\\\/#\\\/schema\\\/person\\\/68ede8bdc292885bb76c1e3810e73c39\"},\"breadcrumb\":{\"@id\":\"https:\\\/\\\/interamerica.org\\\/es\\\/2006\\\/04\\\/mexico-compania-de-alimentos-abre-un-centro-de-investigacion\\\/#breadcrumb\"},\"inLanguage\":\"es\",\"potentialAction\":[{\"@type\":\"ReadAction\",\"target\":[\"https:\\\/\\\/interamerica.org\\\/es\\\/2006\\\/04\\\/mexico-compania-de-alimentos-abre-un-centro-de-investigacion\\\/\"]}]},{\"@type\":\"BreadcrumbList\",\"@id\":\"https:\\\/\\\/interamerica.org\\\/es\\\/2006\\\/04\\\/mexico-compania-de-alimentos-abre-un-centro-de-investigacion\\\/#breadcrumb\",\"itemListElement\":[{\"@type\":\"ListItem\",\"position\":1,\"name\":\"Home\",\"item\":\"https:\\\/\\\/interamerica.org\\\/es\\\/\"},{\"@type\":\"ListItem\",\"position\":2,\"name\":\"Mexico: Compania de Alimentos Abre un Centro de Investigacion\"}]},{\"@type\":\"WebSite\",\"@id\":\"https:\\\/\\\/interamerica.org\\\/es\\\/#website\",\"url\":\"https:\\\/\\\/interamerica.org\\\/es\\\/\",\"name\":\"Iglesia Adventista del S\u00e9ptimo D\u00eda - Divisi\u00f3n Interamericana\",\"description\":\"\",\"potentialAction\":[{\"@type\":\"SearchAction\",\"target\":{\"@type\":\"EntryPoint\",\"urlTemplate\":\"https:\\\/\\\/interamerica.org\\\/es\\\/?s={search_term_string}\"},\"query-input\":{\"@type\":\"PropertyValueSpecification\",\"valueRequired\":true,\"valueName\":\"search_term_string\"}}],\"inLanguage\":\"es\"},{\"@type\":\"Person\",\"@id\":\"https:\\\/\\\/interamerica.org\\\/es\\\/#\\\/schema\\\/person\\\/68ede8bdc292885bb76c1e3810e73c39\",\"name\":\"Lorenzo Verduzco\",\"image\":{\"@type\":\"ImageObject\",\"inLanguage\":\"es\",\"@id\":\"https:\\\/\\\/secure.gravatar.com\\\/avatar\\\/fb81a55b6218459490a9c1dc841a34909185b81904c5337b4b27f7a6fd60c49e?s=96&d=mm&r=g\",\"url\":\"https:\\\/\\\/secure.gravatar.com\\\/avatar\\\/fb81a55b6218459490a9c1dc841a34909185b81904c5337b4b27f7a6fd60c49e?s=96&d=mm&r=g\",\"contentUrl\":\"https:\\\/\\\/secure.gravatar.com\\\/avatar\\\/fb81a55b6218459490a9c1dc841a34909185b81904c5337b4b27f7a6fd60c49e?s=96&d=mm&r=g\",\"caption\":\"Lorenzo Verduzco\"}}]}<\/script>\n<!-- \/ Yoast SEO plugin. -->","yoast_head_json":{"title":"Mexico: Compania de Alimentos Abre un Centro de Investigacion - Iglesia Adventista del S\u00e9ptimo D\u00eda - Divisi\u00f3n Interamericana","robots":{"index":"index","follow":"follow","max-snippet":"max-snippet:-1","max-image-preview":"max-image-preview:large","max-video-preview":"max-video-preview:-1"},"canonical":"https:\/\/interamerica.org\/es\/2006\/04\/mexico-compania-de-alimentos-abre-un-centro-de-investigacion\/","og_locale":"es_ES","og_type":"article","og_title":"Mexico: Compania de Alimentos Abre un Centro de Investigacion - Iglesia Adventista del S\u00e9ptimo D\u00eda - Divisi\u00f3n Interamericana","og_description":"Cerca de un mes despu\u00e9s que un laboratorio de investigacion sobre alimentos saludables fue inaugurado en el recinto de la Universidad de Montemorelos, M\u00e9xico; estudiantes de nutrici\u00f3n estuvieron ensayando con nuevos productos para entrar a una conferencia","og_url":"https:\/\/interamerica.org\/es\/2006\/04\/mexico-compania-de-alimentos-abre-un-centro-de-investigacion\/","og_site_name":"Iglesia Adventista del S\u00e9ptimo D\u00eda - Divisi\u00f3n Interamericana","article_published_time":"2006-04-06T04:00:00+00:00","article_modified_time":"2017-06-02T13:14:50+00:00","author":"Lorenzo Verduzco","twitter_card":"summary_large_image","twitter_misc":{"Escrito por":"Lorenzo Verduzco","Tiempo de lectura":"3 minutos"},"schema":{"@context":"https:\/\/schema.org","@graph":[{"@type":"Article","@id":"https:\/\/interamerica.org\/es\/2006\/04\/mexico-compania-de-alimentos-abre-un-centro-de-investigacion\/#article","isPartOf":{"@id":"https:\/\/interamerica.org\/es\/2006\/04\/mexico-compania-de-alimentos-abre-un-centro-de-investigacion\/"},"author":{"name":"Lorenzo Verduzco","@id":"https:\/\/interamerica.org\/es\/#\/schema\/person\/68ede8bdc292885bb76c1e3810e73c39"},"headline":"Mexico: Compania de Alimentos Abre un Centro de Investigacion","datePublished":"2006-04-06T04:00:00+00:00","dateModified":"2017-06-02T13:14:50+00:00","mainEntityOfPage":{"@id":"https:\/\/interamerica.org\/es\/2006\/04\/mexico-compania-de-alimentos-abre-un-centro-de-investigacion\/"},"wordCount":563,"articleSection":["Archivo"],"inLanguage":"es"},{"@type":"WebPage","@id":"https:\/\/interamerica.org\/es\/2006\/04\/mexico-compania-de-alimentos-abre-un-centro-de-investigacion\/","url":"https:\/\/interamerica.org\/es\/2006\/04\/mexico-compania-de-alimentos-abre-un-centro-de-investigacion\/","name":"Mexico: Compania de Alimentos Abre un Centro de Investigacion - Iglesia Adventista del S\u00e9ptimo D\u00eda - Divisi\u00f3n Interamericana","isPartOf":{"@id":"https:\/\/interamerica.org\/es\/#website"},"datePublished":"2006-04-06T04:00:00+00:00","dateModified":"2017-06-02T13:14:50+00:00","author":{"@id":"https:\/\/interamerica.org\/es\/#\/schema\/person\/68ede8bdc292885bb76c1e3810e73c39"},"breadcrumb":{"@id":"https:\/\/interamerica.org\/es\/2006\/04\/mexico-compania-de-alimentos-abre-un-centro-de-investigacion\/#breadcrumb"},"inLanguage":"es","potentialAction":[{"@type":"ReadAction","target":["https:\/\/interamerica.org\/es\/2006\/04\/mexico-compania-de-alimentos-abre-un-centro-de-investigacion\/"]}]},{"@type":"BreadcrumbList","@id":"https:\/\/interamerica.org\/es\/2006\/04\/mexico-compania-de-alimentos-abre-un-centro-de-investigacion\/#breadcrumb","itemListElement":[{"@type":"ListItem","position":1,"name":"Home","item":"https:\/\/interamerica.org\/es\/"},{"@type":"ListItem","position":2,"name":"Mexico: Compania de Alimentos Abre un Centro de Investigacion"}]},{"@type":"WebSite","@id":"https:\/\/interamerica.org\/es\/#website","url":"https:\/\/interamerica.org\/es\/","name":"Iglesia Adventista del S\u00e9ptimo D\u00eda - Divisi\u00f3n Interamericana","description":"","potentialAction":[{"@type":"SearchAction","target":{"@type":"EntryPoint","urlTemplate":"https:\/\/interamerica.org\/es\/?s={search_term_string}"},"query-input":{"@type":"PropertyValueSpecification","valueRequired":true,"valueName":"search_term_string"}}],"inLanguage":"es"},{"@type":"Person","@id":"https:\/\/interamerica.org\/es\/#\/schema\/person\/68ede8bdc292885bb76c1e3810e73c39","name":"Lorenzo Verduzco","image":{"@type":"ImageObject","inLanguage":"es","@id":"https:\/\/secure.gravatar.com\/avatar\/fb81a55b6218459490a9c1dc841a34909185b81904c5337b4b27f7a6fd60c49e?s=96&d=mm&r=g","url":"https:\/\/secure.gravatar.com\/avatar\/fb81a55b6218459490a9c1dc841a34909185b81904c5337b4b27f7a6fd60c49e?s=96&d=mm&r=g","contentUrl":"https:\/\/secure.gravatar.com\/avatar\/fb81a55b6218459490a9c1dc841a34909185b81904c5337b4b27f7a6fd60c49e?s=96&d=mm&r=g","caption":"Lorenzo Verduzco"}}]}},"_links":{"self":[{"href":"https:\/\/interamerica.org\/es\/wp-json\/wp\/v2\/posts\/10713","targetHints":{"allow":["GET"]}}],"collection":[{"href":"https:\/\/interamerica.org\/es\/wp-json\/wp\/v2\/posts"}],"about":[{"href":"https:\/\/interamerica.org\/es\/wp-json\/wp\/v2\/types\/post"}],"author":[{"embeddable":true,"href":"https:\/\/interamerica.org\/es\/wp-json\/wp\/v2\/users\/1"}],"replies":[{"embeddable":true,"href":"https:\/\/interamerica.org\/es\/wp-json\/wp\/v2\/comments?post=10713"}],"version-history":[{"count":0,"href":"https:\/\/interamerica.org\/es\/wp-json\/wp\/v2\/posts\/10713\/revisions"}],"wp:attachment":[{"href":"https:\/\/interamerica.org\/es\/wp-json\/wp\/v2\/media?parent=10713"}],"wp:term":[{"taxonomy":"category","embeddable":true,"href":"https:\/\/interamerica.org\/es\/wp-json\/wp\/v2\/categories?post=10713"},{"taxonomy":"post_tag","embeddable":true,"href":"https:\/\/interamerica.org\/es\/wp-json\/wp\/v2\/tags?post=10713"}],"curies":[{"name":"wp","href":"https:\/\/api.w.org\/{rel}","templated":true}]}}