{"id":10715,"date":"2006-04-11T00:00:00","date_gmt":"2006-04-11T04:00:00","guid":{"rendered":"http:\/\/192.81.217.108\/interamerica\/2006\/04\/informe-especial-de-ann-los-eruditos-adventistas-no-creen-que-el-evangelio-de-judas-sea-autentico\/"},"modified":"2017-06-02T09:14:49","modified_gmt":"2017-06-02T13:14:49","slug":"informe-especial-de-ann-los-eruditos-adventistas-no-creen-que-el-evangelio-de-judas-sea-autentico","status":"publish","type":"post","link":"https:\/\/interamerica.org\/es\/2006\/04\/informe-especial-de-ann-los-eruditos-adventistas-no-creen-que-el-evangelio-de-judas-sea-autentico\/","title":{"rendered":"Informe especial de ANN: Los eruditos adventistas no creen que el &#8216;Evangelio de Judas&#8217; sea aut\u00e9ntico"},"content":{"rendered":"<p>April 11, 2006 Silver Spring, Maryland, Estados Unidos &#8230;. [Mark A. Kellner\/ANN]El descubrimiento de una copia de 1.700 a\u00f1os de antig\u00fcedad del \u00abEvangelio de Judas\u00bb, un texto gn\u00f3stico primitivo que contiene aparentemente un di\u00e1logo entre Jes\u00fas de Nazaret y Judas Iscariote, no es un evangelio aut\u00e9ntico ni significa buenas nuevas, dicen los eruditos adventistas. \u00abEn esa \u00e9poca era herej\u00eda y ahora tambi\u00e9n lo es\u00bb, fue la evaluaci\u00f3n categ\u00f3rica del Dr. Gerhard Pfandl, uno de los directores asociados del Instituto de Investigaciones B\u00edblicas que tiene a la Arqueolog\u00eda del Cercano Oriente como una de sus \u00e1reas de inter\u00e9s. Seg\u00fan una organizaci\u00f3n privada de los Estados Unidos, la National Geographic Society, el nuevo codex o manuscrito hallado del Evangelio de Judas representa un avance en las investigaciones del cristianismo primitivo. \u00abEl Evangelio de Judas brinda una visi\u00f3n diferente de la relaci\u00f3n entre Jes\u00fas y Judas, ofreciendo nuevas perspectivas del disc\u00edpulo que traicion\u00f3 a Jes\u00fas. A diferencia de los relatos de Mateo, Marcos, Lucas y Juan del Nuevo Testamento, en los que Judas es presentado como un traidor vilipendiado, este evangelio muestra a Judas como alguien que act\u00faa por pedido de Jes\u00fas para entregarlo a las autoridades\u00bb, dijo el organismo en un informe de prensa donde anuncia el proyecto, que es tema de tapa del n\u00famero de mayo de 2006 de la revista \u00abNational Geographic\u00bb. Seg\u00fan este organismo, el enfoque del libro es radicalmente diferente del de los evangelios en el Nuevo Testamento: \u00abEl texto del Evangelio de Judas comienza: &#8216;El relato secreto de la revelaci\u00f3n que habl\u00f3 Jes\u00fas con Judas Iscariote durante una semana, tres d\u00edas antes de celebrar la Pascua&#8217;. Refleja temas que los investigadores consideran est\u00e1n de acuerdo con la tradici\u00f3n gn\u00f3stica. En la primera escena Jes\u00fas se r\u00ede de sus disc\u00edpulos porque orar a &#8216;vuestro Dios&#8217;, es decir, al Dios &#8216;menor&#8217; del Antiguo Testamento que cre\u00f3 el mundo. Jes\u00fas desaf\u00eda a los disc\u00edpulos a que lo miren y comprendan qui\u00e9n es realmente, pero ellos le dan la espalda. \u00abEl pasaje clave se produce cuando Jes\u00fas le dice a Judas, &#8216;&#8230; t\u00fa superar\u00e1s a todos ellos. Porque t\u00fa sacrificar\u00e1s al hombre en m\u00ed&#8217;. Al ayudar a Jes\u00fas a liberarse de su carne f\u00edsica, Judas lo ayudar\u00e1 a liberar el verdadero yo espiritual o divino dentro de \u00e9l\u00bb, expresa la declaraci\u00f3n de la National Geographic. Un pensamiento tal puede sonar interesante &#8211;dice el Dr. W. Larry Richards, director del Centro de Investigaciones de Manuscritos Griegos en el Seminario Teol\u00f3gico Adventista de la Andrews University&#8211; pero no constituye el Evangelio. En un di\u00e1logo telef\u00f3nico desde su oficina en Berrien Springs, Michigan, Richards dijo que la filosof\u00eda subyacente de los gn\u00f3sticos, de que el cuerpo f\u00edsico es \u00abmalo\u00bb y de que debe ser destruido para que el hombre sea salvo, constituye \u00abun ataque muy fuerte al coraz\u00f3n de nuestro mensaje\u00bb, que enfatiza la salud espiritual, mental y f\u00edsica, dijo. \u00abMe gustar\u00eda hacer algo para informar a las personas acerca de los postulados b\u00e1sicos del gnosticismo y de c\u00f3mo est\u00e1 reapareciendo en el siglo XXI, para que la gente est\u00e9 en guardia\u00bb, dijo Richards al analizar el manuscrito de \u00abJudas\u00bb. Richards dijo que otras obras populares, tales como la novela \u00abEl c\u00f3digo Da Vinci\u00bb, que vendi\u00f3 40 millones de copias y que ser\u00e1 estrenado en formato de filme, tambi\u00e9n contienen ideas gn\u00f3sticas. Asimismo, este investigador dijo que la Iglesia cristiana ha decidido ya hace mucho tiempo que libros tales como \u00abEl Evangelio de Judas\u00bb no formaran parte del canon del Nuevo Testamento. \u00abTenemos una historia, una tradici\u00f3n de que el canon fue cerrado en el siglo IV y, como parte del movimiento cristiano, seguiremos afirmando eso. Nos apoyamos en siglos de registros y creemos que Dios tuvo su mano en el asunto; el abrir la puerta a otros libros producir\u00eda el caos\u00bb, explic\u00f3. Asimismo, dijo Richards, los cristianos deber\u00edan rechazar el pensamiento gn\u00f3stico porque trastorna el camino de la salvaci\u00f3n. El gnosticismo, con su concepto del esfuerzo humano para alcanzar lo que denomina la esencia espiritual del hombre, traslada la salvaci\u00f3n de don divino al esfuerzo humano. \u00abEl cristianismo es la \u00fanica religi\u00f3n mundial donde la salvaci\u00f3n est\u00e1 fuera de nosotros mismos\u00bb, dijo Richards. Seg\u00fan el Dr. Greg King, profesor de religi\u00f3n de la Southern Adventist University en Collegedale, Tennessee, los cristianos que creen en la Biblia deber\u00edan interesarse en el manuscrito de \u00abJudas\u00bb, aunque no por las razones aducidas por sus promotores. \u00abMuestra el cumplimiento del vers\u00edculo b\u00edblico donde Pablo les advierte a los ancianos de \u00c9feso dici\u00e9ndoles: \u00abPorque yo s\u00e9 que despu\u00e9s de mi partida entrar\u00e1n en medio de vosotros lobos rapaces, que no perdonar\u00e1n al reba\u00f1o. Y de vosotros mismos se levantar\u00e1n hombres que hablen cosas perversas para arrastrar s\u00ed a los disc\u00edpulos\u00bb, dijo King, citando Hechos 20:29-30. \u00abUn segundo punto digno de destacar es que deber\u00edamos estar interesados en esto porque demuestra las herej\u00edas, las ense\u00f1anzas falsas que ya se hab\u00edan multiplicado en ese tiempo\u00bb, a\u00f1adi\u00f3. \u00abMe parece ir\u00f3nico que la l\u00ednea de investigadores m\u00e1s reconocidos est\u00e9 tan atra\u00eddo por este descubrimiento cuando hay tantas verdades por descubrir en la revelaci\u00f3n can\u00f3nica de Dios en las Escrituras, que a menudo son ignoradas\u00bb. El Dr. Warren Trenchard, rector de La Sierra University, una instituci\u00f3n adventista de Riverside, California, a\u00f1ade: \u00abCreo que el valor de un documento como este es simplemente ayudarnos a aumentar nuestra visi\u00f3n respecto de las variedades de cristianismo que exist\u00edan en la temprana experiencia de la iglesia. Lo que en realidad estamos viendo es una caracter\u00edstica de un cristianismo en desarrollo y expansi\u00f3n\u00bb.Todos los derechos reservados (c) 2006 Adventist News Network.<\/p>\n","protected":false},"excerpt":{"rendered":"<p>El descubrimiento de una copia de 1.700 a\u00f1os de antig\u00fcedad del \u00abEvangelio de Judas\u00bb, un texto gn\u00f3stico primitivo que contiene aparentemente un di\u00e1logo entre Jes\u00fas de Nazaret y Judas Iscariote&#8230;<\/p>\n","protected":false},"author":1,"featured_media":0,"comment_status":"closed","ping_status":"closed","sticky":false,"template":"","format":"standard","meta":{"_acf_changed":false,"footnotes":""},"categories":[8],"tags":[],"class_list":["post-10715","post","type-post","status-publish","format-standard","hentry","category-archivo"],"acf":[],"yoast_head":"<!-- This site is optimized with the Yoast SEO plugin v27.3 - https:\/\/yoast.com\/product\/yoast-seo-wordpress\/ -->\n<title>Informe especial de ANN: Los eruditos adventistas no creen que el &#039;Evangelio de Judas&#039; sea aut\u00e9ntico - Iglesia Adventista del S\u00e9ptimo D\u00eda - Divisi\u00f3n Interamericana<\/title>\n<meta name=\"robots\" content=\"index, follow, max-snippet:-1, max-image-preview:large, max-video-preview:-1\" \/>\n<link rel=\"canonical\" href=\"https:\/\/interamerica.org\/es\/2006\/04\/informe-especial-de-ann-los-eruditos-adventistas-no-creen-que-el-evangelio-de-judas-sea-autentico\/\" \/>\n<meta property=\"og:locale\" content=\"es_ES\" \/>\n<meta property=\"og:type\" content=\"article\" \/>\n<meta property=\"og:title\" content=\"Informe especial de ANN: Los eruditos adventistas no creen que el &#039;Evangelio de Judas&#039; sea aut\u00e9ntico - Iglesia Adventista del S\u00e9ptimo D\u00eda - Divisi\u00f3n Interamericana\" \/>\n<meta property=\"og:description\" content=\"El descubrimiento de una copia de 1.700 a\u00f1os de antig\u00fcedad del &quot;Evangelio de Judas&quot;, un texto gn\u00f3stico primitivo que contiene aparentemente un di\u00e1logo entre Jes\u00fas de Nazaret y Judas Iscariote...\" \/>\n<meta property=\"og:url\" content=\"https:\/\/interamerica.org\/es\/2006\/04\/informe-especial-de-ann-los-eruditos-adventistas-no-creen-que-el-evangelio-de-judas-sea-autentico\/\" \/>\n<meta property=\"og:site_name\" content=\"Iglesia Adventista del S\u00e9ptimo D\u00eda - Divisi\u00f3n Interamericana\" \/>\n<meta property=\"article:published_time\" content=\"2006-04-11T04:00:00+00:00\" \/>\n<meta property=\"article:modified_time\" content=\"2017-06-02T13:14:49+00:00\" \/>\n<meta name=\"author\" content=\"Lorenzo Verduzco\" \/>\n<meta name=\"twitter:card\" content=\"summary_large_image\" \/>\n<meta name=\"twitter:label1\" content=\"Escrito por\" \/>\n\t<meta name=\"twitter:data1\" content=\"Lorenzo Verduzco\" \/>\n\t<meta name=\"twitter:label2\" content=\"Tiempo de lectura\" \/>\n\t<meta name=\"twitter:data2\" content=\"5 minutos\" \/>\n<script type=\"application\/ld+json\" class=\"yoast-schema-graph\">{\"@context\":\"https:\\\/\\\/schema.org\",\"@graph\":[{\"@type\":\"Article\",\"@id\":\"https:\\\/\\\/interamerica.org\\\/es\\\/2006\\\/04\\\/informe-especial-de-ann-los-eruditos-adventistas-no-creen-que-el-evangelio-de-judas-sea-autentico\\\/#article\",\"isPartOf\":{\"@id\":\"https:\\\/\\\/interamerica.org\\\/es\\\/2006\\\/04\\\/informe-especial-de-ann-los-eruditos-adventistas-no-creen-que-el-evangelio-de-judas-sea-autentico\\\/\"},\"author\":{\"name\":\"Lorenzo Verduzco\",\"@id\":\"https:\\\/\\\/interamerica.org\\\/es\\\/#\\\/schema\\\/person\\\/68ede8bdc292885bb76c1e3810e73c39\"},\"headline\":\"Informe especial de ANN: Los eruditos adventistas no creen que el &#8216;Evangelio de Judas&#8217; sea aut\u00e9ntico\",\"datePublished\":\"2006-04-11T04:00:00+00:00\",\"dateModified\":\"2017-06-02T13:14:49+00:00\",\"mainEntityOfPage\":{\"@id\":\"https:\\\/\\\/interamerica.org\\\/es\\\/2006\\\/04\\\/informe-especial-de-ann-los-eruditos-adventistas-no-creen-que-el-evangelio-de-judas-sea-autentico\\\/\"},\"wordCount\":1029,\"articleSection\":[\"Archivo\"],\"inLanguage\":\"es\"},{\"@type\":\"WebPage\",\"@id\":\"https:\\\/\\\/interamerica.org\\\/es\\\/2006\\\/04\\\/informe-especial-de-ann-los-eruditos-adventistas-no-creen-que-el-evangelio-de-judas-sea-autentico\\\/\",\"url\":\"https:\\\/\\\/interamerica.org\\\/es\\\/2006\\\/04\\\/informe-especial-de-ann-los-eruditos-adventistas-no-creen-que-el-evangelio-de-judas-sea-autentico\\\/\",\"name\":\"Informe especial de ANN: Los eruditos adventistas no creen que el 'Evangelio de Judas' sea aut\u00e9ntico - Iglesia Adventista del S\u00e9ptimo D\u00eda - Divisi\u00f3n Interamericana\",\"isPartOf\":{\"@id\":\"https:\\\/\\\/interamerica.org\\\/es\\\/#website\"},\"datePublished\":\"2006-04-11T04:00:00+00:00\",\"dateModified\":\"2017-06-02T13:14:49+00:00\",\"author\":{\"@id\":\"https:\\\/\\\/interamerica.org\\\/es\\\/#\\\/schema\\\/person\\\/68ede8bdc292885bb76c1e3810e73c39\"},\"breadcrumb\":{\"@id\":\"https:\\\/\\\/interamerica.org\\\/es\\\/2006\\\/04\\\/informe-especial-de-ann-los-eruditos-adventistas-no-creen-que-el-evangelio-de-judas-sea-autentico\\\/#breadcrumb\"},\"inLanguage\":\"es\",\"potentialAction\":[{\"@type\":\"ReadAction\",\"target\":[\"https:\\\/\\\/interamerica.org\\\/es\\\/2006\\\/04\\\/informe-especial-de-ann-los-eruditos-adventistas-no-creen-que-el-evangelio-de-judas-sea-autentico\\\/\"]}]},{\"@type\":\"BreadcrumbList\",\"@id\":\"https:\\\/\\\/interamerica.org\\\/es\\\/2006\\\/04\\\/informe-especial-de-ann-los-eruditos-adventistas-no-creen-que-el-evangelio-de-judas-sea-autentico\\\/#breadcrumb\",\"itemListElement\":[{\"@type\":\"ListItem\",\"position\":1,\"name\":\"Home\",\"item\":\"https:\\\/\\\/interamerica.org\\\/es\\\/\"},{\"@type\":\"ListItem\",\"position\":2,\"name\":\"Informe especial de ANN: Los eruditos adventistas no creen que el &#8216;Evangelio de Judas&#8217; sea aut\u00e9ntico\"}]},{\"@type\":\"WebSite\",\"@id\":\"https:\\\/\\\/interamerica.org\\\/es\\\/#website\",\"url\":\"https:\\\/\\\/interamerica.org\\\/es\\\/\",\"name\":\"Iglesia Adventista del S\u00e9ptimo D\u00eda - Divisi\u00f3n Interamericana\",\"description\":\"\",\"potentialAction\":[{\"@type\":\"SearchAction\",\"target\":{\"@type\":\"EntryPoint\",\"urlTemplate\":\"https:\\\/\\\/interamerica.org\\\/es\\\/?s={search_term_string}\"},\"query-input\":{\"@type\":\"PropertyValueSpecification\",\"valueRequired\":true,\"valueName\":\"search_term_string\"}}],\"inLanguage\":\"es\"},{\"@type\":\"Person\",\"@id\":\"https:\\\/\\\/interamerica.org\\\/es\\\/#\\\/schema\\\/person\\\/68ede8bdc292885bb76c1e3810e73c39\",\"name\":\"Lorenzo Verduzco\",\"image\":{\"@type\":\"ImageObject\",\"inLanguage\":\"es\",\"@id\":\"https:\\\/\\\/secure.gravatar.com\\\/avatar\\\/fb81a55b6218459490a9c1dc841a34909185b81904c5337b4b27f7a6fd60c49e?s=96&d=mm&r=g\",\"url\":\"https:\\\/\\\/secure.gravatar.com\\\/avatar\\\/fb81a55b6218459490a9c1dc841a34909185b81904c5337b4b27f7a6fd60c49e?s=96&d=mm&r=g\",\"contentUrl\":\"https:\\\/\\\/secure.gravatar.com\\\/avatar\\\/fb81a55b6218459490a9c1dc841a34909185b81904c5337b4b27f7a6fd60c49e?s=96&d=mm&r=g\",\"caption\":\"Lorenzo Verduzco\"}}]}<\/script>\n<!-- \/ Yoast SEO plugin. -->","yoast_head_json":{"title":"Informe especial de ANN: Los eruditos adventistas no creen que el 'Evangelio de Judas' sea aut\u00e9ntico - Iglesia Adventista del S\u00e9ptimo D\u00eda - Divisi\u00f3n Interamericana","robots":{"index":"index","follow":"follow","max-snippet":"max-snippet:-1","max-image-preview":"max-image-preview:large","max-video-preview":"max-video-preview:-1"},"canonical":"https:\/\/interamerica.org\/es\/2006\/04\/informe-especial-de-ann-los-eruditos-adventistas-no-creen-que-el-evangelio-de-judas-sea-autentico\/","og_locale":"es_ES","og_type":"article","og_title":"Informe especial de ANN: Los eruditos adventistas no creen que el 'Evangelio de Judas' sea aut\u00e9ntico - Iglesia Adventista del S\u00e9ptimo D\u00eda - Divisi\u00f3n Interamericana","og_description":"El descubrimiento de una copia de 1.700 a\u00f1os de antig\u00fcedad del \"Evangelio de Judas\", un texto gn\u00f3stico primitivo que contiene aparentemente un di\u00e1logo entre Jes\u00fas de Nazaret y Judas Iscariote...","og_url":"https:\/\/interamerica.org\/es\/2006\/04\/informe-especial-de-ann-los-eruditos-adventistas-no-creen-que-el-evangelio-de-judas-sea-autentico\/","og_site_name":"Iglesia Adventista del S\u00e9ptimo D\u00eda - Divisi\u00f3n Interamericana","article_published_time":"2006-04-11T04:00:00+00:00","article_modified_time":"2017-06-02T13:14:49+00:00","author":"Lorenzo Verduzco","twitter_card":"summary_large_image","twitter_misc":{"Escrito por":"Lorenzo Verduzco","Tiempo de lectura":"5 minutos"},"schema":{"@context":"https:\/\/schema.org","@graph":[{"@type":"Article","@id":"https:\/\/interamerica.org\/es\/2006\/04\/informe-especial-de-ann-los-eruditos-adventistas-no-creen-que-el-evangelio-de-judas-sea-autentico\/#article","isPartOf":{"@id":"https:\/\/interamerica.org\/es\/2006\/04\/informe-especial-de-ann-los-eruditos-adventistas-no-creen-que-el-evangelio-de-judas-sea-autentico\/"},"author":{"name":"Lorenzo Verduzco","@id":"https:\/\/interamerica.org\/es\/#\/schema\/person\/68ede8bdc292885bb76c1e3810e73c39"},"headline":"Informe especial de ANN: Los eruditos adventistas no creen que el &#8216;Evangelio de Judas&#8217; sea aut\u00e9ntico","datePublished":"2006-04-11T04:00:00+00:00","dateModified":"2017-06-02T13:14:49+00:00","mainEntityOfPage":{"@id":"https:\/\/interamerica.org\/es\/2006\/04\/informe-especial-de-ann-los-eruditos-adventistas-no-creen-que-el-evangelio-de-judas-sea-autentico\/"},"wordCount":1029,"articleSection":["Archivo"],"inLanguage":"es"},{"@type":"WebPage","@id":"https:\/\/interamerica.org\/es\/2006\/04\/informe-especial-de-ann-los-eruditos-adventistas-no-creen-que-el-evangelio-de-judas-sea-autentico\/","url":"https:\/\/interamerica.org\/es\/2006\/04\/informe-especial-de-ann-los-eruditos-adventistas-no-creen-que-el-evangelio-de-judas-sea-autentico\/","name":"Informe especial de ANN: Los eruditos adventistas no creen que el 'Evangelio de Judas' sea aut\u00e9ntico - Iglesia Adventista del S\u00e9ptimo D\u00eda - Divisi\u00f3n Interamericana","isPartOf":{"@id":"https:\/\/interamerica.org\/es\/#website"},"datePublished":"2006-04-11T04:00:00+00:00","dateModified":"2017-06-02T13:14:49+00:00","author":{"@id":"https:\/\/interamerica.org\/es\/#\/schema\/person\/68ede8bdc292885bb76c1e3810e73c39"},"breadcrumb":{"@id":"https:\/\/interamerica.org\/es\/2006\/04\/informe-especial-de-ann-los-eruditos-adventistas-no-creen-que-el-evangelio-de-judas-sea-autentico\/#breadcrumb"},"inLanguage":"es","potentialAction":[{"@type":"ReadAction","target":["https:\/\/interamerica.org\/es\/2006\/04\/informe-especial-de-ann-los-eruditos-adventistas-no-creen-que-el-evangelio-de-judas-sea-autentico\/"]}]},{"@type":"BreadcrumbList","@id":"https:\/\/interamerica.org\/es\/2006\/04\/informe-especial-de-ann-los-eruditos-adventistas-no-creen-que-el-evangelio-de-judas-sea-autentico\/#breadcrumb","itemListElement":[{"@type":"ListItem","position":1,"name":"Home","item":"https:\/\/interamerica.org\/es\/"},{"@type":"ListItem","position":2,"name":"Informe especial de ANN: Los eruditos adventistas no creen que el &#8216;Evangelio de Judas&#8217; sea aut\u00e9ntico"}]},{"@type":"WebSite","@id":"https:\/\/interamerica.org\/es\/#website","url":"https:\/\/interamerica.org\/es\/","name":"Iglesia Adventista del S\u00e9ptimo D\u00eda - Divisi\u00f3n Interamericana","description":"","potentialAction":[{"@type":"SearchAction","target":{"@type":"EntryPoint","urlTemplate":"https:\/\/interamerica.org\/es\/?s={search_term_string}"},"query-input":{"@type":"PropertyValueSpecification","valueRequired":true,"valueName":"search_term_string"}}],"inLanguage":"es"},{"@type":"Person","@id":"https:\/\/interamerica.org\/es\/#\/schema\/person\/68ede8bdc292885bb76c1e3810e73c39","name":"Lorenzo Verduzco","image":{"@type":"ImageObject","inLanguage":"es","@id":"https:\/\/secure.gravatar.com\/avatar\/fb81a55b6218459490a9c1dc841a34909185b81904c5337b4b27f7a6fd60c49e?s=96&d=mm&r=g","url":"https:\/\/secure.gravatar.com\/avatar\/fb81a55b6218459490a9c1dc841a34909185b81904c5337b4b27f7a6fd60c49e?s=96&d=mm&r=g","contentUrl":"https:\/\/secure.gravatar.com\/avatar\/fb81a55b6218459490a9c1dc841a34909185b81904c5337b4b27f7a6fd60c49e?s=96&d=mm&r=g","caption":"Lorenzo Verduzco"}}]}},"_links":{"self":[{"href":"https:\/\/interamerica.org\/es\/wp-json\/wp\/v2\/posts\/10715","targetHints":{"allow":["GET"]}}],"collection":[{"href":"https:\/\/interamerica.org\/es\/wp-json\/wp\/v2\/posts"}],"about":[{"href":"https:\/\/interamerica.org\/es\/wp-json\/wp\/v2\/types\/post"}],"author":[{"embeddable":true,"href":"https:\/\/interamerica.org\/es\/wp-json\/wp\/v2\/users\/1"}],"replies":[{"embeddable":true,"href":"https:\/\/interamerica.org\/es\/wp-json\/wp\/v2\/comments?post=10715"}],"version-history":[{"count":0,"href":"https:\/\/interamerica.org\/es\/wp-json\/wp\/v2\/posts\/10715\/revisions"}],"wp:attachment":[{"href":"https:\/\/interamerica.org\/es\/wp-json\/wp\/v2\/media?parent=10715"}],"wp:term":[{"taxonomy":"category","embeddable":true,"href":"https:\/\/interamerica.org\/es\/wp-json\/wp\/v2\/categories?post=10715"},{"taxonomy":"post_tag","embeddable":true,"href":"https:\/\/interamerica.org\/es\/wp-json\/wp\/v2\/tags?post=10715"}],"curies":[{"name":"wp","href":"https:\/\/api.w.org\/{rel}","templated":true}]}}