{"id":10719,"date":"2006-04-23T00:00:00","date_gmt":"2006-04-23T04:00:00","guid":{"rendered":"http:\/\/192.81.217.108\/interamerica\/2006\/04\/el-septimo-dialogo-entre-los-jovenes-y-paulsen-se-centro-en-la-participacion-eclesiastica\/"},"modified":"2017-06-02T09:14:47","modified_gmt":"2017-06-02T13:14:47","slug":"el-septimo-dialogo-entre-los-jovenes-y-paulsen-se-centro-en-la-participacion-eclesiastica","status":"publish","type":"post","link":"https:\/\/interamerica.org\/es\/2006\/04\/el-septimo-dialogo-entre-los-jovenes-y-paulsen-se-centro-en-la-participacion-eclesiastica\/","title":{"rendered":"El s\u00e9ptimo di\u00e1logo entre los j\u00f3venes y Paulsen se centr\u00f3 en la participaci\u00f3n eclesi\u00e1stica"},"content":{"rendered":"<p>April 23, 2006 S\u00e3o Paulo, Brasil &#8230;. [Taashi Rowe\/ANN]\u00bfPor qu\u00e9 ser parte de una iglesia que no nos deja participar en ella? Ese fue un tema recurrente en las preguntas que los j\u00f3venes de S\u00e3o Paulo, Brasil, le hicieron al Pastor Jan Paulsen, presidente de la Iglesia Adventista mundial es pasado domingo 23 de abril. La conversaci\u00f3n en vivo entre el l\u00edder mundial de la iglesia y los j\u00f3venes, denominada \u00abHablemos\u00bb, revel\u00f3 lo que los j\u00f3venes ans\u00edan decir en sus iglesias. El Pastor Paulsen, que ha desarrollado una reputaci\u00f3n de l\u00edder que anima constantemente a los j\u00f3venes para que participen en la iglesia, repiti\u00f3 vez tras vez su deseo de que todos se muestren activos en sus iglesias. En respuesta a una de las primeras preguntas en relaci\u00f3n con el sue\u00f1o del Pastor Paulsen para los j\u00f3venes de la iglesia, dijo: \u00abNoto que a menudo los j\u00f3venes se desentienden de la iglesia. Son socios silenciosos. S\u00ed, vienen a la iglesia, se comportan bien, asisten a nuestras instituciones educativas pero no participan de manera activa y creativa en la iglesia. Como j\u00f3venes, ustedes tienen un valor supremo ante Dios. Dios les ha dado dones, habilidades que pueden utilizar en la iglesia. Larissa Preuss, una de las moderadoras del evento se refiri\u00f3 al serm\u00f3n de Paulsen en el reciente Congreso Mundial de la Iglesia Adventista en St. Louis, Missouri, Estados Unidos. Preuss pregunt\u00f3: \u00ab\u00bfQu\u00e9 significa en la vida real el hecho de abrir las puertas de la iglesia a los j\u00f3venes?\u00bb Paulsen replic\u00f3: \u00abSignifica que necesitan ser activos en sus iglesias. Significa que deben participar en la adoraci\u00f3n, en el liderazgo y en la testificaci\u00f3n. En realidad, es en el nivel local donde esto resulta m\u00e1s satisfactorio. Y a los l\u00edderes de la iglesia les digo que les conf\u00eden (a los j\u00f3venes) algunos puestos de liderazgo. Incl\u00fayanlos. Es probable que los j\u00f3venes cometan errores. No hay problema. Yo tambi\u00e9n los cometo. Sean abiertos y permitan que los j\u00f3venes tengan su lugar\u00bb. Otro joven dijo: \u00abCrec\u00ed en la iglesia. Y ahora estoy viendo que nuestro mensaje es irrelevante para nuestra juventud. Les hablamos a los dem\u00e1s de la misma forma que les habl\u00e1bamos desde que era ni\u00f1o. Crec\u00ed con algunos amigos que han abandonado la iglesia porque para ellos Jes\u00fas es simplemente una historia. Para algunos de ellos, la iglesia no tiene sentido\u00bb. Paulsen entonces desafi\u00f3 al joven y a otros a que hallen maneras de ayudar a que otros j\u00f3venes entienden la \u00abverdad eternal\u00bb que es Jes\u00fas. \u00abLa verdad no es algo que uno inventa a lo largo del camino. No es algo que cambia y recibe una nueva identidad con cada nueva generaci\u00f3n. Cristo es el mismo hoy que 2.000 a\u00f1os atr\u00e1s. Pero, \u00bfc\u00f3mo hacemos que algo eterno sea relevante para los j\u00f3venes de hoy? Paulsen le pidi\u00f3 al grupo que le diera sugerencias. Un joven dijo que observ\u00f3 que los l\u00edderes de m\u00e1s edad de la iglesia tratan a los j\u00f3venes como ni\u00f1os. \u00abCreo que parte del problema es la manera en que la iglesia habla con los j\u00f3venes &#8230; como si tuvieran ocho a\u00f1os de edad cuando en realidad tienen un nivel intelectual m\u00e1s elevado. Creo que debemos dejar de tratar a los j\u00f3venes como ni\u00f1os\u00bb. J\u00f4natas Ferreira, el otro moderador del evento, pregunt\u00f3 si Paulsen pod\u00eda identificarse con algunos de los j\u00f3venes que est\u00e1n pensando en dejar la iglesia. \u00ab\u00bfPens\u00f3 usted alguna vez en dejar la iglesia? Porque ese es un gran problema en nuestra comunidad\u00bb, dijo Ferreira. \u00abNac\u00ed en esta iglesia. Crec\u00ed en esta iglesia\u00bb, respondi\u00f3 el Pastor Paulsen. \u00abCuando uno es joven comete muchos errores. Algunos tienden a pensar &#8216;realmente no soy digno &#8230; Va a ser mejor que me vaya&#8217;. Por favor, no se vayan de la iglesia por sus errores. Todos cometemos errores. Hubo momentos en mi vida cuando pens\u00e9 que estaba perdiendo la batalla, que nunca ser\u00eda lo suficientemente bueno'\u00bb. Pero el Se\u00f1or es maravilloso, no nos abandona f\u00e1cilmente\u00bb. Esta es la s\u00e9ptima de una serie de conversaciones entre el l\u00edder mundial de la iglesia y los j\u00f3venes de diversas \u00e1reas del mundo. En transmisiones previas participaron j\u00f3venes de los Estados Unidos, Alemania, Australia y ahora Brasil. Los di\u00e1logos en vivo son transmitidos por medio del \u00abHope Channel\u00bb, que pertenece a la iglesia. Si bien las preguntas var\u00edas seg\u00fan el lugar donde se realiza el programa, otros tienen temas similares a los ya tratados en otros lugares. En Brasil tambi\u00e9n se consult\u00f3 a Paulsen respecto del papel de las mujeres en la iglesia, de la m\u00fasica apropiada y de la vestimenta adecuada para los cristianos. El Pastor Paulsen cont\u00f3 con la participaci\u00f3n de Kari, su esposa, que tambi\u00e9n respondi\u00f3 a preguntas del grupo. Varias de \u00e9stas se centraron en el matrimonio, y la Sra. Paulsen coment\u00f3 que en julio pr\u00f3ximo celebrar\u00e1n su 51\u00ba aniversario de casados. Paulsen cerr\u00f3 el programa, el primero de dos para ese d\u00eda, con una oraci\u00f3n e instando a los j\u00f3venes a cuidar la vida espiritual. Luego del programa, Paulsen grab\u00f3 una segunda transmisi\u00f3n que ser\u00e1 doblada al portugu\u00e9s y transmitida m\u00e1s adelante a la audiencia de habla portuguesa. La transmisi\u00f3n en vivo fue traducida simult\u00e1neamente al portugu\u00e9s y al espa\u00f1ol para las regiones Sudamericana e Interamericana de la iglesia. El programa fue producido por el Departamento de Comunicaciones de la Sede Central de la Iglesia, que adem\u00e1s recibi\u00f3 el apoyo del equipo de producci\u00f3n de recientemente inaugurado Centro de Medios SISTEMA de Jacarei, cerca de S\u00e3o Paulo.Todos los derechos reservados (c) 2006 Adventist News Network.<\/p>\n","protected":false},"excerpt":{"rendered":"<p>\u00bfPor qu\u00e9 ser parte de una iglesia que no nos deja participar en ella?<\/p>\n","protected":false},"author":1,"featured_media":0,"comment_status":"closed","ping_status":"closed","sticky":false,"template":"","format":"standard","meta":{"_acf_changed":false,"footnotes":""},"categories":[8],"tags":[],"class_list":["post-10719","post","type-post","status-publish","format-standard","hentry","category-archivo"],"acf":[],"yoast_head":"<!-- This site is optimized with the Yoast SEO plugin v27.3 - https:\/\/yoast.com\/product\/yoast-seo-wordpress\/ -->\n<title>El s\u00e9ptimo di\u00e1logo entre los j\u00f3venes y Paulsen se centr\u00f3 en la participaci\u00f3n eclesi\u00e1stica - Iglesia Adventista del S\u00e9ptimo D\u00eda - Divisi\u00f3n Interamericana<\/title>\n<meta name=\"robots\" content=\"index, follow, max-snippet:-1, max-image-preview:large, max-video-preview:-1\" \/>\n<link rel=\"canonical\" href=\"https:\/\/interamerica.org\/es\/2006\/04\/el-septimo-dialogo-entre-los-jovenes-y-paulsen-se-centro-en-la-participacion-eclesiastica\/\" \/>\n<meta property=\"og:locale\" content=\"es_ES\" \/>\n<meta property=\"og:type\" content=\"article\" \/>\n<meta property=\"og:title\" content=\"El s\u00e9ptimo di\u00e1logo entre los j\u00f3venes y Paulsen se centr\u00f3 en la participaci\u00f3n eclesi\u00e1stica - Iglesia Adventista del S\u00e9ptimo D\u00eda - Divisi\u00f3n Interamericana\" \/>\n<meta property=\"og:description\" content=\"\u00bfPor qu\u00e9 ser parte de una iglesia que no nos deja participar en ella?\" \/>\n<meta property=\"og:url\" content=\"https:\/\/interamerica.org\/es\/2006\/04\/el-septimo-dialogo-entre-los-jovenes-y-paulsen-se-centro-en-la-participacion-eclesiastica\/\" \/>\n<meta property=\"og:site_name\" content=\"Iglesia Adventista del S\u00e9ptimo D\u00eda - Divisi\u00f3n Interamericana\" \/>\n<meta property=\"article:published_time\" content=\"2006-04-23T04:00:00+00:00\" \/>\n<meta property=\"article:modified_time\" content=\"2017-06-02T13:14:47+00:00\" \/>\n<meta name=\"author\" content=\"Lorenzo Verduzco\" \/>\n<meta name=\"twitter:card\" content=\"summary_large_image\" \/>\n<meta name=\"twitter:label1\" content=\"Escrito por\" \/>\n\t<meta name=\"twitter:data1\" content=\"Lorenzo Verduzco\" \/>\n\t<meta name=\"twitter:label2\" content=\"Tiempo de lectura\" \/>\n\t<meta name=\"twitter:data2\" content=\"5 minutos\" \/>\n<script type=\"application\/ld+json\" class=\"yoast-schema-graph\">{\"@context\":\"https:\\\/\\\/schema.org\",\"@graph\":[{\"@type\":\"Article\",\"@id\":\"https:\\\/\\\/interamerica.org\\\/es\\\/2006\\\/04\\\/el-septimo-dialogo-entre-los-jovenes-y-paulsen-se-centro-en-la-participacion-eclesiastica\\\/#article\",\"isPartOf\":{\"@id\":\"https:\\\/\\\/interamerica.org\\\/es\\\/2006\\\/04\\\/el-septimo-dialogo-entre-los-jovenes-y-paulsen-se-centro-en-la-participacion-eclesiastica\\\/\"},\"author\":{\"name\":\"Lorenzo Verduzco\",\"@id\":\"https:\\\/\\\/interamerica.org\\\/es\\\/#\\\/schema\\\/person\\\/68ede8bdc292885bb76c1e3810e73c39\"},\"headline\":\"El s\u00e9ptimo di\u00e1logo entre los j\u00f3venes y Paulsen se centr\u00f3 en la participaci\u00f3n eclesi\u00e1stica\",\"datePublished\":\"2006-04-23T04:00:00+00:00\",\"dateModified\":\"2017-06-02T13:14:47+00:00\",\"mainEntityOfPage\":{\"@id\":\"https:\\\/\\\/interamerica.org\\\/es\\\/2006\\\/04\\\/el-septimo-dialogo-entre-los-jovenes-y-paulsen-se-centro-en-la-participacion-eclesiastica\\\/\"},\"wordCount\":1011,\"articleSection\":[\"Archivo\"],\"inLanguage\":\"es\"},{\"@type\":\"WebPage\",\"@id\":\"https:\\\/\\\/interamerica.org\\\/es\\\/2006\\\/04\\\/el-septimo-dialogo-entre-los-jovenes-y-paulsen-se-centro-en-la-participacion-eclesiastica\\\/\",\"url\":\"https:\\\/\\\/interamerica.org\\\/es\\\/2006\\\/04\\\/el-septimo-dialogo-entre-los-jovenes-y-paulsen-se-centro-en-la-participacion-eclesiastica\\\/\",\"name\":\"El s\u00e9ptimo di\u00e1logo entre los j\u00f3venes y Paulsen se centr\u00f3 en la participaci\u00f3n eclesi\u00e1stica - Iglesia Adventista del S\u00e9ptimo D\u00eda - Divisi\u00f3n Interamericana\",\"isPartOf\":{\"@id\":\"https:\\\/\\\/interamerica.org\\\/es\\\/#website\"},\"datePublished\":\"2006-04-23T04:00:00+00:00\",\"dateModified\":\"2017-06-02T13:14:47+00:00\",\"author\":{\"@id\":\"https:\\\/\\\/interamerica.org\\\/es\\\/#\\\/schema\\\/person\\\/68ede8bdc292885bb76c1e3810e73c39\"},\"breadcrumb\":{\"@id\":\"https:\\\/\\\/interamerica.org\\\/es\\\/2006\\\/04\\\/el-septimo-dialogo-entre-los-jovenes-y-paulsen-se-centro-en-la-participacion-eclesiastica\\\/#breadcrumb\"},\"inLanguage\":\"es\",\"potentialAction\":[{\"@type\":\"ReadAction\",\"target\":[\"https:\\\/\\\/interamerica.org\\\/es\\\/2006\\\/04\\\/el-septimo-dialogo-entre-los-jovenes-y-paulsen-se-centro-en-la-participacion-eclesiastica\\\/\"]}]},{\"@type\":\"BreadcrumbList\",\"@id\":\"https:\\\/\\\/interamerica.org\\\/es\\\/2006\\\/04\\\/el-septimo-dialogo-entre-los-jovenes-y-paulsen-se-centro-en-la-participacion-eclesiastica\\\/#breadcrumb\",\"itemListElement\":[{\"@type\":\"ListItem\",\"position\":1,\"name\":\"Home\",\"item\":\"https:\\\/\\\/interamerica.org\\\/es\\\/\"},{\"@type\":\"ListItem\",\"position\":2,\"name\":\"El s\u00e9ptimo di\u00e1logo entre los j\u00f3venes y Paulsen se centr\u00f3 en la participaci\u00f3n eclesi\u00e1stica\"}]},{\"@type\":\"WebSite\",\"@id\":\"https:\\\/\\\/interamerica.org\\\/es\\\/#website\",\"url\":\"https:\\\/\\\/interamerica.org\\\/es\\\/\",\"name\":\"Iglesia Adventista del S\u00e9ptimo D\u00eda - Divisi\u00f3n Interamericana\",\"description\":\"\",\"potentialAction\":[{\"@type\":\"SearchAction\",\"target\":{\"@type\":\"EntryPoint\",\"urlTemplate\":\"https:\\\/\\\/interamerica.org\\\/es\\\/?s={search_term_string}\"},\"query-input\":{\"@type\":\"PropertyValueSpecification\",\"valueRequired\":true,\"valueName\":\"search_term_string\"}}],\"inLanguage\":\"es\"},{\"@type\":\"Person\",\"@id\":\"https:\\\/\\\/interamerica.org\\\/es\\\/#\\\/schema\\\/person\\\/68ede8bdc292885bb76c1e3810e73c39\",\"name\":\"Lorenzo Verduzco\",\"image\":{\"@type\":\"ImageObject\",\"inLanguage\":\"es\",\"@id\":\"https:\\\/\\\/secure.gravatar.com\\\/avatar\\\/fb81a55b6218459490a9c1dc841a34909185b81904c5337b4b27f7a6fd60c49e?s=96&d=mm&r=g\",\"url\":\"https:\\\/\\\/secure.gravatar.com\\\/avatar\\\/fb81a55b6218459490a9c1dc841a34909185b81904c5337b4b27f7a6fd60c49e?s=96&d=mm&r=g\",\"contentUrl\":\"https:\\\/\\\/secure.gravatar.com\\\/avatar\\\/fb81a55b6218459490a9c1dc841a34909185b81904c5337b4b27f7a6fd60c49e?s=96&d=mm&r=g\",\"caption\":\"Lorenzo Verduzco\"}}]}<\/script>\n<!-- \/ Yoast SEO plugin. -->","yoast_head_json":{"title":"El s\u00e9ptimo di\u00e1logo entre los j\u00f3venes y Paulsen se centr\u00f3 en la participaci\u00f3n eclesi\u00e1stica - Iglesia Adventista del S\u00e9ptimo D\u00eda - Divisi\u00f3n Interamericana","robots":{"index":"index","follow":"follow","max-snippet":"max-snippet:-1","max-image-preview":"max-image-preview:large","max-video-preview":"max-video-preview:-1"},"canonical":"https:\/\/interamerica.org\/es\/2006\/04\/el-septimo-dialogo-entre-los-jovenes-y-paulsen-se-centro-en-la-participacion-eclesiastica\/","og_locale":"es_ES","og_type":"article","og_title":"El s\u00e9ptimo di\u00e1logo entre los j\u00f3venes y Paulsen se centr\u00f3 en la participaci\u00f3n eclesi\u00e1stica - Iglesia Adventista del S\u00e9ptimo D\u00eda - Divisi\u00f3n Interamericana","og_description":"\u00bfPor qu\u00e9 ser parte de una iglesia que no nos deja participar en ella?","og_url":"https:\/\/interamerica.org\/es\/2006\/04\/el-septimo-dialogo-entre-los-jovenes-y-paulsen-se-centro-en-la-participacion-eclesiastica\/","og_site_name":"Iglesia Adventista del S\u00e9ptimo D\u00eda - Divisi\u00f3n Interamericana","article_published_time":"2006-04-23T04:00:00+00:00","article_modified_time":"2017-06-02T13:14:47+00:00","author":"Lorenzo Verduzco","twitter_card":"summary_large_image","twitter_misc":{"Escrito por":"Lorenzo Verduzco","Tiempo de lectura":"5 minutos"},"schema":{"@context":"https:\/\/schema.org","@graph":[{"@type":"Article","@id":"https:\/\/interamerica.org\/es\/2006\/04\/el-septimo-dialogo-entre-los-jovenes-y-paulsen-se-centro-en-la-participacion-eclesiastica\/#article","isPartOf":{"@id":"https:\/\/interamerica.org\/es\/2006\/04\/el-septimo-dialogo-entre-los-jovenes-y-paulsen-se-centro-en-la-participacion-eclesiastica\/"},"author":{"name":"Lorenzo Verduzco","@id":"https:\/\/interamerica.org\/es\/#\/schema\/person\/68ede8bdc292885bb76c1e3810e73c39"},"headline":"El s\u00e9ptimo di\u00e1logo entre los j\u00f3venes y Paulsen se centr\u00f3 en la participaci\u00f3n eclesi\u00e1stica","datePublished":"2006-04-23T04:00:00+00:00","dateModified":"2017-06-02T13:14:47+00:00","mainEntityOfPage":{"@id":"https:\/\/interamerica.org\/es\/2006\/04\/el-septimo-dialogo-entre-los-jovenes-y-paulsen-se-centro-en-la-participacion-eclesiastica\/"},"wordCount":1011,"articleSection":["Archivo"],"inLanguage":"es"},{"@type":"WebPage","@id":"https:\/\/interamerica.org\/es\/2006\/04\/el-septimo-dialogo-entre-los-jovenes-y-paulsen-se-centro-en-la-participacion-eclesiastica\/","url":"https:\/\/interamerica.org\/es\/2006\/04\/el-septimo-dialogo-entre-los-jovenes-y-paulsen-se-centro-en-la-participacion-eclesiastica\/","name":"El s\u00e9ptimo di\u00e1logo entre los j\u00f3venes y Paulsen se centr\u00f3 en la participaci\u00f3n eclesi\u00e1stica - Iglesia Adventista del S\u00e9ptimo D\u00eda - Divisi\u00f3n Interamericana","isPartOf":{"@id":"https:\/\/interamerica.org\/es\/#website"},"datePublished":"2006-04-23T04:00:00+00:00","dateModified":"2017-06-02T13:14:47+00:00","author":{"@id":"https:\/\/interamerica.org\/es\/#\/schema\/person\/68ede8bdc292885bb76c1e3810e73c39"},"breadcrumb":{"@id":"https:\/\/interamerica.org\/es\/2006\/04\/el-septimo-dialogo-entre-los-jovenes-y-paulsen-se-centro-en-la-participacion-eclesiastica\/#breadcrumb"},"inLanguage":"es","potentialAction":[{"@type":"ReadAction","target":["https:\/\/interamerica.org\/es\/2006\/04\/el-septimo-dialogo-entre-los-jovenes-y-paulsen-se-centro-en-la-participacion-eclesiastica\/"]}]},{"@type":"BreadcrumbList","@id":"https:\/\/interamerica.org\/es\/2006\/04\/el-septimo-dialogo-entre-los-jovenes-y-paulsen-se-centro-en-la-participacion-eclesiastica\/#breadcrumb","itemListElement":[{"@type":"ListItem","position":1,"name":"Home","item":"https:\/\/interamerica.org\/es\/"},{"@type":"ListItem","position":2,"name":"El s\u00e9ptimo di\u00e1logo entre los j\u00f3venes y Paulsen se centr\u00f3 en la participaci\u00f3n eclesi\u00e1stica"}]},{"@type":"WebSite","@id":"https:\/\/interamerica.org\/es\/#website","url":"https:\/\/interamerica.org\/es\/","name":"Iglesia Adventista del S\u00e9ptimo D\u00eda - Divisi\u00f3n Interamericana","description":"","potentialAction":[{"@type":"SearchAction","target":{"@type":"EntryPoint","urlTemplate":"https:\/\/interamerica.org\/es\/?s={search_term_string}"},"query-input":{"@type":"PropertyValueSpecification","valueRequired":true,"valueName":"search_term_string"}}],"inLanguage":"es"},{"@type":"Person","@id":"https:\/\/interamerica.org\/es\/#\/schema\/person\/68ede8bdc292885bb76c1e3810e73c39","name":"Lorenzo Verduzco","image":{"@type":"ImageObject","inLanguage":"es","@id":"https:\/\/secure.gravatar.com\/avatar\/fb81a55b6218459490a9c1dc841a34909185b81904c5337b4b27f7a6fd60c49e?s=96&d=mm&r=g","url":"https:\/\/secure.gravatar.com\/avatar\/fb81a55b6218459490a9c1dc841a34909185b81904c5337b4b27f7a6fd60c49e?s=96&d=mm&r=g","contentUrl":"https:\/\/secure.gravatar.com\/avatar\/fb81a55b6218459490a9c1dc841a34909185b81904c5337b4b27f7a6fd60c49e?s=96&d=mm&r=g","caption":"Lorenzo Verduzco"}}]}},"_links":{"self":[{"href":"https:\/\/interamerica.org\/es\/wp-json\/wp\/v2\/posts\/10719","targetHints":{"allow":["GET"]}}],"collection":[{"href":"https:\/\/interamerica.org\/es\/wp-json\/wp\/v2\/posts"}],"about":[{"href":"https:\/\/interamerica.org\/es\/wp-json\/wp\/v2\/types\/post"}],"author":[{"embeddable":true,"href":"https:\/\/interamerica.org\/es\/wp-json\/wp\/v2\/users\/1"}],"replies":[{"embeddable":true,"href":"https:\/\/interamerica.org\/es\/wp-json\/wp\/v2\/comments?post=10719"}],"version-history":[{"count":0,"href":"https:\/\/interamerica.org\/es\/wp-json\/wp\/v2\/posts\/10719\/revisions"}],"wp:attachment":[{"href":"https:\/\/interamerica.org\/es\/wp-json\/wp\/v2\/media?parent=10719"}],"wp:term":[{"taxonomy":"category","embeddable":true,"href":"https:\/\/interamerica.org\/es\/wp-json\/wp\/v2\/categories?post=10719"},{"taxonomy":"post_tag","embeddable":true,"href":"https:\/\/interamerica.org\/es\/wp-json\/wp\/v2\/tags?post=10719"}],"curies":[{"name":"wp","href":"https:\/\/api.w.org\/{rel}","templated":true}]}}